{"id":7221,"date":"2021-10-23T19:35:21","date_gmt":"2021-10-23T17:35:21","guid":{"rendered":"http:\/\/blog.inmontanis.info\/?p=7221"},"modified":"2023-08-05T13:10:32","modified_gmt":"2023-08-05T11:10:32","slug":"skitour-galtis-23-10-2021","status":"publish","type":"post","link":"http:\/\/blog.inmontanis.info\/?p=7221","title":{"rendered":"Skitour Galtis, 23.10.2021"},"content":{"rendered":"<p><strong>23.10.2021<\/strong> &#8211; Teil 2<\/p>\n<p>Heute Nachmittag gab es dann keine Ausreden mehr &#8211; Sonne, nahezu windstill und zumindest im Tal nur -5\u00b0, da musste ich endlich die Tourenski auspacken und nach der wohl l\u00e4ngsten Ski-Pause seit \u00fcber 20 Jahren die Skischuhe wieder anziehen. Nie kamen sie mir enger vor als heute. Hier am Galtis hab ich ja schon im Mai 2020 eine Sonnenuntergangs-Skitour gemacht, im M\u00e4rz 2021 war ich mal einen ganzen Tag Ski fahren, im Juni bin ich mit dem Auto raufgefahren. <\/p>\n<p>Dummerweise hatte ich mein Handy vergessen, daher gibts keinen GPS-Track. <\/p>\n<p><a href='http:\/\/ski.inmontanis.info\/d\/297869-2\/DSC09057.jpg'><img src=http:\/\/ski.inmontanis.info\/d\/297868-3\/DSC09057.jpg \/><\/a><br \/>\n^ Am Galtis, die Stra\u00dfe nach oben w\u00e4re offiziell sogar noch offen (erst ab 1.November f\u00fcr Autotests gesperrt). Zum Skilift gehts links weg.<\/p>\n<p><a href='http:\/\/ski.inmontanis.info\/d\/297873-2\/DSC09061.jpg'><img src=http:\/\/ski.inmontanis.info\/d\/297872-3\/DSC09061.jpg \/><\/a><br \/>\n^ Es gab netterweise schon eine Grundpr\u00e4parierung, was sowohl den Aufstieg, wie auch die Abfahrt (Bruchharsch ansonsten oben) erleichterte<\/p>\n<p><a href='http:\/\/ski.inmontanis.info\/d\/297877-2\/DSC09065.jpg'><img src=http:\/\/ski.inmontanis.info\/d\/297876-3\/DSC09065.jpg \/><\/a><br \/>\n^ Weiter oben entschied ich mich f\u00fcr die linke Variante, da weniger steil und besser pr\u00e4pariert aussah<\/p>\n<p><a href='http:\/\/ski.inmontanis.info\/d\/297881-2\/DSC09067.jpg'><img src=http:\/\/ski.inmontanis.info\/d\/297880-3\/DSC09067.jpg \/><\/a><br \/>\n^ Aufstieg (15:23 Uhr)<\/p>\n<p><a href='http:\/\/ski.inmontanis.info\/d\/297885-2\/DSC09071.jpg'><img src=http:\/\/ski.inmontanis.info\/d\/297884-3\/DSC09071.jpg \/><\/a><br \/>\n^ Hier ging ich aber nicht mehr weiter hinauf, sondern wechselte nach rechts zur leichten Abfahrt &#8211; das  Zwischenst\u00fcck war aber leider noch nicht pr\u00e4pariert.<\/p>\n<p><a href='http:\/\/ski.inmontanis.info\/d\/297889-2\/DSC09072.jpg'><img src=http:\/\/ski.inmontanis.info\/d\/297888-3\/DSC09072.jpg \/><\/a><br \/>\n^ .. auf der \u00e4u\u00dferen Abfahrt lag im Flachteil etwas wenig Schnee. Abgefahren bin ich in dem Bereich dann links nach dem Zaun<\/p>\n<p><a href='http:\/\/ski.inmontanis.info\/d\/297893-2\/DSC09074.jpg'><img src=http:\/\/ski.inmontanis.info\/d\/297892-3\/DSC09074.jpg \/><\/a><br \/>\n^ Die Seen sind wohl teilweise noch nicht gefroren. So sch\u00f6n blau oder gl\u00e4nzend schauen die im Winter dann nicht aus.<\/p>\n<p><a href='http:\/\/ski.inmontanis.info\/d\/297897-2\/DSC09075.jpg'><img src=http:\/\/ski.inmontanis.info\/d\/297896-3\/DSC09075.jpg \/><\/a><br \/>\n^ SL-Bergstation<\/p>\n<p><a href='http:\/\/ski.inmontanis.info\/d\/297901-2\/DSC09076.jpg'><img src=http:\/\/ski.inmontanis.info\/d\/297900-3\/DSC09076.jpg \/><\/a><br \/>\n^ Linke Abfahrten<\/p>\n<p><a href='http:\/\/ski.inmontanis.info\/d\/297905-2\/DSC09077.jpg'><img src=http:\/\/ski.inmontanis.info\/d\/297904-3\/DSC09077.jpg \/><\/a><br \/>\n^ Gipfel und Seepano<\/p>\n<p><a href='http:\/\/ski.inmontanis.info\/d\/297909-2\/DSC09086.jpg'><img src=http:\/\/ski.inmontanis.info\/d\/297908-3\/DSC09086.jpg \/><\/a><br \/>\n^ Seenlandschaft<\/p>\n<p><a href='http:\/\/ski.inmontanis.info\/d\/297913-2\/DSC09087.jpg'><img src=http:\/\/ski.inmontanis.info\/d\/297912-3\/DSC09087.jpg \/><\/a><br \/>\n^ <\/p>\n<p><a href='http:\/\/ski.inmontanis.info\/d\/297917-2\/DSC09088.jpg'><img src=http:\/\/ski.inmontanis.info\/d\/297916-3\/DSC09088.jpg \/><\/a><br \/>\n^ in Bildmitte ist Arjeplog<\/p>\n<p><a href='http:\/\/ski.inmontanis.info\/d\/297921-2\/DSC09094.jpg'><img src=http:\/\/ski.inmontanis.info\/d\/297920-3\/DSC09094.jpg \/><\/a><br \/>\n^ <\/p>\n<p><a href='http:\/\/ski.inmontanis.info\/d\/297925-2\/DSC09096.jpg'><img src=http:\/\/ski.inmontanis.info\/d\/297924-3\/DSC09096.jpg \/><\/a><br \/>\n^ 16:04 Uhr<\/p>\n<p><a href='http:\/\/ski.inmontanis.info\/d\/297929-2\/DSC09097.jpg'><img src=http:\/\/ski.inmontanis.info\/d\/297928-3\/DSC09097.jpg \/><\/a><br \/>\n^ R\u00fcckseite<\/p>\n<p><a href='http:\/\/ski.inmontanis.info\/d\/297933-2\/DSC09100.jpg'><img src=http:\/\/ski.inmontanis.info\/d\/297932-3\/DSC09100.jpg \/><\/a><br \/>\n^ R\u00fcckseite<\/p>\n<p><a href='http:\/\/ski.inmontanis.info\/d\/297937-2\/DSC09103.jpg'><img src=http:\/\/ski.inmontanis.info\/d\/297936-3\/DSC09103.jpg \/><\/a><br \/>\n^ Gipfelstra\u00dfe &#8211; bin ich im Juni mit dem Auto rauf<\/p>\n<p><a href='http:\/\/ski.inmontanis.info\/d\/297941-2\/DSC09104.jpg'><img src=http:\/\/ski.inmontanis.info\/d\/297940-3\/DSC09104.jpg \/><\/a><br \/>\n^ <\/p>\n<p><a href='http:\/\/ski.inmontanis.info\/d\/297945-2\/DSC09106.jpg'><img src=http:\/\/ski.inmontanis.info\/d\/297944-3\/DSC09106.jpg \/><\/a><br \/>\n^ <\/p>\n<p><a href='http:\/\/ski.inmontanis.info\/d\/297949-2\/DSC09107.jpg'><img src=http:\/\/ski.inmontanis.info\/d\/297948-3\/DSC09107.jpg \/><\/a><br \/>\n^ <\/p>\n<p><a href='http:\/\/ski.inmontanis.info\/d\/297953-2\/DSC09114.jpg'><img src=http:\/\/ski.inmontanis.info\/d\/297952-3\/DSC09114.jpg \/><\/a><br \/>\n^ <\/p>\n<p><a href='http:\/\/ski.inmontanis.info\/d\/297957-2\/DSC09115.jpg'><img src=http:\/\/ski.inmontanis.info\/d\/297956-3\/DSC09115.jpg \/><\/a><br \/>\n^ <\/p>\n<p><a href='http:\/\/ski.inmontanis.info\/d\/297961-2\/DSC09117.jpg'><img src=http:\/\/ski.inmontanis.info\/d\/297960-3\/DSC09117.jpg \/><\/a><br \/>\n^ <\/p>\n<p><a href='http:\/\/ski.inmontanis.info\/d\/297965-2\/DSC09118.jpg'><img src=http:\/\/ski.inmontanis.info\/d\/297964-3\/DSC09118.jpg \/><\/a><br \/>\n^ Die sch\u00f6nen roten Liftst\u00fctzen<\/p>\n<p><a href='http:\/\/ski.inmontanis.info\/d\/297969-2\/DSC09119.jpg'><img src=http:\/\/ski.inmontanis.info\/d\/297968-3\/DSC09119.jpg \/><\/a><br \/>\n^ <\/p>\n<p><a href='http:\/\/ski.inmontanis.info\/d\/297973-2\/DSC09120.jpg'><img src=http:\/\/ski.inmontanis.info\/d\/297972-3\/DSC09120.jpg \/><\/a><br \/>\n^ <\/p>\n<p><a href='http:\/\/ski.inmontanis.info\/d\/297977-2\/DSC09121.jpg'><img src=http:\/\/ski.inmontanis.info\/d\/297976-3\/DSC09121.jpg \/><\/a><br \/>\n^ <\/p>\n<p><a href='http:\/\/ski.inmontanis.info\/d\/297981-2\/DSC09124.jpg'><img src=http:\/\/ski.inmontanis.info\/d\/297980-3\/DSC09124.jpg \/><\/a><br \/>\n^ <\/p>\n<p><a href='http:\/\/ski.inmontanis.info\/d\/297985-2\/DSC09126.jpg'><img src=http:\/\/ski.inmontanis.info\/d\/297984-3\/DSC09126.jpg \/><\/a><br \/>\n^ <\/p>\n<p><a href='http:\/\/ski.inmontanis.info\/d\/297989-2\/DSC09129.jpg'><img src=http:\/\/ski.inmontanis.info\/d\/297988-3\/DSC09129.jpg \/><\/a><br \/>\n^ 16:15 Uhr &#8211; Zeit f\u00fcr die Abfahrt. Dank Schneefangz\u00e4unen gings<\/p>\n<p><a href='http:\/\/ski.inmontanis.info\/d\/297993-2\/DSC09134.jpg'><img src=http:\/\/ski.inmontanis.info\/d\/297992-3\/DSC09134.jpg \/><\/a><br \/>\n^ Ne, doch noch mal zu der St\u00fctze hin und in die Richtung fotografieren ;-)<\/p>\n<p><a href='http:\/\/ski.inmontanis.info\/d\/297997-2\/DSC09135.jpg'><img src=http:\/\/ski.inmontanis.info\/d\/297996-3\/DSC09135.jpg \/><\/a><br \/>\n^ 16.21 Uhr<\/p>\n<p><a href='http:\/\/ski.inmontanis.info\/d\/298001-2\/DSC09137.jpg'><img src=http:\/\/ski.inmontanis.info\/d\/298000-3\/DSC09137.jpg \/><\/a><br \/>\n^ <\/p>\n<p><a href='http:\/\/ski.inmontanis.info\/d\/298005-2\/DSC09139.jpg'><img src=http:\/\/ski.inmontanis.info\/d\/298004-3\/DSC09139.jpg \/><\/a><br \/>\n^ 16:23 Uhr &#8211; Nu aber, Abfahrt. Fuhr recht vorsichtig, aber der Schnee war hier oben hart gepresst.<\/p>\n<p><a href='http:\/\/ski.inmontanis.info\/d\/298009-2\/DSC09142.jpg'><img src=http:\/\/ski.inmontanis.info\/d\/298008-3\/DSC09142.jpg \/><\/a><br \/>\n^ 16:27 Uhr, Sonnenuntergang soll in ca. einer halben Stunde sein<\/p>\n<p><a href='http:\/\/ski.inmontanis.info\/d\/298013-2\/DSC09144.jpg'><img src=http:\/\/ski.inmontanis.info\/d\/298012-3\/DSC09144.jpg \/><\/a><br \/>\n^ <\/p>\n<p><a href='http:\/\/ski.inmontanis.info\/d\/298017-2\/DSC09145.jpg'><img src=http:\/\/ski.inmontanis.info\/d\/298016-3\/DSC09145.jpg \/><\/a><br \/>\n^ <\/p>\n<p><a href='http:\/\/ski.inmontanis.info\/d\/298021-2\/DSC09146.jpg'><img src=http:\/\/ski.inmontanis.info\/d\/298020-3\/DSC09146.jpg \/><\/a><br \/>\n^ Abfahrt. Sp\u00e4ter bin ich nach links abgebogen, die schmale kurvige Waldabfahrt, war auch schon pr\u00e4pariert, aber mehr Str\u00e4ucher.<\/p>\n<p>Joah, geile Bilder .. wenn in den n\u00e4chsten Tagen nur einige halbwegs sonnige Tage gemeldet worden w\u00e4ren, w\u00e4re ich ja noch gerne hier ein paar Tage im Winter geblieben, aber so &#8230; es ist einfach schwierig, einen Parkplatz zu finden. Weil die ganzen Badepl\u00e4tze, die meisten Wanderparkpl\u00e4tze und eben die ganzen Forststra\u00dfen nicht ger\u00e4umt sind. Erst recht nachts schwierig, weil man dann zu wenig einsehen kann.<\/p>\n<p>Ich fuhr nach Arvidsjaur, hatte meist um die -13\u00b0. Doch auch dort konnte mich nichts \u00fcberzeugen, also fuhr ich noch zu dem einen Lehrer aus Deutschland, den ich im Januar traf (oder umgekehrt) und den ich im Fr\u00fchjahr besucht hatte, nachdem er sich hier in der N\u00e4he ein so g\u00fcnstiges H\u00e4uschen gekauft hatte. (Der andere Deutsche, den ich letzten Winter traf und sich ja zuf\u00e4llig gegen\u00fcber das Haus gekauft hatte, ist momentan aber nicht da.)<\/p>\n<p><a href='http:\/\/extra.inmontanis.info\/d\/72786-2\/DSC09148.jpg'><img src=http:\/\/extra.inmontanis.info\/d\/72785-3\/DSC09148.jpg \/><\/a><br \/>\n^ Wieder zur\u00fcck auf der Stra\u00dfe zwischen den Seen<\/p>\n<p><a href='http:\/\/extra.inmontanis.info\/d\/72790-2\/DSC09149.jpg'><img src=http:\/\/extra.inmontanis.info\/d\/72789-3\/DSC09149.jpg \/><\/a><br \/>\n^ <\/p>\n<p><a href='http:\/\/extra.inmontanis.info\/d\/72794-2\/DSC09151.jpg'><img src=http:\/\/extra.inmontanis.info\/d\/72793-3\/DSC09151.jpg \/><\/a><br \/>\n^ <\/p>\n<p><a href='http:\/\/extra.inmontanis.info\/d\/72798-2\/DSC09152.jpg'><img src=http:\/\/extra.inmontanis.info\/d\/72797-3\/DSC09152.jpg \/><\/a><br \/>\n^ <\/p>\n<p><a href='http:\/\/extra.inmontanis.info\/d\/72802-2\/DSC09153.jpg'><img src=http:\/\/extra.inmontanis.info\/d\/72801-3\/DSC09153.jpg \/><\/a><br \/>\n^ <\/p>\n<p><a href='http:\/\/extra.inmontanis.info\/d\/72806-2\/DSC09156.jpg'><img src=http:\/\/extra.inmontanis.info\/d\/72805-3\/DSC09156.jpg \/><\/a><br \/>\n^ Der Mond geht auf<\/p>\n<p><a href='http:\/\/extra.inmontanis.info\/d\/72810-2\/DSC09157.jpg'><img src=http:\/\/extra.inmontanis.info\/d\/72809-3\/DSC09157.jpg \/><\/a><br \/>\n^ Arjeplog-Arvidsjaur<\/p>\n<p><a href='http:\/\/extra.inmontanis.info\/d\/72814-2\/DSC09160.jpg'><img src=http:\/\/extra.inmontanis.info\/d\/72813-3\/DSC09160.jpg \/><\/a><br \/>\n^ .. eine gr\u00f6\u00dfere Rentierherde querte die Stra\u00dfe<\/p>\n<p><a href='http:\/\/extra.inmontanis.info\/d\/72818-2\/DSC09161.jpg'><img src=http:\/\/extra.inmontanis.info\/d\/72817-3\/DSC09161.jpg \/><\/a><br \/>\n^ Auch in Arvidsjaur ist&#8217;s schon winterlich<\/p>\n<p><a href='http:\/\/extra.inmontanis.info\/d\/72822-2\/DSC09165.jpg'><img src=http:\/\/extra.inmontanis.info\/d\/72821-3\/DSC09165.jpg \/><\/a><br \/>\n^ .. und sp\u00e4ter hatte es noch bis zu -16\u00b0 auf der Stra\u00dfe. Diese K\u00e4lte soll aber nicht lang anhalten. Der Schnee sollte aber grundlegend schon liegen bleiben, auch wenn es nochmals etwas \u00fcber 0\u00b0 geben soll.<\/p>\n","protected":false},"excerpt":{"rendered":"<p>23.10.2021 &#8211; Teil 2<\/p>\n<p>Heute Nachmittag gab es dann keine Ausreden mehr &#8211; Sonne, nahezu windstill und zumindest im Tal nur -5\u00b0, da musste ich endlich die Tourenski auspacken und nach der wohl l\u00e4ngsten Ski-Pause seit \u00fcber 20 Jahren die Skischuhe wieder anziehen. Nie kamen sie mir enger vor als heute. Hier am Galtis hab <a href=\"http:\/\/blog.inmontanis.info\/?p=7221\">[&#8230;]<\/a><\/p>\n","protected":false},"author":1,"featured_media":7224,"comment_status":"closed","ping_status":"closed","sticky":false,"template":"","format":"standard","meta":{"footnotes":""},"categories":[185,675,59,19,27,29],"tags":[45,47],"class_list":["post-7221","post","type-post","status-publish","format-standard","has-post-thumbnail","hentry","category-2021-08-skandinavien","category-galtis","category-nostalgie","category-schwedensweden","category-skifahren-winterskiing-winter","category-skitourenwalk-ski","tag-see","tag-sl","odd"],"_links":{"self":[{"href":"http:\/\/blog.inmontanis.info\/index.php?rest_route=\/wp\/v2\/posts\/7221","targetHints":{"allow":["GET"]}}],"collection":[{"href":"http:\/\/blog.inmontanis.info\/index.php?rest_route=\/wp\/v2\/posts"}],"about":[{"href":"http:\/\/blog.inmontanis.info\/index.php?rest_route=\/wp\/v2\/types\/post"}],"author":[{"embeddable":true,"href":"http:\/\/blog.inmontanis.info\/index.php?rest_route=\/wp\/v2\/users\/1"}],"replies":[{"embeddable":true,"href":"http:\/\/blog.inmontanis.info\/index.php?rest_route=%2Fwp%2Fv2%2Fcomments&post=7221"}],"version-history":[{"count":2,"href":"http:\/\/blog.inmontanis.info\/index.php?rest_route=\/wp\/v2\/posts\/7221\/revisions"}],"predecessor-version":[{"id":7223,"href":"http:\/\/blog.inmontanis.info\/index.php?rest_route=\/wp\/v2\/posts\/7221\/revisions\/7223"}],"wp:featuredmedia":[{"embeddable":true,"href":"http:\/\/blog.inmontanis.info\/index.php?rest_route=\/wp\/v2\/media\/7224"}],"wp:attachment":[{"href":"http:\/\/blog.inmontanis.info\/index.php?rest_route=%2Fwp%2Fv2%2Fmedia&parent=7221"}],"wp:term":[{"taxonomy":"category","embeddable":true,"href":"http:\/\/blog.inmontanis.info\/index.php?rest_route=%2Fwp%2Fv2%2Fcategories&post=7221"},{"taxonomy":"post_tag","embeddable":true,"href":"http:\/\/blog.inmontanis.info\/index.php?rest_route=%2Fwp%2Fv2%2Ftags&post=7221"}],"curies":[{"name":"wp","href":"https:\/\/api.w.org\/{rel}","templated":true}]}}