{"id":7217,"date":"2021-10-23T14:36:23","date_gmt":"2021-10-23T12:36:23","guid":{"rendered":"http:\/\/blog.inmontanis.info\/?p=7217"},"modified":"2023-08-05T12:55:00","modified_gmt":"2023-08-05T10:55:00","slug":"bognes-no-arjeplog-se-22-23-10-2021","status":"publish","type":"post","link":"http:\/\/blog.inmontanis.info\/?p=7217","title":{"rendered":"Bognes (NO) &#8211; Arjeplog (SE), 22.+23.10.2021"},"content":{"rendered":"<p><strong>22.10.2021<\/strong><\/p>\n<p><a href='http:\/\/extra.inmontanis.info\/d\/72686-2\/DSC08935.jpg'><img src=http:\/\/extra.inmontanis.info\/d\/72685-3\/DSC08935.jpg \/><\/a><br \/>\n^ E6 Bognes-Fauske<\/p>\n<p><a href='http:\/\/extra.inmontanis.info\/d\/72690-2\/DSC08939.jpg'><img src=http:\/\/extra.inmontanis.info\/d\/72689-3\/DSC08939.jpg \/><\/a><br \/>\n^<\/p>\n<p><a href='http:\/\/extra.inmontanis.info\/d\/72694-2\/DSC08944.jpg'><img src=http:\/\/extra.inmontanis.info\/d\/72693-3\/DSC08944.jpg \/><\/a><br \/>\n^ Manche Berge schauen bei wenig Schnee interessanter aus<\/p>\n<p><a href='http:\/\/extra.inmontanis.info\/d\/72698-2\/DSC08951.jpg'><img src=http:\/\/extra.inmontanis.info\/d\/72697-3\/DSC08951.jpg \/><\/a><br \/>\n^ Umfahrung der mit 2 Tunnel durch ein anderes Tal (evtl. irgendwann neu) trassierte E6 im Bereich M\u00f8rsvikbotn-Engan<\/p>\n<p><a href='http:\/\/extra.inmontanis.info\/d\/72702-2\/DSC08954.jpg'><img src=http:\/\/extra.inmontanis.info\/d\/72701-3\/DSC08954.jpg \/><\/a><br \/>\n^ M\u00f8rsvikbotn-Engan<\/p>\n<p><a href='http:\/\/extra.inmontanis.info\/d\/72706-2\/DSC08963.jpg'><img src=http:\/\/extra.inmontanis.info\/d\/72705-3\/DSC08963.jpg \/><\/a><br \/>\n^ M\u00f8rsvikbotn-Engan<\/p>\n<p><a href='http:\/\/extra.inmontanis.info\/d\/72710-2\/DSC08966.jpg'><img src=http:\/\/extra.inmontanis.info\/d\/72709-3\/DSC08966.jpg \/><\/a><br \/>\n^ M\u00f8rsvikbotn-Engan<\/p>\n<p><a href='http:\/\/extra.inmontanis.info\/d\/72714-2\/DSC08969.jpg'><img src=http:\/\/extra.inmontanis.info\/d\/72713-3\/DSC08969.jpg \/><\/a><br \/>\n^ Wenn die Luft im Auto zu trocken ist .. warum dann den Schnee au\u00dfen abklopfen?<\/p>\n<p><a href='http:\/\/extra.inmontanis.info\/d\/72718-2\/DSC08971.jpg'><img src=http:\/\/extra.inmontanis.info\/d\/72717-3\/DSC08971.jpg \/><\/a><br \/>\n^ E6 richtung Fauske<\/p>\n<p><a href='http:\/\/extra.inmontanis.info\/d\/72722-2\/DSC08972.jpg'><img src=http:\/\/extra.inmontanis.info\/d\/72721-3\/DSC08972.jpg \/><\/a><br \/>\n^ E6 richtung Fauske<\/p>\n<p><a href='http:\/\/extra.inmontanis.info\/d\/72726-2\/DSC08976.jpg'><img src=http:\/\/extra.inmontanis.info\/d\/72725-3\/DSC08976.jpg \/><\/a><br \/>\n^ E6 richtung Fauske<\/p>\n<p><a href='http:\/\/extra.inmontanis.info\/d\/72730-2\/DSC08984.jpg'><img src=http:\/\/extra.inmontanis.info\/d\/72729-3\/DSC08984.jpg \/><\/a><br \/>\n^ Skigebiet Holtanlia n\u00e4he Fauske<\/p>\n<p><a href='http:\/\/extra.inmontanis.info\/d\/72734-2\/DSC08993.jpg'><img src=http:\/\/extra.inmontanis.info\/d\/72733-3\/DSC08993.jpg \/><\/a><br \/>\n^ N\u00e4he Fauske<\/p>\n<p><strong>23.10.2021<\/strong><\/p>\n<p>Die Hot-Dog-Wurst-Auswahl in norwegischen Tankstellen war fr\u00fcher m.E. gr\u00f6\u00dfer. Heutzutage gibt&#8217;s fast nur noch die dicken als Grillw\u00fcrste angegebenen und die K\u00e4se-Speck (Berner), die es neuerdings manchmal auch in zwei verschiedenen Gr\u00f6\u00dfen gab. Selten gibt&#8217;s noch scharfe Varianten (die ja nix f\u00fcr mich sind). Bratwurst wird zwar hin und wieder auf Preislisten angegeben, sah ich aber keine fertig. Ich meine, es gab sonst auch mal hin und wieder speziellere Sachen.<\/p>\n<p>Meine Route ging heut nach Schweden, wo es noch viel winterlicher sein soll. K\u00e5bdalis meldet inzwischen 45cm Schnee neben der Piste und will demn\u00e4chst die zweite Abfahrt \u00f6ffnen. Allerdings wird von Sonntag bis ca. Donnerstag Schnee gemeldet. Also nicht lohnenswert f\u00fcr mich.<\/p>\n<p>F\u00fcr heute als Skitour k\u00e4men mehrere Ziele auf dem Weg in Frage: das ehemalige KSSL-Skigebiet Junkerdal in Norwegen, danach \u00fcber die Grenze in dem Bereich, wo ich heur das letzte Mal Anfang Juni Skifahren war (Skitour), das dann folgende J\u00e4ckvik oder das dann folgende Galtis mit den vielen Seen &#8211; fraglich allerdings, wie weit die Stra\u00dfe da ger\u00e4umt ist und wo man dann halten k\u00f6nnte um loszugehen, denn der Parkplatz am Skigebiet war schon bei meiner Mai-Skitour 2020 gesperrt.<\/p>\n<p>Junkerdal schien mir dann schneem\u00e4\u00dfig zu gering. Oben am Pass schien es mir zu felsig, weiter in Schweden war es bedeckter statt wie gestern sonnig gemeldet und es schneite leicht. Wurde bis J\u00e4ckivk wieder etwas sonniger. Allerdings ist das ja ein Nordhang. Galits w\u00e4re S\u00fcdhang mit sch\u00f6nerem Seepano. Hm, Risiko eingehen und weiterfahren oder hier rauf gehen? Webcam in Arjeplog zeigte schon viel blauen Himmel. Also fuhr ich doch weiter.<\/p>\n<p><a href='http:\/\/extra.inmontanis.info\/d\/72738-2\/DSC08996.jpg'><img src=http:\/\/extra.inmontanis.info\/d\/72737-3\/DSC08996.jpg \/><\/a><br \/>\n^ E6 Fauske-Rognan<\/p>\n<p><a href='http:\/\/extra.inmontanis.info\/d\/72742-2\/DSC08999.jpg'><img src=http:\/\/extra.inmontanis.info\/d\/72741-3\/DSC08999.jpg \/><\/a><br \/>\n^<\/p>\n<p><a href='http:\/\/extra.inmontanis.info\/d\/72746-3\/DSC09003.jpg'><img src=http:\/\/extra.inmontanis.info\/d\/72745-4\/DSC09003.jpg \/><\/a><br \/>\n^ Junkerdal<\/p>\n<p><a href='http:\/\/extra.inmontanis.info\/d\/72750-3\/DSC09011.jpg'><img src=http:\/\/extra.inmontanis.info\/d\/72749-4\/DSC09011.jpg \/><\/a><br \/>\n^ Norwegisch-Schwedische Grenze  richtung J\u00e4ckvik<\/p>\n<p><a href='http:\/\/extra.inmontanis.info\/d\/72754-3\/DSC09018.jpg'><img src=http:\/\/extra.inmontanis.info\/d\/72753-4\/DSC09018.jpg \/><\/a><br \/>\n^ Hier in der N\u00e4he hab ich Anfang Juni (rechts) die letzte Skitour gemacht. Heute: -8\u00b0 auf ca. 740m Passh\u00f6he<\/p>\n<p><a href='http:\/\/extra.inmontanis.info\/d\/72758-3\/DSC09030.jpg'><img src=http:\/\/extra.inmontanis.info\/d\/72757-4\/DSC09030.jpg \/><\/a><br \/>\n^ Einige Seen sind noch nicht gefroren<\/p>\n<p><a href='http:\/\/extra.inmontanis.info\/d\/72762-3\/DSC09034.jpg'><img src=http:\/\/extra.inmontanis.info\/d\/72761-4\/DSC09034.jpg \/><\/a><br \/>\n^ .. die Stra\u00dfen dagegen schon voll winterlich.<\/p>\n<p><a href='http:\/\/extra.inmontanis.info\/d\/72766-3\/DSC09037.jpg'><img src=http:\/\/extra.inmontanis.info\/d\/72765-4\/DSC09037.jpg \/><\/a><br \/>\n^<\/p>\n<p><a href='http:\/\/ski.inmontanis.info\/d\/297861-3\/DSC09039.jpg'><img src=http:\/\/ski.inmontanis.info\/d\/297860-3\/DSC09039.jpg \/><\/a><br \/>\n^ Skigebiet J\u00e4ckvik<\/p>\n<p><a href='http:\/\/ski.inmontanis.info\/d\/297865-2\/DSC09040.jpg'><img src=http:\/\/ski.inmontanis.info\/d\/297864-3\/DSC09040.jpg \/><\/a><br \/>\n^ sah zuvor nach genug Schnee aus, aber .. naja, hohe Str\u00e4ucher, eher flach, nordseitige Ausrichtung ..<\/p>\n<p><a href='http:\/\/extra.inmontanis.info\/d\/72770-3\/DSC09043.jpg'><img src=http:\/\/extra.inmontanis.info\/d\/72769-4\/DSC09043.jpg \/><\/a><br \/>\n^ J\u00e4ckvik-Arjeplog<\/p>\n<p><a href='http:\/\/extra.inmontanis.info\/d\/72774-3\/DSC09048.jpg'><img src=http:\/\/extra.inmontanis.info\/d\/72773-4\/DSC09048.jpg \/><\/a><br \/>\n^ Arjeplog und Skigebiet Galtis links auf dem Berg<\/p>\n<p><a href='http:\/\/extra.inmontanis.info\/d\/72778-3\/DSC09051.jpg'><img src=http:\/\/extra.inmontanis.info\/d\/72777-4\/DSC09051.jpg \/><\/a><br \/>\n^ Am Frasses in Arjeplog h\u00e4ngt noch die Sommermen\u00fc-Werbung, derweil ist hier schon Winter<\/p>\n<p><a href='http:\/\/extra.inmontanis.info\/d\/72782-3\/DSC09056.jpg'><img src=http:\/\/extra.inmontanis.info\/d\/72781-4\/DSC09056.jpg \/><\/a><br \/>\n^ Arjeplog-Galtis<\/p>\n<p>Von der Skitour kommt ein eigener Bericht, zu viel sch\u00f6ne Bilder ;-)<\/p>\n","protected":false},"excerpt":{"rendered":"<p>22.10.2021<\/p>\n<p> ^ E6 Bognes-Fauske<\/p>\n<p> ^<\/p>\n<p> ^ Manche Berge schauen bei wenig Schnee interessanter aus<\/p>\n<p> ^ Umfahrung der mit 2 Tunnel durch ein anderes Tal (evtl. irgendwann neu) trassierte E6 im Bereich M\u00f8rsvikbotn-Engan<\/p>\n<p> ^ M\u00f8rsvikbotn-Engan<\/p>\n<p> ^ M\u00f8rsvikbotn-Engan<\/p>\n<p> ^ M\u00f8rsvikbotn-Engan<\/p>\n<p> ^ Wenn die Luft im Auto zu trocken ist <a href=\"http:\/\/blog.inmontanis.info\/?p=7217\">[&#8230;]<\/a><\/p>\n","protected":false},"author":1,"featured_media":7219,"comment_status":"closed","ping_status":"closed","sticky":false,"template":"","format":"standard","meta":{"footnotes":""},"categories":[185,660,18,19],"tags":[],"class_list":["post-7217","post","type-post","status-publish","format-standard","has-post-thumbnail","hentry","category-2021-08-skandinavien","category-jackvik","category-norwegennorway","category-schwedensweden","odd"],"_links":{"self":[{"href":"http:\/\/blog.inmontanis.info\/index.php?rest_route=\/wp\/v2\/posts\/7217","targetHints":{"allow":["GET"]}}],"collection":[{"href":"http:\/\/blog.inmontanis.info\/index.php?rest_route=\/wp\/v2\/posts"}],"about":[{"href":"http:\/\/blog.inmontanis.info\/index.php?rest_route=\/wp\/v2\/types\/post"}],"author":[{"embeddable":true,"href":"http:\/\/blog.inmontanis.info\/index.php?rest_route=\/wp\/v2\/users\/1"}],"replies":[{"embeddable":true,"href":"http:\/\/blog.inmontanis.info\/index.php?rest_route=%2Fwp%2Fv2%2Fcomments&post=7217"}],"version-history":[{"count":2,"href":"http:\/\/blog.inmontanis.info\/index.php?rest_route=\/wp\/v2\/posts\/7217\/revisions"}],"predecessor-version":[{"id":7220,"href":"http:\/\/blog.inmontanis.info\/index.php?rest_route=\/wp\/v2\/posts\/7217\/revisions\/7220"}],"wp:featuredmedia":[{"embeddable":true,"href":"http:\/\/blog.inmontanis.info\/index.php?rest_route=\/wp\/v2\/media\/7219"}],"wp:attachment":[{"href":"http:\/\/blog.inmontanis.info\/index.php?rest_route=%2Fwp%2Fv2%2Fmedia&parent=7217"}],"wp:term":[{"taxonomy":"category","embeddable":true,"href":"http:\/\/blog.inmontanis.info\/index.php?rest_route=%2Fwp%2Fv2%2Fcategories&post=7217"},{"taxonomy":"post_tag","embeddable":true,"href":"http:\/\/blog.inmontanis.info\/index.php?rest_route=%2Fwp%2Fv2%2Ftags&post=7217"}],"curies":[{"name":"wp","href":"https:\/\/api.w.org\/{rel}","templated":true}]}}