{"id":7211,"date":"2021-10-21T17:50:38","date_gmt":"2021-10-21T15:50:38","guid":{"rendered":"http:\/\/blog.inmontanis.info\/?p=7211"},"modified":"2023-08-04T21:03:49","modified_gmt":"2023-08-04T19:03:49","slug":"schnee-auf-lofoten-vesteralen-19-21-10-2021","status":"publish","type":"post","link":"http:\/\/blog.inmontanis.info\/?p=7211","title":{"rendered":"Schnee auf Lofoten+Vester\u00e5len, 19.-21.10.2021"},"content":{"rendered":"<p><strong>19.10.2021<\/strong><\/p>\n<p>\u00dcber Nacht hatte es wieder etwas geschneit, die Hauptstra\u00dfen waren aber schon frei heute Morgen. Am Pizzabakeren in Leknes mal wieder die mexikanische (ohne Chili) und die Schoko-Desert-Pizza gekauft, hatte n\u00e4mlich alle durch, die ich probieren wollte. Dort in Leknes lag auch \u00fcberall Schnee, auf den Stra\u00dfen, am Parkplatz, &#8230;<\/p>\n<p>Ansonsten f\u00fcr heute nichts vorgehabt, bin noch den Schlenker zum Skigebiet in Stamsund gefahren, wo ich ja vor ein paar Jahren mal auf den Gipfel gewandert bin. Die n\u00e4chsten Tage ist ja eher noch mehr Schnee gemeldet (wenn auch evtl. mit steigender Schneefallgrenze), macht also wenig Sinn hier, noch l\u00e4nger zu bleiben. F\u00fcr eine Skitour gibt&#8217;s ja vmtl. doch keine hoch genug gelegenen Stra\u00dfen mit nicht zu steilen und nicht zu flachen Wiesenh\u00e4ngen, es wird im Talbereich auch eher Regen oder Schneeregen gemeldet, tw. 30mm in den 2 Tagen, was wohl ca. 30cm Schnee ergeben k\u00f6nnte.<\/p>\n<p><a href='http:\/\/extra.inmontanis.info\/d\/72478-2\/DSC08760.jpg'><img src=http:\/\/extra.inmontanis.info\/d\/72477-3\/DSC08760.jpg \/><\/a><br \/>\n^ An einem Rastplatz an der E10 (7:14 Uhr)<\/p>\n<p><a href='http:\/\/extra.inmontanis.info\/d\/72482-2\/DSC08763.jpg'><img src=http:\/\/extra.inmontanis.info\/d\/72481-3\/DSC08763.jpg \/><\/a><br \/>\n^ (8:07 Uhr)<\/p>\n<p><a href='http:\/\/extra.inmontanis.info\/d\/72486-2\/DSC08767.jpg'><img src=http:\/\/extra.inmontanis.info\/d\/72485-3\/DSC08767.jpg \/><\/a><br \/>\n^<\/p>\n<p><a href='http:\/\/extra.inmontanis.info\/d\/72490-2\/DSC08770.jpg'><img src=http:\/\/extra.inmontanis.info\/d\/72489-3\/DSC08770.jpg \/><\/a><br \/>\n^<\/p>\n<p><a href='http:\/\/extra.inmontanis.info\/d\/72494-2\/DSC08778.jpg'><img src=http:\/\/extra.inmontanis.info\/d\/72493-3\/DSC08778.jpg \/><\/a><br \/>\n^<\/p>\n<p><a href='http:\/\/extra.inmontanis.info\/d\/72498-2\/DSC08786.jpg'><img src=http:\/\/extra.inmontanis.info\/d\/72497-3\/DSC08786.jpg \/><\/a><br \/>\n^<\/p>\n<p><a href='http:\/\/extra.inmontanis.info\/d\/72502-2\/DSC08790.jpg'><img src=http:\/\/extra.inmontanis.info\/d\/72501-3\/DSC08790.jpg \/><\/a><br \/>\n^ Berge am Horizont und Meer dazwischen<\/p>\n<p><a href='http:\/\/extra.inmontanis.info\/d\/72506-2\/DSC08791.jpg'><img src=http:\/\/extra.inmontanis.info\/d\/72505-3\/DSC08791.jpg \/><\/a><br \/>\n^ Skigebiet Stamsund, noch zu wenig Schnee f\u00fcr eine Skitour<\/p>\n<p><a href='http:\/\/extra.inmontanis.info\/d\/72510-2\/DSC08794.jpg'><img src=http:\/\/extra.inmontanis.info\/d\/72509-3\/DSC08794.jpg \/><\/a><br \/>\n^<\/p>\n<p><a href='http:\/\/extra.inmontanis.info\/d\/72514-2\/DSC08797.jpg'><img src=http:\/\/extra.inmontanis.info\/d\/72513-3\/DSC08797.jpg \/><\/a><br \/>\n^<\/p>\n<p><a href='http:\/\/extra.inmontanis.info\/d\/72518-2\/DSC08803.jpg'><img src=http:\/\/extra.inmontanis.info\/d\/72517-3\/DSC08803.jpg \/><\/a><br \/>\n^ Schnee auf den Lofoten<\/p>\n<p><a href='http:\/\/extra.inmontanis.info\/d\/72522-2\/DSC08805.jpg'><img src=http:\/\/extra.inmontanis.info\/d\/72521-3\/DSC08805.jpg \/><\/a><br \/>\n^<\/p>\n<p><a href='http:\/\/extra.inmontanis.info\/d\/72526-2\/DSC08810.jpg'><img src=http:\/\/extra.inmontanis.info\/d\/72525-3\/DSC08810.jpg \/><\/a><br \/>\n^<\/p>\n<p><a href='http:\/\/extra.inmontanis.info\/d\/72530-2\/DSC08818.jpg'><img src=http:\/\/extra.inmontanis.info\/d\/72529-3\/DSC08818.jpg \/><\/a><br \/>\n^ Austnesfjorden<\/p>\n<p><a href='http:\/\/extra.inmontanis.info\/d\/72534-2\/DSC08822.jpg'><img src=http:\/\/extra.inmontanis.info\/d\/72533-3\/DSC08822.jpg \/><\/a><br \/>\n^ Austnesfjorden, heute nicht so fotogen<\/p>\n<p><a href='http:\/\/extra.inmontanis.info\/d\/72538-2\/DSC08827.jpg'><img src=http:\/\/extra.inmontanis.info\/d\/72537-3\/DSC08827.jpg \/><\/a><br \/>\n^<\/p>\n<p>Ab Mitternacht ist starker Schneefall gemeldet, der den ganzen morgigen Tag (und teils \u00fcbermorgen) dauern soll. Ein Verbleib auf den Lofoten schien mir da wenig sinnvoll bzw. ist das auch f\u00fcr Parkpl\u00e4tze f\u00fcr die Nacht dann schwierig. Und Fotografieren kann man dann wohl auch vergessen. Wobei das Zentrum des Schneefalls die Lofoten sein sollen, also richtung Osten von mir aus jetzt, richtung Festland soll es nur minimal schneien. Umgekehrt w\u00e4r&#8217;s mir ja lieber gewesen, dann h\u00e4tte ich am WE eine Skitour machen k\u00f6nnen und die Tage noch hier bleiben k\u00f6nnen.<\/p>\n<p>Ich entschied, noch bis kurz zu dem einen Rastplatz quasi vor den Lofoten zu fahren, wo ich dann morgen den Vormittag verbringen k\u00f6nnte. Bis dahin muss ich entscheiden, ob ich nun lieber nach S\u00fcden (F\u00e4hre ab L\u00f8dingen) oder nach Norden (Finnland) will ..<\/p>\n<p>Stand gestern auf der neuen Corona-Eintritts-Seite von Finnland nicht noch &#8220;Norwegen&#8221; ohne weitere Einschr\u00e4nkungen als Low-Risk-Country, wo man dann keine 2 Tests bei\/nach Einreise braucht? Jetzt ist es jedenfalls wieder auf einige bestimmten Grenzregionen eingeschr\u00e4nkt. (Und die Ausnahme f\u00fcr die schwedischen Grenzregionen gelten anscheinend nicht mehr, jedenfalls liest man davon mal nix mehr. Daf\u00fcr liest man seit gestern den Zeitraum, in dem man f\u00fcr Finnland in diesen Regionen gewesen sein muss: die letzten 14 Tage vor Grenz\u00fcbertritt.)<\/p>\n<p>Leider sind die f\u00fcr Finnland derzeit relevanten Regionen in Nordnorwegen nicht zusammenh\u00e4ngend.<br \/>\nVon West nach Ost:<br \/>\n&#8211; Storfjord OK<br \/>\n&#8211; Kafjord Nicht-OK<br \/>\n&#8211; Nordreisa OK (kein Grenz\u00fcbergang in Form einer Stra\u00dfe zu Finnland)<br \/>\n&#8211; Kvaenangen Nicht-OK<br \/>\n&#8211; Alta Nicht-OK<br \/>\n&#8211; Kautokeino Nicht-OK<br \/>\n&#8211; Karasjok OK<br \/>\n&#8211; Tana OK (die zwei einzigen nebeneinander mit direkter Stra\u00dfenverbindung)<br \/>\n&#8211; Nesseby Nicht-OK<br \/>\n&#8211; S\u00f8r-Varanger (Kirkenes) OK<br \/>\n(und die ganzen anderen, westlichen und n\u00f6rdlicheren: Nicht-OK)<\/p>\n<p>D.h. wenn ich mich dem zweifachen Testbl\u00f6dsinn in Finnland nicht aussetzen m\u00f6chte, m\u00fcsste ich mich in einer der OK-Regionen 14 Tage aufgeha\u013aten haben, bevor ich nach Finnland einreise. Das ist mir definitiv zu bl\u00f6d.<\/p>\n<p>Wobei Tana-Karasjok zusammenh\u00e4ngend schon recht gro\u00df w\u00e4r und Abwechslung b\u00f6te. Aber eben: ich war da auf der Reise schon ausgiebigst. Ok, man k\u00f6nnte sich auch mit den 2 kostenlosen Tests in Finnland arrangieren &#8211; aber dann wiederum, warum sich den Schei\u00df antun? So geil sind die Skigebiete in Finnland ja auch nicht. Also bleib ich halt in Norwegen+Schweden die n\u00e4chsten Wochen.<\/p>\n<p>Somit ist schon mal gekl\u00e4rt, dass ich nicht nach Finnland fahren werde, bleibt noch: Schweden und mich mit dem vorsaisonteuren K\u00e5bdalis-Skigebiet anfreunden (am n\u00e4chsten Tag via EMail mal nachgefragt: ja, sie verkaufen bis 1.12. nur Tagesp\u00e4sse. Also so ein Bl\u00f6dsinn.) oder nur kurz nach Schweden, um die 3-Monats-Norwegen-als-Tourist-Frist mal wieder zu verl\u00e4ngern und gleich weiter in den S\u00fcden, wo auch einige norwegischen Skigebiete dann zumindest ab Anfang\/Mitte November \u00f6ffnen? Oder doch noch etwas hier in der Region bleiben? Skigebiete machen hier bzw. n\u00f6rdlich (Narvik, Troms\u00f6) allerdings erst Anfang Dezember auf.<\/p>\n<p>Wobei die schwedische Region, wo K\u00e5bdalis ist, mittlerweile Rot ist. D.h. ich muss danach 10 Tage durch gr\u00fcne + orangene Gebieten in Schweden reisen (also weiter s\u00fcdlich), bevor ich wieder zur\u00fcck nach Norwegen kann. Da sollte ich erst mal das Statusupdate am Freitag abwarten.<\/p>\n<p>Ein Kasperltheater ist das..<\/p>\n<p>\u00dcbrigens hat&#8217;s in der Region um Arvidsjaur auch schon einiges bis runter geschneit in den letzten Tagen und soll -9\u00b0 haben. K\u00e5bdalis meldet inzwischen 100cm Schnee &#8220;Pist&#8221; (Depot..) und 40cm &#8220;Natur&#8221;, wieviel hat es denn da bitte geschneit in den letzten Tagen, da br\u00e4ucht&#8217;s ja gar keinen Depotschnee?!<\/p>\n<p><a href='http:\/\/extra.inmontanis.info\/d\/72542-2\/DSC08831.jpg'><img src=http:\/\/extra.inmontanis.info\/d\/72541-3\/DSC08831.jpg \/><\/a><br \/>\n^ Ein weiteres Problem ist ja tats\u00e4chlich die Trockenheit im Auto. Damit h\u00e4tte ich nicht gerechnet. Da ist man teils den ganzen Tag und die ganze Nacht im Auto, die Auto sind morgens nass und dann hat man nachmittags trotzdem nur noch 10-15% relative Luftfeuchte und selbst nachts nur 50%? Ja, mir ist schon klar, dass die kalte Luft von au\u00dfen nicht sehr feucht ist und durch das Aufheizen sehr trocken wird, aber auf Umluft stellen geht ja auch nicht, laufen einem ja die Scheiben gleich wieder an.<\/p>\n<p>Die Min-Max-Temperaturen sind allerdings generell etwas mit Vorsicht zu genie\u00dfen, da das Thermometer ja am Armaturenbrett h\u00e4ngt, wo die Heizung vorbeil\u00e4uft. 32\u00b0 warm war es also nicht. Die 4,4\u00b0 nachts sind aber kein Problem im Schlafsack mit Zusatzdecke und Fu\u00dfheizung (noch auf Stufe 1).<\/p>\n<p><strong>20.10.2021<\/strong><\/p>\n<p>Obwohl ich ja extra soweit \u00f6stlich gefahren bin, wo die Vorhersagen keinen Schnee bis ca. 8\/9 Uhr gemeldet hatten, war mein Auto<br \/>\num 7 Uhr leicht mit Schnee bedeckt und ein Schneer\u00e4umer fuhr einige Zeit vorher mal auf der Hauptstra\u00dfe vorbei. Werde ich meinen Parkplatz einfach verlassen k\u00f6nnen?<\/p>\n<p>Ja, klar. Die Stra\u00dfe machte auch keinen ger\u00e4umten Eindruck.<\/p>\n<p><a href='http:\/\/extra.inmontanis.info\/d\/72546-2\/DSC08832.jpg'><img src=http:\/\/extra.inmontanis.info\/d\/72545-3\/DSC08832.jpg \/><\/a><br \/>\n^ Schnee \u00fcber Nacht n\u00e4he Gullesfjord<\/p>\n<p>Am WC-Rastplatz kam sp\u00e4ter der Schneer\u00e4umer vorbei, stieg aus, trug ein kurzes T-Shirt und stieg in den kalten Gabelstapler-Bagger, um Streumaterial in seinem Schneer\u00e4umer aufzuf\u00fcllen :)<\/p>\n<p>Lt. yr.no: &#8220;Winter comes very early this year. Colder than normal, says State Meteorologist&#8221;<\/p>\n<p>Tja, wohin jetzt? \u00d6stlich + s\u00fcdlich soll es heute schon zu schneien aufh\u00f6ren, n\u00f6rdlich soll es morgen fr\u00fch zu schneien aufh\u00f6ren (s\u00fcdwestlich und westlich morgen evtl. stark regnen).<\/p>\n<p>In den s\u00fcdlicheren Bergregionen Norwegens (also s\u00fcdlich von Trondheim) werden die n\u00e4chsten Tage 50-100cm Schnee gemeldet. Da sollte dem Saisonstart etlicher Skigebiete Anfang November doch hoffentlich nix im Wege stehen. Au\u00dfer die, die \u00f6ffnen wollen, sind noch weiter s\u00fcdlich &#8230;<\/p>\n<p>Oder nehm ich mir ein g\u00fcnstiges Hotel in der N\u00e4he in Sortland (n\u00f6rdlich, ca. 63,- \u20ac inkl. Fr\u00fchst\u00fcck) bis morgen und schau, ob ich in dem dort in der N\u00e4he befindlichen Skigebiet mal eine Skitour riskieren soll? Nervig ist halt immer, f\u00fcr einen Tag den PC auszubauen. Etwas st\u00f6rend ist zudem, dass Rezeption+Fr\u00fchst\u00fcck in einem 200-300m entfernten Hotel ist (dort nat\u00fcrlich wesentlich teurer).<\/p>\n<p><a href='http:\/\/extra.inmontanis.info\/d\/72550-2\/DSC08840.jpg'><img src=http:\/\/extra.inmontanis.info\/d\/72549-3\/DSC08840.jpg \/><\/a><br \/>\n^ Gullesfjord-Sortland<\/p>\n<p><a href='http:\/\/extra.inmontanis.info\/d\/72554-2\/DSC08842.jpg'><img src=http:\/\/extra.inmontanis.info\/d\/72553-3\/DSC08842.jpg \/><\/a><br \/>\n^ Gullesfjord-Sortland<\/p>\n<p>Die Bratw\u00fcrste &#8211; hatte ich gestern erst nach dem Einkauf gesehen &#8211; haben ein MHD nur bis heute, daher sollte ich sie besser heute noch machen. Und die offenen Kartoffeln m\u00fcssen auch weg. Ich k\u00f6nnte zwar Kochplatte + Pfanne unbemerkt mit auf&#8217;s Zimmer nehmen, aber wenn der Feuermelder anginge, w\u00e4r das weniger witzig. Also kochte ich halt noch mittags im Auto.<\/p>\n<p>Ohne Tisch kann ich zwar auch auf der Toilette kochen, aber es fehlt dann nat\u00fcrlich die M\u00f6glichkeit, die Pfanne oder den Topf zum Essen wo drauf zu stellen &#8211; am Holztisch geht das sonst unproblematisch, wollte ich aber jetzt nicht umbauen. Au\u00dfer man stellt sich die Kochplatte samt Pfanne auf den Scho\u00df.<\/p>\n<p>Die Bratw\u00fcrste waren nicht sonderlich bratwurstig und evtl. hab ich die Kochplatte geschrottet, weil auf das Shirt gestellt (gerade stellen) und die Platte \u00fcberhitzt ist und der L\u00fcfter irgendwann nicht mehr lief und es gestunken hat -> wird sich dann in den n\u00e4chsten Tagen zeigen.<\/p>\n<p><a href='http:\/\/extra.inmontanis.info\/d\/72558-2\/DSC08844.jpg'><img src=http:\/\/extra.inmontanis.info\/d\/72557-3\/DSC08844.jpg \/><\/a><br \/>\n^ War als Bratwurst (mit deutschem Namen) ausgeschildert, naja.<\/p>\n<p><a href='http:\/\/extra.inmontanis.info\/d\/72562-2\/DSC08845.jpg'><img src=http:\/\/extra.inmontanis.info\/d\/72561-3\/DSC08845.jpg \/><\/a><br \/>\n^ Meer n\u00e4he Sortland<\/p>\n<p><a href='http:\/\/extra.inmontanis.info\/d\/72566-2\/DSC08848.jpg'><img src=http:\/\/extra.inmontanis.info\/d\/72565-3\/DSC08848.jpg \/><\/a><br \/>\n^ Gezacktes Schuhprofil, das auf br\u00fcchigem Eis dadurch glaub ich ganz gut ist. Auch auf Schnee halten die Schuhe gut. Auf Glatteis allerdings auch nicht.<\/p>\n<p><a href='http:\/\/extra.inmontanis.info\/d\/72570-2\/DSC08852.jpg'><img src=http:\/\/extra.inmontanis.info\/d\/72569-3\/DSC08852.jpg \/><\/a><br \/>\n^ Sortland und Skigebiet am Berg mit den Windr\u00e4dern (Skilift, links, nicht ganz rauf gehend)<\/p>\n<p><a href='http:\/\/extra.inmontanis.info\/d\/72574-2\/DSC08855.jpg'><img src=http:\/\/extra.inmontanis.info\/d\/72573-3\/DSC08855.jpg \/><\/a><br \/>\n^ Hotel in Sortland<\/p>\n<p>Fr\u00fchst\u00fcck ist im Hotel (also in dem 300m entfernten) ab 6:30 und Check-Out 12 Uhr &#8211; die Zeiten passen mir beides gut. Schreibtisch gibts auch und WLAN scheint auch zu funktionieren. Dann doch gleich mal duschen, nach \u00fcber 2 Monaten :-)<\/p>\n<p>Ansonsten genug Steckdosen, sehr hei\u00dfes Wasser, Stromheizung selbst zu regulieren, Vorh\u00e4nge nicht so dunkel und Kopfkissen eher unbequem.<\/p>\n<p><strong>21.10.2021<\/strong><\/p>\n<p>Das Fr\u00fchst\u00fccksbuffet war gro\u00df und endlich mal wieder Eier mit Speck. Aber Kakao sah ich keinen.<\/p>\n<p>Am Skigebietsparkplatz angekommen, lag genug Schnee f\u00fcr eine Skitour, aber &#8230; wie schon gestern von gegen\u00fcber bef\u00fcrchtet, ist die obere H\u00e4lfte der Piste recht steil und sah schneem\u00e4\u00dfig nicht \u00fcberzeugend aus, zumal man nicht erkennen konnte, ob das braune\/schwarze Steine\/Felsen oder unproblematische Erde\/Pflantenbewuchs ist. Flacherer Hang bei der Schneeh\u00f6he = unproblematisch, aber so schien mir das leider wenig lohnenswert. Untere H\u00e4lfte flach und ohne Aussicht. Bei blauem Himmel h\u00e4tte ichs f\u00fcrs Panorama bis rauf ja gewagt, aber so &#8230;<\/p>\n<p><a href='http:\/\/extra.inmontanis.info\/d\/72578-2\/DSC08857.jpg'><img src=http:\/\/extra.inmontanis.info\/d\/72577-3\/DSC08857.jpg \/><\/a><br \/>\n^ Br\u00fccke nach Sortland (bzw. umgekehrter Blick, von Sortland oder daneben aus)<\/p>\n<p><a href='http:\/\/extra.inmontanis.info\/d\/72582-2\/DSC08861.jpg'><img src=http:\/\/extra.inmontanis.info\/d\/72581-3\/DSC08861.jpg \/><\/a><br \/>\n^ Auffahrt zum Skigebiet<\/p>\n<p><a href='http:\/\/extra.inmontanis.info\/d\/72586-2\/DSC08863.jpg'><img src=http:\/\/extra.inmontanis.info\/d\/72585-3\/DSC08863.jpg \/><\/a><br \/>\n^<\/p>\n<p><a href='http:\/\/extra.inmontanis.info\/d\/72590-2\/DSC08865.jpg'><img src=http:\/\/extra.inmontanis.info\/d\/72589-3\/DSC08865.jpg \/><\/a><br \/>\n^ Parkplatz am Skigebiet, Schnee h\u00e4tte es hier unten genug<\/p>\n<p><a href='http:\/\/extra.inmontanis.info\/d\/72594-2\/DSC08866.jpg'><img src=http:\/\/extra.inmontanis.info\/d\/72593-3\/DSC08866.jpg \/><\/a><br \/>\n^ .. allerdings schauts weiter oben nicht mehr nach genug Schnee aus, zudem recht steiler Stemag-SL (zumindest die St\u00fctzen, Rest wohl neuer)<\/p>\n<p><a href='http:\/\/extra.inmontanis.info\/d\/72598-2\/DSC08869.jpg'><img src=http:\/\/extra.inmontanis.info\/d\/72597-3\/DSC08869.jpg \/><\/a><br \/>\n^ Im unteren Bereich hat man aber kaum Pano hier<\/p>\n<p><a href='http:\/\/extra.inmontanis.info\/d\/72602-2\/DSC08872.jpg'><img src=http:\/\/extra.inmontanis.info\/d\/72601-3\/DSC08872.jpg \/><\/a><br \/>\n^<\/p>\n<p><a href='http:\/\/extra.inmontanis.info\/d\/72606-2\/DSC08874.jpg'><img src=http:\/\/extra.inmontanis.info\/d\/72605-3\/DSC08874.jpg \/><\/a><br \/>\n^ Wieder runter nach Sortland<\/p>\n<p><a href='http:\/\/extra.inmontanis.info\/d\/72610-2\/DSC08877.jpg'><img src=http:\/\/extra.inmontanis.info\/d\/72609-3\/DSC08877.jpg \/><\/a><br \/>\n^ Br\u00fccke bei Sortland<\/p>\n<p><a href='http:\/\/extra.inmontanis.info\/d\/72614-2\/DSC08882.jpg'><img src=http:\/\/extra.inmontanis.info\/d\/72613-3\/DSC08882.jpg \/><\/a><br \/>\n^ Sortland-Gullesfjord<\/p>\n<p><a href='http:\/\/extra.inmontanis.info\/d\/72618-2\/DSC08886.jpg'><img src=http:\/\/extra.inmontanis.info\/d\/72617-3\/DSC08886.jpg \/><\/a><br \/>\n^ Sortland-Gullesfjord<\/p>\n<p><a href='http:\/\/extra.inmontanis.info\/d\/72622-2\/DSC08890.jpg'><img src=http:\/\/extra.inmontanis.info\/d\/72621-3\/DSC08890.jpg \/><\/a><br \/>\n^ Sortland-Gullesfjord<\/p>\n<p><a href='http:\/\/extra.inmontanis.info\/d\/72626-2\/DSC08891.jpg'><img src=http:\/\/extra.inmontanis.info\/d\/72625-3\/DSC08891.jpg \/><\/a><br \/>\n^ Sortland-Gullesfjord<\/p>\n<p><a href='http:\/\/extra.inmontanis.info\/d\/72630-2\/DSC08893.jpg'><img src=http:\/\/extra.inmontanis.info\/d\/72629-3\/DSC08893.jpg \/><\/a><br \/>\n^ Sortland-Gullesfjord<\/p>\n<p><a href='http:\/\/extra.inmontanis.info\/d\/72634-2\/DSC08897.jpg'><img src=http:\/\/extra.inmontanis.info\/d\/72633-3\/DSC08897.jpg \/><\/a><br \/>\n^ Gullesfjord<\/p>\n<p>Generelle 10-Tages-Vohrhersage? Nur am Samstag k\u00f6nnte es recht sonnig werden, sonst schlecht. Aber in Schweden auch nicht viel anders. Nur weiter s\u00fcdlich ist&#8217;s dann schon noch w\u00e4rmer. Bergen 10\u00b0 &#8211; und die n\u00e4chsten 10 Tage au\u00dfer Samstag nur Regen gemeldet. Ok, das soll ja eh einer der regenreichsten St\u00e4dte sein. Wikipedia dazu: <em>&#8220;Die Stadt ist mit ca. 2548 mm Niederschlag an 248 Regentagen im Jahr (Stand: 2005) die \u201eregenreichste Gro\u00dfstadt Europas\u201c.&#8221; <\/em><\/p>\n<p>Wobei es auch auf den Lofoten wieder w\u00e4rmer werden soll, mit dem Regen am Mo+Di werden Temperaturen bis 8\u00b0 gemeldet. W\u00e4re eigentlich dann angenehmer als die durchgehenden Minusgrade in Schwedisch-Lappland&#8230;<\/p>\n<p>Was die am Anfang der Reise mittendrin abgebrochene K\u00fcstenstra\u00dfe mit den 6 F\u00e4hren angeht, ist in den n\u00e4chsten 10 Tagen auch h\u00e4ufig Regen gemeldet und auch nur am Samstag Sonne. Schneem\u00e4\u00dfig k\u00f6nnte man dann zwar wieder wandern, weil wohl alles wieder weg ist, sofern aktuell dort \u00fcberhaupt was liegen sollte, aber durch den Regen eben auch nicht lohnenswert.<\/p>\n<p>Ich denke, die logischste Variante w\u00e4re jetzt, bald mal nach Schweden r\u00fcber, dann langsam s\u00fcdlich, aufpassen, dass ich dann 10 Tage in coronagr\u00fcnen+orangenen Regionen bin, um dann s\u00fcdlich von Trondheim wieder nach Norwegen zu fahren und dort mitte November die offenen Skigebiete anfahre. \u00dcber Schweden nat\u00fcrlich etwas Umweg, aber daf\u00fcr auch mal wieder kulinarische Abwechslung, keine Maut, weniger Regen gemeldet und hier und da vielleicht etwas g\u00fcnstigere Preise (wobei ja Benzin recht gleich war und die g\u00fcnstigsten Getr\u00e4nke im Supermarkt teurer waren). Wobei ich erst noch die morgigen Farb\u00e4nderungen f\u00fcr G\u00fcltigkeit n\u00e4chste Woche abwarte, denn wenn nur noch rote Regionen in Schweden zu erwarten w\u00e4ren, auch weiter s\u00fcdlich (die n\u00f6rdlichsten zwei sind ja bereits Rot), w\u00fcrd ich mir das nat\u00fcrlich sparen.<\/p>\n<p>Da ich mich nun also f\u00fcr die Richtung: S\u00fcd entschieden hab, ging&#8217;s noch mit der F\u00e4hre von L\u00f8dingen nach Bognes, den Raum um Narvik, wie so h\u00e4ufig, umfahrend. Evtl. reicht der Schnee f\u00fcr eine Skitour in einem ehemaligen Skigebiet nahe Schweden am sonnigen Samstag oder dann sp\u00e4ter in Schweden.<\/p>\n<p>Also, w\u00e4hrend es in den Alpen ja so h\u00e4ufig unter der Woche sonnig und am WE schlecht ist, hatte ich in den letzten Wochen eher am Wochenende mal einen der hier so seltenen sonnigen Tage erwischt. Entsprechend war auch die Nordlichtbilderausbeute auf der bisherigen Tour gering, es gab einfach zu wenig klare N\u00e4chte. Aber der Winter ist ja noch lang.<\/p>\n<p>Ob und wie weit ich dann im Winter nochmal in den Norden komm, wei\u00df ich somit nicht. Eigentlich gibts im S\u00fcden ja genug Skigebiete in Norwegen und Schweden, die man besuchen kann und die mir bis Mai reichen w\u00fcrden. Auch wenn ich gern mal zB. in Troms\u00f8, Glomfjord, auf den Lofoten oder am Nordkapp Ski fahren w\u00fcrde oder auch mal wieder in Finnland, m\u00f6chte ich mir den zus\u00e4tzlichen Umweg ja eher sparen. Und im M\u00e4rz\/April ist&#8217;s dann im S\u00fcden vmtl. eh sch\u00f6ner, weil w\u00e4rmer und vielleicht hin und wieder firniger.<\/p>\n<p><a href='http:\/\/extra.inmontanis.info\/d\/72638-2\/DSC08899.jpg'><img src=http:\/\/extra.inmontanis.info\/d\/72637-3\/DSC08899.jpg \/><\/a><br \/>\n^<\/p>\n<p><a href='http:\/\/extra.inmontanis.info\/d\/72642-2\/DSC08901.jpg'><img src=http:\/\/extra.inmontanis.info\/d\/72641-3\/DSC08901.jpg \/><\/a><br \/>\n^<\/p>\n<p><a href='http:\/\/extra.inmontanis.info\/d\/72646-2\/DSC08903.jpg'><img src=http:\/\/extra.inmontanis.info\/d\/72645-3\/DSC08903.jpg \/><\/a><br \/>\n^ Richtung L\u00f8dingen<\/p>\n<p><a href='http:\/\/extra.inmontanis.info\/d\/72650-2\/DSC08908.jpg'><img src=http:\/\/extra.inmontanis.info\/d\/72649-3\/DSC08908.jpg \/><\/a><br \/>\n^ L\u00f8dingen<\/p>\n<p><a href='http:\/\/extra.inmontanis.info\/d\/72654-2\/DSC08909.jpg'><img src=http:\/\/extra.inmontanis.info\/d\/72653-3\/DSC08909.jpg \/><\/a><br \/>\n^ F\u00e4hre L\u00f8dingen-Bognes<\/p>\n<p><a href='http:\/\/extra.inmontanis.info\/d\/72658-2\/DSC08910.jpg'><img src=http:\/\/extra.inmontanis.info\/d\/72657-3\/DSC08910.jpg \/><\/a><br \/>\n^ F\u00e4hre L\u00f8dingen-Bognes<\/p>\n<p><a href='http:\/\/extra.inmontanis.info\/d\/72662-2\/DSC08911.jpg'><img src=http:\/\/extra.inmontanis.info\/d\/72661-3\/DSC08911.jpg \/><\/a><br \/>\n^ F\u00e4hre L\u00f8dingen-Bognes<\/p>\n<p><a href='http:\/\/extra.inmontanis.info\/d\/72666-2\/DSC08914.jpg'><img src=http:\/\/extra.inmontanis.info\/d\/72665-3\/DSC08914.jpg \/><\/a><br \/>\n^<\/p>\n<p><a href='http:\/\/extra.inmontanis.info\/d\/72670-2\/DSC08916.jpg'><img src=http:\/\/extra.inmontanis.info\/d\/72669-3\/DSC08916.jpg \/><\/a><br \/>\n^ Bognes<\/p>\n<p>Heute Abend die Herdplatte wieder in Betrieb genommen. Hm. Heizen tut sie noch, aber der L\u00fcfter l\u00e4uft nicht mehr. Ich probierte, ob ich noch Nudeln kochen kann, ggf. mit weniger Heizkraft. Ersatz hab ich da nat\u00fcrlich keinen dabei. Fraglich, ob sich ein Ersatzkauf noch lohnen w\u00fcrde, wenn ich ab November evtl. eh die meiste Zeit in Unterk\u00fcnften bin, wenn ich mal wegen Skifahren nicht mehr so viel fahren will. F\u00fcr die Nudeln ging&#8217;s noch, bis es es wieder zu riechen wg. Hitze anfing.<\/p>\n<p>Ich zerlegte die Platte noch und fotografierte das Typenschild vom L\u00fcfter, baute alles wieder zusammen, wackelte etwas an den Steckern. Am n\u00e4chsten Abend funktionierte der L\u00fcfter wieder&#8230;<\/p>\n<p><a href='http:\/\/extra.inmontanis.info\/d\/72674-2\/DSC08922.jpg'><img src=http:\/\/extra.inmontanis.info\/d\/72673-3\/DSC08922.jpg \/><\/a><br \/>\n^ F\u00e4hre<\/p>\n<p><a href='http:\/\/extra.inmontanis.info\/d\/72678-2\/DSC08928.jpg'><img src=http:\/\/extra.inmontanis.info\/d\/72677-3\/DSC08928.jpg \/><\/a><br \/>\n^ F\u00e4hre im Mondschein (4s)<\/p>\n<p><a href='http:\/\/extra.inmontanis.info\/d\/72682-2\/DSC08929.jpg'><img src=http:\/\/extra.inmontanis.info\/d\/72681-3\/DSC08929.jpg \/><\/a><br \/>\n^ F\u00e4hre im Mondschein (0,4s)<\/p>\n","protected":false},"excerpt":{"rendered":"<p>19.10.2021<\/p>\n<p>\u00dcber Nacht hatte es wieder etwas geschneit, die Hauptstra\u00dfen waren aber schon frei heute Morgen. Am Pizzabakeren in Leknes mal wieder die mexikanische (ohne Chili) und die Schoko-Desert-Pizza gekauft, hatte n\u00e4mlich alle durch, die ich probieren wollte. Dort in Leknes lag auch \u00fcberall Schnee, auf den Stra\u00dfen, am Parkplatz, &#8230;<\/p>\n<p>Ansonsten f\u00fcr heute nichts <a href=\"http:\/\/blog.inmontanis.info\/?p=7211\">[&#8230;]<\/a><\/p>\n","protected":false},"author":1,"featured_media":7214,"comment_status":"closed","ping_status":"closed","sticky":false,"template":"","format":"standard","meta":{"footnotes":""},"categories":[185,601,18],"tags":[100,37,45,47],"class_list":["post-7211","post","type-post","status-publish","format-standard","has-post-thumbnail","hentry","category-2021-08-skandinavien","category-lofoten","category-norwegennorway","tag-langzeitbelichtung","tag-meer","tag-see","tag-sl","odd"],"_links":{"self":[{"href":"http:\/\/blog.inmontanis.info\/index.php?rest_route=\/wp\/v2\/posts\/7211","targetHints":{"allow":["GET"]}}],"collection":[{"href":"http:\/\/blog.inmontanis.info\/index.php?rest_route=\/wp\/v2\/posts"}],"about":[{"href":"http:\/\/blog.inmontanis.info\/index.php?rest_route=\/wp\/v2\/types\/post"}],"author":[{"embeddable":true,"href":"http:\/\/blog.inmontanis.info\/index.php?rest_route=\/wp\/v2\/users\/1"}],"replies":[{"embeddable":true,"href":"http:\/\/blog.inmontanis.info\/index.php?rest_route=%2Fwp%2Fv2%2Fcomments&post=7211"}],"version-history":[{"count":4,"href":"http:\/\/blog.inmontanis.info\/index.php?rest_route=\/wp\/v2\/posts\/7211\/revisions"}],"predecessor-version":[{"id":7216,"href":"http:\/\/blog.inmontanis.info\/index.php?rest_route=\/wp\/v2\/posts\/7211\/revisions\/7216"}],"wp:featuredmedia":[{"embeddable":true,"href":"http:\/\/blog.inmontanis.info\/index.php?rest_route=\/wp\/v2\/media\/7214"}],"wp:attachment":[{"href":"http:\/\/blog.inmontanis.info\/index.php?rest_route=%2Fwp%2Fv2%2Fmedia&parent=7211"}],"wp:term":[{"taxonomy":"category","embeddable":true,"href":"http:\/\/blog.inmontanis.info\/index.php?rest_route=%2Fwp%2Fv2%2Fcategories&post=7211"},{"taxonomy":"post_tag","embeddable":true,"href":"http:\/\/blog.inmontanis.info\/index.php?rest_route=%2Fwp%2Fv2%2Ftags&post=7211"}],"curies":[{"name":"wp","href":"https:\/\/api.w.org\/{rel}","templated":true}]}}