{"id":7207,"date":"2021-10-18T18:12:41","date_gmt":"2021-10-18T16:12:41","guid":{"rendered":"http:\/\/blog.inmontanis.info\/?p=7207"},"modified":"2023-08-04T21:03:52","modified_gmt":"2023-08-04T19:03:52","slug":"reine-a-lofoten-18-10-2021","status":"publish","type":"post","link":"http:\/\/blog.inmontanis.info\/?p=7207","title":{"rendered":"Reine + \u00c5 \/ Lofoten, 18.10.2021"},"content":{"rendered":"<p><strong>18.10.2021<\/strong><\/p>\n<p>Die Nacht verlief recht windig und regnerisch, morgens um 7 Uhr ist&#8217;s mittlerweile noch dunkel &#8211; w\u00e4re mal Zeit f\u00fcr die Winterzeit..<\/p>\n<p>Auf dem Weg zum n\u00e4chsten Rastplatz weiter s\u00fcdlich gab es erst leichten Schneefall, Schneematsch und dann eine beinahe durchg\u00e4ngige, d\u00fcnne Schneedecke auf der Stra\u00dfe. (Und das WC war auch zu ..)<\/p>\n<p><a href='http:\/\/extra.inmontanis.info\/d\/72314-2\/DSC08641.jpg'><img src=http:\/\/extra.inmontanis.info\/d\/72313-3\/DSC08641.jpg \/><\/a><br \/>\n^ E10 unterhalb meines \u00dcbernachtunsplatzes<\/p>\n<p><a href='http:\/\/extra.inmontanis.info\/d\/72318-2\/DSC08649.jpg'><img src=http:\/\/extra.inmontanis.info\/d\/72317-3\/DSC08649.jpg \/><\/a><br \/>\n^ Schneebedeckte E10<\/p>\n<p><a href='http:\/\/extra.inmontanis.info\/d\/72322-2\/DSC08653.jpg'><img src=http:\/\/extra.inmontanis.info\/d\/72321-3\/DSC08653.jpg \/><\/a><br \/>\n^ Rastplatz mit Aussicht (7:50 Uhr)<\/p>\n<p>Vormittags schneite bzw. graupelte oder eisregnete es dann ungef\u00e4hr einmal pro Stunde, zwischendrin auch mal aufgelockert.<\/p>\n<p><a href='http:\/\/extra.inmontanis.info\/d\/72326-2\/DSC08657.jpg'><img src=http:\/\/extra.inmontanis.info\/d\/72325-3\/DSC08657.jpg \/><\/a><br \/>\n^ 9:27 Uhr<\/p>\n<p><a href='http:\/\/extra.inmontanis.info\/d\/72330-2\/DSC08663.jpg'><img src=http:\/\/extra.inmontanis.info\/d\/72329-3\/DSC08663.jpg \/><\/a><br \/>\n^ E10 \/ die erste der beiden schmalen Br\u00fccken nach Reine (Ampelgesteuert)<\/p>\n<p><a href='http:\/\/extra.inmontanis.info\/d\/72334-2\/DSC08667.jpg'><img src=http:\/\/extra.inmontanis.info\/d\/72333-3\/DSC08667.jpg \/><\/a><br \/>\n^ <\/p>\n<p><a href='http:\/\/extra.inmontanis.info\/d\/72338-2\/DSC08668.jpg'><img src=http:\/\/extra.inmontanis.info\/d\/72337-3\/DSC08668.jpg \/><\/a><br \/>\n^ <\/p>\n<p><a href='http:\/\/extra.inmontanis.info\/d\/72342-2\/DSC08672.jpg'><img src=http:\/\/extra.inmontanis.info\/d\/72341-3\/DSC08672.jpg \/><\/a><br \/>\n^ Berg links  = Reinebringen, wo von der anderen Seite die Wanderung bzw. neuerdings die Treppen hinauf f\u00fchren<\/p>\n<p><a href='http:\/\/extra.inmontanis.info\/d\/72346-2\/DSC08673.jpg'><img src=http:\/\/extra.inmontanis.info\/d\/72345-3\/DSC08673.jpg \/><\/a><br \/>\n^ E10 \/ die zweite der beiden schmalen Br\u00fccken nach Reine (Ampelgesteuert)<\/p>\n<p><a href='http:\/\/extra.inmontanis.info\/d\/72350-2\/DSC08677_001.jpg'><img src=http:\/\/extra.inmontanis.info\/d\/72349-3\/DSC08677_001.jpg \/><\/a><br \/>\n^ Reine<\/p>\n<p><a href='http:\/\/extra.inmontanis.info\/d\/72354-2\/DSC08680.jpg'><img src=http:\/\/extra.inmontanis.info\/d\/72353-3\/DSC08680.jpg \/><\/a><br \/>\n^ Reine<\/p>\n<p>Man h\u00e4tte in der N\u00e4he der Treppe ja durchaus einige Parkpl\u00e4tze machen k\u00f6nnen (gibt anscheinend eine alte Stra\u00dfe oberhalb; Seitenstreifen, freie Fl\u00e4chen sp\u00e4ter links und rechts), hat man aber nicht. Der n\u00e4chste (l\u00e4ngere freie) ist ca. 1,2km entfernt, der n\u00e4heste an der Abzweigung nach Reine wohl um die 800m, da darf man aber nur 4h parken; offiziell soll man den kostenpflichtigen am Hafen in Reine verwenden, der aber dann wohl auch ca. so weit weg ist wie der danach. Der kleine, n\u00e4heste, an der Abzweigung, war dann aber auch voll, weil ich mittags zu viel Zeit mit Tankstelle (Hot Dog) und Parkplatz n\u00e4he Treppenstart vertan hatte.<\/p>\n<p><a href='http:\/\/extra.inmontanis.info\/d\/72358-2\/DSC08681.jpg'><img src=http:\/\/extra.inmontanis.info\/d\/72357-3\/DSC08681.jpg \/><\/a><br \/>\n^ Dort an der Kurve k\u00f6nnte man ja links wie rechts etliche Parkpl\u00e4tze f\u00fcr die Reinebringen-Wanderung machen.<\/p>\n<p><a href='http:\/\/extra.inmontanis.info\/d\/72362-2\/DSC08686.jpg'><img src=http:\/\/extra.inmontanis.info\/d\/72361-3\/DSC08686.jpg \/><\/a><br \/>\n^ Reinebringen mit den Treppen hinauf<\/p>\n<p><a href='http:\/\/extra.inmontanis.info\/d\/72366-2\/DSC08691.jpg'><img src=http:\/\/extra.inmontanis.info\/d\/72365-3\/DSC08691.jpg \/><\/a><br \/>\n^ <\/p>\n<p><a href='http:\/\/extra.inmontanis.info\/d\/72370-2\/DSC08694.jpg'><img src=http:\/\/extra.inmontanis.info\/d\/72369-3\/DSC08694.jpg \/><\/a><br \/>\n^ Reinebringen mit den Treppen hinauf<\/p>\n<p><a href='http:\/\/extra.inmontanis.info\/d\/72374-2\/DSC08695.jpg'><img src=http:\/\/extra.inmontanis.info\/d\/72373-3\/DSC08695.jpg \/><\/a><br \/>\n^ &#8230; schaut ja schon so aus, als w\u00fcrden die Treppen jetzt bis hinauf gehen. Man sah auch einige Leute rauf- und runtergehen<\/p>\n<p>Ich entschied mich, die Treppenbesteigung nicht zu machen, es waren mir zuviel Unsicherheitsfaktoren:<br \/>\na) wurden in den letzten Wochen die letzten Stufen installiert oder w\u00fcrde man kurz vorm Ziel umgekehren m\u00fcssen, weil dar\u00fcber zu rutschig? (Im Zoom-Foto sp\u00e4ter sah es schon aus, als w\u00fcrde die Treppe nun bis ins &#8220;Joch&#8221; gehen und auch ben\u00fctzt werden)<br \/>\nb) wie rutschig ist es auf den Treppenstufen insb. weiter oben nach den st\u00fcndlichen Schneef\u00e4llen?<br \/>\nc) kam eh schon wieder die n\u00e4chste Regenfront (diesmal abschnittsweise auch als Regen unten) und bis ich dort oben w\u00e4re, k\u00e4me vmtl. nochmal eine Front und dann mit Gl\u00fcck vielleicht Sonne. Lt. Regenradarvorhersage soll (12:30) in ca. 60-90min nochmal was kr\u00e4ftigeres kommen. <\/p>\n<p>Stattdessen fuhr ich bis zum Ende nach \u00c5, ging dort ein bisschen den Berg hinauf und als ich unten war, kam der n\u00e4chste Regenschauer. Die Steine waren nass und es gab etwas Schneematsch, war aber nicht rutschig mit den neuen Winterstiefelchen. K\u00f6nnte sich bis morgen \u00e4ndern, weil ja k\u00e4ltere Tmperaturen gemeldet werden.<\/p>\n<p><a href='http:\/\/extra.inmontanis.info\/d\/72378-2\/DSC08697.jpg'><img src=http:\/\/extra.inmontanis.info\/d\/72377-3\/DSC08697.jpg \/><\/a><br \/>\n^ <\/p>\n<p><a href='http:\/\/extra.inmontanis.info\/d\/72382-2\/DSC08698.jpg'><img src=http:\/\/extra.inmontanis.info\/d\/72381-3\/DSC08698.jpg \/><\/a><br \/>\n^ E10 weiter richtung \u00c5<\/p>\n<p><a href='http:\/\/extra.inmontanis.info\/d\/72386-2\/DSC08701_001.jpg'><img src=http:\/\/extra.inmontanis.info\/d\/72385-3\/DSC08701_001.jpg \/><\/a><br \/>\n^ E10 weiter richtung \u00c5<\/p>\n<p><a href='http:\/\/extra.inmontanis.info\/d\/72390-2\/DSC08703.jpg'><img src=http:\/\/extra.inmontanis.info\/d\/72389-3\/DSC08703.jpg \/><\/a><br \/>\n^ \u00c5<\/p>\n<p><a href='http:\/\/extra.inmontanis.info\/d\/72394-2\/DSC08704.jpg'><img src=http:\/\/extra.inmontanis.info\/d\/72393-3\/DSC08704.jpg \/><\/a><br \/>\n^ \u00c5<\/p>\n<p><a href='http:\/\/extra.inmontanis.info\/d\/72398-2\/DSC08706.jpg'><img src=http:\/\/extra.inmontanis.info\/d\/72397-3\/DSC08706.jpg \/><\/a><br \/>\n^ Ende der E10 am (kostenlosen) Parkplatz in \u00c5<\/p>\n<p><a href='http:\/\/extra.inmontanis.info\/d\/72402-2\/DSC08709_001.jpg'><img src=http:\/\/extra.inmontanis.info\/d\/72401-3\/DSC08709_001.jpg \/><\/a><br \/>\n^ .. bin ein bisschen hinaufgestiegen<\/p>\n<p><a href='http:\/\/extra.inmontanis.info\/d\/72406-2\/DSC08711.jpg'><img src=http:\/\/extra.inmontanis.info\/d\/72405-3\/DSC08711.jpg \/><\/a><br \/>\n^ \u00c5<\/p>\n<p><a href='http:\/\/extra.inmontanis.info\/d\/72410-2\/DSC08714.jpg'><img src=http:\/\/extra.inmontanis.info\/d\/72409-3\/DSC08714.jpg \/><\/a><br \/>\n^ <\/p>\n<p><a href='http:\/\/extra.inmontanis.info\/d\/72414-2\/DSC08716.jpg'><img src=http:\/\/extra.inmontanis.info\/d\/72413-3\/DSC08716.jpg \/><\/a><br \/>\n^ \u00c5<\/p>\n<p><a href='http:\/\/extra.inmontanis.info\/d\/72418-2\/DSC08719.jpg'><img src=http:\/\/extra.inmontanis.info\/d\/72417-3\/DSC08719.jpg \/><\/a><br \/>\n^ \u00c5<\/p>\n<p><a href='http:\/\/extra.inmontanis.info\/d\/72422-2\/DSC08723.jpg'><img src=http:\/\/extra.inmontanis.info\/d\/72421-3\/DSC08723.jpg \/><\/a><br \/>\n^ \u00c5<\/p>\n<p><a href='http:\/\/extra.inmontanis.info\/d\/72426-2\/DSC08724.jpg'><img src=http:\/\/extra.inmontanis.info\/d\/72425-3\/DSC08724.jpg \/><\/a><br \/>\n^ \u00c5<\/p>\n<p><a href='http:\/\/extra.inmontanis.info\/d\/72430-2\/DSC08725.jpg'><img src=http:\/\/extra.inmontanis.info\/d\/72429-3\/DSC08725.jpg \/><\/a><br \/>\n^ Bis hier hin bin ich raufgegangen.<\/p>\n<p><a href='http:\/\/extra.inmontanis.info\/d\/72434-2\/DSC08727.jpg'><img src=http:\/\/extra.inmontanis.info\/d\/72433-3\/DSC08727.jpg \/><\/a><br \/>\n^ .. wieder auf den R\u00fcckweg<\/p>\n<p>Den Regenradarvorhersagen nach d\u00fcrfte auch weiterhin im ca. Stundentakt ein Regenschauer kommen, morgen soll bedeckt sein und Mittwoch+Donnerstg ist dann mehr Regen+Schnee gemeldet. <\/p>\n<p>Als ich um 14:50 wieder an Reine vorbei kam, sah ich, dass der Reinebringen-Berg schon einen recht gro\u00dfen Schatten warf. Da die Sonne in ca. 2-2,5h untergehen w\u00fcrde, w\u00e4re es jetzt also eh nicht mehr so sch\u00f6n f\u00fcr Fotos dort oben gewesen, selbst wenn keine Regenschauer mehr vorbeiziehen w\u00fcrden. Raufgwandert sind heute naturlich trotzdem etliche. Verglichen mit Hochsaison oder gar Nicht-Cornona-Saison und jetzt auch noch so &#8220;einfach&#8221; mit Treppe, da kann man sich ausmalen, wie das in den n\u00e4chsten Sommern aussehen wird. Zumindest an Sch\u00f6nwettertagen. <\/p>\n<p><a href='http:\/\/extra.inmontanis.info\/d\/72438-2\/DSC08732.jpg'><img src=http:\/\/extra.inmontanis.info\/d\/72437-3\/DSC08732.jpg \/><\/a><br \/>\n^ Am Reinebringen w\u00fcrde auch wieder gerade die Sonne scheinen, aber die n\u00e4chste Front kommt schon<\/p>\n<p><a href='http:\/\/extra.inmontanis.info\/d\/72442-2\/DSC08733.jpg'><img src=http:\/\/extra.inmontanis.info\/d\/72441-3\/DSC08733.jpg \/><\/a><br \/>\n^ Reinebringen<\/p>\n<p><a href='http:\/\/extra.inmontanis.info\/d\/72446-2\/DSC08736_001.jpg'><img src=http:\/\/extra.inmontanis.info\/d\/72445-3\/DSC08736_001.jpg \/><\/a><br \/>\n^ Reinebringen<\/p>\n<p><a href='http:\/\/extra.inmontanis.info\/d\/72450-2\/DSC08738.jpg'><img src=http:\/\/extra.inmontanis.info\/d\/72449-3\/DSC08738.jpg \/><\/a><br \/>\n^ Der Reinebringen schattet Reine bereits ab<\/p>\n<p><a href='http:\/\/extra.inmontanis.info\/d\/72454-2\/DSC08743.jpg'><img src=http:\/\/extra.inmontanis.info\/d\/72453-3\/DSC08743.jpg \/><\/a><br \/>\n^ Auf einer der schmalen Br\u00fccken<\/p>\n<p><a href='http:\/\/extra.inmontanis.info\/d\/72458-2\/DSC08747.jpg'><img src=http:\/\/extra.inmontanis.info\/d\/72457-3\/DSC08747.jpg \/><\/a><br \/>\n^ <\/p>\n<p><a href='http:\/\/extra.inmontanis.info\/d\/72462-2\/DSC08750.jpg'><img src=http:\/\/extra.inmontanis.info\/d\/72461-3\/DSC08750.jpg \/><\/a><br \/>\n^ <\/p>\n<p><a href='http:\/\/extra.inmontanis.info\/d\/72466-2\/DSC08751.jpg'><img src=http:\/\/extra.inmontanis.info\/d\/72465-3\/DSC08751.jpg \/><\/a><br \/>\n^ <\/p>\n<p>Mangels besserer (=ruhigerer) Alternativen, nahm ich wieder den selben Nachtplatz wie gestern, in der Hoffnung, dass die Stra\u00dfe raus morgen fr\u00fch nicht zu glatt werden w\u00fcrde.<\/p>\n<p><a href='http:\/\/extra.inmontanis.info\/d\/72470-2\/DSC08753.jpg'><img src=http:\/\/extra.inmontanis.info\/d\/72469-3\/DSC08753.jpg \/><\/a><br \/>\n^ Wieder da, wo ich heute fr\u00fch losgefahren bin.<\/p>\n<p>Heute statt Kartoffeln mal etwas Pesto Genovese in die sonst wie zuletzt idente \u00c4lplermaccaroni-Sauce und leider zu viel Sahne noch gehabt (bzw. zu wenig Nudeln erwischt) &#8211; wurde quasi eine 4-K\u00e4se-Sahne-Apfel-Aufgeweichter\u00f6stzwiebel-Pesto-Genovese-Nudelsauce (4 K\u00e4se: Cheddar, Ridder, Brunost und im P.G. ist Parmesan drin.). Auch sehr lecker (oder eigentlich leckerer als die Sauce der letzten Tage)! <\/p>\n<p><a href='http:\/\/extra.inmontanis.info\/d\/72474-2\/DSC08756.jpg'><img src=http:\/\/extra.inmontanis.info\/d\/72473-3\/DSC08756.jpg \/><\/a><\/p>\n<p>So, die Sahne ist jetzt weg und ich kann mal wieder was anderes essen. Morgen l\u00e4ge ein Pizzabakeren auf dem Weg &#8230; <\/p>\n","protected":false},"excerpt":{"rendered":"<p>18.10.2021<\/p>\n<p>Die Nacht verlief recht windig und regnerisch, morgens um 7 Uhr ist&#8217;s mittlerweile noch dunkel &#8211; w\u00e4re mal Zeit f\u00fcr die Winterzeit..<\/p>\n<p>Auf dem Weg zum n\u00e4chsten Rastplatz weiter s\u00fcdlich gab es erst leichten Schneefall, Schneematsch und dann eine beinahe durchg\u00e4ngige, d\u00fcnne Schneedecke auf der Stra\u00dfe. (Und das WC war auch zu ..)<\/p>\n<p> <a href=\"http:\/\/blog.inmontanis.info\/?p=7207\">[&#8230;]<\/a><\/p>\n","protected":false},"author":1,"featured_media":7209,"comment_status":"closed","ping_status":"closed","sticky":false,"template":"","format":"standard","meta":{"footnotes":""},"categories":[185,601,18],"tags":[37,45],"class_list":["post-7207","post","type-post","status-publish","format-standard","has-post-thumbnail","hentry","category-2021-08-skandinavien","category-lofoten","category-norwegennorway","tag-meer","tag-see","odd"],"_links":{"self":[{"href":"http:\/\/blog.inmontanis.info\/index.php?rest_route=\/wp\/v2\/posts\/7207","targetHints":{"allow":["GET"]}}],"collection":[{"href":"http:\/\/blog.inmontanis.info\/index.php?rest_route=\/wp\/v2\/posts"}],"about":[{"href":"http:\/\/blog.inmontanis.info\/index.php?rest_route=\/wp\/v2\/types\/post"}],"author":[{"embeddable":true,"href":"http:\/\/blog.inmontanis.info\/index.php?rest_route=\/wp\/v2\/users\/1"}],"replies":[{"embeddable":true,"href":"http:\/\/blog.inmontanis.info\/index.php?rest_route=%2Fwp%2Fv2%2Fcomments&post=7207"}],"version-history":[{"count":2,"href":"http:\/\/blog.inmontanis.info\/index.php?rest_route=\/wp\/v2\/posts\/7207\/revisions"}],"predecessor-version":[{"id":7210,"href":"http:\/\/blog.inmontanis.info\/index.php?rest_route=\/wp\/v2\/posts\/7207\/revisions\/7210"}],"wp:featuredmedia":[{"embeddable":true,"href":"http:\/\/blog.inmontanis.info\/index.php?rest_route=\/wp\/v2\/media\/7209"}],"wp:attachment":[{"href":"http:\/\/blog.inmontanis.info\/index.php?rest_route=%2Fwp%2Fv2%2Fmedia&parent=7207"}],"wp:term":[{"taxonomy":"category","embeddable":true,"href":"http:\/\/blog.inmontanis.info\/index.php?rest_route=%2Fwp%2Fv2%2Fcategories&post=7207"},{"taxonomy":"post_tag","embeddable":true,"href":"http:\/\/blog.inmontanis.info\/index.php?rest_route=%2Fwp%2Fv2%2Ftags&post=7207"}],"curies":[{"name":"wp","href":"https:\/\/api.w.org\/{rel}","templated":true}]}}