{"id":7200,"date":"2021-10-17T19:21:50","date_gmt":"2021-10-17T17:21:50","guid":{"rendered":"http:\/\/blog.inmontanis.info\/?p=7200"},"modified":"2023-08-04T21:03:55","modified_gmt":"2023-08-04T19:03:55","slug":"offersoykammen-17-10-2021","status":"publish","type":"post","link":"http:\/\/blog.inmontanis.info\/?p=7200","title":{"rendered":"Offers\u00f8ykammen, 17.10.2021"},"content":{"rendered":"<p><strong>So, 17.10.2021<\/strong><\/p>\n<p>Heute wieder regnerischer und ich hab keinen Plan, was ich auf den Lofoten noch machen\/besuchen\/wandern und wie lang ich bleiben will. Die Wettervorhersagen melden f\u00fcr n\u00e4chste Woche genauso wenig Sonne wie f\u00fcr diese Woche, nur morgen evtl. ein bisschen mehr&#8230;<\/p>\n<p>In der Hochsaison werden die Lofoten von Campern und anderen Touristen \u00fcberschwemmt, so dass hier viele Parkpl\u00e4tze zum N\u00e4chtigen nicht mehr zugelassen sind oder selbst manche Wanderparkpl\u00e4tze und Toiletten was kosten. Klar findet man auch noch genug anderes, muss sich halt ggf. mit weniger Aussicht begn\u00fcgen.<\/p>\n<p>Die einst als recht schwierig angegebene Reinebringen-Wanderung im S\u00fcden der Lofoten soll nun eine leichte Steintreppenwanderung sein (2016-2019 gebaut, naja 440hm muss man trotzdem rauf, ca. 1600 Stufen, aber kein Parkplatz in der direkten N\u00e4he, so dass man wohl noch 1-2km zu der Treppe gehen muss, evtl. fehlen auch noch die letzten 50hm oder 150 Stufen, war aber die letzten Wochen gesperrt, da wohl irgendwelche Treppen erneuert oder erg\u00e4nzt wurden, seit gestern ist die Wanderung wieder offen. Zwar hab ich aufgrund des mittlerweile recht tief gehenden Schnees so meine Zweifel, dass ich da die Woche raufkommen kann, aber wenn, dann wohl eher morgen Nachmittag, weil ein bisschen Sonne gemeldet wird.<\/p>\n<p>Nachdem ich einige km durch st\u00e4rkeren Regen gefahren bin, zweigte ich um 10:50 zu einem Rastplatz ab, wo, auf ca. 50m \u00fcdM., die Zufahrt und der dortige Parkplatz mit einer leichten Eisschicht \u00fcberzogen war &#8211; und etwas Schnee daneben. Wie soll ich da morgen auf Treppen zu einen 450m hohen Berg kommen?!<\/p>\n<p>Mal die neuen, g\u00fcnstigen Winterstiefelchen, die ich in Kirkenes gekauft hatte, getestet: die sind auf dem leicht eisigen Boden hier am Parkplatz tats\u00e4chlich etwas rutschfester, dank ihrer gezackten Sohle. Weiter zum Aussichtspunkt getestet &#8211; an dem einen nassen nicht eisigen Stein: scheint auch gut zu halten und nebendran bei Schnee und leichtem Eis wesentlich rutschfester (hatte 2 verschiedene Schuhe an zum Testen f\u00fcr die paar Schritte). <\/p>\n<p><a href='http:\/\/extra.inmontanis.info\/d\/72194-2\/DSC08517.jpg'><img src=http:\/\/extra.inmontanis.info\/d\/72193-3\/DSC08517.jpg \/><\/a><br \/>\n^ Bisschen Schnee und glatt an diesem Rastplatz<\/p>\n<p>Sp\u00e4ter hatte es auch auf unter 10hm noch Schneereste neben und etwas Schneematsch auf der Stra\u00dfe. Mittlerweile wird auch fur morgen eher Schnee+Regen gemeldet &#8230; h\u00e4tte der erste Wintereinbruch nicht eine Woche sp\u00e4ter kommen k\u00f6nnen?!<\/p>\n<p><a href='http:\/\/extra.inmontanis.info\/d\/72198-2\/DSC08529.jpg'><img src=http:\/\/extra.inmontanis.info\/d\/72197-3\/DSC08529.jpg \/><\/a><br \/>\n^ <\/p>\n<p><a href='http:\/\/extra.inmontanis.info\/d\/72202-2\/DSC08531.jpg'><img src=http:\/\/extra.inmontanis.info\/d\/72201-3\/DSC08531.jpg \/><\/a><br \/>\n^ Ausblick an einem weitereren Rastplatz an der !0 (Offers\u00f8ykammen)<\/p>\n<p><a href='http:\/\/extra.inmontanis.info\/d\/72206-2\/DSC08532.jpg'><img src=http:\/\/extra.inmontanis.info\/d\/72205-3\/DSC08532.jpg \/><\/a><br \/>\n^ Lofotruna, ebendort. Dar\u00fcber der Fels, den ich sp\u00e4ter &#8211; von einem anderen Startplatz aus &#8211; erklommen habe.<\/p>\n<p>Wanderung war dann doch ganz nett, auch ohne auf den gr\u00f6\u00dferen Gipfel zu gehn, wenn auch nass und matschig und 1 Regenschuer, wo ich mich aber direkt am Strommasten etwas sch\u00fctzen konnte.<\/p>\n<p><a href='http:\/\/extra.inmontanis.info\/d\/72210-2\/DSC08541.jpg'><img src=http:\/\/extra.inmontanis.info\/d\/72209-3\/DSC08541.jpg \/><\/a><br \/>\n^ Wanderweg Offers\u00f8ykammen<\/p>\n<p><a href='http:\/\/extra.inmontanis.info\/d\/72214-2\/DSC08544_001.jpg'><img src=http:\/\/extra.inmontanis.info\/d\/72213-3\/DSC08544_001.jpg \/><\/a><br \/>\n^ .. allerdings wollte ich nicht bis zum Gipfel dort steigen.<\/p>\n<p><a href='http:\/\/extra.inmontanis.info\/d\/72218-2\/DSC08550_001.jpg'><img src=http:\/\/extra.inmontanis.info\/d\/72217-3\/DSC08550_001.jpg \/><\/a><br \/>\n^ Komische Dinger<\/p>\n<p><a href='http:\/\/extra.inmontanis.info\/d\/72222-2\/DSC08551_001.jpg'><img src=http:\/\/extra.inmontanis.info\/d\/72221-3\/DSC08551_001.jpg \/><\/a><br \/>\n^ Es g\u00e4be mehrere Pfade, leider verpasste ich wohl sp\u00e4ter den Grat-Weg, war etwas unterhalb, was ziemlich bl\u00f6d war, und bin dann zum unteren gegangen<\/p>\n<p><a href='http:\/\/extra.inmontanis.info\/d\/72226-2\/DSC08553.jpg'><img src=http:\/\/extra.inmontanis.info\/d\/72225-3\/DSC08553.jpg \/><\/a><br \/>\n^ Das Meer zwischen den Inseln<\/p>\n<p><a href='http:\/\/extra.inmontanis.info\/d\/72230-2\/DSC08554.jpg'><img src=http:\/\/extra.inmontanis.info\/d\/72229-3\/DSC08554.jpg \/><\/a><br \/>\n^ <\/p>\n<p><a href='http:\/\/extra.inmontanis.info\/d\/72234-2\/DSC08555.jpg'><img src=http:\/\/extra.inmontanis.info\/d\/72233-3\/DSC08555.jpg \/><\/a><br \/>\n^ <\/p>\n<p><a href='http:\/\/extra.inmontanis.info\/d\/72238-2\/DSC08556.jpg'><img src=http:\/\/extra.inmontanis.info\/d\/72237-3\/DSC08556.jpg \/><\/a><br \/>\n^ <\/p>\n<p><a href='http:\/\/extra.inmontanis.info\/d\/72242-2\/DSC08561.jpg'><img src=http:\/\/extra.inmontanis.info\/d\/72241-3\/DSC08561.jpg \/><\/a><br \/>\n^ <\/p>\n<p><a href='http:\/\/extra.inmontanis.info\/d\/72246-2\/DSC08562.jpg'><img src=http:\/\/extra.inmontanis.info\/d\/72245-3\/DSC08562.jpg \/><\/a><br \/>\n^ <\/p>\n<p><a href='http:\/\/extra.inmontanis.info\/d\/72250-2\/DSC08563.jpg'><img src=http:\/\/extra.inmontanis.info\/d\/72249-3\/DSC08563.jpg \/><\/a><br \/>\n^ <\/p>\n<p><a href='http:\/\/extra.inmontanis.info\/d\/72254-2\/DSC08567.jpg'><img src=http:\/\/extra.inmontanis.info\/d\/72253-3\/DSC08567.jpg \/><\/a><br \/>\n^ <\/p>\n<p><a href='http:\/\/extra.inmontanis.info\/d\/72258-2\/DSC08569.jpg'><img src=http:\/\/extra.inmontanis.info\/d\/72257-3\/DSC08569.jpg \/><\/a><br \/>\n^ <\/p>\n<p><a href='http:\/\/extra.inmontanis.info\/d\/72262-2\/DSC08574.jpg'><img src=http:\/\/extra.inmontanis.info\/d\/72261-3\/DSC08574.jpg \/><\/a><br \/>\n^ <\/p>\n<p><a href='http:\/\/extra.inmontanis.info\/d\/72266-2\/DSC08575.jpg'><img src=http:\/\/extra.inmontanis.info\/d\/72265-3\/DSC08575.jpg \/><\/a><br \/>\n^ <\/p>\n<p><a href='http:\/\/extra.inmontanis.info\/d\/72270-2\/DSC08576.jpg'><img src=http:\/\/extra.inmontanis.info\/d\/72269-3\/DSC08576.jpg \/><\/a><br \/>\n^ Hier war dann mein Ziel<\/p>\n<p><a href='http:\/\/extra.inmontanis.info\/d\/72274-2\/DSC08577.jpg'><img src=http:\/\/extra.inmontanis.info\/d\/72273-3\/DSC08577.jpg \/><\/a><br \/>\n^ Meerblick<\/p>\n<p><a href='http:\/\/extra.inmontanis.info\/d\/72278-2\/DSC08582.jpg'><img src=http:\/\/extra.inmontanis.info\/d\/72277-3\/DSC08582.jpg \/><\/a><br \/>\n^ <\/p>\n<p><a href='http:\/\/extra.inmontanis.info\/d\/72282-2\/DSC08584.jpg'><img src=http:\/\/extra.inmontanis.info\/d\/72281-3\/DSC08584.jpg \/><\/a><br \/>\n^ <\/p>\n<p><a href='http:\/\/extra.inmontanis.info\/d\/72286-2\/DSC08585.jpg'><img src=http:\/\/extra.inmontanis.info\/d\/72285-3\/DSC08585.jpg \/><\/a><br \/>\n^ <\/p>\n<p><a href='http:\/\/extra.inmontanis.info\/d\/72290-2\/20211017.jpg'><img src=http:\/\/extra.inmontanis.info\/d\/72289-3\/20211017.jpg \/><\/a><br \/>\n^ Wanderung, 3,7km, ca. 175hm, 1:50h<\/p>\n<p><a href='http:\/\/extra.inmontanis.info\/d\/72294-2\/DSC08591.jpg'><img src=http:\/\/extra.inmontanis.info\/d\/72293-3\/DSC08591.jpg \/><\/a><br \/>\n^ Skigebiet Napp (nur ein Seillift)<\/p>\n<p><a href='http:\/\/extra.inmontanis.info\/d\/72298-2\/DSC08598.jpg'><img src=http:\/\/extra.inmontanis.info\/d\/72297-3\/DSC08598.jpg \/><\/a><br \/>\n^ <\/p>\n<p><a href='http:\/\/extra.inmontanis.info\/d\/72302-2\/DSC08608.jpg'><img src=http:\/\/extra.inmontanis.info\/d\/72301-3\/DSC08608.jpg \/><\/a><br \/>\n^ <\/p>\n<p><a href='http:\/\/extra.inmontanis.info\/d\/72306-2\/DSC08612.jpg'><img src=http:\/\/extra.inmontanis.info\/d\/72305-3\/DSC08612.jpg \/><\/a><br \/>\n^ Nachplatz mit Blick zur E10<\/p>\n<p>Die Nacht soll >0\u00b0 verlaufen und morgen ein Mix aus Sonne, Wolken und etwas Regen oder Schneeregen, zum Abend hin dann Minustemperaturen und die folgenden Tage im Minusbereich bleibend &#8211; wenn ich die Treppe also gehen will, muss ich sie morgen nach Mittag gehen. <\/p>\n<p>Keine Ahnung, ob das da schon l\u00e4nger steht, aber ich hab jetzt auf einer offiziellen norwegischen Website gelesen, dass man ohne Test&#038;Registrierung nach Norwegen kann, wenn man die letzten 10 Tage in einem gr\u00fcnen\/orangenen Land war. D.h. es geht anscheinend nun nicht mehr nach Wohnsitzland und das bleibt dann hoffentlich auch im Winter so, wenn ich von Schweden oder Finnland dann wieder nach Norwegen will. Damit sollten dann ja auch k\u00fcrzere Ausfl\u00fcge m\u00f6glich sein, wenn man zuvor in Norwegen war, wo dann ja vermutlich kein Farbstatus z\u00e4hlen wird.<\/p>\n<p>&#8220;You are exempt from travel quarantine, registering your entry as well as testing upon arrival if you arrive from a green and orange country or regions and have spent the last 10 days there prior to arrival to Norway. &#8221;<\/p>\n<p>Nice. Au\u00dfer Schweden\/Finnland sind dann den ganzen Winter \u00fcber rot&#8230; Nordschweden ist mittlerweile bzw. demn\u00e4chst wieder rot.<\/p>\n<p>K\u00e5bdalis in Schweden mit seiner alten Poma-3SB h\u00e4tte sogar doch jeden Tag aktuell offen. Allerdings am WE die halbe Piste f\u00fcr Training gesperrt und unter der Woche wohl noch mehr. Und: Der Skipass kostet jetzt in der Vorsaison mehr als sp\u00e4ter \u00fcber Weihnachten (ca. 40,- \u20ac vs. 34,- \u20ac) und es gibt jetzt anscheinend nur Tagesp\u00e4sse und keine Stundenkarten. Das ist ja mal komplett bescheuert. Selbst die Saisonkarte gilt nur von Dezember bis Mai. H\u00e4tte mir ja vorstellen k\u00f6nnen, da 2 Wochen zu bleiben und halt jeden Nachmittag 1-2h Ski zu fahren oder so, aber nat\u00fcrlich nicht, wenn ich mir dann jeden Tag eine Tageskarte um 40,- \u20ac kaufen muss. Und einen ganzen Tag will ich an der einen Abfahrt an der 3SB auch nicht verbringen.<\/p>\n<p><a href='http:\/\/extra.inmontanis.info\/d\/72310-2\/DSC08618.jpg'><img src=http:\/\/extra.inmontanis.info\/d\/72309-3\/DSC08618.jpg \/><\/a><br \/>\n^ Da die Blickrichtung recht s\u00fcdlich war, waren die Nordlichter schlechter zu sehen. Daf\u00fcr erhellte der nach wie vor versteckte Mond die Landschaft (20:14, 2.5s)<\/p>\n<p><a href='http:\/\/extra.inmontanis.info\/d\/72170-2\/DSC08622.jpg'><img src=http:\/\/extra.inmontanis.info\/d\/72169-3\/DSC08622.jpg \/><\/a><br \/>\n^ 20:48 (2s)<\/p>\n<p><a href='http:\/\/extra.inmontanis.info\/d\/72174-2\/DSC08624.jpg'><img src=http:\/\/extra.inmontanis.info\/d\/72173-3\/DSC08624.jpg \/><\/a><br \/>\n^ 20:49 (4s)<\/p>\n<p><a href='http:\/\/extra.inmontanis.info\/d\/72178-2\/DSC08631.jpg'><img src=http:\/\/extra.inmontanis.info\/d\/72177-3\/DSC08631.jpg \/><\/a><br \/>\n^ 20:53 (4s)<\/p>\n<p><a href='http:\/\/extra.inmontanis.info\/d\/72182-2\/DSC08635.jpg'><img src=http:\/\/extra.inmontanis.info\/d\/72181-3\/DSC08635.jpg \/><\/a><br \/>\n^ 21:00 (4s)<\/p>\n<p><a href='http:\/\/extra.inmontanis.info\/d\/72186-2\/DSC08636.jpg'><img src=http:\/\/extra.inmontanis.info\/d\/72185-3\/DSC08636.jpg \/><\/a><br \/>\n^ 21:01 (10s)<\/p>\n<p><a href='http:\/\/extra.inmontanis.info\/d\/72190-2\/DSC08637.jpg'><img src=http:\/\/extra.inmontanis.info\/d\/72189-3\/DSC08637.jpg \/><\/a><br \/>\n^ 21:09 (5s)<\/p>\n","protected":false},"excerpt":{"rendered":"<p>So, 17.10.2021<\/p>\n<p>Heute wieder regnerischer und ich hab keinen Plan, was ich auf den Lofoten noch machen\/besuchen\/wandern und wie lang ich bleiben will. Die Wettervorhersagen melden f\u00fcr n\u00e4chste Woche genauso wenig Sonne wie f\u00fcr diese Woche, nur morgen evtl. ein bisschen mehr&#8230;<\/p>\n<p>In der Hochsaison werden die Lofoten von Campern und anderen Touristen \u00fcberschwemmt, so <a href=\"http:\/\/blog.inmontanis.info\/?p=7200\">[&#8230;]<\/a><\/p>\n","protected":false},"author":1,"featured_media":7204,"comment_status":"closed","ping_status":"closed","sticky":false,"template":"","format":"standard","meta":{"footnotes":""},"categories":[601,18,30],"tags":[100,37,96,45],"class_list":["post-7200","post","type-post","status-publish","format-standard","has-post-thumbnail","hentry","category-lofoten","category-norwegennorway","category-wandern","tag-langzeitbelichtung","tag-meer","tag-polarlicht","tag-see","odd"],"_links":{"self":[{"href":"http:\/\/blog.inmontanis.info\/index.php?rest_route=\/wp\/v2\/posts\/7200","targetHints":{"allow":["GET"]}}],"collection":[{"href":"http:\/\/blog.inmontanis.info\/index.php?rest_route=\/wp\/v2\/posts"}],"about":[{"href":"http:\/\/blog.inmontanis.info\/index.php?rest_route=\/wp\/v2\/types\/post"}],"author":[{"embeddable":true,"href":"http:\/\/blog.inmontanis.info\/index.php?rest_route=\/wp\/v2\/users\/1"}],"replies":[{"embeddable":true,"href":"http:\/\/blog.inmontanis.info\/index.php?rest_route=%2Fwp%2Fv2%2Fcomments&post=7200"}],"version-history":[{"count":5,"href":"http:\/\/blog.inmontanis.info\/index.php?rest_route=\/wp\/v2\/posts\/7200\/revisions"}],"predecessor-version":[{"id":7206,"href":"http:\/\/blog.inmontanis.info\/index.php?rest_route=\/wp\/v2\/posts\/7200\/revisions\/7206"}],"wp:featuredmedia":[{"embeddable":true,"href":"http:\/\/blog.inmontanis.info\/index.php?rest_route=\/wp\/v2\/media\/7204"}],"wp:attachment":[{"href":"http:\/\/blog.inmontanis.info\/index.php?rest_route=%2Fwp%2Fv2%2Fmedia&parent=7200"}],"wp:term":[{"taxonomy":"category","embeddable":true,"href":"http:\/\/blog.inmontanis.info\/index.php?rest_route=%2Fwp%2Fv2%2Fcategories&post=7200"},{"taxonomy":"post_tag","embeddable":true,"href":"http:\/\/blog.inmontanis.info\/index.php?rest_route=%2Fwp%2Fv2%2Ftags&post=7200"}],"curies":[{"name":"wp","href":"https:\/\/api.w.org\/{rel}","templated":true}]}}