{"id":7196,"date":"2021-10-16T17:54:19","date_gmt":"2021-10-16T15:54:19","guid":{"rendered":"http:\/\/blog.inmontanis.info\/?p=7196"},"modified":"2023-08-04T21:04:03","modified_gmt":"2023-08-04T19:04:03","slug":"tjeldbergtinden-svolvaer-lofoten-16-10-2021","status":"publish","type":"post","link":"http:\/\/blog.inmontanis.info\/?p=7196","title":{"rendered":"Tjeldbergtinden \/ Svolv\u00e6r \/ Lofoten, 16.10.2021"},"content":{"rendered":"<p><strong>16.10.2021<\/strong><\/p>\n<p>Zwar knapp \u00fcber 0\u00b0 am Morgen, aber auf den Stra\u00dfen gab es eine leichte Eisschicht, auch noch um 9 Uhr. Ob ich da die Tage zu vielen Wanderungen komme? Naja, Gipfel sind auf den Lofoten ja eh zu hoch f\u00fcr mich und schon schneebedeckt. Die f\u00fcr heute angesetzte, nordseitige Wanderung lie\u00df ich daher aus und fuhr noch bis nach Svolv\u00e6r, wo ich eine kleinere Wanderung anging.<\/p>\n<p>Samstag, Sonne, Stadtn\u00e4he = ziemlich voll gewesen auf der Wanderung.<\/p>\n<p><a href='http:\/\/extra.inmontanis.info\/d\/71946-2\/DSC08329.jpg'><img src=http:\/\/extra.inmontanis.info\/d\/71945-3\/DSC08329.jpg \/><\/a><br \/>\n^ E10 richtung Fiskeb\u00f8l<\/p>\n<p><a href='http:\/\/extra.inmontanis.info\/d\/71950-2\/DSC08336.jpg'><img src=http:\/\/extra.inmontanis.info\/d\/71949-3\/DSC08336.jpg \/><\/a><br \/>\n^ E10 richtung Fiskeb\u00f8l<\/p>\n<p><a href='http:\/\/extra.inmontanis.info\/d\/71954-2\/DSC08341.jpg'><img src=http:\/\/extra.inmontanis.info\/d\/71953-3\/DSC08341.jpg \/><\/a><br \/>\n^ N\u00e4he Fiskeb\u00f8l, anscheinend schon erste Vereisungen an den Fjordenden und Seen<\/p>\n<p><a href='http:\/\/extra.inmontanis.info\/d\/71958-2\/DSC08345.jpg'><img src=http:\/\/extra.inmontanis.info\/d\/71957-3\/DSC08345.jpg \/><\/a><br \/>\n^ E10 Fiskeb\u00f8l-Austnesfjorden<\/p>\n<p><a href='http:\/\/extra.inmontanis.info\/d\/71962-2\/DSC08346.jpg'><img src=http:\/\/extra.inmontanis.info\/d\/71961-3\/DSC08346.jpg \/><\/a><br \/>\n^ E10 Fiskeb\u00f8l-Austnesfjorden<\/p>\n<p><a href='http:\/\/extra.inmontanis.info\/d\/71966-2\/DSC08353.jpg'><img src=http:\/\/extra.inmontanis.info\/d\/71965-3\/DSC08353.jpg \/><\/a><br \/>\n^ Austnesfjorden<\/p>\n<p><a href='http:\/\/extra.inmontanis.info\/d\/71970-2\/DSC08356.jpg'><img src=http:\/\/extra.inmontanis.info\/d\/71969-3\/DSC08356.jpg \/><\/a><br \/>\n^ Austnesfjorden<\/p>\n<p><a href='http:\/\/extra.inmontanis.info\/d\/71974-2\/DSC08360.jpg'><img src=http:\/\/extra.inmontanis.info\/d\/71973-3\/DSC08360.jpg \/><\/a><br \/>\n^ Austnesfjorden<\/p>\n<p><a href='http:\/\/extra.inmontanis.info\/d\/71978-2\/DSC08364.jpg'><img src=http:\/\/extra.inmontanis.info\/d\/71977-3\/DSC08364.jpg \/><\/a><br \/>\n^ Austnesfjorden<\/p>\n<p><a href='http:\/\/extra.inmontanis.info\/d\/71982-2\/DSC08367.jpg'><img src=http:\/\/extra.inmontanis.info\/d\/71981-3\/DSC08367.jpg \/><\/a><br \/>\n^ Austnesfjorden<\/p>\n<p><a href='http:\/\/extra.inmontanis.info\/d\/71986-2\/DSC08370.jpg'><img src=http:\/\/extra.inmontanis.info\/d\/71985-3\/DSC08370.jpg \/><\/a><br \/>\n^ Svolv\u00e6r, die Wanderung f\u00fchrte mich auf den Doppelgipfel in Bildmitte (Tjeldbergtinden, auf den rechten)<\/p>\n<p><a href='http:\/\/extra.inmontanis.info\/d\/71990-2\/DSC08375.jpg'><img src=http:\/\/extra.inmontanis.info\/d\/71989-3\/DSC08375.jpg \/><\/a><br \/>\n^ Tjeldbergtinden-Wanderung<\/p>\n<p><a href='http:\/\/extra.inmontanis.info\/d\/71994-2\/DSC08382.jpg'><img src=http:\/\/extra.inmontanis.info\/d\/71993-3\/DSC08382.jpg \/><\/a><br \/>\n^ <\/p>\n<p><a href='http:\/\/extra.inmontanis.info\/d\/71998-2\/DSC08386.jpg'><img src=http:\/\/extra.inmontanis.info\/d\/71997-3\/DSC08386.jpg \/><\/a><br \/>\n^ Die Wanderung ist ziemlich steil<\/p>\n<p><a href='http:\/\/extra.inmontanis.info\/d\/72002-2\/DSC08388.jpg'><img src=http:\/\/extra.inmontanis.info\/d\/72001-3\/DSC08388.jpg \/><\/a><br \/>\n^ Svolv\u00e6r<\/p>\n<p><a href='http:\/\/extra.inmontanis.info\/d\/72006-2\/DSC08390.jpg'><img src=http:\/\/extra.inmontanis.info\/d\/72005-3\/DSC08390.jpg \/><\/a><br \/>\n^ Etliche Wegvarianten, welche ist besser, welche schlechter<\/p>\n<p><a href='http:\/\/extra.inmontanis.info\/d\/72010-2\/DSC08396.jpg'><img src=http:\/\/extra.inmontanis.info\/d\/72009-3\/DSC08396.jpg \/><\/a><br \/>\n^ Svolv\u00e6r<\/p>\n<p><a href='http:\/\/extra.inmontanis.info\/d\/72014-2\/DSC08398.jpg'><img src=http:\/\/extra.inmontanis.info\/d\/72013-3\/DSC08398.jpg \/><\/a><br \/>\n^ <\/p>\n<p><a href='http:\/\/extra.inmontanis.info\/d\/72018-2\/DSC08399.jpg'><img src=http:\/\/extra.inmontanis.info\/d\/72017-3\/DSC08399.jpg \/><\/a><br \/>\n^ <\/p>\n<p><a href='http:\/\/extra.inmontanis.info\/d\/72022-2\/DSC08400.jpg'><img src=http:\/\/extra.inmontanis.info\/d\/72021-3\/DSC08400.jpg \/><\/a><br \/>\n^ Weiterer Aufstieg<\/p>\n<p><a href='http:\/\/extra.inmontanis.info\/d\/72026-2\/DSC08401_001.jpg'><img src=http:\/\/extra.inmontanis.info\/d\/72025-3\/DSC08401_001.jpg \/><\/a><br \/>\n^ Vorderer Gipfel, gut, dass ich nicht da erst hin bin &#8230;<\/p>\n<p><a href='http:\/\/extra.inmontanis.info\/d\/72030-2\/DSC08406.jpg'><img src=http:\/\/extra.inmontanis.info\/d\/72029-3\/DSC08406.jpg \/><\/a><br \/>\n^ .. stattdessen auf zum Gipfel. Dort gab es dann einen direkten Weg auf der rechten Seite oder einen evtl. etwas leichteren links rum &#8211; ich nahm vorsichtshalber mal den links herum<\/p>\n<p><a href='http:\/\/extra.inmontanis.info\/d\/72034-2\/DSC08412.jpg'><img src=http:\/\/extra.inmontanis.info\/d\/72033-3\/DSC08412.jpg \/><\/a><br \/>\n^ <\/p>\n<p><a href='http:\/\/extra.inmontanis.info\/d\/72038-2\/DSC08413.jpg'><img src=http:\/\/extra.inmontanis.info\/d\/72037-3\/DSC08413.jpg \/><\/a><br \/>\n^ .. steil wars hier n\u00e4mlich auch<\/p>\n<p><a href='http:\/\/extra.inmontanis.info\/d\/72042-2\/DSC08414.jpg'><img src=http:\/\/extra.inmontanis.info\/d\/72041-3\/DSC08414.jpg \/><\/a><br \/>\n^ Meerpano<\/p>\n<p><a href='http:\/\/extra.inmontanis.info\/d\/72046-2\/DSC08415.jpg'><img src=http:\/\/extra.inmontanis.info\/d\/72045-3\/DSC08415.jpg \/><\/a><br \/>\n^ <\/p>\n<p><a href='http:\/\/extra.inmontanis.info\/d\/72050-2\/DSC08416.jpg'><img src=http:\/\/extra.inmontanis.info\/d\/72049-3\/DSC08416.jpg \/><\/a><br \/>\n^ Svolv\u00e6r<\/p>\n<p><a href='http:\/\/extra.inmontanis.info\/d\/72054-2\/DSC08417.jpg'><img src=http:\/\/extra.inmontanis.info\/d\/72053-3\/DSC08417.jpg \/><\/a><br \/>\n^ Vordere Wegvariante. Sah oben auch noch OK aus, aber da ich nicht wusste, wie steil es etwas weiter unten ist, nahm ich halt den vorherigen Weg wieder runter<\/p>\n<p><a href='http:\/\/extra.inmontanis.info\/d\/72058-2\/DSC08418.jpg'><img src=http:\/\/extra.inmontanis.info\/d\/72057-3\/DSC08418.jpg \/><\/a><br \/>\n^ Meerpano<\/p>\n<p><a href='http:\/\/extra.inmontanis.info\/d\/72062-2\/DSC08423.jpg'><img src=http:\/\/extra.inmontanis.info\/d\/72061-3\/DSC08423.jpg \/><\/a><br \/>\n^ <\/p>\n<p><a href='http:\/\/extra.inmontanis.info\/d\/72066-2\/DSC08424.jpg'><img src=http:\/\/extra.inmontanis.info\/d\/72065-3\/DSC08424.jpg \/><\/a><br \/>\n^ 12:00 Uhr<\/p>\n<p><a href='http:\/\/extra.inmontanis.info\/d\/72070-2\/DSC08429.jpg'><img src=http:\/\/extra.inmontanis.info\/d\/72069-3\/DSC08429.jpg \/><\/a><br \/>\n^ <\/p>\n<p><a href='http:\/\/extra.inmontanis.info\/d\/72074-2\/DSC08430.jpg'><img src=http:\/\/extra.inmontanis.info\/d\/72073-3\/DSC08430.jpg \/><\/a><br \/>\n^ <\/p>\n<p><a href='http:\/\/extra.inmontanis.info\/d\/72078-2\/DSC08432.jpg'><img src=http:\/\/extra.inmontanis.info\/d\/72077-3\/DSC08432.jpg \/><\/a><br \/>\n^ <\/p>\n<p><a href='http:\/\/extra.inmontanis.info\/d\/72082-2\/DSC08434.jpg'><img src=http:\/\/extra.inmontanis.info\/d\/72081-3\/DSC08434.jpg \/><\/a><br \/>\n^ 12:03 Uhr &#8211; da kommt was &#8230;<\/p>\n<p><a href='http:\/\/extra.inmontanis.info\/d\/72086-2\/DSC08437.jpg'><img src=http:\/\/extra.inmontanis.info\/d\/72085-3\/DSC08437.jpg \/><\/a><br \/>\n^ 12:08 Uhr und es schneit<\/p>\n<p><a href='http:\/\/extra.inmontanis.info\/d\/72090-2\/DSC08438.jpg'><img src=http:\/\/extra.inmontanis.info\/d\/72089-3\/DSC08438.jpg \/><\/a><br \/>\n^ 12:13 Uhr<\/p>\n<p><a href='http:\/\/extra.inmontanis.info\/d\/72094-2\/DSC08444.jpg'><img src=http:\/\/extra.inmontanis.info\/d\/72093-3\/DSC08444.jpg \/><\/a><br \/>\n^ 12:21 und es liegt Schnee (und Graupel) auf dem Wanderweg<\/p>\n<p><a href='http:\/\/extra.inmontanis.info\/d\/72098-2\/DSC08445.jpg'><img src=http:\/\/extra.inmontanis.info\/d\/72097-3\/DSC08445.jpg \/><\/a><br \/>\n^ Svolv\u00e6r 12:27 Uhr, Schneefall wieder vorbei<\/p>\n<p><a href='http:\/\/extra.inmontanis.info\/d\/72102-2\/ge20211016a.jpg'><img src=http:\/\/extra.inmontanis.info\/d\/72101-3\/ge20211016a.jpg \/><\/a><br \/>\n^ Tjeldbergtinden-Wanderung, GPS-Track, ca. 310hm, 4,9km, 2:45<\/p>\n<p><a href='http:\/\/extra.inmontanis.info\/d\/72106-2\/DSC08448.jpg'><img src=http:\/\/extra.inmontanis.info\/d\/72105-3\/DSC08448.jpg \/><\/a><br \/>\n^ E10 Svolv\u00e6r richtung S\u00fcden\/Westen<\/p>\n<p><a href='http:\/\/extra.inmontanis.info\/d\/72110-2\/DSC08451.jpg'><img src=http:\/\/extra.inmontanis.info\/d\/72109-3\/DSC08451.jpg \/><\/a><br \/>\n^ E10 Svolv\u00e6r richtung S\u00fcden\/Westen<\/p>\n<p><a href='http:\/\/extra.inmontanis.info\/d\/72114-2\/DSC08455.jpg'><img src=http:\/\/extra.inmontanis.info\/d\/72113-3\/DSC08455.jpg \/><\/a><br \/>\n^ N\u00e4he der Gims\u00f8ystraumen-Br\u00fccke werd ich mich an einer Nebenstra\u00dfe auf einen kleinen Platz stellen<\/p>\n<p><a href='http:\/\/extra.inmontanis.info\/d\/72118-2\/DSC08460.jpg'><img src=http:\/\/extra.inmontanis.info\/d\/72117-3\/DSC08460.jpg \/><\/a><br \/>\n^ Gims\u00f8ystraumen<\/p>\n<p><a href='http:\/\/extra.inmontanis.info\/d\/72122-2\/DSC08462.jpg'><img src=http:\/\/extra.inmontanis.info\/d\/72121-3\/DSC08462.jpg \/><\/a><br \/>\n^ Gims\u00f8ystraumen<\/p>\n<p><a href='http:\/\/extra.inmontanis.info\/d\/72126-3\/DSC08464.jpg'><img src=http:\/\/extra.inmontanis.info\/d\/72125-3\/DSC08464.jpg \/><\/a><br \/>\n^ Gims\u00f8ystraumen-Br\u00fccke<\/p>\n<p>Die \u00c4lplermagronen gibt&#8217;s heut mal mit Cheddar-K\u00e4se. 14 Monate gereift, verspricht ja sehr stark zu sein? Allerdings gab&#8217;s den nur am St\u00fcck zu kaufen. So extrem war er dann aber gar nicht, wenn auch durchaus lecker. Leider schien er nicht so gut zu schmelzen und er ist recht s\u00e4uerlich, ergibt dann eher eine Cr\u00e8me-fra\u00eeche-Note. F\u00fcr \u00c4lplermaccaroni doch nicht so gut geeignet.<\/p>\n<p><a href='http:\/\/extra.inmontanis.info\/d\/72130-3\/DSC08465.jpg'><img src=http:\/\/extra.inmontanis.info\/d\/72129-3\/DSC08465.jpg \/><\/a><br \/>\n^ Mal einen 14-monatigen Cheddar-K\u00e4se testen&#8230;<\/p>\n<p><a href='http:\/\/extra.inmontanis.info\/d\/72134-3\/DSC08467.jpg'><img src=http:\/\/extra.inmontanis.info\/d\/72133-3\/DSC08467.jpg \/><\/a><br \/>\n^ .. Apfel kleingeschnitten (statt Apfelmus) und gleich in die So\u00dfe<\/p>\n<p><a href='http:\/\/extra.inmontanis.info\/d\/72138-3\/DSC08469.jpg'><img src=http:\/\/extra.inmontanis.info\/d\/72137-3\/DSC08469.jpg \/><\/a><br \/>\n^ Kartoffel (wieder die schon fertig gekochten und gesch\u00e4lten), Cheddar, Brunost und Sahne<\/p>\n<p><a href='http:\/\/extra.inmontanis.info\/d\/72142-3\/DSC08470.jpg'><img src=http:\/\/extra.inmontanis.info\/d\/72141-3\/DSC08470.jpg \/><\/a><br \/>\n^ .. klein geschnitten<\/p>\n<p><a href='http:\/\/extra.inmontanis.info\/d\/72146-3\/DSC08471.jpg'><img src=http:\/\/extra.inmontanis.info\/d\/72145-3\/DSC08471.jpg \/><\/a><br \/>\n^ fertig sind die britisch-norwegisch-schweizerischen \u00c4lplermaccaroni<\/p>\n<p><a href='http:\/\/extra.inmontanis.info\/d\/72150-3\/DSC08473.jpg'><img src=http:\/\/extra.inmontanis.info\/d\/72149-3\/DSC08473.jpg \/><\/a><br \/>\n^ <\/p>\n<p><a href='http:\/\/extra.inmontanis.info\/d\/72154-3\/DSC08477.jpg'><img src=http:\/\/extra.inmontanis.info\/d\/72153-3\/DSC08477.jpg \/><\/a><br \/>\n^ <\/p>\n<p><a href='http:\/\/extra.inmontanis.info\/d\/72158-3\/DSC08504.jpg'><img src=http:\/\/extra.inmontanis.info\/d\/72157-3\/DSC08504.jpg \/><\/a><br \/>\n^ <\/p>\n<p><a href='http:\/\/extra.inmontanis.info\/d\/72162-3\/DSC08505.jpg'><img src=http:\/\/extra.inmontanis.info\/d\/72161-3\/DSC08505.jpg \/><\/a><br \/>\n^ <\/p>\n","protected":false},"excerpt":{"rendered":"<p>16.10.2021<\/p>\n<p>Zwar knapp \u00fcber 0\u00b0 am Morgen, aber auf den Stra\u00dfen gab es eine leichte Eisschicht, auch noch um 9 Uhr. Ob ich da die Tage zu vielen Wanderungen komme? Naja, Gipfel sind auf den Lofoten ja eh zu hoch f\u00fcr mich und schon schneebedeckt. Die f\u00fcr heute angesetzte, nordseitige Wanderung lie\u00df ich daher aus <a href=\"http:\/\/blog.inmontanis.info\/?p=7196\">[&#8230;]<\/a><\/p>\n","protected":false},"author":1,"featured_media":7199,"comment_status":"closed","ping_status":"closed","sticky":false,"template":"","format":"standard","meta":{"footnotes":""},"categories":[185,601,18,30],"tags":[37,45],"class_list":["post-7196","post","type-post","status-publish","format-standard","has-post-thumbnail","hentry","category-2021-08-skandinavien","category-lofoten","category-norwegennorway","category-wandern","tag-meer","tag-see","odd"],"_links":{"self":[{"href":"http:\/\/blog.inmontanis.info\/index.php?rest_route=\/wp\/v2\/posts\/7196","targetHints":{"allow":["GET"]}}],"collection":[{"href":"http:\/\/blog.inmontanis.info\/index.php?rest_route=\/wp\/v2\/posts"}],"about":[{"href":"http:\/\/blog.inmontanis.info\/index.php?rest_route=\/wp\/v2\/types\/post"}],"author":[{"embeddable":true,"href":"http:\/\/blog.inmontanis.info\/index.php?rest_route=\/wp\/v2\/users\/1"}],"replies":[{"embeddable":true,"href":"http:\/\/blog.inmontanis.info\/index.php?rest_route=%2Fwp%2Fv2%2Fcomments&post=7196"}],"version-history":[{"count":2,"href":"http:\/\/blog.inmontanis.info\/index.php?rest_route=\/wp\/v2\/posts\/7196\/revisions"}],"predecessor-version":[{"id":7198,"href":"http:\/\/blog.inmontanis.info\/index.php?rest_route=\/wp\/v2\/posts\/7196\/revisions\/7198"}],"wp:featuredmedia":[{"embeddable":true,"href":"http:\/\/blog.inmontanis.info\/index.php?rest_route=\/wp\/v2\/media\/7199"}],"wp:attachment":[{"href":"http:\/\/blog.inmontanis.info\/index.php?rest_route=%2Fwp%2Fv2%2Fmedia&parent=7196"}],"wp:term":[{"taxonomy":"category","embeddable":true,"href":"http:\/\/blog.inmontanis.info\/index.php?rest_route=%2Fwp%2Fv2%2Fcategories&post=7196"},{"taxonomy":"post_tag","embeddable":true,"href":"http:\/\/blog.inmontanis.info\/index.php?rest_route=%2Fwp%2Fv2%2Ftags&post=7196"}],"curies":[{"name":"wp","href":"https:\/\/api.w.org\/{rel}","templated":true}]}}