{"id":7189,"date":"2021-10-14T17:53:11","date_gmt":"2021-10-14T15:53:11","guid":{"rendered":"http:\/\/blog.inmontanis.info\/?p=7189"},"modified":"2021-10-16T18:03:24","modified_gmt":"2021-10-16T16:03:24","slug":"11-14-10-2021","status":"publish","type":"post","link":"http:\/\/blog.inmontanis.info\/?p=7189","title":{"rendered":"11.-14.10.2021"},"content":{"rendered":"<p><strong>11.10.2021<\/strong><\/p>\n<p>Heute quasi ganztags Regen. Kam an einer Verkehrskontrolle vorbei, aber nicht von der Polizei oder dem Zoll, sondern von der Verkehrsmeisterei. F\u00fchrerschein + Zulasung und er ging einmal ums Auto rum (schien auf die Reifen zu sehen, aber nicht so genau?!), dann wieder weiter gelassen.<\/p>\n<p>In Kv\u00e6nangen lohnte sich heute kein Foto-Zwischenstopp an den Aussichtspunkten oben von der Passstra\u00dfe. Daf\u00fcr aufgepasst:<br \/>\nder neue Tunnel beginnt auf ca. 300hm und unterschneidet den Pass somit nur um 100hm. Gut m\u00f6glich somit, dass man in wenigen Jahrzehnten wieder einen neuen, l\u00e4ngere, tiefer gelegeren Tunnel bauen wird&#8230; ;-)<\/p>\n<p><a href='http:\/\/extra.inmontanis.info\/d\/71738-2\/DSC08142.jpg'><img src=http:\/\/extra.inmontanis.info\/d\/71737-3\/DSC08142.jpg \/><\/a><br \/>\n^ Tunnelneubau am Kv\u00e6nangen-Pass\/Fjord. Liegt aber auch recht hoch, ca. 300 hm und nicht so weit unter der Passh\u00f6he&#8230;<\/p>\n<p>Im Spar gab&#8217;s heute einiges im Angebot um 10 NOK,aber allzuviel kann ich mir ja rein platzm\u00e4\u00dfig nicht kaufen. Und Fisch hatte ich genug in letzter Zeit (es h\u00e4tte 2 Stk. Fischfrikadellen und ein Pfeffermakrelenfilet um jeweils 10,- NOK gegeben). Die Packung Penne\/Maccaroni gab&#8217;s um 10,-, was ich mitnahm, und verschiedene Milch-Kakaos gabs hier auch mal im K\u00fchlregal, so dass ich mal wieder einen anderen Geschmack w\u00e4hlen konnte. Nicht so g\u00fcnstig war eine italienische Salami, die ich aber mal zur Abwechslung mitnahm. \u00dcber das kostenlose WLAN hollte ich mir mal wieder ein paar Prime-Film\/Serien aufs Handy.<\/p>\n<p>Hatte mir \u00fcberlegt, den geriebenen Cheddark\u00e4se f\u00fcr \u00c4lplermaccaroni mitzunehmen, dann aber im Internet kurz nachgesehen und gelesen, dass Cheddar recht unterschiedlich sein kann: mild, wenn unter  3 Monate gereift, w\u00fcrziger bei \u00fcber 3 Monte und ab 6 oder 9 Monaten dann kr\u00e4ftiger. H\u00f6rte sich so an, als sollte er f\u00fcr bergk\u00e4sige Nudeln also je l\u00e4nger desto besser gereift sein &#8211; leider fand man die Info aber nicht auf den geriebenen K\u00e4se-Packungen, einmal stand &#8220;mild&#8221; &#8211; dann hab ich lieber wieder die Ridder-Scheiben genommen. Und weil um 10 NOK im Angebot, ein kleines P\u00e4ckchen Parmesan. Heut hab ich eh noch Pesto und Gnocchi-Reste, vielleicht dann morgen oder \u00fcbermorgen mal wieder \u00c4lpler.<\/p>\n<p><strong>12.10.2021<\/strong><\/p>\n<p>Nun bin ich nach \u00fcber einem Monat wieder an den Lyngen Alpen, die Berge erneut mit frischem Schnee \u00fcberzogen, aber wetterm\u00e4\u00dfig leider genauso schlecht wie damals, so dass ich auch diesmal wieder wenig Lust auf F\u00e4hrfahrt oder Erkundungen hatte.<\/p>\n<p>Der gro\u00dfe und s\u00e4ttigende BBQ-Bacon-Cheeseburger kostete ca. 12.- \u20ac,  die R\u00f6stzwiebel fand ich nicht so passend, obwohl ich das von dem Steakhouse-Burger vom Burger King ja kenne und eigentlich dort mag. Hier waren sie mir zu dominant.<\/p>\n<p><a href='http:\/\/extra.inmontanis.info\/d\/71742-2\/DSC08149.jpg'><img src=http:\/\/extra.inmontanis.info\/d\/71741-3\/DSC08149.jpg \/><\/a><br \/>\n^ BBQ-Bacon-Burger, leider mit (zu viel) R\u00f6stzwiebel. Ich glaub ich sollte das in Zukunft ohne Salat, K\u00e4se usw. bestellen. Hamburger, Bacon, BBQ-Sauce, Br\u00f6tchen &#8211; dann ist der Geschmack perfekt.<\/p>\n<p><a href='http:\/\/extra.inmontanis.info\/d\/71746-2\/DSC08151.jpg'><img src=http:\/\/extra.inmontanis.info\/d\/71745-3\/DSC08151.jpg \/><\/a><br \/>\n^ Lyngenfjord oder Nebenarm<\/p>\n<p><a href='http:\/\/extra.inmontanis.info\/d\/71750-2\/DSC08153.jpg'><img src=http:\/\/extra.inmontanis.info\/d\/71749-3\/DSC08153.jpg \/><\/a><br \/>\n^ Lyngenfjord oder Nebenarm<\/p>\n<p><strong>13.10.2021<\/strong><\/p>\n<p>Heute kam ich an einem schon bekannten Pizzabakeren vorbei und nahm wieder 2x das Lunch-Men\u00fc, bei einer Pizza w\u00e4r&#8217;s ohne Getr\u00e4nk etwas g\u00fcnstiger gewesen. Der &#8220;Doppeldekker&#8221; war allerdings nicht so wie erwartet (also nicht mit einem doppeltem Boden oben abgedeckt).  Jedenfalls hatte ich Zeit, die Speisekarte zu studieren und meinen Fehler bei der Kebap-Pizza gefunden, die ohne bestellte Japa\u00f1os so scharf war: weil eine &#8220;Tomatensauce mit Chili&#8221; als Grundlage verwendet wird&#8230;<\/p>\n<p><a href='http:\/\/extra.inmontanis.info\/d\/71754-2\/DSC08159.jpg'><img src=http:\/\/extra.inmontanis.info\/d\/71753-3\/DSC08159.jpg \/><\/a><br \/>\n^ Rastplatz (unterhalb hatte ich \u00fcbernachtet)<\/p>\n<p><a href='http:\/\/extra.inmontanis.info\/d\/71758-2\/DSC08164.jpg'><img src=http:\/\/extra.inmontanis.info\/d\/71757-3\/DSC08164.jpg \/><\/a><br \/>\n^ E6 Alta-Narvik<\/p>\n<p><a href='http:\/\/extra.inmontanis.info\/d\/71762-2\/DSC08167.jpg'><img src=http:\/\/extra.inmontanis.info\/d\/71761-3\/DSC08167.jpg \/><\/a><br \/>\n^ Teilweise liegt schon einiges an Schnee auf den Bergen<\/p>\n<p><a href='http:\/\/extra.inmontanis.info\/d\/71766-2\/DSC08170.jpg'><img src=http:\/\/extra.inmontanis.info\/d\/71765-3\/DSC08170.jpg \/><\/a><br \/>\n^ .. aber f\u00fcr eine Skitour reichte es wohl doch wieder nicht<\/p>\n<p><a href='http:\/\/extra.inmontanis.info\/d\/71770-2\/DSC08175.jpg'><img src=http:\/\/extra.inmontanis.info\/d\/71769-3\/DSC08175.jpg \/><\/a><br \/>\n^ Pizza<\/p>\n<p><a href='http:\/\/extra.inmontanis.info\/d\/71774-2\/DSC08178.jpg'><img src=http:\/\/extra.inmontanis.info\/d\/71773-3\/DSC08178.jpg \/><\/a><br \/>\n^ Skisprungschanzen, es schien links eine Treppe hinauf zu gehen<\/p>\n<p><a href='http:\/\/extra.inmontanis.info\/d\/71778-2\/DSC08182.jpg'><img src=http:\/\/extra.inmontanis.info\/d\/71777-3\/DSC08182.jpg \/><\/a><br \/>\n^ Mal kurz augelockert &#8211; aber eine Stunde sp\u00e4ter war wieder alles bedeckt.<\/p>\n<p><strong>14.10.2021<\/strong><\/p>\n<p>Heute erstmals unter 0\u00b0, morgens -2\u00b0 beim aufstehn, sp\u00e4ter -4\u00b0. Seit einigen Tagen h\u00f6rt man auch wieder die ersten Autos mit Spikereifen fahren. <\/p>\n<p><a href='http:\/\/extra.inmontanis.info\/d\/71782-2\/DSC08188.jpg'><img src=http:\/\/extra.inmontanis.info\/d\/71781-3\/DSC08188.jpg \/><\/a><br \/>\n^ Am n\u00e4chsten Tag fuhr ich etwas fr\u00fcher los, hier 6:50 Uhr.<\/p>\n<p><a href='http:\/\/extra.inmontanis.info\/d\/71786-2\/DSC08190.jpg'><img src=http:\/\/extra.inmontanis.info\/d\/71785-3\/DSC08190.jpg \/><\/a><br \/>\n^ Hat ja schon ein bisschen was von Col du Pillon hier (Glacier 3000)<\/p>\n<p><a href='http:\/\/extra.inmontanis.info\/d\/71790-2\/DSC08193.jpg'><img src=http:\/\/extra.inmontanis.info\/d\/71789-3\/DSC08193.jpg \/><\/a><br \/>\n^ .. aber leider geht jetzt hier nicht eine PB nach links hinauf zu einem ge\u00f6ffneten Gletscherskigebiet ;-)<\/p>\n<p><a href='http:\/\/extra.inmontanis.info\/d\/71794-2\/DSC08196.jpg'><img src=http:\/\/extra.inmontanis.info\/d\/71793-3\/DSC08196.jpg \/><\/a><br \/>\n^ Heutiger Arbeitsplatz mit Fjordblick und den vielleicht einzigsten Sonnenstrahlen dieses Tages. Anstatt die E6 richtung Narvik zu fahren und dann zu den Lofoten abzubiegen, fuhr ich sp\u00e4ter gleich die etwas k\u00fcrzere (und ruhigere) Stra\u00dfe an diesem Fjord entlang<\/p>\n<p><a href='http:\/\/extra.inmontanis.info\/d\/71798-2\/DSC08199.jpg'><img src=http:\/\/extra.inmontanis.info\/d\/71797-3\/DSC08199.jpg \/><\/a><br \/>\n^ <\/p>\n<p>An einem Rastplatz 5m gegangen und schon sumpfig gewesen &#8211; wohl zu viel geregnet zuletzt. Weiter oben der Schnee, macht momentan wohl wenig Sinn, dieses Reisen. F\u00fcr Wanderungen nun zu sp\u00e4t und f\u00fcr Skitouren noch zu fr\u00fch (zu wenig Schnee) &#8211; sollte mich wohl doch nach offenen Skigebieten umsehen&#8230;<\/p>\n<p><a href='http:\/\/extra.inmontanis.info\/d\/71802-2\/DSC08204.jpg'><img src=http:\/\/extra.inmontanis.info\/d\/71801-3\/DSC08204.jpg \/><\/a><br \/>\n^ <\/p>\n<p><a href='http:\/\/extra.inmontanis.info\/d\/71806-2\/DSC08208.jpg'><img src=http:\/\/extra.inmontanis.info\/d\/71805-3\/DSC08208.jpg \/><\/a><br \/>\n^ <\/p>\n<p><a href='http:\/\/extra.inmontanis.info\/d\/71810-2\/DSC08209.jpg'><img src=http:\/\/extra.inmontanis.info\/d\/71809-3\/DSC08209.jpg \/><\/a><br \/>\n^ Tjeldsundbrua<\/p>\n<p>Hatte ja erst gestern Pizza, aber da die Hotdogs &#038; Co hier teurer waren (55,- NOK) und es das Eis zum halben Preis gab, hab ich noch ein Pizzast\u00fcck mitgenommen und in Summe weniger gezahlt (54,-) &#8211; die Pepperoni sind mir zu sp\u00e4t aufgefallen.<\/p>\n<p><a href='http:\/\/extra.inmontanis.info\/d\/71814-2\/DSC08212.jpg'><img src=http:\/\/extra.inmontanis.info\/d\/71813-3\/DSC08212.jpg \/><\/a><\/p>\n<p>Das Pistazieneis hatte ich schon mal, ist lecker, auch weils mit Schokoso\u00dfe wie ein Baumkuchen durchzogen ist<\/p>\n<p>\u00dcbernachtet wird heute an einem Platz, der mal ein Campingplatz am Hang gewesen sein soll. Auf der 0. und 1. Ebene kommt jeder hin, die 2.+3. sind hakeliger (weil die leichteren Umfahrungen nicht mehr befahren wurden, sondern die direkten steileren Zufahrten) und dar\u00fcber f\u00e4hrt wohl keiner mehr hin. Das Gel\u00e4nde ist jedenfalls durchzogen von alten Zufahrtswegen; an der 2. Ebene sieht man den Fjord etwas, an der 3. mehr. Zur 2. h\u00e4tte ich vielleicht kommen k\u00f6nnen (sicherer sogar, wenn nicht einer klaglos gescheitert w\u00e4re und tiefe Furchen in der sandigen Auffahrt hinterlassen h\u00e4tte), die dritte h\u00e4tte ich mir wohl nicht mehr zugetraut. Auf den Umfahrungen dagegen sind die Str\u00e4ucher auch schon recht hoch genug gewachsen und h\u00e4tten am Unterboden gekratzt oder sich verhakt. Ich blieb quasi im &#8220;1,5. Stock&#8221;, ein kleiner Nebenbereich, der zwar wenig Ausblick, daf\u00fcr aber vielleicht gesch\u00fctzter lag. Die Stra\u00dfe h\u00f6rte man hier vielleicht etwas weniger und selbige ist durchaus an sich laut.<\/p>\n<p><a href='http:\/\/extra.inmontanis.info\/d\/71818-2\/DSC08215.jpg'><img src=http:\/\/extra.inmontanis.info\/d\/71817-3\/DSC08215.jpg \/><\/a><br \/>\n^ Soll ein ehemaliger Campingplatz sein<\/p>\n<p><a href='http:\/\/extra.inmontanis.info\/d\/71822-2\/IMG_20211014_160939.jpg'><img src=http:\/\/extra.inmontanis.info\/d\/71821-3\/IMG_20211014_160939.jpg \/><\/a><br \/>\n^ Weiter oben sieht man zum Fjord<\/p>\n<p><a href='http:\/\/extra.inmontanis.info\/d\/71826-2\/IMG_20211014_161152.jpg'><img src=http:\/\/extra.inmontanis.info\/d\/71825-3\/IMG_20211014_161152.jpg \/><\/a><br \/>\n^ Noch weiter oben g\u00e4be es noch weitere Ebenen, die aber wohl schon l\u00e4nger nicht mehr angefahren werden<\/p>\n<p><a href='http:\/\/extra.inmontanis.info\/d\/71830-2\/IMG_20211014_161517.jpg'><img src=http:\/\/extra.inmontanis.info\/d\/71829-3\/IMG_20211014_161517.jpg \/><\/a><br \/>\n^ .. und einen Wasserfall<\/p>\n<p><a href='http:\/\/extra.inmontanis.info\/d\/71834-2\/IMG_20211014_162034.jpg'><img src=http:\/\/extra.inmontanis.info\/d\/71833-3\/IMG_20211014_162034.jpg \/><\/a><br \/>\n^ Weitere Wege und Ebenen<\/p>\n<p><a href='http:\/\/extra.inmontanis.info\/d\/71838-2\/IMG_20211014_162511.jpg'><img src=http:\/\/extra.inmontanis.info\/d\/71837-3\/IMG_20211014_162511.jpg \/><\/a><br \/>\n^ .. die meisten sind in den letzten Jahren aber wohl eher die steileren, direkten Wege gefahren anstatt den leichteren au\u00dfenrum.<\/p>\n<p><a href='http:\/\/extra.inmontanis.info\/d\/71842-2\/IMG_20211014_162557.jpg'><img src=http:\/\/extra.inmontanis.info\/d\/71841-3\/IMG_20211014_162557.jpg \/><\/a><br \/>\n^ Au\u00dfenrum w\u00e4r leichter, aber teilweise w\u00fcrden in der Mitte schon dickere (kurze) B\u00e4ume oder B\u00fcsche am Unterboden kratzen<\/p>\n<p><a href='http:\/\/extra.inmontanis.info\/d\/71846-2\/IMG_20211014_162624.jpg'><img src=http:\/\/extra.inmontanis.info\/d\/71845-3\/IMG_20211014_162624.jpg \/><\/a><br \/>\n^ H\u00e4tten sich da nicht einige so tief eingegraben, w\u00e4re ich da noch rauf, aber das war&#8217;s mir nicht wert, Fjord sah man von da aus auch nicht viel<\/p>\n<p><a href='http:\/\/extra.inmontanis.info\/d\/71850-2\/IMG_20211014_162628.jpg'><img src=http:\/\/extra.inmontanis.info\/d\/71849-3\/IMG_20211014_162628.jpg \/><\/a><br \/>\n^ .. hab mich dann f\u00fcr diese kleine Nebenebene (interessantes Wort ;) ) entschieden<\/p>\n","protected":false},"excerpt":{"rendered":"<p>11.10.2021<\/p>\n<p>Heute quasi ganztags Regen. Kam an einer Verkehrskontrolle vorbei, aber nicht von der Polizei oder dem Zoll, sondern von der Verkehrsmeisterei. F\u00fchrerschein + Zulasung und er ging einmal ums Auto rum (schien auf die Reifen zu sehen, aber nicht so genau?!), dann wieder weiter gelassen.<\/p>\n<p>In Kv\u00e6nangen lohnte sich heute kein Foto-Zwischenstopp an den <a href=\"http:\/\/blog.inmontanis.info\/?p=7189\">[&#8230;]<\/a><\/p>\n","protected":false},"author":1,"featured_media":7191,"comment_status":"closed","ping_status":"closed","sticky":false,"template":"","format":"standard","meta":{"footnotes":""},"categories":[185,18],"tags":[45],"class_list":["post-7189","post","type-post","status-publish","format-standard","has-post-thumbnail","hentry","category-2021-08-skandinavien","category-norwegennorway","tag-see","odd"],"_links":{"self":[{"href":"http:\/\/blog.inmontanis.info\/index.php?rest_route=\/wp\/v2\/posts\/7189","targetHints":{"allow":["GET"]}}],"collection":[{"href":"http:\/\/blog.inmontanis.info\/index.php?rest_route=\/wp\/v2\/posts"}],"about":[{"href":"http:\/\/blog.inmontanis.info\/index.php?rest_route=\/wp\/v2\/types\/post"}],"author":[{"embeddable":true,"href":"http:\/\/blog.inmontanis.info\/index.php?rest_route=\/wp\/v2\/users\/1"}],"replies":[{"embeddable":true,"href":"http:\/\/blog.inmontanis.info\/index.php?rest_route=%2Fwp%2Fv2%2Fcomments&post=7189"}],"version-history":[{"count":1,"href":"http:\/\/blog.inmontanis.info\/index.php?rest_route=\/wp\/v2\/posts\/7189\/revisions"}],"predecessor-version":[{"id":7190,"href":"http:\/\/blog.inmontanis.info\/index.php?rest_route=\/wp\/v2\/posts\/7189\/revisions\/7190"}],"wp:featuredmedia":[{"embeddable":true,"href":"http:\/\/blog.inmontanis.info\/index.php?rest_route=\/wp\/v2\/media\/7191"}],"wp:attachment":[{"href":"http:\/\/blog.inmontanis.info\/index.php?rest_route=%2Fwp%2Fv2%2Fmedia&parent=7189"}],"wp:term":[{"taxonomy":"category","embeddable":true,"href":"http:\/\/blog.inmontanis.info\/index.php?rest_route=%2Fwp%2Fv2%2Fcategories&post=7189"},{"taxonomy":"post_tag","embeddable":true,"href":"http:\/\/blog.inmontanis.info\/index.php?rest_route=%2Fwp%2Fv2%2Ftags&post=7189"}],"curies":[{"name":"wp","href":"https:\/\/api.w.org\/{rel}","templated":true}]}}