{"id":7185,"date":"2021-10-10T17:44:45","date_gmt":"2021-10-10T15:44:45","guid":{"rendered":"http:\/\/blog.inmontanis.info\/?p=7185"},"modified":"2023-08-04T20:50:45","modified_gmt":"2023-08-04T18:50:45","slug":"porsanger-skaidi-alta-oksfjord-9-10-10-2021","status":"publish","type":"post","link":"http:\/\/blog.inmontanis.info\/?p=7185","title":{"rendered":"Porsanger-Skaidi-Alta-\u00d8ksfjord, 9.+10.10.2021"},"content":{"rendered":"<p><strong>Sa, 9.10.2021<\/strong><\/p>\n<p>Schlechtes Wetter am WE ist nervig, wenn man so viel Zeit hat und es im Auto ja auch nicht mehr gerade warm ist. Hab mich mal nach Unterk\u00fcnften umgesehen f\u00fcr die 2 Tage, w\u00fcrde gern mal paar umfangreichere Planungen machen und mir die geplanten Saisonstartzeiten der Skigebiete anschauen (wof\u00fcr ein WLAN ja doch angenehmer w\u00e4re) &#8211; aber preislich in der Gegend nix so wirklich brauchbares f\u00fcr mich gefunden. Hostels scheint es in Norwegen, zumindest im Norden, wohl auch viel seltener zu geben als in Schweden (und teils nicht g\u00fcnstiger als Hotels) und bei Campingplatz-H\u00fctten ist ja auch fraglich, wie dort der WLAN-Empfang ist&#8230;  <\/p>\n<p>In den n\u00e4chsten Tagen k\u00e4me ich auch wieder an den Lyngen Alpen vorbei, aber die Wettervorhersagen gleich schlecht wie bei der Hinfahrt. Die F\u00e4hren lohnen sich dann auch wieder nicht  &#8211; au\u00dfer ich wollte nach Troms\u00f8. Aber warum sollte ich da hin wollen (ja, im Winter, wenn die Skilifte fahren!). Aber wohin will ich jetzt \u00fcberhaupt? Bei sonnigeren Vorhersagen w\u00e4r die Frage einfacher zu beantworten. Vielleicht wird&#8217;s ja zum n\u00e4chsten Vollmond mal wieder besser.<\/p>\n<p>Wenn ich das richtig sehe, hat Ruka (Finnland) wie geplant seit gestern zum Skifahren offen, 1 4KSB und 1 3SB und dazwischen 2 Abfahrten, dazu 2 Funparks. Weitere Abfahrten sollen mit Ende Oktober folgen.<\/p>\n<p>Interessant: nicht nur Ruka, auch Levi (Finnland) hat seit gestern vmtl. dank Depotschnee offen, mit 1,5 Abfahrten (8KSB und paralleler SL). Auch K\u00e5bdalis in Schweden, wo ich ja im Fr\u00fchjahr die riesigen Depots an der alten Poma-3SB fotografiert hatte, wollte schon \u00f6ffnen, hat es wegen des warmen, regnerischen Wetters um eine Woche auf 16.10. verschoben:<br \/>\n&#8220;We don\u2019t wont to put out the stored snow during bad conditions. The first slope (Becca) will open on stored snow, next slope around 23:rd October with a combination of stored and artificial snow.&#8221;<\/p>\n<p>Ok, das k\u00f6nnte ein Plan sein &#8211; noch auf die Lofoten f\u00fcr ne Woche und dann \u00fcber K\u00e5bdalis nach Finnland und die Ski auspacken. Oder direkter? Der Umweg \u00fcber die Lofoten macht dann doch 900 km aus &#8230; zudem wird Kabdalis wohl nur am WE offen haben, zumindest als ich letzten Winter dort war, hatte man unter der Woche ja nur den Kurven-SL offen &#8211; und die Schneedepotabfahrt ist ja an der 3SB. Bis ich dann in Finnland w\u00e4re, w\u00e4re November, was insofern schade ist, da es jetzt im Oktober noch etwas w\u00e4rmer w\u00e4re. Wenn man sicher w\u00e4re, wieder nach Norwegen rein zu d\u00fcrfen, k\u00f6nnte man auch gleich von hier nach Levi, weiter nach Ruka, r\u00fcber nach Kabdalis und dann noch auf die Lofoten schauen, falls wetterm\u00e4\u00dfig sinnvoll. Aber da man sich da ja nicht sicher sein kann, dass das m\u00f6glich ist, sollte ich halt doch noch ein paar Tage in Norwegen bleiben. Die Lofoten sind dann wohl doch sch\u00f6ner als eine Schneedepotabfahrt in Finnland.<\/p>\n<p>So, mal wieder nachgeschaut. Aktuell ist es so, dass ich von einem roten Land zur\u00fcck nach NO weiterhin Grenztest+in Quarant\u00e4ne m\u00fcsste, gr\u00fcn+orange d\u00fcrfen frei rein. Alle Grenz\u00fcberg\u00e4nge sind jetzt wieder offen. Registrieren muss man sich nur noch, wenn man aus roten (Quarant\u00e4nepflicht-) Gebieten kommt. Nord-Finnland und Nord-Schweden sind derzeit orange &#8211; aber das k\u00f6nnte sich ja binnen einer Woche schnell auf Rot \u00e4ndern -> also lieber doch noch innerhalb Norwegens bleiben.<\/p>\n<p>Andererseits gilt die finnische testfreie Einreise nur von speziellen Regionen Nord-Norwegens und Nord-Schwedens, genauer gesagt, die Grenzregionen. Allerdings steht da nicht, wie lang man in der Region gewesen sein muss. Jedenfalls w\u00e4re nat\u00fcrlich Lofoten oder Kabdalis  nicht mehr inkludiert. Naja, genausowenig wie Nordkapp usw. &#8211; d.h. im Prinzip k\u00f6nnte ich wohl auch jetzt nicht so einfach nach Finnland. Es ist und bleibt zum Kotzen mit diesen Grenz\u00fcbertritten. Wobei die aktuelle finnische Richtlinie bis 15.10. befristet ist, danach kann&#8217;s besser oder schlimmer kommen.<\/p>\n<p><a href='http:\/\/extra.inmontanis.info\/d\/71646-2\/DSC08018.jpg'><img src=http:\/\/extra.inmontanis.info\/d\/71645-3\/DSC08018.jpg \/><\/a><br \/>\n^ Nochmals die Strecke und der Tunnel am Porsangerfjord, die durch den neuen Tunnel ersetzt werden<\/p>\n<p><a href='http:\/\/extra.inmontanis.info\/d\/71650-2\/DSC08025.jpg'><img src=http:\/\/extra.inmontanis.info\/d\/71649-3\/DSC08025.jpg \/><\/a><br \/>\n^ Etwas Schnee auf den Bergen und neben der Stra\u00dfe<\/p>\n<p><a href='http:\/\/extra.inmontanis.info\/d\/71654-2\/DSC08030.jpg'><img src=http:\/\/extra.inmontanis.info\/d\/71653-3\/DSC08030.jpg \/><\/a><br \/>\n^ Auffahrt Skigebiet Skaidi<\/p>\n<p><a href='http:\/\/extra.inmontanis.info\/d\/71658-2\/DSC08032.jpg'><img src=http:\/\/extra.inmontanis.info\/d\/71657-3\/DSC08032.jpg \/><\/a><br \/>\n^ Skigebiet Skaidi<\/p>\n<p><a href='http:\/\/extra.inmontanis.info\/d\/71662-2\/DSC08034.jpg'><img src=http:\/\/extra.inmontanis.info\/d\/71661-3\/DSC08034.jpg \/><\/a><br \/>\n^ Skigebiet Skaidi<\/p>\n<p><a href='http:\/\/extra.inmontanis.info\/d\/71666-2\/DSC08035.jpg'><img src=http:\/\/extra.inmontanis.info\/d\/71665-3\/DSC08035.jpg \/><\/a><br \/>\n^ E6 richtung Alta<\/p>\n<p><strong>10.10.2021<\/strong><\/p>\n<p>Nach all den Esso-Tankstellen lt. Navi, die dann keine Esso mehr waren, gab es in Alta (und in den n\u00e4chsten Tagen s\u00fcdlich davon) tats\u00e4chlich mal wieder Esso-Tankstellen. Die haben (noch?) den g\u00fcnstigen Mini-Hamburger (63g) um g\u00fcnstige 25 NOK. H\u00e4tte ich mir gern mit Bacon gekauft, aber der Ofen war noch beim Reinigen (und h\u00e4tte entweder 10 oder 30min gedauert, also dann Hotdog). <\/p>\n<p>Einkaufsm\u00f6glichkeiten am heutigen Sonntag waren in Alta sehr beschr\u00e4nkt, nur der Bunnpris hatte ab 10 Uhr offen. Allerdings auch nicht der komplette, sondern nur ein kleiner, enger, Self-Scan Nebenladen, wo es eher wenig gab, immerhin bekam ich 2 der g\u00fcnstigen Cola light.<\/p>\n<p>Wetter w\u00e4r heut um Alta zwar brauchbar gewesen f\u00fcr eine Wanderung, mich konnte allerdings keine \u00fcberzeugen. Ab Mittag dann wieder einsetzender Regen. Temperaturm\u00e4\u00dfig war es heute um die 6-8\u00b0 und windstill und somit etwas w\u00e4rmer, aber die Vorhersagen melden f\u00fcr die zweite Wochenh\u00e4lfte Nachttemperaturen unter 0\u00b0 entlang des Wegs.<\/p>\n<p>Wow, das war jetzt fast ein Monat her, wo ich hinw\u00e4rts in Alta war &#8211; das war der 13.9.!<\/p>\n<p>Bis zu den Lofoten sind&#8217;s noch ca. 600km, d.h. da werd ich 1. mal wieder etwas l\u00e4ngere Strecken fahren m\u00fcssen und 2. wohl trotzdem eine Woche unterwegs sein.<\/p>\n<p><a href='http:\/\/extra.inmontanis.info\/d\/71670-2\/DSC08050.jpg'><img src=http:\/\/extra.inmontanis.info\/d\/71669-3\/DSC08050.jpg \/><\/a><br \/>\n^ Altafjord<\/p>\n<p><a href='http:\/\/extra.inmontanis.info\/d\/71674-2\/DSC08051.jpg'><img src=http:\/\/extra.inmontanis.info\/d\/71673-3\/DSC08051.jpg \/><\/a><br \/>\n^ .. und in Bildmitte das Skigebiet von Alta, wo ich ja schon mal im Winter war<\/p>\n<p><a href='http:\/\/extra.inmontanis.info\/d\/71678-2\/DSC08055.jpg'><img src=http:\/\/extra.inmontanis.info\/d\/71677-3\/DSC08055.jpg \/><\/a><br \/>\n^ E6 s\u00fcdlich von Alta<\/p>\n<p><a href='http:\/\/extra.inmontanis.info\/d\/71682-2\/DSC08061.jpg'><img src=http:\/\/extra.inmontanis.info\/d\/71681-3\/DSC08061.jpg \/><\/a><br \/>\n^ Fjord s\u00fcdlich von Alta<\/p>\n<p><a href='http:\/\/extra.inmontanis.info\/d\/71686-2\/DSC08063.jpg'><img src=http:\/\/extra.inmontanis.info\/d\/71685-3\/DSC08063.jpg \/><\/a><br \/>\n^ E6 s\u00fcdlich von Alta<\/p>\n<p><a href='http:\/\/extra.inmontanis.info\/d\/71690-2\/DSC08064.jpg'><img src=http:\/\/extra.inmontanis.info\/d\/71689-3\/DSC08064.jpg \/><\/a><br \/>\n^ Stra\u00dfe richtung \u00d8ksfjord<\/p>\n<p><a href='http:\/\/extra.inmontanis.info\/d\/71694-2\/DSC08067.jpg'><img src=http:\/\/extra.inmontanis.info\/d\/71693-3\/DSC08067.jpg \/><\/a><br \/>\n^ Hinweistafel zu einer alten Stra\u00dfe, die Serpentinen hatte<\/p>\n<p><a href='http:\/\/extra.inmontanis.info\/d\/71698-2\/DSC08068.jpg'><img src=http:\/\/extra.inmontanis.info\/d\/71697-3\/DSC08068.jpg \/><\/a><br \/>\n^ \u00d8ksfjordbotn, ehemaliges Internat<\/p>\n<p><a href='http:\/\/extra.inmontanis.info\/d\/71702-2\/DSC08074.jpg'><img src=http:\/\/extra.inmontanis.info\/d\/71701-3\/DSC08074.jpg \/><\/a><br \/>\n^ Leider sind man vom Gletscher da hinten nicht viel, da die Wolken zu tief h\u00e4ngen<\/p>\n<p><a href='http:\/\/extra.inmontanis.info\/d\/71706-2\/DSC08078.jpg'><img src=http:\/\/extra.inmontanis.info\/d\/71705-3\/DSC08078.jpg \/><\/a><br \/>\n^ \u00d8ksfjordtunnel, 4252m lang, der eigentliche Grund f\u00fcr diesen Abstecher<\/p>\n<p><a href='http:\/\/extra.inmontanis.info\/d\/71710-2\/DSC08082.jpg'><img src=http:\/\/extra.inmontanis.info\/d\/71709-3\/DSC08082.jpg \/><\/a><br \/>\n^ .. ein einspuriger Tunnel mit vielen Ausweichen<\/p>\n<p><a href='http:\/\/extra.inmontanis.info\/d\/71714-2\/DSC08085.jpg'><img src=http:\/\/extra.inmontanis.info\/d\/71713-3\/DSC08085.jpg \/><\/a><br \/>\n^ \u00d8ksfjordtunnel<\/p>\n<p><a href='http:\/\/extra.inmontanis.info\/d\/71718-2\/DSC08086.jpg'><img src=http:\/\/extra.inmontanis.info\/d\/71717-3\/DSC08086.jpg \/><\/a><br \/>\n^ \u00d8ksfjordtunnel<\/p>\n<p><a href='http:\/\/extra.inmontanis.info\/d\/71722-2\/DSC08090.jpg'><img src=http:\/\/extra.inmontanis.info\/d\/71721-3\/DSC08090.jpg \/><\/a><br \/>\n^ <\/p>\n<p><a href='http:\/\/extra.inmontanis.info\/d\/71726-2\/DSC08093.jpg'><img src=http:\/\/extra.inmontanis.info\/d\/71725-3\/DSC08093.jpg \/><\/a><br \/>\n^ <\/p>\n<p><a href='http:\/\/extra.inmontanis.info\/d\/71730-2\/DSC08098.jpg'><img src=http:\/\/extra.inmontanis.info\/d\/71729-3\/DSC08098.jpg \/><\/a><br \/>\n^ Ab hier wird der Fjord breiter und da ich keine Lust mehr hatte, bis nach \u00d8ksfjord (oder bei den Wettervorhersagen mit der F\u00e4hre auf eine Insel) zu fahren, kehrte ich wieder um.<\/p>\n<p>Boah ich hasse Google. Kriegst 100e Ergebnisse, die nix damit zu tun haben, was man sucht..<\/p>\n<p>Genauer gesagt, war ich auf der Suche nach Drehort bzw. filming location von der Mit-80er-ZDF-Weihnachtsserie &#8220;Patrik Pacard&#8221;. Nix gefunden am Handy, sp\u00e4ter dann am PC schon: (Nicht ganz) Zuf\u00e4lligerweise hab ich die DVD dabei (die ich mir vor ein paar Jahren mal gekauft hatte) und mittels schnellem Vorspulen eine Kirche gefunden, die ich dann via Bilder-Suche auf yandex.ru auf Wikipedia fand und mit Bakka als Ort bezeichnet wurde &#8211; diese r\u00fcckgehende Suche fand dann auch die imdb-Seite mit der filming-location ebendort, was evtl. auf der Handy-Darstellung verschwiegen wurde. <\/p>\n<p>Fun Fact: Ich bin auf meiner ersten Norwegenreise am 14.6.2006 dort gewesen (nat\u00fcrlich ohne zu wissen, dass da die Serie gedreht wurde) und hab wohl sogar eines oder zwei der H\u00e4user aus der Serie fotografiert.<\/p>\n<p><a href='http:\/\/extra.inmontanis.info\/d\/71734-2\/DSC08103.jpg'><img src=http:\/\/extra.inmontanis.info\/d\/71733-3\/DSC08103.jpg \/><\/a><br \/>\n^ \u00d8ksfjordbotn, ehemaliges Internat<\/p>\n<p>Da die Stra\u00dfe hier recht ruhige war, ein Plumpsklo (f\u00fcr morgen fr\u00fch) und vollen 4G-Empfang gab, blieb ich an dem Rastplatz gegen\u00fcber des aufgelassenen Internats. Um 23 und um 1 Uhr kamen leider ein paar St\u00f6renfriede an :(<\/p>\n<p><a href='http:\/\/extra.inmontanis.info\/d\/71614-2\/DSC08109.jpg'><img src=http:\/\/extra.inmontanis.info\/d\/71613-3\/DSC08109.jpg \/><\/a><br \/>\n^ Der Himmel klarte f\u00fcr eine Zeit lang auf und man sah einige Nordlichter (20:44)<\/p>\n<p><a href='http:\/\/extra.inmontanis.info\/d\/71618-2\/DSC08116.jpg'><img src=http:\/\/extra.inmontanis.info\/d\/71617-3\/DSC08116.jpg \/><\/a><br \/>\n^ 21:05 (4s)<\/p>\n<p><a href='http:\/\/extra.inmontanis.info\/d\/71622-2\/DSC08117.jpg'><img src=http:\/\/extra.inmontanis.info\/d\/71621-3\/DSC08117.jpg \/><\/a><br \/>\n^ 21:05 (4s)<\/p>\n<p><a href='http:\/\/extra.inmontanis.info\/d\/71626-2\/DSC08118.jpg'><img src=http:\/\/extra.inmontanis.info\/d\/71625-3\/DSC08118.jpg \/><\/a><br \/>\n^ 21:21 (4s)<\/p>\n<p><a href='http:\/\/extra.inmontanis.info\/d\/71630-2\/DSC08121.jpg'><img src=http:\/\/extra.inmontanis.info\/d\/71629-3\/DSC08121.jpg \/><\/a><br \/>\n^ 21:23 (4s)<\/p>\n<p><a href='http:\/\/extra.inmontanis.info\/d\/71634-2\/DSC08123.jpg'><img src=http:\/\/extra.inmontanis.info\/d\/71633-3\/DSC08123.jpg \/><\/a><br \/>\n^ 21:25 (4s)<\/p>\n<p><a href='http:\/\/extra.inmontanis.info\/d\/71638-2\/DSC08130.jpg'><img src=http:\/\/extra.inmontanis.info\/d\/71637-3\/DSC08130.jpg \/><\/a><br \/>\n^ 21:32 (2s)<\/p>\n<p><a href='http:\/\/extra.inmontanis.info\/d\/71642-2\/DSC08132.jpg'><img src=http:\/\/extra.inmontanis.info\/d\/71641-3\/DSC08132.jpg \/><\/a><br \/>\n^ 21:40 (2s), die Wolken nahmen zu.<\/p>\n","protected":false},"excerpt":{"rendered":"<p>Sa, 9.10.2021<\/p>\n<p>Schlechtes Wetter am WE ist nervig, wenn man so viel Zeit hat und es im Auto ja auch nicht mehr gerade warm ist. Hab mich mal nach Unterk\u00fcnften umgesehen f\u00fcr die 2 Tage, w\u00fcrde gern mal paar umfangreichere Planungen machen und mir die geplanten Saisonstartzeiten der Skigebiete anschauen (wof\u00fcr ein WLAN ja doch <a href=\"http:\/\/blog.inmontanis.info\/?p=7185\">[&#8230;]<\/a><\/p>\n","protected":false},"author":1,"featured_media":7188,"comment_status":"closed","ping_status":"closed","sticky":false,"template":"","format":"standard","meta":{"footnotes":""},"categories":[185,594,18],"tags":[100,37,96,45],"class_list":["post-7185","post","type-post","status-publish","format-standard","has-post-thumbnail","hentry","category-2021-08-skandinavien","category-alta","category-norwegennorway","tag-langzeitbelichtung","tag-meer","tag-polarlicht","tag-see","odd"],"_links":{"self":[{"href":"http:\/\/blog.inmontanis.info\/index.php?rest_route=\/wp\/v2\/posts\/7185","targetHints":{"allow":["GET"]}}],"collection":[{"href":"http:\/\/blog.inmontanis.info\/index.php?rest_route=\/wp\/v2\/posts"}],"about":[{"href":"http:\/\/blog.inmontanis.info\/index.php?rest_route=\/wp\/v2\/types\/post"}],"author":[{"embeddable":true,"href":"http:\/\/blog.inmontanis.info\/index.php?rest_route=\/wp\/v2\/users\/1"}],"replies":[{"embeddable":true,"href":"http:\/\/blog.inmontanis.info\/index.php?rest_route=%2Fwp%2Fv2%2Fcomments&post=7185"}],"version-history":[{"count":2,"href":"http:\/\/blog.inmontanis.info\/index.php?rest_route=\/wp\/v2\/posts\/7185\/revisions"}],"predecessor-version":[{"id":7187,"href":"http:\/\/blog.inmontanis.info\/index.php?rest_route=\/wp\/v2\/posts\/7185\/revisions\/7187"}],"wp:featuredmedia":[{"embeddable":true,"href":"http:\/\/blog.inmontanis.info\/index.php?rest_route=\/wp\/v2\/media\/7188"}],"wp:attachment":[{"href":"http:\/\/blog.inmontanis.info\/index.php?rest_route=%2Fwp%2Fv2%2Fmedia&parent=7185"}],"wp:term":[{"taxonomy":"category","embeddable":true,"href":"http:\/\/blog.inmontanis.info\/index.php?rest_route=%2Fwp%2Fv2%2Fcategories&post=7185"},{"taxonomy":"post_tag","embeddable":true,"href":"http:\/\/blog.inmontanis.info\/index.php?rest_route=%2Fwp%2Fv2%2Ftags&post=7185"}],"curies":[{"name":"wp","href":"https:\/\/api.w.org\/{rel}","templated":true}]}}