{"id":7180,"date":"2021-10-08T17:17:10","date_gmt":"2021-10-08T15:17:10","guid":{"rendered":"http:\/\/blog.inmontanis.info\/?p=7180"},"modified":"2021-10-12T17:28:26","modified_gmt":"2021-10-12T15:28:26","slug":"porsangneset-8-10-2021","status":"publish","type":"post","link":"http:\/\/blog.inmontanis.info\/?p=7180","title":{"rendered":"Porsangneset, 8.10.2021"},"content":{"rendered":"<p><strong>8.10.2021<\/strong><\/p>\n<p>Heute fr\u00fch waren die Berge etwas schneebdeckt, hat wohl auf ca. 200hm runtergeschneit. Interessanter Haltepunkt f\u00fcr heute w\u00e4re mal wieder ein ehemaliges (zerst\u00f6rtes) deutsches K\u00fcstenfort, das man auf einem schlechten Fahrweg entweder mit dem Auto oder eben offizieller, mit einer Wanderung auf selbigem, erreichen kann.<\/p>\n<p>Obwohl mal wieder trocken gemeldet war, nieselte es immer wieder ein bisschen, was den Start verz\u00f6gerte. Danach blieb es aber recht stabil.<\/p>\n<p>Auch der weitere Reiseverlauf, insbesondere f\u00fcrs WE, w\u00e4re mal wieder zu entscheiden. Nach Hammerfest fahren oder sich den Umweg sparen und gleich weiter nch Alta und s\u00fcdw\u00e4rts? Auf die eine Insel mit der Radarstation r\u00fcber, sofern man da \u00fcberhgaupt raufgehen d\u00fcrfte? N\u00f6, wetterm\u00e4\u00dfig die n\u00e4chste Woche eh zu viel Regen gemeldet.<\/p>\n<p>Generell bleiben die Wettervorhersagen so wie bisher: jeden Tag bedeckt. Nicht, dass es in Troms\u00f8 oder auf den Lofoten viel besser werden soll&#8230; oder Galdh\u00f8piggen oder Folgefonna oder Ruka oder .. \u00fcberall keine Sonne in der Vorhersage von yr.no &#8211; aber ok, die sind ja eh meist pessimistischer und oftmals ist&#8217;s dann doch besser oder es wird auch dort kurzfristig besser gemeldet.<\/p>\n<p><a href='http:\/\/extra.inmontanis.info\/d\/71454-2\/DSC07892.jpg'><img src=http:\/\/extra.inmontanis.info\/d\/71453-3\/DSC07892.jpg \/><\/a><br \/>\n^ 7:42 Uhr, etwas nach Sonnenaufgang an der Br\u00fccke zwischen der &#8220;Nordkapp&#8221;-Insel und Kontinent<\/p>\n<p><a href='http:\/\/extra.inmontanis.info\/d\/71458-2\/DSC07893.jpg'><img src=http:\/\/extra.inmontanis.info\/d\/71457-3\/DSC07893.jpg \/><\/a><br \/>\n^ Neuschnee auf den Bergen<\/p>\n<p><a href='http:\/\/extra.inmontanis.info\/d\/71462-2\/DSC07897.jpg'><img src=http:\/\/extra.inmontanis.info\/d\/71461-3\/DSC07897.jpg \/><\/a><br \/>\n^ Wanderung Vestre Porsangneset<\/p>\n<p><a href='http:\/\/extra.inmontanis.info\/d\/71466-2\/DSC07900.jpg'><img src=http:\/\/extra.inmontanis.info\/d\/71465-3\/DSC07900.jpg \/><\/a><br \/>\n^ Porsangneset<\/p>\n<p><a href='http:\/\/extra.inmontanis.info\/d\/71470-2\/DSC07903.jpg'><img src=http:\/\/extra.inmontanis.info\/d\/71469-3\/DSC07903.jpg \/><\/a><br \/>\n^ Porsangneset, auf der Verl\u00e4ngerung in der Mitte war mal wieder eine deutsche Verteidigungsanlage \/ K\u00fcstenfort. Im Hintergrund Honningsvag und die &#8220;Nordkappinsel&#8221;<\/p>\n<p><a href='http:\/\/extra.inmontanis.info\/d\/71474-2\/DSC07904.jpg'><img src=http:\/\/extra.inmontanis.info\/d\/71473-3\/DSC07904.jpg \/><\/a><br \/>\n^ Man beachte den rostigen Zaun am Boden, liegt und steht immer mal wieder rum und man muss etwas aufpassen, um nicht zu stolpern<\/p>\n<p><a href='http:\/\/extra.inmontanis.info\/d\/71478-2\/DSC07906.jpg'><img src=http:\/\/extra.inmontanis.info\/d\/71477-3\/DSC07906.jpg \/><\/a><br \/>\n^ Ostseitige Bucht<\/p>\n<p><a href='http:\/\/extra.inmontanis.info\/d\/71482-2\/DSC07908.jpg'><img src=http:\/\/extra.inmontanis.info\/d\/71481-3\/DSC07908.jpg \/><\/a><br \/>\n^ <\/p>\n<p><a href='http:\/\/extra.inmontanis.info\/d\/71486-2\/DSC07912.jpg'><img src=http:\/\/extra.inmontanis.info\/d\/71485-3\/DSC07912.jpg \/><\/a><br \/>\n^ <\/p>\n<p><a href='http:\/\/extra.inmontanis.info\/d\/71490-2\/DSC07916.jpg'><img src=http:\/\/extra.inmontanis.info\/d\/71489-3\/DSC07916.jpg \/><\/a><br \/>\n^ <\/p>\n<p><a href='http:\/\/extra.inmontanis.info\/d\/71494-2\/DSC07918.jpg'><img src=http:\/\/extra.inmontanis.info\/d\/71493-3\/DSC07918.jpg \/><\/a><br \/>\n^ <\/p>\n<p><a href='http:\/\/extra.inmontanis.info\/d\/71498-2\/DSC07922.jpg'><img src=http:\/\/extra.inmontanis.info\/d\/71497-3\/DSC07922.jpg \/><\/a><br \/>\n^ <\/p>\n<p><a href='http:\/\/extra.inmontanis.info\/d\/71502-2\/DSC07927.jpg'><img src=http:\/\/extra.inmontanis.info\/d\/71501-3\/DSC07927.jpg \/><\/a><br \/>\n^ <\/p>\n<p><a href='http:\/\/extra.inmontanis.info\/d\/71506-2\/DSC07930.jpg'><img src=http:\/\/extra.inmontanis.info\/d\/71505-3\/DSC07930.jpg \/><\/a><br \/>\n^ Leider alles zerst\u00f6rt<\/p>\n<p><a href='http:\/\/extra.inmontanis.info\/d\/71510-2\/DSC07932.jpg'><img src=http:\/\/extra.inmontanis.info\/d\/71509-3\/DSC07932.jpg \/><\/a><br \/>\n^ <\/p>\n<p><a href='http:\/\/extra.inmontanis.info\/d\/71514-2\/DSC07934.jpg'><img src=http:\/\/extra.inmontanis.info\/d\/71513-3\/DSC07934.jpg \/><\/a><br \/>\n^ <\/p>\n<p><a href='http:\/\/extra.inmontanis.info\/d\/71518-2\/DSC07936.jpg'><img src=http:\/\/extra.inmontanis.info\/d\/71517-3\/DSC07936.jpg \/><\/a><br \/>\n^ <\/p>\n<p><a href='http:\/\/extra.inmontanis.info\/d\/71522-2\/DSC07938.jpg'><img src=http:\/\/extra.inmontanis.info\/d\/71521-3\/DSC07938.jpg \/><\/a><br \/>\n^ <\/p>\n<p><a href='http:\/\/extra.inmontanis.info\/d\/71526-2\/DSC07942.jpg'><img src=http:\/\/extra.inmontanis.info\/d\/71525-3\/DSC07942.jpg \/><\/a><br \/>\n^ <\/p>\n<p><a href='http:\/\/extra.inmontanis.info\/d\/71530-2\/DSC07946.jpg'><img src=http:\/\/extra.inmontanis.info\/d\/71529-3\/DSC07946.jpg \/><\/a><br \/>\n^ <\/p>\n<p><a href='http:\/\/extra.inmontanis.info\/d\/71534-2\/DSC07947.jpg'><img src=http:\/\/extra.inmontanis.info\/d\/71533-3\/DSC07947.jpg \/><\/a><br \/>\n^ An der Spitze angekommen. Gegen\u00fcber ist der gestern besuchte Skilift<\/p>\n<p><a href='http:\/\/extra.inmontanis.info\/d\/71538-2\/DSC07948.jpg'><img src=http:\/\/extra.inmontanis.info\/d\/71537-3\/DSC07948.jpg \/><\/a><br \/>\n^ <\/p>\n<p><a href='http:\/\/extra.inmontanis.info\/d\/71542-2\/DSC07949.jpg'><img src=http:\/\/extra.inmontanis.info\/d\/71541-3\/DSC07949.jpg \/><\/a><br \/>\n^ <\/p>\n<p><a href='http:\/\/extra.inmontanis.info\/d\/71546-2\/DSC07951.jpg'><img src=http:\/\/extra.inmontanis.info\/d\/71545-3\/DSC07951.jpg \/><\/a><br \/>\n^ <\/p>\n<p><a href='http:\/\/extra.inmontanis.info\/d\/71550-2\/DSC07956.jpg'><img src=http:\/\/extra.inmontanis.info\/d\/71549-3\/DSC07956.jpg \/><\/a><br \/>\n^ <\/p>\n<p><a href='http:\/\/extra.inmontanis.info\/d\/71554-2\/DSC07958.jpg'><img src=http:\/\/extra.inmontanis.info\/d\/71553-3\/DSC07958.jpg \/><\/a><br \/>\n^ Westseitige Bucht, hier gabs einen Hafen und eine recht breite Rinne hier rauf ..<\/p>\n<p><a href='http:\/\/extra.inmontanis.info\/d\/71558-2\/DSC07961.jpg'><img src=http:\/\/extra.inmontanis.info\/d\/71557-3\/DSC07961.jpg \/><\/a><br \/>\n^ .. gut m\u00f6glich, dass in der Rinne vorhin dieser Schlitten am Seil gezogen wurde ..<\/p>\n<p><a href='http:\/\/extra.inmontanis.info\/d\/71562-2\/DSC07962.jpg'><img src=http:\/\/extra.inmontanis.info\/d\/71561-3\/DSC07962.jpg \/><\/a><br \/>\n^ Im Hafenbereich<\/p>\n<p><a href='http:\/\/extra.inmontanis.info\/d\/71566-2\/DSC07964.jpg'><img src=http:\/\/extra.inmontanis.info\/d\/71565-3\/DSC07964.jpg \/><\/a><br \/>\n^ Ostseitige Bucht, da hab ich erst von oben entdeckt, dass es da auch noch Ruinen gibt. Also wieder runter gegangen ..<\/p>\n<p><a href='http:\/\/extra.inmontanis.info\/d\/71570-2\/DSC07965.jpg'><img src=http:\/\/extra.inmontanis.info\/d\/71569-3\/DSC07965.jpg \/><\/a><br \/>\n^ Zauner Georg 1943 ist da eingeritzt<\/p>\n<p><a href='http:\/\/extra.inmontanis.info\/d\/71574-2\/DSC07967.jpg'><img src=http:\/\/extra.inmontanis.info\/d\/71573-3\/DSC07967.jpg \/><\/a><br \/>\n^ Nicht die H\u00f6hle, die ich gesucht hab.<\/p>\n<p><a href='http:\/\/extra.inmontanis.info\/d\/71578-2\/DSC07970.jpg'><img src=http:\/\/extra.inmontanis.info\/d\/71577-3\/DSC07970.jpg \/><\/a><br \/>\n^ Was auch immer das mal war<\/p>\n<p><a href='http:\/\/extra.inmontanis.info\/d\/71582-2\/DSC07971.jpg'><img src=http:\/\/extra.inmontanis.info\/d\/71581-3\/DSC07971.jpg \/><\/a><br \/>\n^ .. das vorne schaut aus wie ein Lorenwagen von einem Bergwerk oder so?!<\/p>\n<p><a href='http:\/\/extra.inmontanis.info\/d\/71586-2\/DSC07972.jpg'><img src=http:\/\/extra.inmontanis.info\/d\/71585-3\/DSC07972.jpg \/><\/a><br \/>\n^ Ostseitige Bucht<\/p>\n<p><a href='http:\/\/extra.inmontanis.info\/d\/71590-2\/DSC07973.jpg'><img src=http:\/\/extra.inmontanis.info\/d\/71589-3\/DSC07973.jpg \/><\/a><br \/>\n^ Reste vmtl. eines Fahrgestells (vorne sind Blattfedern zu sehen)<\/p>\n<p><a href='http:\/\/extra.inmontanis.info\/d\/71594-2\/DSC07975.jpg'><img src=http:\/\/extra.inmontanis.info\/d\/71593-3\/DSC07975.jpg \/><\/a><br \/>\n^ <\/p>\n<p><a href='http:\/\/extra.inmontanis.info\/d\/71598-2\/DSC07977.jpg'><img src=http:\/\/extra.inmontanis.info\/d\/71597-3\/DSC07977.jpg \/><\/a><br \/>\n^ Fu\u00dfweg retour. Stra\u00dfe ist autom\u00e4\u00dfig machbar mit genug Bodenfreiheit. Am Auto hatte es dann nur noch 1\u00b0<\/p>\n<p><a href='http:\/\/extra.inmontanis.info\/d\/71602-2\/ge20211008a.jpg'><img src=http:\/\/extra.inmontanis.info\/d\/71601-3\/ge20211008a.jpg \/><\/a><br \/>\n^ GPS-Track Wanderung Porsangneset, ca. 9,7km, ca. 220hm, 3:20h<\/p>\n<p>Hier gibts einen Plan und ein Bild von einem Stollen, den ich leider nicht gefunden hab:<br \/>\n<a href='https:\/\/ut.no\/turforslag\/1112155428\/porsangvikavestre-porsangneset'>https:\/\/ut.no\/turforslag\/1112155428\/porsangvikavestre-porsangneset<\/a><\/p>\n<p>Hatte dann gar keine Lust mehr, wo anders hin zu fahren. kein Wind, Blick auf Fjord, Stra\u00dfe etwas entfernt, 4G-Empfang, Batterie ist auch noch halb voll &#8230; nachteilig halt, dass das Auto gerade ausgek\u00fchlt ist.<\/p>\n<p>Eine gute halbe Stunde Fahren war bei der Au\u00dfentemperatur von nur noch 1\u00b0 (so warm war ich nicht angezogen bei der Wanderung!) sinnvoll, um das Auto wieder etwas aufzuw\u00e4rmen. Daf\u00fcr halt einen Platz nah an der Stra\u00dfe, was soll&#8217;s.<\/p>\n<p><a href='http:\/\/extra.inmontanis.info\/d\/71606-2\/DSC07982.jpg'><img src=http:\/\/extra.inmontanis.info\/d\/71605-3\/DSC07982.jpg \/><\/a><br \/>\n^ Parkplatz etwas nah an der Stra\u00dfe, aber Fjordblick<\/p>\n<p><a href='http:\/\/extra.inmontanis.info\/d\/71610-2\/DSC08011.jpg'><img src=http:\/\/extra.inmontanis.info\/d\/71609-3\/DSC08011.jpg \/><\/a><br \/>\n^ 20:18 Uhr, paar Nordlichter<\/p>\n","protected":false},"excerpt":{"rendered":"<p>8.10.2021<\/p>\n<p>Heute fr\u00fch waren die Berge etwas schneebdeckt, hat wohl auf ca. 200hm runtergeschneit. Interessanter Haltepunkt f\u00fcr heute w\u00e4re mal wieder ein ehemaliges (zerst\u00f6rtes) deutsches K\u00fcstenfort, das man auf einem schlechten Fahrweg entweder mit dem Auto oder eben offizieller, mit einer Wanderung auf selbigem, erreichen kann.<\/p>\n<p>Obwohl mal wieder trocken gemeldet war, nieselte es immer <a href=\"http:\/\/blog.inmontanis.info\/?p=7180\">[&#8230;]<\/a><\/p>\n","protected":false},"author":1,"featured_media":7183,"comment_status":"closed","ping_status":"closed","sticky":false,"template":"","format":"standard","meta":{"footnotes":""},"categories":[185,18,32,30],"tags":[51,37,96,45],"class_list":["post-7180","post","type-post","status-publish","format-standard","has-post-thumbnail","hentry","category-2021-08-skandinavien","category-norwegennorway","category-lostplaces","category-wandern","tag-architektur","tag-meer","tag-polarlicht","tag-see","odd"],"_links":{"self":[{"href":"http:\/\/blog.inmontanis.info\/index.php?rest_route=\/wp\/v2\/posts\/7180","targetHints":{"allow":["GET"]}}],"collection":[{"href":"http:\/\/blog.inmontanis.info\/index.php?rest_route=\/wp\/v2\/posts"}],"about":[{"href":"http:\/\/blog.inmontanis.info\/index.php?rest_route=\/wp\/v2\/types\/post"}],"author":[{"embeddable":true,"href":"http:\/\/blog.inmontanis.info\/index.php?rest_route=\/wp\/v2\/users\/1"}],"replies":[{"embeddable":true,"href":"http:\/\/blog.inmontanis.info\/index.php?rest_route=%2Fwp%2Fv2%2Fcomments&post=7180"}],"version-history":[{"count":3,"href":"http:\/\/blog.inmontanis.info\/index.php?rest_route=\/wp\/v2\/posts\/7180\/revisions"}],"predecessor-version":[{"id":7184,"href":"http:\/\/blog.inmontanis.info\/index.php?rest_route=\/wp\/v2\/posts\/7180\/revisions\/7184"}],"wp:featuredmedia":[{"embeddable":true,"href":"http:\/\/blog.inmontanis.info\/index.php?rest_route=\/wp\/v2\/media\/7183"}],"wp:attachment":[{"href":"http:\/\/blog.inmontanis.info\/index.php?rest_route=%2Fwp%2Fv2%2Fmedia&parent=7180"}],"wp:term":[{"taxonomy":"category","embeddable":true,"href":"http:\/\/blog.inmontanis.info\/index.php?rest_route=%2Fwp%2Fv2%2Fcategories&post=7180"},{"taxonomy":"post_tag","embeddable":true,"href":"http:\/\/blog.inmontanis.info\/index.php?rest_route=%2Fwp%2Fv2%2Ftags&post=7180"}],"curies":[{"name":"wp","href":"https:\/\/api.w.org\/{rel}","templated":true}]}}