{"id":7175,"date":"2021-10-07T18:56:42","date_gmt":"2021-10-07T16:56:42","guid":{"rendered":"http:\/\/blog.inmontanis.info\/?p=7175"},"modified":"2021-10-11T19:14:44","modified_gmt":"2021-10-11T17:14:44","slug":"nordvagen-skilift-quasi-am-nordkapp-7-10-2021","status":"publish","type":"post","link":"http:\/\/blog.inmontanis.info\/?p=7175","title":{"rendered":"Nordv\u00e5gen (Skilift quasi am Nordkapp), 7.10.2021"},"content":{"rendered":"<p><strong>6.10.2021<\/strong> <\/p>\n<p>Auch vormittags immer mal wieder kurzer Regen und st\u00fcrmisch, so dass ich hier am Nordkapp gar nicht nochmal irgendwie irgendwo rumlaufen wollte.<\/p>\n<p>Wanderungstechnisch wartete ich mal einige Zeit lang auf stabileres Wetter, denn es gab immer mal wieder einen kleinen Niesel- oder Regenschauer. H\u00e4tte aber vielleicht doch gleich gehen sollen, um 12:30 sagte die Kurzfristregenrdarvorhersage f\u00fcr 13:20\/13:30 einen gr\u00f6\u00dferen Regenschauer voraus. Um 13h wurde dann auch f\u00fcr 14:10\/15:00 ein Regenschauerdurchzug angezeigt.<\/p>\n<p>Regen gabs dann mal mehr mal weniger stark quasi durchgehend (zumindest leichter Niesel) bis 14:05 und nach kurzer Pause gings weiter. Irgendwann hatte ich dann keine Lust mehr zu warten und hab mir meinen Nachtplatz gesucht. Nat\u00fcrlich w\u00e4re es dann doch noch etwas besser geworden, aber Wind war trotzdem weiterhin stark.<\/p>\n<p><a href='http:\/\/extra.inmontanis.info\/d\/71394-2\/DSC07765.jpg'><img src=http:\/\/extra.inmontanis.info\/d\/71393-3\/DSC07765.jpg \/><\/a><br \/>\n^ Am Nordkappparkplatz um 7:40 Uhr. Heute ein Arbeitstag am Nordkapp, hat auch nicht jeder ;) Allerdings schei\u00df windig.<\/p>\n<p><a href='http:\/\/extra.inmontanis.info\/d\/71398-2\/DSC07768.jpg'><img src=http:\/\/extra.inmontanis.info\/d\/71397-3\/DSC07768.jpg \/><\/a><br \/>\n^ Sp\u00e4ter ein Regenbogen<\/p>\n<p><a href='http:\/\/extra.inmontanis.info\/d\/71402-2\/DSC07775.jpg'><img src=http:\/\/extra.inmontanis.info\/d\/71401-3\/DSC07775.jpg \/><\/a><br \/>\n^ Wieder an einem der Parkpl\u00e4tze weiter s\u00fcdlich, wo ich f\u00fcr die Nacht stehen blieb<\/p>\n<p><a href='http:\/\/extra.inmontanis.info\/d\/71406-2\/DSC07783.jpg'><img src=http:\/\/extra.inmontanis.info\/d\/71405-3\/DSC07783.jpg \/><\/a><br \/>\n^ Paar Nordlichter gab&#8217;s, aber auch viele Wolken. (19:06 Uhr)<\/p>\n<p><a href='http:\/\/extra.inmontanis.info\/d\/71410-2\/DSC07788.jpg'><img src=http:\/\/extra.inmontanis.info\/d\/71409-3\/DSC07788.jpg \/><\/a><br \/>\n^ Nordlichter heute mal durch die Windschutzscheibe fotografiert<\/p>\n<p><a href='http:\/\/extra.inmontanis.info\/d\/71414-2\/DSC07790.jpg'><img src=http:\/\/extra.inmontanis.info\/d\/71413-3\/DSC07790.jpg \/><\/a><\/p>\n<p><a href='http:\/\/extra.inmontanis.info\/d\/71418-2\/DSC07792.jpg'><img src=http:\/\/extra.inmontanis.info\/d\/71417-3\/DSC07792.jpg \/><\/a><br \/>\n^ 19:17 Uhr<\/p>\n<p><strong>7.10.2021<\/strong> <\/p>\n<p>Vormittags mal Gaupelschauer am Supermarktparkplatz. Als ich zu Mittag das zweite Mal heut im Supermarkt war, kam sp\u00e4ter ein Angestellter mit einem Korb und meinte, es sei hier nicht erlaubt, die Sachen in die eigene Einkaufst\u00fcte zu stecken &#8211; obwohl ich so schon die ganze Zeit in Norwegen und Schweden eingekauft hab und nur selten mal einen Korb nehme und noch nie jemand was gesagt hat?!<\/p>\n<p>An der Shell-Ex-Esso-Tankstelle nebendran einen Burger Grill mit Dirty Fries um ca. 6,90 \u20ac  gekauft. Das Benzin kostete hier oben \u00fcber 19,50 NOK, ich verkniff es mir. Zudem wird entweder die norwegische Krone st\u00e4rker oder der Euro weicher. Mitte August wurde die Kreditkartenzahlungen mit 1 \u20ac = 10,253 NOK umgerechnet, aktuell ist 1 \u20ac = 9,769 NOK, d.h. ich bekomm 5% weniger NOK um meinen Euro als zu Beginn meiner Reise.<\/p>\n<p><a href='http:\/\/extra.inmontanis.info\/d\/71422-2\/DSC07805.jpg'><img src=http:\/\/extra.inmontanis.info\/d\/71421-3\/DSC07805.jpg \/><\/a><br \/>\n^ Roller Burger oder wie auch immer er in den diversen Tankstellen hei\u00dft, heute mal mit Pommes und ich entschied mich f\u00fcr eine leckere Mischung aus Bernaise, Ketchup und Glaze &#8211; Saucen.<\/p>\n<p><a href='http:\/\/extra.inmontanis.info\/d\/71426-2\/DSC07806.jpg'><img src=http:\/\/extra.inmontanis.info\/d\/71425-3\/DSC07806.jpg \/><\/a><br \/>\n^ Honningsv\u00e5g<\/p>\n<p><a href='http:\/\/extra.inmontanis.info\/d\/71430-2\/DSC07807.jpg'><img src=http:\/\/extra.inmontanis.info\/d\/71429-3\/DSC07807.jpg \/><\/a><br \/>\n^ Honningsv\u00e5g<\/p>\n<p><a href='http:\/\/extra.inmontanis.info\/d\/71434-2\/DSC07810.jpg'><img src=http:\/\/extra.inmontanis.info\/d\/71433-3\/DSC07810.jpg \/><\/a><br \/>\n^ Zwischen Honningsv\u00e5g und Nordv\u00e5gen, wo sich das Skigebiet auf der &#8220;Nordkapp&#8221;-Insel befindet<\/p>\n<p><a href='http:\/\/extra.inmontanis.info\/d\/71438-2\/DSC07812.jpg'><img src=http:\/\/extra.inmontanis.info\/d\/71437-3\/DSC07812.jpg \/><\/a><br \/>\n^ Nordv\u00e5gen mit seinem Skigebiet<\/p>\n<p>Mal abgesehen von dem (angeblichen?) Seillift auf Spitzbergen, k\u00f6nnte der SL in Nordv\u00e5gen der n\u00f6rdlichste Skilift der Welt sein, jedenfalls ist er noch ein St\u00fcck n\u00f6rdlicher als der Lift in Hammerfest, 70,99\u00b0N lt. GE. Wie so h\u00e4ufig im hohen Norden Skandinaviens (Finnland + glaub auch Russland abgesehen), startet die Skisaison hier aber erst sp\u00e4t, Ende Januar oder Februar. Ob ich den heuer besuchen kann und will, ist also fraglich.<\/p>\n<p>Waren es zu Mittag noch 5\u00b0C, gab es sp\u00e4ter im Skigebiet erst Graupel-, dann Schneeschauer.<\/p>\n<p><a href='http:\/\/ski.inmontanis.info\/d\/297777-2\/DSC07814.jpg'><img src=http:\/\/ski.inmontanis.info\/d\/297775-3\/DSC07814.jpg \/><\/a><br \/>\n^ Lift und unterer (steilerer ) Teil der Abfahrt<\/p>\n<p><a href='http:\/\/ski.inmontanis.info\/d\/297781-2\/DSC07821.jpg'><img src=http:\/\/ski.inmontanis.info\/d\/297780-3\/DSC07821.jpg \/><\/a><br \/>\n^ Abfahrt mit Fjordblick. Sonne wird man im Winter wohl auch nur selten haben.<\/p>\n<p><a href='http:\/\/ski.inmontanis.info\/d\/297785-2\/DSC07823.jpg'><img src=http:\/\/ski.inmontanis.info\/d\/297784-3\/DSC07823.jpg \/><\/a><br \/>\n^ Oberer Teil<\/p>\n<p><a href='http:\/\/ski.inmontanis.info\/d\/297789-2\/DSC07824.jpg'><img src=http:\/\/ski.inmontanis.info\/d\/297788-3\/DSC07824.jpg \/><\/a><br \/>\n^ Abfahrt mit Fjordblick<\/p>\n<p><a href='http:\/\/ski.inmontanis.info\/d\/297793-2\/DSC07825.jpg'><img src=http:\/\/ski.inmontanis.info\/d\/297792-3\/DSC07825.jpg \/><\/a><br \/>\n^ Bergstation<\/p>\n<p><a href='http:\/\/ski.inmontanis.info\/d\/297797-2\/DSC07826.jpg'><img src=http:\/\/ski.inmontanis.info\/d\/297796-3\/DSC07826.jpg \/><\/a><br \/>\n^ Zu dem \u00dcbergang da hinten kommt man wohl noch relativ leicht mit Skiern hin<\/p>\n<p><a href='http:\/\/ski.inmontanis.info\/d\/297801-2\/DSC07831.jpg'><img src=http:\/\/ski.inmontanis.info\/d\/297800-3\/DSC07831.jpg \/><\/a><br \/>\n^ SL und Fjordblick<\/p>\n<p><a href='http:\/\/ski.inmontanis.info\/d\/297805-2\/DSC07834.jpg'><img src=http:\/\/ski.inmontanis.info\/d\/297804-3\/DSC07834.jpg \/><\/a><br \/>\n^ SL und Fjordblick, evtl. erreichbarer Offpistebereich hier<\/p>\n<p><a href='http:\/\/ski.inmontanis.info\/d\/297809-2\/DSC07839.jpg'><img src=http:\/\/ski.inmontanis.info\/d\/297808-3\/DSC07839.jpg \/><\/a><br \/>\n^ Geht man den \u00dcbergang noch etwas weiter, hat man dieses Pano, es gab gerade einen Graupelschauer<\/p>\n<p><a href='http:\/\/ski.inmontanis.info\/d\/297813-2\/DSC07841.jpg'><img src=http:\/\/ski.inmontanis.info\/d\/297812-3\/DSC07841.jpg \/><\/a><br \/>\n^ .. bzw. gedreht dieses Pano; auf dem Berg links der Bildmitte ging wohl die Wanderung von vorgestern<\/p>\n<p><a href='http:\/\/ski.inmontanis.info\/d\/297817-2\/DSC07842.jpg'><img src=http:\/\/ski.inmontanis.info\/d\/297816-3\/DSC07842.jpg \/><\/a><br \/>\n^ SL und Fjordblick<\/p>\n<p><a href='http:\/\/ski.inmontanis.info\/d\/297821-2\/DSC07846.jpg'><img src=http:\/\/ski.inmontanis.info\/d\/297820-3\/DSC07846.jpg \/><\/a><br \/>\n^ Bergstation und Fjord<\/p>\n<p><a href='http:\/\/ski.inmontanis.info\/d\/297825-2\/DSC07847.jpg'><img src=http:\/\/ski.inmontanis.info\/d\/297824-3\/DSC07847.jpg \/><\/a><br \/>\n^ SL und Fjord<\/p>\n<p><a href='http:\/\/ski.inmontanis.info\/d\/297829-2\/DSC07849.jpg'><img src=http:\/\/ski.inmontanis.info\/d\/297828-3\/DSC07849.jpg \/><\/a><br \/>\n^ Der linke Berggrat b\u00f6te vermutlich einen Blick aufs offene Meer, aber da muss man schon etwas weiter aufsteigen, schade. Immerhin kann man vermutlich offpistem\u00e4\u00dfig noch in den Graben fahren<\/p>\n<p><a href='http:\/\/ski.inmontanis.info\/d\/297833-2\/DSC07851.jpg'><img src=http:\/\/ski.inmontanis.info\/d\/297832-3\/DSC07851.jpg \/><\/a><br \/>\n^ Weiter hinauf geht vmtl. eine beleuchtete Langlaufloipe?<\/p>\n<p><a href='http:\/\/ski.inmontanis.info\/d\/297837-2\/DSC07853.jpg'><img src=http:\/\/ski.inmontanis.info\/d\/297836-3\/DSC07853.jpg \/><\/a><br \/>\n^ Es folgte ein kurzer Schneeschauer<\/p>\n<p><a href='http:\/\/ski.inmontanis.info\/d\/297841-2\/DSC07859.jpg'><img src=http:\/\/ski.inmontanis.info\/d\/297840-3\/DSC07859.jpg \/><\/a><br \/>\n^ Abfahrt mit Fjordblick<\/p>\n<p><a href='http:\/\/ski.inmontanis.info\/d\/297845-2\/DSC07863.jpg'><img src=http:\/\/ski.inmontanis.info\/d\/297844-3\/DSC07863.jpg \/><\/a><br \/>\n^ SL und Fjord<\/p>\n<p><a href='http:\/\/ski.inmontanis.info\/d\/297849-2\/DSC07864.jpg'><img src=http:\/\/ski.inmontanis.info\/d\/297848-3\/DSC07864.jpg \/><\/a><br \/>\n^ SL und auch im Winter nicht gefrorener Fjord<\/p>\n<p><a href='http:\/\/ski.inmontanis.info\/d\/297853-2\/DSC07866.jpg'><img src=http:\/\/ski.inmontanis.info\/d\/297852-3\/DSC07866.jpg \/><\/a><br \/>\n^ Unterer Teil Lift und Abfahrt<\/p>\n<p><a href='http:\/\/ski.inmontanis.info\/d\/297857-2\/ge20211007b.jpg'><img src=http:\/\/ski.inmontanis.info\/d\/297856-3\/ge20211007b.jpg \/><\/a><br \/>\n^ GPS-Track der heutigen Wanderung; Magenta ist der Lift; lt. Tracker (Wanderung) 4,8km, 250hm, knapp 2h.<\/p>\n<p>Weitere Bilder aus dem Skigebiet, interessant w\u00e4rs ja schon hier:<\/p>\n<p><a href='https:\/\/www.youtube.com\/watch?v=WE99hr6vptQ'>https:\/\/www.youtube.com\/watch?v=WE99hr6vptQ<\/a><\/p>\n<p><a href='https:\/\/www.facebook.com\/pg\/Nordkapp-Alpinklubb-354982151284491\/photos\/?ref=page_internal'>https:\/\/www.facebook.com\/pg\/Nordkapp-Alpinklubb-354982151284491\/photos\/?ref=page_internal<\/a><\/p>\n<p><a href='http:\/\/extra.inmontanis.info\/d\/71442-2\/DSC07871.jpg'><img src=http:\/\/extra.inmontanis.info\/d\/71441-3\/DSC07871.jpg \/><\/a><br \/>\n^ Dauerte einige Tage, bis ich diese Fischkuchen\/Frikadellen aufgegessen hab; schmeckten zwar durchaus nach Fisch, aber konsistenztechnisch wie das Eiwei\u00df von einem Ei (also komplett fein zermahlen und gummiartig), aber das wusste ich ja bereits. Hin und wieder durchaus OK, aber diese Packungsgr\u00f6\u00dfe ist zu viel, 4 Tage hintereinader &#8230; muss nicht sein.<\/p>\n<p><a href='http:\/\/extra.inmontanis.info\/d\/71446-2\/DSC07877.jpg'><img src=http:\/\/extra.inmontanis.info\/d\/71445-3\/DSC07877.jpg \/><\/a><br \/>\n^ Endlich besuchte mich heut Abend mal eine Rentierherde<\/p>\n<p><a href='http:\/\/extra.inmontanis.info\/d\/71450-2\/DSC07879.jpg'><img src=http:\/\/extra.inmontanis.info\/d\/71449-3\/DSC07879.jpg \/><\/a><br \/>\n^ .. und zwar eine gr\u00f6\u00dfere Menge. Nordlichter nicht lohnenswert heute.<\/p>\n","protected":false},"excerpt":{"rendered":"<p>6.10.2021 <\/p>\n<p>Auch vormittags immer mal wieder kurzer Regen und st\u00fcrmisch, so dass ich hier am Nordkapp gar nicht nochmal irgendwie irgendwo rumlaufen wollte.<\/p>\n<p>Wanderungstechnisch wartete ich mal einige Zeit lang auf stabileres Wetter, denn es gab immer mal wieder einen kleinen Niesel- oder Regenschauer. H\u00e4tte aber vielleicht doch gleich gehen sollen, um 12:30 sagte <a href=\"http:\/\/blog.inmontanis.info\/?p=7175\">[&#8230;]<\/a><\/p>\n","protected":false},"author":1,"featured_media":7178,"comment_status":"closed","ping_status":"closed","sticky":false,"template":"","format":"standard","meta":{"footnotes":""},"categories":[185,18,30],"tags":[37,96,45,47],"class_list":["post-7175","post","type-post","status-publish","format-standard","has-post-thumbnail","hentry","category-2021-08-skandinavien","category-norwegennorway","category-wandern","tag-meer","tag-polarlicht","tag-see","tag-sl","odd"],"_links":{"self":[{"href":"http:\/\/blog.inmontanis.info\/index.php?rest_route=\/wp\/v2\/posts\/7175","targetHints":{"allow":["GET"]}}],"collection":[{"href":"http:\/\/blog.inmontanis.info\/index.php?rest_route=\/wp\/v2\/posts"}],"about":[{"href":"http:\/\/blog.inmontanis.info\/index.php?rest_route=\/wp\/v2\/types\/post"}],"author":[{"embeddable":true,"href":"http:\/\/blog.inmontanis.info\/index.php?rest_route=\/wp\/v2\/users\/1"}],"replies":[{"embeddable":true,"href":"http:\/\/blog.inmontanis.info\/index.php?rest_route=%2Fwp%2Fv2%2Fcomments&post=7175"}],"version-history":[{"count":3,"href":"http:\/\/blog.inmontanis.info\/index.php?rest_route=\/wp\/v2\/posts\/7175\/revisions"}],"predecessor-version":[{"id":7179,"href":"http:\/\/blog.inmontanis.info\/index.php?rest_route=\/wp\/v2\/posts\/7175\/revisions\/7179"}],"wp:featuredmedia":[{"embeddable":true,"href":"http:\/\/blog.inmontanis.info\/index.php?rest_route=\/wp\/v2\/media\/7178"}],"wp:attachment":[{"href":"http:\/\/blog.inmontanis.info\/index.php?rest_route=%2Fwp%2Fv2%2Fmedia&parent=7175"}],"wp:term":[{"taxonomy":"category","embeddable":true,"href":"http:\/\/blog.inmontanis.info\/index.php?rest_route=%2Fwp%2Fv2%2Fcategories&post=7175"},{"taxonomy":"post_tag","embeddable":true,"href":"http:\/\/blog.inmontanis.info\/index.php?rest_route=%2Fwp%2Fv2%2Ftags&post=7175"}],"curies":[{"name":"wp","href":"https:\/\/api.w.org\/{rel}","templated":true}]}}