{"id":7170,"date":"2021-10-05T20:10:38","date_gmt":"2021-10-05T18:10:38","guid":{"rendered":"http:\/\/blog.inmontanis.info\/?p=7170"},"modified":"2021-10-10T20:29:43","modified_gmt":"2021-10-10T18:29:43","slug":"nordlichter-am-nordkapp-5-10-2021","status":"publish","type":"post","link":"http:\/\/blog.inmontanis.info\/?p=7170","title":{"rendered":"Nordlichter am Nordkapp, 5.10.2021"},"content":{"rendered":"<p><strong>5.10.2021<\/strong> Teil 2: &#8211; Nordlichter am Nordkapp<\/p>\n<p>Als ich gegen 16 Uhr am Nordkapp ankam, suchte ich mir einen Platz mit sch\u00f6nem Blick zum Meer. Anfangs war der Wind noch schwach, wurde dann aber st\u00e4rker und an der Reling lauter. Die Toiletten hier am Parkplatz sind aber wohl leider zu, naja, daf\u00fcr muss man ja jetzt auch nichts mehr zahlen (wie vor einigen Tagen bereits berichtet).<\/p>\n<p>Heute Abend musste ich nat\u00fcrlich doch endlich mal in der Dunkelheit rausgehen, um ein paar Nachtbilder von der Weltkugel mit Nordlichtern zu machen. War zwar nicht so viel los, aber zu viel ist manchmal ja auch nicht sch\u00f6n. Es w\u00e4re ja eigentlich nicht so kalt gewesen, aber mit dem st\u00fcrmischen Wind dann doch auf Dauer.<\/p>\n<p><a href='http:\/\/extra.inmontanis.info\/d\/71190-2\/DSC07597.jpg'><img src=http:\/\/extra.inmontanis.info\/d\/71189-3\/DSC07597.jpg \/><\/a><br \/>\n^ E69 zum Nordkapp<\/p>\n<p><a href='http:\/\/extra.inmontanis.info\/d\/71194-2\/DSC07599.jpg'><img src=http:\/\/extra.inmontanis.info\/d\/71193-3\/DSC07599.jpg \/><\/a><br \/>\n^ E69 zum Nordkapp, Ziel in Sicht (rechts der Bildmitte)<\/p>\n<p><a href='http:\/\/extra.inmontanis.info\/d\/71198-2\/DSC07606.jpg'><img src=http:\/\/extra.inmontanis.info\/d\/71197-3\/DSC07606.jpg \/><\/a><br \/>\n^ <\/p>\n<p><a href='http:\/\/extra.inmontanis.info\/d\/71202-2\/DSC07607.jpg'><img src=http:\/\/extra.inmontanis.info\/d\/71201-3\/DSC07607.jpg \/><\/a><br \/>\n^ E69 zum Nordkapp<\/p>\n<p><a href='http:\/\/extra.inmontanis.info\/d\/71206-2\/DSC07612.jpg'><img src=http:\/\/extra.inmontanis.info\/d\/71205-3\/DSC07612.jpg \/><\/a><br \/>\n^ Pano westlich vom Zaunende<\/p>\n<p><a href='http:\/\/extra.inmontanis.info\/d\/71210-2\/DSC07613.jpg'><img src=http:\/\/extra.inmontanis.info\/d\/71209-3\/DSC07613.jpg \/><\/a><br \/>\n^ Steilklippen am Meer sind immer wieder sch\u00f6n<\/p>\n<p><a href='http:\/\/extra.inmontanis.info\/d\/71214-2\/DSC07617.jpg'><img src=http:\/\/extra.inmontanis.info\/d\/71213-3\/DSC07617.jpg \/><\/a><br \/>\n^ <\/p>\n<p><a href='http:\/\/extra.inmontanis.info\/d\/71218-2\/DSC07619.jpg'><img src=http:\/\/extra.inmontanis.info\/d\/71217-3\/DSC07619.jpg \/><\/a><br \/>\n^ Rechts oben ist der Globus<\/p>\n<p><a href='http:\/\/extra.inmontanis.info\/d\/71222-2\/DSC07625.jpg'><img src=http:\/\/extra.inmontanis.info\/d\/71221-3\/DSC07625.jpg \/><\/a><br \/>\n^ <\/p>\n<p><a href='http:\/\/extra.inmontanis.info\/d\/71226-2\/DSC07626.jpg'><img src=http:\/\/extra.inmontanis.info\/d\/71225-3\/DSC07626.jpg \/><\/a><br \/>\n^ <\/p>\n<p><a href='http:\/\/extra.inmontanis.info\/d\/71230-2\/DSC07627.jpg'><img src=http:\/\/extra.inmontanis.info\/d\/71229-3\/DSC07627.jpg \/><\/a><br \/>\n^ Hier beginnt der Fernwanderweg E1, der vom Nordkapp bis nach Sizilien (!) ca. 8000km (!) f\u00fchren soll. Das ist schon mit dem Auto eine weite Strecke (ca. 5100km), aber zu Fu\u00df?? Naja, auf den 2 F\u00e4hren kann man sich ja etwas ausruhen ;)<\/p>\n<p><a href='http:\/\/extra.inmontanis.info\/d\/71234-2\/DSC07631.jpg'><img src=http:\/\/extra.inmontanis.info\/d\/71233-3\/DSC07631.jpg \/><\/a><br \/>\n^ <\/p>\n<p><a href='http:\/\/extra.inmontanis.info\/d\/71238-2\/DSC07634.jpg'><img src=http:\/\/extra.inmontanis.info\/d\/71237-3\/DSC07634.jpg \/><\/a><br \/>\n^ Der Globus um 16:15<\/p>\n<p><a href='http:\/\/extra.inmontanis.info\/d\/71242-2\/DSC07637.jpg'><img src=http:\/\/extra.inmontanis.info\/d\/71241-3\/DSC07637.jpg \/><\/a><br \/>\n^ <\/p>\n<p><a href='http:\/\/extra.inmontanis.info\/d\/71246-2\/DSC07639.jpg'><img src=http:\/\/extra.inmontanis.info\/d\/71245-3\/DSC07639.jpg \/><\/a><br \/>\n^ \u00d6stlich des Zauns<\/p>\n<p><a href='http:\/\/extra.inmontanis.info\/d\/71250-2\/DSC07641.jpg'><img src=http:\/\/extra.inmontanis.info\/d\/71249-3\/DSC07641.jpg \/><\/a><br \/>\n^ \u00d6stlich des Zauns<\/p>\n<p><a href='http:\/\/extra.inmontanis.info\/d\/71254-2\/DSC07643.jpg'><img src=http:\/\/extra.inmontanis.info\/d\/71253-3\/DSC07643.jpg \/><\/a><br \/>\n^ Blick links zum Zentrum und Globus usw.<\/p>\n<p><a href='http:\/\/extra.inmontanis.info\/d\/71258-2\/DSC07645.jpg'><img src=http:\/\/extra.inmontanis.info\/d\/71257-3\/DSC07645.jpg \/><\/a><br \/>\n^ Ostblick<\/p>\n<p><a href='http:\/\/extra.inmontanis.info\/d\/71262-2\/DSC07647.jpg'><img src=http:\/\/extra.inmontanis.info\/d\/71261-3\/DSC07647.jpg \/><\/a><br \/>\n^ Plateau<\/p>\n<p><a href='http:\/\/extra.inmontanis.info\/d\/71266-2\/DSC07649.jpg'><img src=http:\/\/extra.inmontanis.info\/d\/71265-3\/DSC07649.jpg \/><\/a><br \/>\n^ 16:40, noch stand ich alleine hier rum, sp\u00e4ter wurde es voller. Und: st\u00fcrmischer<\/p>\n<p><a href='http:\/\/extra.inmontanis.info\/d\/71270-2\/DSC07651.jpg'><img src=http:\/\/extra.inmontanis.info\/d\/71269-3\/DSC07651.jpg \/><\/a><br \/>\n^ Ignis am Nordkapp<\/p>\n<p><a href='http:\/\/extra.inmontanis.info\/d\/71274-2\/DSC07652.jpg'><img src=http:\/\/extra.inmontanis.info\/d\/71273-3\/DSC07652.jpg \/><\/a><br \/>\n^ Heute gibt&#8217;s das vor einigen Tagen im Angebot gekaufte Fertiggericht, die Elch-Frikadellen mit Kartoffelp\u00fcree und Preisselbeeren<\/p>\n<p><a href='http:\/\/extra.inmontanis.info\/d\/71278-2\/DSC07655.jpg'><img src=http:\/\/extra.inmontanis.info\/d\/71277-3\/DSC07655.jpg \/><\/a><br \/>\n^ Ausblick aus dem Fenster um 18:03 Uhr<\/p>\n<p><a href='http:\/\/extra.inmontanis.info\/d\/71282-2\/DSC07668.jpg'><img src=http:\/\/extra.inmontanis.info\/d\/71281-3\/DSC07668.jpg \/><\/a><br \/>\n^ um 19:37 war es dunkel genug und die Nordlichter waren auch schon im Gange<\/p>\n<p><a href='http:\/\/extra.inmontanis.info\/d\/71286-2\/DSC07676.jpg'><img src=http:\/\/extra.inmontanis.info\/d\/71285-3\/DSC07676.jpg \/><\/a><br \/>\n^ Teilweise noch sehr schwache Nordlichter<\/p>\n<p><a href='http:\/\/extra.inmontanis.info\/d\/71290-2\/DSC07678.jpg'><img src=http:\/\/extra.inmontanis.info\/d\/71289-3\/DSC07678.jpg \/><\/a><br \/>\n^ Blick aus dem Fenster um 19:42, so langsam werd ich doch mal aussteigen m\u00fcssen. K\u00f6nnte ja sp\u00e4ter bew\u00f6lkter werden.<\/p>\n<p><a href='http:\/\/extra.inmontanis.info\/d\/71294-2\/DSC07681.jpg'><img src=http:\/\/extra.inmontanis.info\/d\/71293-3\/DSC07681.jpg \/><\/a><br \/>\n^ 19:53 (2sec, ISO 12800). Es war starker Sturm, so dass ich erst gar nicht das Stativ mitnahm, sondern die Cam auf dem Gel\u00e4nder des Zauns bzw. sp\u00e4ter dann auf Steine am Boden stellte.<\/p>\n<p><a href='http:\/\/extra.inmontanis.info\/d\/71298-2\/DSC07688.jpg'><img src=http:\/\/extra.inmontanis.info\/d\/71297-3\/DSC07688.jpg \/><\/a><br \/>\n^ 19:53 (2sec, ISO 12800); selbst mit Cam auf dem Gel\u00e4nder waren die Bilder nicht alle wackelfrei<\/p>\n<p><a href='http:\/\/extra.inmontanis.info\/d\/71302-2\/DSC07691.jpg'><img src=http:\/\/extra.inmontanis.info\/d\/71301-3\/DSC07691.jpg \/><\/a><br \/>\n^ 20:00 (6sec ISO 5000) &#8211; Globus und Nordlichter und Versuch mit Taschenlampe beleuchteter Vordergrund<\/p>\n<p><a href='http:\/\/extra.inmontanis.info\/d\/71306-2\/DSC07694.jpg'><img src=http:\/\/extra.inmontanis.info\/d\/71305-3\/DSC07694.jpg \/><\/a><br \/>\n^ 20:01 (4sec ISO 10000)<\/p>\n<p><a href='http:\/\/extra.inmontanis.info\/d\/71310-2\/DSC07695.jpg'><img src=http:\/\/extra.inmontanis.info\/d\/71309-3\/DSC07695.jpg \/><\/a><br \/>\n^ 20:02 (4sec ISO 10000)<\/p>\n<p><a href='http:\/\/extra.inmontanis.info\/d\/71314-2\/DSC07697.jpg'><img src=http:\/\/extra.inmontanis.info\/d\/71313-3\/DSC07697.jpg \/><\/a><br \/>\n^ 20:04 (8sec ISO 3200), da ging ein Deutscher mit Hund spazieren, beide trugen eine schwache LED und f\u00fchrten zu den Lichtspuren<\/p>\n<p><a href='http:\/\/extra.inmontanis.info\/d\/71318-2\/DSC07702.jpg'><img src=http:\/\/extra.inmontanis.info\/d\/71317-3\/DSC07702.jpg \/><\/a><br \/>\n^ 20:08 (10sec ISO 3200)<\/p>\n<p><a href='http:\/\/extra.inmontanis.info\/d\/71322-2\/DSC07703.jpg'><img src=http:\/\/extra.inmontanis.info\/d\/71321-3\/DSC07703.jpg \/><\/a><br \/>\n^ 20:10 (10sec ISO 1000) &#8211; nun steht die Cam schr\u00e4g auf dem Boden<\/p>\n<p><a href='http:\/\/extra.inmontanis.info\/d\/71326-2\/DSC07704.jpg'><img src=http:\/\/extra.inmontanis.info\/d\/71325-3\/DSC07704.jpg \/><\/a><br \/>\n^ 20:11 (10sec ISO 800) &#8211; andere hatten eine hellere Lampe dabei. Hatte auch nix dagegen.<\/p>\n<p><a href='http:\/\/extra.inmontanis.info\/d\/71330-2\/DSC07710.jpg'><img src=http:\/\/extra.inmontanis.info\/d\/71329-3\/DSC07710.jpg \/><\/a><br \/>\n^ 20:14 (3,2sec ISO 8000)<\/p>\n<p><a href='http:\/\/extra.inmontanis.info\/d\/71334-2\/DSC07711.jpg'><img src=http:\/\/extra.inmontanis.info\/d\/71333-3\/DSC07711.jpg \/><\/a><br \/>\n^ 20:15 (5sec ISO 2500)<\/p>\n<p><a href='http:\/\/extra.inmontanis.info\/d\/71338-2\/DSC07712.jpg'><img src=http:\/\/extra.inmontanis.info\/d\/71337-3\/DSC07712.jpg \/><\/a><br \/>\n^ 20:16 (5sec ISO 2000)  &#8211; der Globus mit Sternenhimmel ist auch bei geringer Nordlichtaktivit\u00e4t fotogen<\/p>\n<p><a href='http:\/\/extra.inmontanis.info\/d\/71342-2\/DSC07713.jpg'><img src=http:\/\/extra.inmontanis.info\/d\/71341-3\/DSC07713.jpg \/><\/a><br \/>\n^ 20:16 (6sec ISO 1600)<\/p>\n<p><a href='http:\/\/extra.inmontanis.info\/d\/71346-2\/DSC07713-2.jpg'><img src=http:\/\/extra.inmontanis.info\/d\/71345-3\/DSC07713-2.jpg \/><\/a><br \/>\n^ 20:16 (6sec ISO 1600)<\/p>\n<p><a href='http:\/\/extra.inmontanis.info\/d\/71350-2\/DSC07716.jpg'><img src=http:\/\/extra.inmontanis.info\/d\/71349-3\/DSC07716.jpg \/><\/a><br \/>\n^ Blick aufs offene Meer (20:18, 6sec ISO 8000)<\/p>\n<p><a href='http:\/\/extra.inmontanis.info\/d\/71354-2\/DSC07718.jpg'><img src=http:\/\/extra.inmontanis.info\/d\/71353-3\/DSC07718.jpg \/><\/a><br \/>\n^ 20:19 (8sec ISO 4000)<\/p>\n<p><a href='http:\/\/extra.inmontanis.info\/d\/71358-2\/DSC07722.jpg'><img src=http:\/\/extra.inmontanis.info\/d\/71357-3\/DSC07722.jpg \/><\/a><br \/>\n^ 20:22 (8sec ISO 3200)<\/p>\n<p><a href='http:\/\/extra.inmontanis.info\/d\/71362-2\/DSC07722-2.jpg'><img src=http:\/\/extra.inmontanis.info\/d\/71361-3\/DSC07722-2.jpg \/><\/a><br \/>\n^ 20:22 (8sec ISO 3200)<\/p>\n<p><a href='http:\/\/extra.inmontanis.info\/d\/71366-2\/DSC07723.jpg'><img src=http:\/\/extra.inmontanis.info\/d\/71365-3\/DSC07723.jpg \/><\/a><br \/>\n^ 20:23 (8sec ISO 1600)<\/p>\n<p><a href='http:\/\/extra.inmontanis.info\/d\/71370-2\/DSC07725.jpg'><img src=http:\/\/extra.inmontanis.info\/d\/71369-3\/DSC07725.jpg \/><\/a><br \/>\n^ 20:25 (6sec ISO 4000)<\/p>\n<p><a href='http:\/\/extra.inmontanis.info\/d\/71374-2\/DSC07727.jpg'><img src=http:\/\/extra.inmontanis.info\/d\/71373-3\/DSC07727.jpg \/><\/a><br \/>\n^ 20:27 (6sec ISO 12800)<\/p>\n<p><a href='http:\/\/extra.inmontanis.info\/d\/71378-2\/DSC07754.jpg'><img src=http:\/\/extra.inmontanis.info\/d\/71377-3\/DSC07754.jpg \/><\/a><br \/>\n^ 21:32 aus dem Auto (4sec)<\/p>\n<p><a href='http:\/\/extra.inmontanis.info\/d\/71382-2\/DSC07755.jpg'><img src=http:\/\/extra.inmontanis.info\/d\/71381-3\/DSC07755.jpg \/><\/a><br \/>\n^ 21:34 \u00fcber den Parkplatz<\/p>\n<p><a href='http:\/\/extra.inmontanis.info\/d\/71386-2\/DSC07757.jpg'><img src=http:\/\/extra.inmontanis.info\/d\/71385-3\/DSC07757.jpg \/><\/a><br \/>\n^ 22:18, \u00fcber dem Parkplatz ging&#8217;s jetzt so richtig ab, aber ich hatte keine Lust mehr, nochmals rauszugehen und wollte eh jetzt ins Bett gehen<\/p>\n<p><a href='http:\/\/extra.inmontanis.info\/d\/71390-2\/DSC07760.jpg'><img src=http:\/\/extra.inmontanis.info\/d\/71389-3\/DSC07760.jpg \/><\/a><br \/>\n^ 22:19; man sieht auch, es ist viel bew\u00f6lkter als vorhin.<\/p>\n<p>Die Nacht verlief leider st\u00fcrmischer und regnerischer als gemeldet, wobei ich da f\u00fcr den Wind wohl auch etwas ung\u00fcnstig gestanden bin. Das Wohnmobil, das sich direkt hinter mir hingestellt hatte, ist in der Nacht weiter ins Innere gefl\u00fcchtet, die anderen vor mir waren aber auch um 6:30, als ich es aufgegeben hatte, noch Schlafen zu wollen, noch vor mir gestanden. Weiter oben w\u00e4re es jedenfalls auch viel angenehmer gewesen&#8230;<\/p>\n","protected":false},"excerpt":{"rendered":"<p>5.10.2021 Teil 2: &#8211; Nordlichter am Nordkapp<\/p>\n<p>Als ich gegen 16 Uhr am Nordkapp ankam, suchte ich mir einen Platz mit sch\u00f6nem Blick zum Meer. Anfangs war der Wind noch schwach, wurde dann aber st\u00e4rker und an der Reling lauter. Die Toiletten hier am Parkplatz sind aber wohl leider zu, naja, daf\u00fcr muss man ja <a href=\"http:\/\/blog.inmontanis.info\/?p=7170\">[&#8230;]<\/a><\/p>\n","protected":false},"author":1,"featured_media":7173,"comment_status":"closed","ping_status":"closed","sticky":false,"template":"","format":"standard","meta":{"footnotes":""},"categories":[185,18],"tags":[100,37,96],"class_list":["post-7170","post","type-post","status-publish","format-standard","has-post-thumbnail","hentry","category-2021-08-skandinavien","category-norwegennorway","tag-langzeitbelichtung","tag-meer","tag-polarlicht","odd"],"_links":{"self":[{"href":"http:\/\/blog.inmontanis.info\/index.php?rest_route=\/wp\/v2\/posts\/7170","targetHints":{"allow":["GET"]}}],"collection":[{"href":"http:\/\/blog.inmontanis.info\/index.php?rest_route=\/wp\/v2\/posts"}],"about":[{"href":"http:\/\/blog.inmontanis.info\/index.php?rest_route=\/wp\/v2\/types\/post"}],"author":[{"embeddable":true,"href":"http:\/\/blog.inmontanis.info\/index.php?rest_route=\/wp\/v2\/users\/1"}],"replies":[{"embeddable":true,"href":"http:\/\/blog.inmontanis.info\/index.php?rest_route=%2Fwp%2Fv2%2Fcomments&post=7170"}],"version-history":[{"count":2,"href":"http:\/\/blog.inmontanis.info\/index.php?rest_route=\/wp\/v2\/posts\/7170\/revisions"}],"predecessor-version":[{"id":7172,"href":"http:\/\/blog.inmontanis.info\/index.php?rest_route=\/wp\/v2\/posts\/7170\/revisions\/7172"}],"wp:featuredmedia":[{"embeddable":true,"href":"http:\/\/blog.inmontanis.info\/index.php?rest_route=\/wp\/v2\/media\/7173"}],"wp:attachment":[{"href":"http:\/\/blog.inmontanis.info\/index.php?rest_route=%2Fwp%2Fv2%2Fmedia&parent=7170"}],"wp:term":[{"taxonomy":"category","embeddable":true,"href":"http:\/\/blog.inmontanis.info\/index.php?rest_route=%2Fwp%2Fv2%2Fcategories&post=7170"},{"taxonomy":"post_tag","embeddable":true,"href":"http:\/\/blog.inmontanis.info\/index.php?rest_route=%2Fwp%2Fv2%2Ftags&post=7170"}],"curies":[{"name":"wp","href":"https:\/\/api.w.org\/{rel}","templated":true}]}}