{"id":7163,"date":"2021-10-05T12:05:28","date_gmt":"2021-10-05T10:05:28","guid":{"rendered":"http:\/\/blog.inmontanis.info\/?p=7163"},"modified":"2021-10-09T19:14:48","modified_gmt":"2021-10-09T17:14:48","slug":"stortind-wanderung-kurz-vorm-nordkapp-5-10-2021","status":"publish","type":"post","link":"http:\/\/blog.inmontanis.info\/?p=7163","title":{"rendered":"Stortind (Wanderung kurz vorm Nordkapp), 5.10.2021"},"content":{"rendered":"<p><strong>5.10.2021<\/strong> Teil 1: &#8211; Wanderung kurz vorm Nordkapp<\/p>\n<p>Bevor ich heute am Nordkapp ankam, wollte ich das sch\u00f6ne Wetter noch f\u00fcr eine Wanderung ausn\u00fctzen. Da g\u00e4be es auf der Insel hier einige nette, kurze Wanderungen &#8211; Stortind schien mir vielversprechend zu sein &#8211; und war es dann auch.<\/p>\n<p><a href='http:\/\/extra.inmontanis.info\/d\/71154-2\/DSC07517.jpg'><img src=http:\/\/extra.inmontanis.info\/d\/71153-3\/DSC07517.jpg \/><\/a><br \/>\n^ Entleerung M\u00fclleimer am Rastplatz, 1. hatte das was anales, wie der M\u00fcllsack da aus dem &#8220;Darm&#8221; oben rausglitt, 2. scheint eben dieser Darm etwas lang, so tief wird der Beh\u00e4lter da links wohl nicht in den Boden gehen?!<\/p>\n<p>\u00dcbrigens beobachte ich immer wieder, wie Norweger ihre M\u00fclls\u00e4cke auf derartigen Rastplatz-M\u00fclleimern entsorgen, obwohl ja eigentlich nur f\u00fcr Reiseabf\u00e4lle gedacht. <\/p>\n<p><a href='http:\/\/extra.inmontanis.info\/d\/71158-2\/DSC07519.jpg'><img src=http:\/\/extra.inmontanis.info\/d\/71157-3\/DSC07519.jpg \/><\/a><br \/>\n^ E69 richtung Honningsv\u00e5g\/Nordkapp<\/p>\n<p><a href='http:\/\/extra.inmontanis.info\/d\/71162-2\/DSC07521.jpg'><img src=http:\/\/extra.inmontanis.info\/d\/71161-3\/DSC07521.jpg \/><\/a><br \/>\n^ E69 richtung Honningsv\u00e5g\/Nordkapp, hier wird ein neuer Tunnel gebaut, der die Strecke mal wieder etwas abk\u00fcrzt.<\/p>\n<p><a href='http:\/\/extra.inmontanis.info\/d\/71166-2\/DSC07525.jpg'><img src=http:\/\/extra.inmontanis.info\/d\/71165-3\/DSC07525.jpg \/><\/a><br \/>\n^ &#8230; alter Tunnel, der demn\u00e4chst ersetzt wird ..<\/p>\n<p><a href='http:\/\/extra.inmontanis.info\/d\/71170-2\/DSC07528.jpg'><img src=http:\/\/extra.inmontanis.info\/d\/71169-3\/DSC07528.jpg \/><\/a><br \/>\n^ &#8230; und auch diese sch\u00f6ne Strecke wird durch den neuen Tunnel leider ersetzt<\/p>\n<p><a href='http:\/\/extra.inmontanis.info\/d\/71174-2\/DSC07532.jpg'><img src=http:\/\/extra.inmontanis.info\/d\/71173-3\/DSC07532.jpg \/><\/a><br \/>\n^ .. hier kommt der neue Tunnel raus<\/p>\n<p><a href='http:\/\/extra.inmontanis.info\/d\/71178-2\/DSC07535.jpg'><img src=http:\/\/extra.inmontanis.info\/d\/71177-3\/DSC07535.jpg \/><\/a><br \/>\n^ E69\/Porsangerfjord<\/p>\n<p><a href='http:\/\/extra.inmontanis.info\/d\/71182-2\/DSC07540.jpg'><img src=http:\/\/extra.inmontanis.info\/d\/71181-3\/DSC07540.jpg \/><\/a><br \/>\n^ E69 richtung Honningsv\u00e5g\/Nordkapp<\/p>\n<p><a href='http:\/\/extra.inmontanis.info\/d\/71186-2\/DSC07541.jpg'><img src=http:\/\/extra.inmontanis.info\/d\/71185-3\/DSC07541.jpg \/><\/a><br \/>\n^ .. das Haus steht als Film-Location angeschrieben (und als zu verkaufen)<\/p>\n<p><a href='http:\/\/extra.inmontanis.info\/d\/71074-2\/DSC07546.jpg'><img src=http:\/\/extra.inmontanis.info\/d\/71073-3\/DSC07546.jpg \/><\/a><br \/>\n^ E69 oberhalb Honningsv\u00e5g, hier beginnt die Wanderung zum Stortind<\/p>\n<p><a href='http:\/\/extra.inmontanis.info\/d\/71078-2\/DSC07551.jpg'><img src=http:\/\/extra.inmontanis.info\/d\/71077-3\/DSC07551.jpg \/><\/a><br \/>\n^ Stortind-Wanderung<\/p>\n<p><a href='http:\/\/extra.inmontanis.info\/d\/71082-2\/DSC07553.jpg'><img src=http:\/\/extra.inmontanis.info\/d\/71081-3\/DSC07553.jpg \/><\/a><br \/>\n^ Stortind-Wanderung<\/p>\n<p><a href='http:\/\/extra.inmontanis.info\/d\/71086-2\/DSC07554.jpg'><img src=http:\/\/extra.inmontanis.info\/d\/71085-3\/DSC07554.jpg \/><\/a><br \/>\n^ <\/p>\n<p><a href='http:\/\/extra.inmontanis.info\/d\/71090-2\/DSC07556.jpg'><img src=http:\/\/extra.inmontanis.info\/d\/71089-3\/DSC07556.jpg \/><\/a><br \/>\n^ Der Weg zum Gipfel f\u00fchrte dankenswerterweise nicht den ganzen steilen Schotterhang hinauf, sondern etwas rechts. War trotzdem haarig \/ rutschgef\u00e4hrdet.<\/p>\n<p><a href='http:\/\/extra.inmontanis.info\/d\/71094-2\/DSC07559.jpg'><img src=http:\/\/extra.inmontanis.info\/d\/71093-3\/DSC07559.jpg \/><\/a><br \/>\n^ Meerblick<\/p>\n<p><a href='http:\/\/extra.inmontanis.info\/d\/71098-2\/DSC07560.jpg'><img src=http:\/\/extra.inmontanis.info\/d\/71097-3\/DSC07560.jpg \/><\/a><br \/>\n^ R\u00fcckblick zur Stra\u00dfe<\/p>\n<p><a href='http:\/\/extra.inmontanis.info\/d\/71102-2\/DSC07563.jpg'><img src=http:\/\/extra.inmontanis.info\/d\/71101-3\/DSC07563.jpg \/><\/a><br \/>\n^ Stortind-Gipfel<\/p>\n<p><a href='http:\/\/extra.inmontanis.info\/d\/71106-2\/DSC07569.jpg'><img src=http:\/\/extra.inmontanis.info\/d\/71105-3\/DSC07569.jpg \/><\/a><br \/>\n^ Gipfel-Pano<\/p>\n<p><a href='http:\/\/extra.inmontanis.info\/d\/71110-2\/DSC07564.jpg'><img src=http:\/\/extra.inmontanis.info\/d\/71109-3\/DSC07564.jpg \/><\/a><br \/>\n^ Insel vor der Insel \/ Kam\u00f8yfjord<\/p>\n<p><a href='http:\/\/extra.inmontanis.info\/d\/71114-2\/DSC07586.jpg'><img src=http:\/\/extra.inmontanis.info\/d\/71113-3\/DSC07586.jpg \/><\/a><br \/>\n^ Kam\u00f8yfjord<\/p>\n<p><a href='http:\/\/extra.inmontanis.info\/d\/71118-2\/DSC07568.jpg'><img src=http:\/\/extra.inmontanis.info\/d\/71117-3\/DSC07568.jpg \/><\/a><br \/>\n^ Pano vom Gipfel<\/p>\n<p><a href='http:\/\/extra.inmontanis.info\/d\/71122-2\/DSC07585.jpg'><img src=http:\/\/extra.inmontanis.info\/d\/71121-3\/DSC07585.jpg \/><\/a><br \/>\n^ Gipfel-Pano<\/p>\n<p><a href='http:\/\/extra.inmontanis.info\/d\/71126-2\/DSC07567-75c.jpg'><img src=http:\/\/extra.inmontanis.info\/d\/71125-3\/DSC07567-75c.jpg \/><\/a><br \/>\n^ Schon so lang kein Planeten-360\u00b0-Pano mehr gemacht, dass ich vergessen hab, dass man ja auch den Boden fotografieren muss ..<\/p>\n<p><a href='http:\/\/extra.inmontanis.info\/d\/71130-2\/DSC07567-75b.jpg'><img src=http:\/\/extra.inmontanis.info\/d\/71129-3\/DSC07567-75b.jpg \/><\/a><br \/>\n^ Gipfel-Pano<\/p>\n<p><a href='http:\/\/extra.inmontanis.info\/d\/71134-2\/DSC07576-85b.jpg'><img src=http:\/\/extra.inmontanis.info\/d\/71133-3\/DSC07576-85b.jpg \/><\/a><br \/>\n^ 360\u00b0-Panorama<\/p>\n<p><a href='http:\/\/extra.inmontanis.info\/d\/71138-2\/DSC07587.jpg'><img src=http:\/\/extra.inmontanis.info\/d\/71137-3\/DSC07587.jpg \/><\/a><br \/>\n^ Leider wird man in Norwegen f\u00fcr jeden sonnigen Tag mit einer Woche Wolken bestraft&#8230; so ungef\u00e4hr jedenfalls ..<\/p>\n<p><a href='http:\/\/extra.inmontanis.info\/d\/71142-2\/DSC07590.jpg'><img src=http:\/\/extra.inmontanis.info\/d\/71141-3\/DSC07590.jpg \/><\/a><br \/>\n^ <\/p>\n<p><a href='http:\/\/extra.inmontanis.info\/d\/71146-2\/DSC07596.jpg'><img src=http:\/\/extra.inmontanis.info\/d\/71145-3\/DSC07596.jpg \/><\/a><br \/>\n^ <\/p>\n<p><a href='http:\/\/extra.inmontanis.info\/d\/71150-2\/ge20211005a.jpg'><img src=http:\/\/extra.inmontanis.info\/d\/71149-3\/ge20211005a.jpg \/><\/a><br \/>\n^ Stortind-Wanderung, ca. 2,8km, ca. 150-160hm, knapp 1,5h<\/p>\n<p>(Fortsetzung 5.10. mit dem Nordkapp selbst folgt in einem eigenen Bericht.)<\/p>\n","protected":false},"excerpt":{"rendered":"<p>5.10.2021 Teil 1: &#8211; Wanderung kurz vorm Nordkapp<\/p>\n<p>Bevor ich heute am Nordkapp ankam, wollte ich das sch\u00f6ne Wetter noch f\u00fcr eine Wanderung ausn\u00fctzen. Da g\u00e4be es auf der Insel hier einige nette, kurze Wanderungen &#8211; Stortind schien mir vielversprechend zu sein &#8211; und war es dann auch.<\/p>\n<p> ^ Entleerung M\u00fclleimer am Rastplatz, 1. <a href=\"http:\/\/blog.inmontanis.info\/?p=7163\">[&#8230;]<\/a><\/p>\n","protected":false},"author":1,"featured_media":7166,"comment_status":"closed","ping_status":"closed","sticky":false,"template":"","format":"standard","meta":{"footnotes":""},"categories":[185,18,30],"tags":[102,37,45],"class_list":["post-7163","post","type-post","status-publish","format-standard","has-post-thumbnail","hentry","category-2021-08-skandinavien","category-norwegennorway","category-wandern","tag-360-pano","tag-meer","tag-see","odd"],"_links":{"self":[{"href":"http:\/\/blog.inmontanis.info\/index.php?rest_route=\/wp\/v2\/posts\/7163","targetHints":{"allow":["GET"]}}],"collection":[{"href":"http:\/\/blog.inmontanis.info\/index.php?rest_route=\/wp\/v2\/posts"}],"about":[{"href":"http:\/\/blog.inmontanis.info\/index.php?rest_route=\/wp\/v2\/types\/post"}],"author":[{"embeddable":true,"href":"http:\/\/blog.inmontanis.info\/index.php?rest_route=\/wp\/v2\/users\/1"}],"replies":[{"embeddable":true,"href":"http:\/\/blog.inmontanis.info\/index.php?rest_route=%2Fwp%2Fv2%2Fcomments&post=7163"}],"version-history":[{"count":2,"href":"http:\/\/blog.inmontanis.info\/index.php?rest_route=\/wp\/v2\/posts\/7163\/revisions"}],"predecessor-version":[{"id":7165,"href":"http:\/\/blog.inmontanis.info\/index.php?rest_route=\/wp\/v2\/posts\/7163\/revisions\/7165"}],"wp:featuredmedia":[{"embeddable":true,"href":"http:\/\/blog.inmontanis.info\/index.php?rest_route=\/wp\/v2\/media\/7166"}],"wp:attachment":[{"href":"http:\/\/blog.inmontanis.info\/index.php?rest_route=%2Fwp%2Fv2%2Fmedia&parent=7163"}],"wp:term":[{"taxonomy":"category","embeddable":true,"href":"http:\/\/blog.inmontanis.info\/index.php?rest_route=%2Fwp%2Fv2%2Fcategories&post=7163"},{"taxonomy":"post_tag","embeddable":true,"href":"http:\/\/blog.inmontanis.info\/index.php?rest_route=%2Fwp%2Fv2%2Ftags&post=7163"}],"curies":[{"name":"wp","href":"https:\/\/api.w.org\/{rel}","templated":true}]}}