{"id":7155,"date":"2021-10-03T18:32:11","date_gmt":"2021-10-03T16:32:11","guid":{"rendered":"http:\/\/blog.inmontanis.info\/?p=7155"},"modified":"2021-10-07T16:55:56","modified_gmt":"2021-10-07T14:55:56","slug":"kapperi-3-10-2021","status":"publish","type":"post","link":"http:\/\/blog.inmontanis.info\/?p=7155","title":{"rendered":"Kapperi, 3.10.2021"},"content":{"rendered":"<p><strong>3.10.2021<\/strong> (Fortsetzung)<\/p>\n<p>Die n\u00e4chste Wanderung versprach insofern spannend zu werden, da ut.no von einem ehemals geplanten Skigebiet erz\u00e4hlt.<\/p>\n<p>Es hatte dann sogar den Anschein, als w\u00e4re die Abfahrt bereits ausgeholzt worden &#8211; und wohl gar nicht vor so langer Zeit. Jedenfalls, wenn das die Abfahrt h\u00e4tte sein sollen, h\u00e4tte sie mir gefallen, sch\u00f6n abwechslungsreich. <\/p>\n<p>W\u00e4hrend die Wanderung recht windstill verlief, gab es oben an den Gipfeln starken Sturm, so dass ich kaum stehen konnte, also recht schnell beide Gipfel abgegangen und wieder weg.<\/p>\n<p><a href='http:\/\/extra.inmontanis.info\/d\/70882-2\/DSC07395.jpg'><img src=http:\/\/extra.inmontanis.info\/d\/70880-3\/DSC07395.jpg \/><\/a><br \/>\n^ Infotafel Kapperi-Wanderung. Man kann sie auch als Rundtour machen.<\/p>\n<p><a href='http:\/\/extra.inmontanis.info\/d\/70886-2\/DSC07396.jpg'><img src=http:\/\/extra.inmontanis.info\/d\/70885-3\/DSC07396.jpg \/><\/a><br \/>\n^ Kapperi-Wanderung<\/p>\n<p><a href='http:\/\/extra.inmontanis.info\/d\/70890-2\/DSC07399.jpg'><img src=http:\/\/extra.inmontanis.info\/d\/70889-3\/DSC07399.jpg \/><\/a><br \/>\n^ Abzweig vom Forstweg<\/p>\n<p><a href='http:\/\/extra.inmontanis.info\/d\/70894-2\/DSC07402.jpg'><img src=http:\/\/extra.inmontanis.info\/d\/70893-3\/DSC07402.jpg \/><\/a><br \/>\n^ Man k\u00f6nnte meinen, dass die Skipiste f\u00fcr das geplante Skigebiet bereits mal ausgeholzt wurde<\/p>\n<p><a href='http:\/\/extra.inmontanis.info\/d\/70898-2\/DSC07403.jpg'><img src=http:\/\/extra.inmontanis.info\/d\/70897-3\/DSC07403.jpg \/><\/a><br \/>\n^ .. s\u00e4he jedenfalls nach einer netten Skiabfahrt aus<\/p>\n<p><a href='http:\/\/extra.inmontanis.info\/d\/70902-2\/DSC07404.jpg'><img src=http:\/\/extra.inmontanis.info\/d\/70901-3\/DSC07404.jpg \/><\/a><br \/>\n^ Liegt auch sehr windstill hier &#8211; aber halt kein Fjordblick<\/p>\n<p><a href='http:\/\/extra.inmontanis.info\/d\/70906-2\/DSC07405.jpg'><img src=http:\/\/extra.inmontanis.info\/d\/70905-3\/DSC07405.jpg \/><\/a><br \/>\n^ Mittlerer Teil<\/p>\n<p><a href='http:\/\/extra.inmontanis.info\/d\/70910-2\/DSC07406.jpg'><img src=http:\/\/extra.inmontanis.info\/d\/70909-3\/DSC07406.jpg \/><\/a><br \/>\n^ Mittlerer Teil<\/p>\n<p><a href='http:\/\/extra.inmontanis.info\/d\/70914-2\/DSC07409.jpg'><img src=http:\/\/extra.inmontanis.info\/d\/70913-3\/DSC07409.jpg \/><\/a><br \/>\n^ Mittlerer Teil<\/p>\n<p><a href='http:\/\/extra.inmontanis.info\/d\/70918-2\/DSC07410.jpg'><img src=http:\/\/extra.inmontanis.info\/d\/70917-3\/DSC07410.jpg \/><\/a><br \/>\n^ Hier zweigt nun links der Wanderweg ab, die &quot;Abfahrt&quot; ginge aber noch bis zum Gipfel rauf<\/p>\n<p><a href='http:\/\/extra.inmontanis.info\/d\/70922-2\/DSC07413.jpg'><img src=http:\/\/extra.inmontanis.info\/d\/70921-3\/DSC07413.jpg \/><\/a><br \/>\n^ Linker Gipfel<\/p>\n<p><a href='http:\/\/extra.inmontanis.info\/d\/70926-2\/DSC07414.jpg'><img src=http:\/\/extra.inmontanis.info\/d\/70925-3\/DSC07414.jpg \/><\/a><br \/>\n^ .. da hatte es einen Sturm, dass ich kaum stehen konnte. Ich machte nur ein paar Bilder<\/p>\n<p><a href='http:\/\/extra.inmontanis.info\/d\/70930-2\/DSC07416.jpg'><img src=http:\/\/extra.inmontanis.info\/d\/70929-3\/DSC07416.jpg \/><\/a><br \/>\n^ Pano vom linken Gipfel<\/p>\n<p><a href='http:\/\/extra.inmontanis.info\/d\/70934-2\/DSC07418.jpg'><img src=http:\/\/extra.inmontanis.info\/d\/70933-3\/DSC07418.jpg \/><\/a><br \/>\n^ .. und ging dann zum rechten Gipfel, in Bildmitte, weiter. Dort w\u00fcrde auch die ausgeholzte &quot;Abfahrt&quot; raufgehen<\/p>\n<p><a href='http:\/\/extra.inmontanis.info\/d\/70938-2\/DSC07421.jpg'><img src=http:\/\/extra.inmontanis.info\/d\/70937-3\/DSC07421.jpg \/><\/a><br \/>\n^ Blick zum Porsangerfjord<\/p>\n<p><a href='http:\/\/extra.inmontanis.info\/d\/70942-2\/DSC07422.jpg'><img src=http:\/\/extra.inmontanis.info\/d\/70941-3\/DSC07422.jpg \/><\/a><br \/>\n^ Kapperi\/Porsangerfjord<\/p>\n<p><a href='http:\/\/extra.inmontanis.info\/d\/70946-2\/DSC07426.jpg'><img src=http:\/\/extra.inmontanis.info\/d\/70945-3\/DSC07426.jpg \/><\/a><br \/>\n^ Kapperi\/Porsangerfjord<\/p>\n<p><a href='http:\/\/extra.inmontanis.info\/d\/70950-2\/DSC07428.jpg'><img src=http:\/\/extra.inmontanis.info\/d\/70949-3\/DSC07428.jpg \/><\/a><br \/>\n^ Das oberste, steilste St\u00fcck der m\u00f6glichen &quot;Abfahrt&quot;. Hier w\u00fcrd ich im Winter glatt mal eine Skitour machen wollen<\/p>\n<p><a href='http:\/\/extra.inmontanis.info\/d\/70954-2\/ge20211003.jpg'><img src=http:\/\/extra.inmontanis.info\/d\/70953-3\/ge20211003.jpg \/><\/a><br \/>\n^ GPS-Track Kapperi-Wanderung. Macht auch hier etwas den Anschein, als w\u00e4re die Skiabfahrt mal ausgeholzt worden?!<\/p>\n<p>Lt. Tracker 4,9km, ca. 210hm, knapp eindreiviertel Stunden.<\/p>\n<p>Im Netz hab ich auf die Schnelle mal nichts gefunden, daf\u00fcr aber s\u00fcd\u00f6stlich von Lakselv, man spricht hier 2015 sogar von einem Ganzjahresskigebiet (!), zumindest aber bis zur Mitternachtssonnenzeit:<\/p>\n<p><a href='https:\/\/www.ifinnmark.no\/nyheter\/porsanger\/her-vil-han-bygge-finnmarks-svar-pa-levi-midt-i-krigssone\/s\/5-81-42611'>https:\/\/www.ifinnmark.no\/nyheter\/porsanger\/her-vil-han-bygge-finnmarks-svar-pa-levi-midt-i-krigssone\/s\/5-81-42611<\/a><\/p>\n<p><a href='https:\/\/www.google.no\/maps\/place\/%C4%8Cahkalv%C3%A1rri\/@69.977267,24.1952332,8z\/data=!4m5!3m4!1s0x45ceb7f4be5c6f09:0xaeee04be41cdc62!8m2!3d69.9772602!4d25.3158387'>https:\/\/www.google.no\/maps\/place\/%C4%8Cahkalv%C3%A1rri\/@69.977267,24.1952332,8z\/data=!4m5!3m4!1s0x45ceb7f4be5c6f09:0xaeee04be41cdc62!8m2!3d69.9772602!4d25.3158387<\/a><\/p>\n<p>Am Porsangerfjord unten auch sehr st\u00fcrmisch, da hatte ich dann gar keine Lust mehr, rauszugehen, obwohl es hier einen vielleicht interessanten, geologischen Lehrpfad gegeben h\u00e4tte. <\/p>\n<p>Der Sturm soll in der Nacht sogar noch st\u00e4rker werden. Das wird ne &#8220;schiffige&#8221; Nacht geben, so wie das Auto hier wackeln wird, als w\u00e4re man auf hoher See..<\/p>\n<p>Daf\u00fcr ist f\u00fcr Dienstag Sonne am Nordkapp gemeldet, evtl. werd ich die n\u00e4chsten 2 Tage also mal etwas mehr fahren.<\/p>\n<p><a href='http:\/\/extra.inmontanis.info\/d\/70958-2\/DSC07435.jpg'><img src=http:\/\/extra.inmontanis.info\/d\/70957-3\/DSC07435.jpg \/><\/a><br \/>\n^ Porsangerfjord<\/p>\n<p><a href='http:\/\/extra.inmontanis.info\/d\/70962-2\/DSC07437.jpg'><img src=http:\/\/extra.inmontanis.info\/d\/70961-3\/DSC07437.jpg \/><\/a><br \/>\n^ Porsangerfjord richtung Lakselv<\/p>\n<p><a href='http:\/\/extra.inmontanis.info\/d\/70966-2\/DSC07439.jpg'><img src=http:\/\/extra.inmontanis.info\/d\/70965-3\/DSC07439.jpg \/><\/a><br \/>\n^ Porsangerfjord richtung Lakselv<\/p>\n<p><a href='http:\/\/extra.inmontanis.info\/d\/70970-2\/DSC07442.jpg'><img src=http:\/\/extra.inmontanis.info\/d\/70969-3\/DSC07442.jpg \/><\/a><br \/>\n^ Nachtplatz am Porsangerfjord, leider heute sehr st\u00fcrmisch. <\/p>\n<p><a href='http:\/\/extra.inmontanis.info\/d\/70974-2\/DSC07445.jpg'><img src=http:\/\/extra.inmontanis.info\/d\/70973-3\/DSC07445.jpg \/><\/a><br \/>\n^ Heut mal kleine Schnitzel mit Brot<\/p>\n<p>Sturm lt. Wettervorhersage heute Nacht 50-60 km\/h mit Spitzen um 80-90 km\/h, echt unlustig, da abends\/nachts im Auto. Wackelt ja auch f\u00fcr Nordlichtfotos viel zu stark. Vor 2 Uhr wachte ich auf, aber eher weil&#8217;s mir in den 2 Decken zu warm war, weil es wohl nicht so stark abk\u00fchlte. Trotzdem fuhr ich sturm-schaukel-bedingt noch weg, zum n\u00e4chsten Rastplatz, der etwas weniger dem Sturm ausgesetzt war.<\/p>\n","protected":false},"excerpt":{"rendered":"<p>3.10.2021 (Fortsetzung)<\/p>\n<p>Die n\u00e4chste Wanderung versprach insofern spannend zu werden, da ut.no von einem ehemals geplanten Skigebiet erz\u00e4hlt.<\/p>\n<p>Es hatte dann sogar den Anschein, als w\u00e4re die Abfahrt bereits ausgeholzt worden &#8211; und wohl gar nicht vor so langer Zeit. Jedenfalls, wenn das die Abfahrt h\u00e4tte sein sollen, h\u00e4tte sie mir gefallen, sch\u00f6n abwechslungsreich. <\/p>\n<p> <a href=\"http:\/\/blog.inmontanis.info\/?p=7155\">[&#8230;]<\/a><\/p>\n","protected":false},"author":1,"featured_media":7158,"comment_status":"closed","ping_status":"closed","sticky":false,"template":"","format":"standard","meta":{"footnotes":""},"categories":[185,18,30],"tags":[37,45],"class_list":["post-7155","post","type-post","status-publish","format-standard","has-post-thumbnail","hentry","category-2021-08-skandinavien","category-norwegennorway","category-wandern","tag-meer","tag-see","odd"],"_links":{"self":[{"href":"http:\/\/blog.inmontanis.info\/index.php?rest_route=\/wp\/v2\/posts\/7155","targetHints":{"allow":["GET"]}}],"collection":[{"href":"http:\/\/blog.inmontanis.info\/index.php?rest_route=\/wp\/v2\/posts"}],"about":[{"href":"http:\/\/blog.inmontanis.info\/index.php?rest_route=\/wp\/v2\/types\/post"}],"author":[{"embeddable":true,"href":"http:\/\/blog.inmontanis.info\/index.php?rest_route=\/wp\/v2\/users\/1"}],"replies":[{"embeddable":true,"href":"http:\/\/blog.inmontanis.info\/index.php?rest_route=%2Fwp%2Fv2%2Fcomments&post=7155"}],"version-history":[{"count":2,"href":"http:\/\/blog.inmontanis.info\/index.php?rest_route=\/wp\/v2\/posts\/7155\/revisions"}],"predecessor-version":[{"id":7157,"href":"http:\/\/blog.inmontanis.info\/index.php?rest_route=\/wp\/v2\/posts\/7155\/revisions\/7157"}],"wp:featuredmedia":[{"embeddable":true,"href":"http:\/\/blog.inmontanis.info\/index.php?rest_route=\/wp\/v2\/media\/7158"}],"wp:attachment":[{"href":"http:\/\/blog.inmontanis.info\/index.php?rest_route=%2Fwp%2Fv2%2Fmedia&parent=7155"}],"wp:term":[{"taxonomy":"category","embeddable":true,"href":"http:\/\/blog.inmontanis.info\/index.php?rest_route=%2Fwp%2Fv2%2Fcategories&post=7155"},{"taxonomy":"post_tag","embeddable":true,"href":"http:\/\/blog.inmontanis.info\/index.php?rest_route=%2Fwp%2Fv2%2Ftags&post=7155"}],"curies":[{"name":"wp","href":"https:\/\/api.w.org\/{rel}","templated":true}]}}