{"id":7151,"date":"2021-10-03T12:04:59","date_gmt":"2021-10-03T10:04:59","guid":{"rendered":"http:\/\/blog.inmontanis.info\/?p=7151"},"modified":"2021-10-06T17:19:09","modified_gmt":"2021-10-06T15:19:09","slug":"silfar-canyon-2-3-10-2021","status":"publish","type":"post","link":"http:\/\/blog.inmontanis.info\/?p=7151","title":{"rendered":"Silfar Canyon, 2.+3.10.2021"},"content":{"rendered":"<p><strong>2.10.2021<\/strong> (Fortsetzung)<\/p>\n<p>Weiter ging&#8217;s zum Silfar Canyon, den ich schon 2013 besucht hatte, aber vielleicht ja nicht komplett genug. Aber erst morgen besuchen wollte. Da ich mich dann doch nicht zuvor f\u00fcr einen Parkplatz entscheiden konnte, fuhr ich bis zum unteren Parkplatz am Canyon. Obwohl schon 2 Wohnmobile auf diesem Parkplatz den ganzen Nachmittag standen, kamen um 19:15 pl\u00f6tzlich noch 5 dazu&#8230; da w\u00e4r ich mal besser oben geblieben .. <\/p>\n<p><a href='http:\/\/extra.inmontanis.info\/d\/70776-2\/DSC07321.jpg'><img src=http:\/\/extra.inmontanis.info\/d\/70775-3\/DSC07321.jpg \/><\/a><br \/>\n^ Links der 98 ist der Silfar Canyon<\/p>\n<p><a href='http:\/\/extra.inmontanis.info\/d\/70780-2\/DSC07323.jpg'><img src=http:\/\/extra.inmontanis.info\/d\/70779-3\/DSC07323.jpg \/><\/a><br \/>\n^ Vom Rastplatz Kurkkiinv\u00e4li geht ein Pfad hinunter. Vielleicht kann man die Schlucht hier gut erkennen? Ich probierte es mal aus. War ziemlich steil.<\/p>\n<p><a href='http:\/\/extra.inmontanis.info\/d\/70784-2\/DSC07326.jpg'><img src=http:\/\/extra.inmontanis.info\/d\/70783-3\/DSC07326.jpg \/><\/a><br \/>\n^ Silfar Canyon, oberes Ende<\/p>\n<p><a href='http:\/\/extra.inmontanis.info\/d\/70788-2\/DSC07327.jpg'><img src=http:\/\/extra.inmontanis.info\/d\/70787-3\/DSC07327.jpg \/><\/a><br \/>\n^ Silfar Canyon, oberes Ende \/ B\u00f8rselva<\/p>\n<p>Zugegeben, wenn heute Nachmittag noch Sonne geschienen h\u00e4tte, w\u00e4re ich den Canyon aufgrund seiner Ausrichtung doch heute noch gegangen. <\/p>\n<p><strong>3.10.2021<\/strong><\/p>\n<p>Da ich vor den ganzen &#8220;Wohnmobilisten&#8221; den Canyon erkunden wollte, stand ich relativ fr\u00fch auf. Allerdings waren die dann auch schon unterwegs, aber wohl nur ein Teil und nur im unteren Bereich und viel gehetzter. Als ich um 8:30 wieder am Auto war, sind die schon abgefahren. Ungew\u00f6hnlich, da h\u00e4tt ich dann lieber l\u00e4nger schlafen sollen.<\/p>\n<p>Im Gegensatz zu 2013 waren die gelb\/orangenen Bl\u00e4tter aber schon alle abgefallen.<\/p>\n<p><a href='http:\/\/extra.inmontanis.info\/d\/70792-2\/DSC07331.jpg'><img src=http:\/\/extra.inmontanis.info\/d\/70791-3\/DSC07331.jpg \/><\/a><br \/>\n^ N\u00e4he unteres Ende<\/p>\n<p><a href='http:\/\/extra.inmontanis.info\/d\/70796-2\/DSC07336.jpg'><img src=http:\/\/extra.inmontanis.info\/d\/70795-3\/DSC07336.jpg \/><\/a><br \/>\n^ Mittlerer Teil, wo der Canyon einen Bogen macht<\/p>\n<p><a href='http:\/\/extra.inmontanis.info\/d\/70800-2\/DSC07337.jpg'><img src=http:\/\/extra.inmontanis.info\/d\/70799-3\/DSC07337.jpg \/><\/a><br \/>\n^ Blick talausw\u00e4rts<\/p>\n<p><a href='http:\/\/extra.inmontanis.info\/d\/70804-2\/DSC07341.jpg'><img src=http:\/\/extra.inmontanis.info\/d\/70803-3\/DSC07341.jpg \/><\/a><br \/>\n^ So abgetreten wie das ist, stellen sich wohl viele f\u00fcr ein Foto an diese schmalen, steilen Kanten<\/p>\n<p><a href='http:\/\/extra.inmontanis.info\/d\/70808-2\/DSC07342.jpg'><img src=http:\/\/extra.inmontanis.info\/d\/70807-3\/DSC07342.jpg \/><\/a><br \/>\n^ Mittlerer Teil, wo der Canyon einen Bogen macht<\/p>\n<p><a href='http:\/\/extra.inmontanis.info\/d\/70812-2\/DSC07345.jpg'><img src=http:\/\/extra.inmontanis.info\/d\/70811-3\/DSC07345.jpg \/><\/a><br \/>\n^ Smaragdgr\u00fcnes Wasser<\/p>\n<p><a href='http:\/\/extra.inmontanis.info\/d\/70816-2\/DSC07346.jpg'><img src=http:\/\/extra.inmontanis.info\/d\/70815-3\/DSC07346.jpg \/><\/a><br \/>\n^ Mittlerer Teil, wo der Canyon einen Bogen macht<\/p>\n<p><a href='http:\/\/extra.inmontanis.info\/d\/70820-2\/DSC07349.jpg'><img src=http:\/\/extra.inmontanis.info\/d\/70819-3\/DSC07349.jpg \/><\/a><br \/>\n^ Weiter oben sieht man dann nicht mehr so oft bis zum Wasser runter<\/p>\n<p><a href='http:\/\/extra.inmontanis.info\/d\/70824-2\/DSC07352.jpg'><img src=http:\/\/extra.inmontanis.info\/d\/70823-3\/DSC07352.jpg \/><\/a><br \/>\n^ Wem der Pfad nicht ausgesetzt genug ist &#8230;<\/p>\n<p><a href='http:\/\/extra.inmontanis.info\/d\/70828-2\/DSC07355.jpg'><img src=http:\/\/extra.inmontanis.info\/d\/70827-3\/DSC07355.jpg \/><\/a><br \/>\n^ .. kann nat\u00fcrlich wieder mal bis zu so einer Spitze vorgehen<\/p>\n<p><a href='http:\/\/extra.inmontanis.info\/d\/70832-2\/DSC07356.jpg'><img src=http:\/\/extra.inmontanis.info\/d\/70831-3\/DSC07356.jpg \/><\/a><br \/>\n^ Im oberen Teil sind die W\u00e4nde sehr steil und die Schlucht enger<\/p>\n<p><a href='http:\/\/extra.inmontanis.info\/d\/70836-2\/DSC07359.jpg'><img src=http:\/\/extra.inmontanis.info\/d\/70835-3\/DSC07359.jpg \/><\/a><br \/>\n^ Schlucht und Weg (rechts)<\/p>\n<p><a href='http:\/\/extra.inmontanis.info\/d\/70840-2\/DSC07361.jpg'><img src=http:\/\/extra.inmontanis.info\/d\/70839-3\/DSC07361.jpg \/><\/a><br \/>\n^ Oberer Teil<\/p>\n<p><a href='http:\/\/extra.inmontanis.info\/d\/70844-2\/DSC07363.jpg'><img src=http:\/\/extra.inmontanis.info\/d\/70843-3\/DSC07363.jpg \/><\/a><br \/>\n^ <\/p>\n<p><a href='http:\/\/extra.inmontanis.info\/d\/70848-2\/DSC07367.jpg'><img src=http:\/\/extra.inmontanis.info\/d\/70847-3\/DSC07367.jpg \/><\/a><br \/>\n^ Am oberen Ende der Schlucht angelangt<\/p>\n<p><a href='http:\/\/extra.inmontanis.info\/d\/70852-2\/DSC07377.jpg'><img src=http:\/\/extra.inmontanis.info\/d\/70851-3\/DSC07377.jpg \/><\/a><br \/>\n^ Am oberen Ende der Schlucht angelangt, zum &#8220;Sonnenaufgang&#8221;<\/p>\n<p><a href='http:\/\/extra.inmontanis.info\/d\/70856-2\/DSC07381.jpg'><img src=http:\/\/extra.inmontanis.info\/d\/70855-3\/DSC07381.jpg \/><\/a><br \/>\n^ <\/p>\n<p><a href='http:\/\/extra.inmontanis.info\/d\/70860-2\/DSC07383.jpg'><img src=http:\/\/extra.inmontanis.info\/d\/70859-3\/DSC07383.jpg \/><\/a><br \/>\n^ Gef\u00e4hrlicher Weg<\/p>\n<p><a href='http:\/\/extra.inmontanis.info\/d\/70864-2\/DSC07387.jpg'><img src=http:\/\/extra.inmontanis.info\/d\/70863-3\/DSC07387.jpg \/><\/a><br \/>\n^ Zahm ist die Schlucht am unteren Ende, wo man leichter vom Parkplatz hinkommt. Den oberen, imposanteren Teil bekommen viele hektische Besucher dann gar nicht mit.<\/p>\n<p><a href='http:\/\/extra.inmontanis.info\/d\/70868-2\/DSC07389.jpg'><img src=http:\/\/extra.inmontanis.info\/d\/70867-3\/DSC07389.jpg \/><\/a><br \/>\n^ Unteres Ende<\/p>\n<p><a href='http:\/\/extra.inmontanis.info\/d\/70872-2\/DSC07391.jpg'><img src=http:\/\/extra.inmontanis.info\/d\/70871-3\/DSC07391.jpg \/><\/a><br \/>\n^ Wie schon bei meinem Besuch 2013 ist auch heuer wieder das Wasser sehr gr\u00fcn<\/p>\n<p><a href='http:\/\/extra.inmontanis.info\/d\/70876-2\/DSC07393.jpg'><img src=http:\/\/extra.inmontanis.info\/d\/70875-3\/DSC07393.jpg \/><\/a><br \/>\n^ Verlauf des B\u00f8rselva &#8211; Flusses weiter unten<\/p>\n<p>W\u00e4hrend es im und am Canyon nur wenig Wind gab, war er weiter drau\u00dfen und an der n\u00e4chsten Wanderung wieder pr\u00e4senter &#8211; die verdient aber einen eigenen Bericht.<\/p>\n","protected":false},"excerpt":{"rendered":"<p>2.10.2021 (Fortsetzung)<\/p>\n<p>Weiter ging&#8217;s zum Silfar Canyon, den ich schon 2013 besucht hatte, aber vielleicht ja nicht komplett genug. Aber erst morgen besuchen wollte. Da ich mich dann doch nicht zuvor f\u00fcr einen Parkplatz entscheiden konnte, fuhr ich bis zum unteren Parkplatz am Canyon. Obwohl schon 2 Wohnmobile auf diesem Parkplatz den ganzen Nachmittag standen, <a href=\"http:\/\/blog.inmontanis.info\/?p=7151\">[&#8230;]<\/a><\/p>\n","protected":false},"author":1,"featured_media":7153,"comment_status":"closed","ping_status":"closed","sticky":false,"template":"","format":"standard","meta":{"footnotes":""},"categories":[185,18,30],"tags":[87],"class_list":["post-7151","post","type-post","status-publish","format-standard","has-post-thumbnail","hentry","category-2021-08-skandinavien","category-norwegennorway","category-wandern","tag-grotteklamm","odd"],"_links":{"self":[{"href":"http:\/\/blog.inmontanis.info\/index.php?rest_route=\/wp\/v2\/posts\/7151","targetHints":{"allow":["GET"]}}],"collection":[{"href":"http:\/\/blog.inmontanis.info\/index.php?rest_route=\/wp\/v2\/posts"}],"about":[{"href":"http:\/\/blog.inmontanis.info\/index.php?rest_route=\/wp\/v2\/types\/post"}],"author":[{"embeddable":true,"href":"http:\/\/blog.inmontanis.info\/index.php?rest_route=\/wp\/v2\/users\/1"}],"replies":[{"embeddable":true,"href":"http:\/\/blog.inmontanis.info\/index.php?rest_route=%2Fwp%2Fv2%2Fcomments&post=7151"}],"version-history":[{"count":2,"href":"http:\/\/blog.inmontanis.info\/index.php?rest_route=\/wp\/v2\/posts\/7151\/revisions"}],"predecessor-version":[{"id":7154,"href":"http:\/\/blog.inmontanis.info\/index.php?rest_route=\/wp\/v2\/posts\/7151\/revisions\/7154"}],"wp:featuredmedia":[{"embeddable":true,"href":"http:\/\/blog.inmontanis.info\/index.php?rest_route=\/wp\/v2\/media\/7153"}],"wp:attachment":[{"href":"http:\/\/blog.inmontanis.info\/index.php?rest_route=%2Fwp%2Fv2%2Fmedia&parent=7151"}],"wp:term":[{"taxonomy":"category","embeddable":true,"href":"http:\/\/blog.inmontanis.info\/index.php?rest_route=%2Fwp%2Fv2%2Fcategories&post=7151"},{"taxonomy":"post_tag","embeddable":true,"href":"http:\/\/blog.inmontanis.info\/index.php?rest_route=%2Fwp%2Fv2%2Ftags&post=7151"}],"curies":[{"name":"wp","href":"https:\/\/api.w.org\/{rel}","templated":true}]}}