{"id":7147,"date":"2021-10-02T18:16:18","date_gmt":"2021-10-02T16:16:18","guid":{"rendered":"http:\/\/blog.inmontanis.info\/?p=7147"},"modified":"2021-10-05T18:25:39","modified_gmt":"2021-10-05T16:25:39","slug":"ifjordjell-borselvfjell-1-2-10-2021","status":"publish","type":"post","link":"http:\/\/blog.inmontanis.info\/?p=7147","title":{"rendered":"Ifjordjell-B\u00f8rselvfjell, 1.+2.10.2021"},"content":{"rendered":"<p><strong>1.10.2021<\/strong><\/p>\n<p>Heute wieder sehr windig, was nicht zu einer Wanderung auf dem Hochplateau einlud &#8211; aber gab vermutlich eh nix lohnenswertes dort, an den h\u00f6chsten Punkten der Stra\u00dfe keine Parkm\u00f6glichkeiten, nur dann wieder unten in den T\u00e4lern. Das Plateau schaut im Winter mit Schnee bzw. im Fr\u00fchjahr mit Schneeresten sowieso auch besser aus als im Herbst. Handyempfang gibt&#8217;s oben am Ifjordfjell ebenfalls nirgends entlang der Stra\u00dfe. Das ist in Norwegen echt ein Problem, wenn man mal eine Autopanne haben sollte&#8230;<\/p>\n<p><a href='http:\/\/extra.inmontanis.info\/d\/70676-2\/DSC07245.jpg'><img src=http:\/\/extra.inmontanis.info\/d\/70675-3\/DSC07245.jpg \/><\/a><br \/>\n^ Auffahrt zum Ifjordfjell<\/p>\n<p><a href='http:\/\/extra.inmontanis.info\/d\/70680-2\/DSC07246.jpg'><img src=http:\/\/extra.inmontanis.info\/d\/70679-3\/DSC07246.jpg \/><\/a><br \/>\n^ Ifjordfjell<\/p>\n<p><a href='http:\/\/extra.inmontanis.info\/d\/70684-2\/DSC07247.jpg'><img src=http:\/\/extra.inmontanis.info\/d\/70683-3\/DSC07247.jpg \/><\/a><br \/>\n^ Ifjordfjell, die Stra\u00dfe wurde bei meinem letzten Besuch ja neu trassiert<\/p>\n<p><a href='http:\/\/extra.inmontanis.info\/d\/70688-2\/DSC07253.jpg'><img src=http:\/\/extra.inmontanis.info\/d\/70687-3\/DSC07253.jpg \/><\/a><br \/>\n^ Ifjordfjell; hier sieht man wohl ein St\u00fcck der alten Stra\u00dfe<\/p>\n<p><a href='http:\/\/extra.inmontanis.info\/d\/70692-2\/DSC07256.jpg'><img src=http:\/\/extra.inmontanis.info\/d\/70691-3\/DSC07256.jpg \/><\/a><br \/>\n^ See<\/p>\n<p><a href='http:\/\/extra.inmontanis.info\/d\/70696-2\/DSC07260.jpg'><img src=http:\/\/extra.inmontanis.info\/d\/70695-3\/DSC07260.jpg \/><\/a><br \/>\n^ Ifjord oder N\u00e4he<\/p>\n<p>Interessant: Das Parken am Nordkapp ist seit 15.1.2021 kostenlos, insb. au\u00dferhalb der \u00d6ffnungszeiten, w\u00e4hrend der \u00d6ffnungszeiten zahlt man aber 260 NOK p.P. f\u00fcr den Zutritt zu s\u00e4mtlichen Angeboten, selbst wenn man nur zum Souvenirshop oder Restaurant wollte!!?! Wobei man auch da ein gratis Parkticket bekommt. Schon etwas bescheuert. Ich h\u00e4tte auch die 26 \u20ac f\u00fcrs Parken und \u00fcber Nacht stehen bleiben gezahlt, aber wenn das Parken dann gratis ist, 26 \u20ac f\u00fcr den Eintritt zum Souvenirshop oder den WCs, wei\u00df ich noch nicht .. <\/p>\n<blockquote><p>\nPrices include:<br \/>\nNordkapp Panoramafilm<br \/>\nHistorical exhibitions and Cave of Lights<br \/>\nSouvenir shops, F&#038;B departments<br \/>\nAccess to all facilities except parking.<br \/>\nTicket valid 24 hours<br \/>\nMultiple entry to Nordkapp<\/p>\n<p>When Nordkapphallen is open*, contact the reception to get a ticket for free parking.<br \/>\nOuside these opening hours, a parking ticket is not required.<\/p>\n<p>A parking ticket is valid for 12 hours and must be displayed in a visible location in the vehicle.<\/p>\n<p>*) 01.October &#8211; 31. December  11:00 &#8211; 15:30<\/p>\n<\/blockquote>\n<p>Widerspricht sich etwas bzw. wozu braucht man dann das Parkticket, wenn es eh derzeit grtais ist&#8230; Naja, dann werd ich mal nach 15:30 ankommen in den n\u00e4chsten Tagen, wenn der Wetterbericht es gut meint. Morgen ist mir zu kurzfristig.<\/p>\n<p><a href='http:\/\/extra.inmontanis.info\/d\/70700-2\/DSC07275.jpg'><img src=http:\/\/extra.inmontanis.info\/d\/70699-3\/DSC07275.jpg \/><\/a><br \/>\n^ Paar Nordlichter gab&#8217;s, aber Wolken schirmten leider den Fjord ab (4sec)<\/p>\n<p><a href='http:\/\/extra.inmontanis.info\/d\/70704-2\/DSC07282.jpg'><img src=http:\/\/extra.inmontanis.info\/d\/70703-3\/DSC07282.jpg \/><\/a><br \/>\n^ Nordlichter und vorbeifahrendes Auto (6sec)<\/p>\n<p><strong>2.10.2021<\/strong><\/p>\n<p>Die Nacht verlief mal wieder st\u00fcrmisch, aber der Wind kam von einer Richtung, die mal keine T\u00f6ne an der Dachreling erzeugte.<\/p>\n<p><a href='http:\/\/extra.inmontanis.info\/d\/70708-2\/DSC07291.jpg'><img src=http:\/\/extra.inmontanis.info\/d\/70707-3\/DSC07291.jpg \/><\/a><\/p>\n<p><a href='http:\/\/extra.inmontanis.info\/d\/70712-2\/DSC07293.jpg'><img src=http:\/\/extra.inmontanis.info\/d\/70711-3\/DSC07293.jpg \/><\/a><br \/>\n^ Kleiner Wasserfall unterhalb der Stra\u00dfe<\/p>\n<p><a href='http:\/\/extra.inmontanis.info\/d\/70716-2\/DSC07294.jpg'><img src=http:\/\/extra.inmontanis.info\/d\/70715-3\/DSC07294.jpg \/><\/a><br \/>\n^ .. da finden sich alte Stahlteile, evtl. von der vorherigen Br\u00fccke?!<\/p>\n<p><a href='http:\/\/extra.inmontanis.info\/d\/70720-2\/DSC07295.jpg'><img src=http:\/\/extra.inmontanis.info\/d\/70719-3\/DSC07295.jpg \/><\/a><\/p>\n<p><a href='http:\/\/extra.inmontanis.info\/d\/70724-2\/DSC07298.jpg'><img src=http:\/\/extra.inmontanis.info\/d\/70723-3\/DSC07298.jpg \/><\/a><br \/>\n^ B\u00f8rselvfjell<\/p>\n<p><a href='http:\/\/extra.inmontanis.info\/d\/70728-2\/DSC07303.jpg'><img src=http:\/\/extra.inmontanis.info\/d\/70727-3\/DSC07303.jpg \/><\/a><br \/>\n^ Linkoaivi, die Wanderung f\u00fchrt auf dem Schotterweg hinauf<\/p>\n<p>Da der Wind, wie meist bei eher gutem Wetter hier, vom S\u00fcden kommt, h\u00e4tte ich mit Windschatten auf dieser n\u00f6rdlich gelegenen Wanderung gehofft.<\/p>\n<p><a href='http:\/\/extra.inmontanis.info\/d\/70732-2\/DSC07304.jpg'><img src=http:\/\/extra.inmontanis.info\/d\/70731-3\/DSC07304.jpg \/><\/a><br \/>\n^ Hm, d\u00fcrfte  man jetzt hier fahren oder nicht?! Naja, sp\u00e4ter war es schon recht steil und steinig &#8211; und st\u00fcrmisch, leider doch kein Windschatten<\/p>\n<p>Man musste nicht nur gegen den Berg, sondern auch gegen den Wind heute ank\u00e4mpfen. Wenigstens mit 9-10\u00b0 heute nicht so kalt. Und naja, oben war es schon noch st\u00fcrmischer.<\/p>\n<p><a href='http:\/\/extra.inmontanis.info\/d\/70736-2\/DSC07305.jpg'><img src=http:\/\/extra.inmontanis.info\/d\/70735-3\/DSC07305.jpg \/><\/a><br \/>\n^ Am linken Gipfel<\/p>\n<p><a href='http:\/\/extra.inmontanis.info\/d\/70740-2\/DSC07307.jpg'><img src=http:\/\/extra.inmontanis.info\/d\/70739-3\/DSC07307.jpg \/><\/a><br \/>\n^ Pano vom linken Gipfel<\/p>\n<p><a href='http:\/\/extra.inmontanis.info\/d\/70744-2\/DSC07309.jpg'><img src=http:\/\/extra.inmontanis.info\/d\/70743-3\/DSC07309.jpg \/><\/a><br \/>\n^ Blick r\u00fcber zum rechten Gipfel mit den zwei Stationen<\/p>\n<p><a href='http:\/\/extra.inmontanis.info\/d\/70748-2\/DSC07310.jpg'><img src=http:\/\/extra.inmontanis.info\/d\/70747-3\/DSC07310.jpg \/><\/a><br \/>\n^ Links mal wieder eine Doppelspitztittenstation ;)<\/p>\n<p><a href='http:\/\/extra.inmontanis.info\/d\/70752-2\/DSC07312.jpg'><img src=http:\/\/extra.inmontanis.info\/d\/70751-3\/DSC07312.jpg \/><\/a><br \/>\n^ .. und hier ist auch das Ziel der Wanderung<\/p>\n<p><a href='http:\/\/extra.inmontanis.info\/d\/70756-2\/DSC07313.jpg'><img src=http:\/\/extra.inmontanis.info\/d\/70755-3\/DSC07313.jpg \/><\/a><br \/>\n^ Diese Richtfunkantennen oder was das sind, sind auf beiden Seiten des Hauses 2 St\u00fcck.<\/p>\n<p><a href='http:\/\/extra.inmontanis.info\/d\/70760-2\/DSC07314.jpg'><img src=http:\/\/extra.inmontanis.info\/d\/70759-3\/DSC07314.jpg \/><\/a><br \/>\n^ Pano<\/p>\n<p><a href='http:\/\/extra.inmontanis.info\/d\/70764-2\/DSC07318.jpg'><img src=http:\/\/extra.inmontanis.info\/d\/70763-3\/DSC07318.jpg \/><\/a><br \/>\n^ <\/p>\n<p><a href='http:\/\/extra.inmontanis.info\/d\/70768-2\/DSC07320.jpg'><img src=http:\/\/extra.inmontanis.info\/d\/70767-3\/DSC07320.jpg \/><\/a><br \/>\n^ Blick zur Stra\u00dfe 98 runter \/ B\u00f8rselvfjell<\/p>\n<p><a href='http:\/\/extra.inmontanis.info\/d\/70772-2\/ge20211002.jpg'><img src=http:\/\/extra.inmontanis.info\/d\/70771-3\/ge20211002.jpg \/><\/a><br \/>\n^ GPS-Track Linkoaivi-Wanderung<\/p>\n<p>Lt. Tracker ca. 5,5km, ca. 240hm, ca. eindreiviertel Stunden.<\/p>\n<p>So ein Sturm k\u00f6nnte vielleicht zum Haare rasieren praktisch sein? Dann weht es die ganzen kleinen Haare mal weg anstatt dass man sie im Unterhemd hat, wo sie pieksen. Dazu ein Hemd mit engen Kragen und die Jacke eng um den Hals &#8230; ging ganz gut. Aber nat\u00fcrlich doch nicht ganz ohne Kratzen danach.<\/p>\n<p>(Der zweite Teil des 2.10. passt besser mit dem ersten Teil des 3.10. zusammen und ergibt einen eigenen Bericht.)<\/p>\n","protected":false},"excerpt":{"rendered":"<p>1.10.2021<\/p>\n<p>Heute wieder sehr windig, was nicht zu einer Wanderung auf dem Hochplateau einlud &#8211; aber gab vermutlich eh nix lohnenswertes dort, an den h\u00f6chsten Punkten der Stra\u00dfe keine Parkm\u00f6glichkeiten, nur dann wieder unten in den T\u00e4lern. Das Plateau schaut im Winter mit Schnee bzw. im Fr\u00fchjahr mit Schneeresten sowieso auch besser aus als im <a href=\"http:\/\/blog.inmontanis.info\/?p=7147\">[&#8230;]<\/a><\/p>\n","protected":false},"author":1,"featured_media":7150,"comment_status":"closed","ping_status":"closed","sticky":false,"template":"","format":"standard","meta":{"footnotes":""},"categories":[185,18,30],"tags":[100,96,45],"class_list":["post-7147","post","type-post","status-publish","format-standard","has-post-thumbnail","hentry","category-2021-08-skandinavien","category-norwegennorway","category-wandern","tag-langzeitbelichtung","tag-polarlicht","tag-see","odd"],"_links":{"self":[{"href":"http:\/\/blog.inmontanis.info\/index.php?rest_route=\/wp\/v2\/posts\/7147","targetHints":{"allow":["GET"]}}],"collection":[{"href":"http:\/\/blog.inmontanis.info\/index.php?rest_route=\/wp\/v2\/posts"}],"about":[{"href":"http:\/\/blog.inmontanis.info\/index.php?rest_route=\/wp\/v2\/types\/post"}],"author":[{"embeddable":true,"href":"http:\/\/blog.inmontanis.info\/index.php?rest_route=\/wp\/v2\/users\/1"}],"replies":[{"embeddable":true,"href":"http:\/\/blog.inmontanis.info\/index.php?rest_route=%2Fwp%2Fv2%2Fcomments&post=7147"}],"version-history":[{"count":2,"href":"http:\/\/blog.inmontanis.info\/index.php?rest_route=\/wp\/v2\/posts\/7147\/revisions"}],"predecessor-version":[{"id":7149,"href":"http:\/\/blog.inmontanis.info\/index.php?rest_route=\/wp\/v2\/posts\/7147\/revisions\/7149"}],"wp:featuredmedia":[{"embeddable":true,"href":"http:\/\/blog.inmontanis.info\/index.php?rest_route=\/wp\/v2\/media\/7150"}],"wp:attachment":[{"href":"http:\/\/blog.inmontanis.info\/index.php?rest_route=%2Fwp%2Fv2%2Fmedia&parent=7147"}],"wp:term":[{"taxonomy":"category","embeddable":true,"href":"http:\/\/blog.inmontanis.info\/index.php?rest_route=%2Fwp%2Fv2%2Fcategories&post=7147"},{"taxonomy":"post_tag","embeddable":true,"href":"http:\/\/blog.inmontanis.info\/index.php?rest_route=%2Fwp%2Fv2%2Ftags&post=7147"}],"curies":[{"name":"wp","href":"https:\/\/api.w.org\/{rel}","templated":true}]}}