{"id":7129,"date":"2021-09-30T22:44:21","date_gmt":"2021-09-30T20:44:21","guid":{"rendered":"http:\/\/blog.inmontanis.info\/?p=7129"},"modified":"2023-08-06T21:56:34","modified_gmt":"2023-08-06T19:56:34","slug":"saisonruckblick-2020-2021-gedanken-zur-wahrheit-hinter-corona","status":"publish","type":"post","link":"http:\/\/blog.inmontanis.info\/?p=7129","title":{"rendered":"Saisonr\u00fcckblick 2020\/2021 (+ Gedanken zur Wahrheit hinter Corona?)"},"content":{"rendered":"<p><em>(Da sich meine Saisonz\u00e4hlweise historisch bedingt nach den Saisonkartenzeitr\u00e4umen in Tirol richtet, hab ich die alte Saison wieder mit Ende September abgeschlossen&#8230;)<\/em><\/p>\n<p><strong>Saisonzeitraum: 1.10.2020 &#8211; 30.9.2021<\/strong> (&#8220;Zweites Corona-Jahr&#8221;)<\/p>\n<p><strong>Anzahl Skitage: 102<\/strong> (Inkl. Nachtskitage und Skitouren)<br \/>\n(-2 Tage im Vgl. zum <a href='http:\/\/blog.inmontanis.info\/?p=6354'>Vorjahr<\/a>; Vorjahre: 104 | 121 | 106 | 116 | 109 | 125 | 108 | 111 | 107 | 94)<\/p>\n<p><strong>Anzahl Stunden: 481<\/strong>  (Vorjahre: 516 | 581 | 564 | 611 | 559 | 647 | 556 | 591 | 485 | 458)<br \/>\n<strong>Anzahl Skigebiete: ca. 52<\/strong> (Vorjahre: 66 | 73 | 73 | 71 | 72 | 81 | 96 | 83 | 87 | 79)<br \/>\n(F\u00fcr mich) &#8211;  <strong>neue Skigebiete: ca. 36<\/strong> (Vorjahre: 13 | 32 | 24 | 15 | 20 | 31 | 41 | 31 | 37 | 35)<br \/>\n(Somit aktueller Stand jemals besuchter Skigebiete &#8211; je nach Z\u00e4hlweise &#8211; <strong>um die 650-670<\/strong>)<br \/>\n<strong>Gefahrene Distanz (Ski): ca. 2.660 km, ca. 400.000 hm<\/strong> (beide Zahlen seit einigen Jahren r\u00fcckl\u00e4ufig)<br \/>\n<strong>Anzahl L\u00e4nder:  2<\/strong> (Schweden, \u00d6sterreich)<\/p>\n<p><strong>Skipasskosten gesamt (inkl. Saisonkarten): \u20ac 3.088,- (+977,- im Vgl. zum Vorjahr) -> pro Tag \u20ac 30,27<\/strong> (vorherige Saisonen: 20,30 \/ 22,25 \/ 20,41 | 18,74 | 17,87), am meisten f\u00fcr Skip\u00e4sse ausgegeben diesmal in Schweden 2.840,- \u20ac<\/p>\n<p>(Sonderfall: Da ich im Sommer 2020 die lange Hintertuxer Sommersaisonkarte bis Anfang Dezember hatte, hatte ich diese Kosten wie folgt aufgeteilt:<br \/>\n2019\/2020 = Preis der kurzen Saisonkarte<br \/>\n2020\/2021 = Restbetrag, 248 \u20ac f\u00fcr 7 Skitage, bis es Coronalockdownbedingt wieder eingestellt wurde :( )<\/p>\n<p><strong>Monatsaufteilung:<\/strong> (Vorjahresverlauf: vorheriges Jahr = erste Stelle)<br \/>\n10\/2020: 6 Tage (Vorjahre: 2 | 4 | 2 |10 | 10 | 8 | 4 | 4 | 8 | 7 | 9 | 2 | 6 )<br \/>\n11\/2020: 1 Tage (Vorjahre: 4 | 7 | 6 | 8 | 9 | 10 | 4 | 6 | 7 | 5 | 6 | 5 | 5 )<br \/>\n12\/2020: 0 Tage (Vorjahre: 15 | 14 | 10 | 13 | 11 | 12 | 15 | 14 | 9 | 11 | 12 | 13 | 14 )<br \/>\n1\/2021: 15 Tage (Vorjahre: 12 | 14 | 13 | 15 | 14 | 15 | 14 | 15 | 12 | 12 | 16 | 14 | 12 )<br \/>\n2\/2021: 13 Tage (Vorjahre: 16 | 12 | 9 | 13 | 10 | 16 | 14 | 18 | 17 | 13 | 13 | 12 | 17 )<br \/>\n3\/2021: 24 Tage (Vorjahre: 3 | 13 | 11 | 15 | 14 | 19 | 13 | 14 | 20 | 10 | 12 | 13 | 11 )<br \/>\n4\/2021: 29 Tage (Vorjahre: 6 | 14 | 11 | 15 | 9 | 12 | 10 | 9 | 10 | 13 | 9 | 10 | 8 )<br \/>\n5\/2021: 13 Tage (Vorjahre: 15 | 9 | 13 | 10 | 13 | 13 | 10 | 10 | 7 | 7 | 9 | 7 | 10 )<br \/>\n6\/2021: 1 Tag (Vorjahre: 9 | 11 | 9 | 7 | 3 | 9 | 7 | 9 | 5 | 8 | 5 | 5 | 6 )<br \/>\n7\/2021: 0 Tage (Vorjahre: 7 | 8 | 7 | 2 | 6 | 5 | 4 | 8 | 1 | 1 | 2 | 1 | 1 )<br \/>\n8\/2021: 0 Tage (Vorjahre: 7 | 6 | 8 | 2 | 4 | 2 | 9 | 3 | 10 | 4 | 3 | 10 | 5 )<br \/>\n9\/2021: 0 Tage (Vorjahre: 8 | 9 | 7 | 6 | 6 | 4 | 4 | 1 | 1 | 2 | 1 | 2 | 3 )<\/p>\n<p><strong>Positiv \/ Negativ:<\/strong><\/p>\n<p>Ich hatte die letzten Jahre immer betont, ich k\u00f6nnte mir zwar ein Jahr lang Skifahren nur in Italien vorstellen, aber ein Skijahr ohne Italien w\u00e4re ein verlorenes Skijahr. In Italien waren vergangenen Winter wegen Corona-Lockdowns keine Skigebiete ge\u00f6ffnet &#8211; und im Sommer war mir das Grenzregime und Maskenpflicht usw. viel zu nervig. Demnach war das ein verlorenes Skijahr? Naja, irgendwie ja, irgendwie gings halt nicht anders und immerhin hatte ich die 100 Skitage ja geschafft.<\/p>\n<p>&#8211; Die komplette Wintersaison spielte sich zwangsl\u00e4ufig nur in Schweden ab, in den anderen L\u00e4ndern kam man entweder nicht rein oder sie hatten Maskenpflicht oder keine Skigebiete offen oder sonstwie nervige Coronaregeln<br \/>\n&#8211; Sehr viele eiskalte und st\u00fcrmische Tage<br \/>\n&#8211; Nur sehr wenig Firnschnee, selbst in Schweden hatte ich in den Vorjahren da schon besseren Firn<br \/>\n&#8211; quasi kein einziger Sommerskitag seit 26 Jahren (wenn man die eine Skitour Anfang Juni heuer und den einen Skitag Ende September 1998 nicht als Sommerskitag z\u00e4hlt) &#8211; nicht, dass es in den Alpen nicht m\u00f6glich gewesen w\u00e4re, aber diese Maskentragerei hatte mir die Skitage Ende Sommer 2020 schon vermiest und nach 6 Monaten maskenfreies Leben und Skifahren in Schweden hatte ich absolut keine Lust, in \u00d6sterreich wieder Maske tragen zu m\u00fcssen.<\/p>\n<p>+ Immerhin gab es die M\u00f6glichkeit, dass ich monatelang in Schweden bleiben konnte und die Schweden keine Maskenpflichten oder sonstige mich nervende Corona-Ma\u00dfnahmen hatten. Eher im Gegenteil, da man in Kabinen nur allein (in der eigenen Gruppe) fahren durfte, hab ich so immer alleine eine Gondel bekommen. Kann von mir aus gerne so bleiben.<br \/>\n+ fast nur Skilifte gefahren, kaum Sessellifte und noch weniger Gondelbahnen, Retro-Skiing<br \/>\n+ etliche alte Lifte, etliche neue Skigebiete und ein paar recht interessante waren ja schon dabei<br \/>\n+ etliche Vorteile von Schweden kennengelernt<br \/>\n+ vom 26.3. bis 2.5. mit Ausnahme von 1 Tag (12.4.) t\u00e4glich Ski gefahren, so eine lange &#8220;Str\u00e4hne&#8221; hatte ich nat\u00fcrlich noch nie, eben dank meiner Lebens- und Arbeitsumstellung. 3h\/Tag arbeiten ergibt m.E. eine sch\u00f6ne Work-Life-Balance (bzw. &#8220;Work-Lift-Balance&#8221; ;) )<\/p>\n<p><strong>Die vergangene Saison im Detail<\/strong> (ohne Links auf dem Datum zu den Berichten, da das auf meiner Blog-Seite anhand des Kalenders links ja leicht auffindbar ist:<br \/>\n<em>(In dieser Liste sind nur Skitage und Skiberichte aufgelistet, keine Sommerberichte, keine zus\u00e4tzlichen Reiseberichte!)<\/em><\/p>\n<p><strong>Sommersaisonkarte Hintertux:<\/strong> (7 Tage)<br \/>\nHintertuxer Gletscher, 7x (29h) : 04.10.2020 + 09.10.2020 + 18.10.2020 + 25.10.2020 + 30.10.2020 + 31.10.2020 + 01.11.2020<\/p>\n<p><strong>Schweden:<\/strong> (95 Tage)<br \/>\nAare, 7x (35h) : 22.04.2021 + 23.04.2021 + 25.04.2021 + 26.04.2021 + 27.04.2021 + 28.04.2021 + 29.04.2021<br \/>\nAbisko, 4x (19h) : 07.03.2021 + 09.03.2021 + 10.03.2021 + 16.03.2021<br \/>\nAlm\u00e5sa, 1x (3h) : 30.01.2021<br \/>\nArvidsjaur-Pr\u00e4stberget, 1x (2h), davon 1x Nachtski : 16.02.2021<br \/>\nArvidsjaur-Vittj\u00e5kk, 1x (2h, Skitour) : 17.02.2021<br \/>\nBj\u00e4stabacken, 1x (4h) : 06.04.2021<br \/>\nBj\u00f6rkliden, 4x (21h) : 11.03.2021 + 12.03.2021 + 14.03.2021 + 15.03.2021<br \/>\nBl\u00e5sj\u00f6n, 3x (12h) : 03.04.2021 + 04.04.2021 + 05.04.2021<br \/>\nBorgafj\u00e4ll, 1x (6h) : 07.02.2021<br \/>\nBran\u00e4s, 1x (7h) : 10.04.2021<br \/>\nBydalen, 1x (3h) : 23.01.2021<br \/>\nDundret, 9x (7 Tage) (32h), davon 1x Nachtski : 02.03.2021 + 03.03.2021 + 04.03.2021 + 05.03.2021 + 06.03.2021 + 18.03.2021 + 27.05.2021<br \/>\nEds\u00e5sdalen, 2x (8h) : 24.01.2021 + 24.04.2021<br \/>\nFj\u00e4terv\u00e5len, 1x (3h) : 15.01.2021<br \/>\nG\u00e4ddede, 1x (2h, Skitour) : 05.02.2021<br \/>\nGaltis, 1x (5h) : 21.03.2021<br \/>\nGesundaberget, 1x (5h) : 09.04.2021<br \/>\nGr\u00e4ftav\u00e5llen, 1x (1h) : 23.01.2021<br \/>\nGruvbacken, 1x (3h) : 25.04.2021<br \/>\nGustavsbergsbacken, 1x (2h) : 22.01.2021<br \/>\nHassela, 1x (4h) : 08.04.2021<br \/>\nHemavan&#038;T\u00e4rnaby, 4x (24h) : 28.03.2021 + 29.03.2021 + 30.03.2021 + 31.03.2021<br \/>\nIdre Himmelfj\u00e4ll, 1x (3h) : 13.01.2021<br \/>\nIdrefj\u00e4ll, 1x (3h) : 14.01.2021<br \/>\nKabdalis, 1x (6h) : 20.03.2021<br \/>\nKanis, 1x (2h) : 20.02.2021<br \/>\nKittelfj\u00e4ll, 6x (35h) : 09.02.2021 + 10.02.2021 + 11.02.2021 + 30.04.2021 + 01.05.2021 + 02.05.2021<br \/>\nKlimpfj\u00e4ll, 4x (24h) : 01.04.2021 + 02.04.2021 + 08.05.2021 + 09.05.2021<br \/>\nKullstaberget, 1x (2h) : 31.01.2021<br \/>\nLindsvallen-H\u00f6gfj\u00e4llet, 1x (5h) : 13.04.2021<br \/>\nLitsbacken, 1x (2h), davon 1x Nachtski : 21.01.2021<br \/>\nLofsdalen, 1x (5h) : 16.01.2021<br \/>\nMattsund, 1x (4h) : 21.02.2021<br \/>\nNalovardo, 2x (10h) : 26.03.2021 + 27.03.2021<br \/>\nN\u00e4sfj\u00e4llet, 1x (5h) : 11.04.2021<br \/>\nNolbybacken, 1x (6h) : 07.04.2021<br \/>\nOrsa Gr\u00f6nklitt, 1x (5h) : 10.01.2021<br \/>\nPers\u00e5sbacken, 1x (2h), davon 1x Nachtski : 20.01.2021<br \/>\nPorjus, 1x (1h) : 19.03.2021<br \/>\nRamundberget, 1x (8h) : 17.04.2021<br \/>\nRiksgr\u00e4nsen, 8x (45h) : 13.03.2021 + 14.05.2021 + 15.05.2021 + 16.05.2021 + 18.05.2021 + 19.05.2021 + 21.05.2021 + 23.05.2021<br \/>\nStorklinten, 1x (3h) : 25.02.2021<br \/>\nStorlien, 1x (5h) : 26.01.2021<br \/>\nSt\u00f6ten, 1x (6h) : 15.04.2021<br \/>\nSvanstein, 2x (10h) : 27.02.2021 + 28.02.2021<br \/>\nTand\u00e5dalen-Hundfj\u00e4llet, 1x (8h) : 14.04.2021<br \/>\nT\u00e4nn\u00e4skr\u00f6ket, 2x (12h) : 16.04.2021 + 18.04.2021<br \/>\nT\u00e4nndalen, 3x (11h) : 19.04.2021 + 20.04.2021 + 21.04.2021<br \/>\nTrillevallen, 1x (4h) : 25.01.2021<br \/>\nVemdalen+Kl\u00f6vsj\u00f6, 1x (5h) : 17.01.2021<br \/>\nSchweden Skitour Sonst, 3x (10h) : 06.02.2021 + 07.05.2021 + 05.06.2021<\/p>\n<p><strong>Vorgenommen f\u00fcr n\u00e4chste Saison 2021\/2022:<\/strong><br \/>\n&#8211; Seit 1,5 Monaten toure ich ja durch Norwegen und ich habe noch keine Pl\u00e4ne, wann ich wo sein m\u00f6chte.<br \/>\n&#8211; Mit den f\u00fcr die Alpenl\u00e4nder hier und da schon angek\u00fcndigten Corona-Ma\u00dfnahmen (3G, Maskenpflicht) werde ich wohl auch n\u00e4chste Saison nicht in den Alpen Skifahren.<br \/>\n&#8211; Vermutlich werd ich in Skandinavien noch bis April oder Mai bleiben, die L\u00e4nder hier oben lockern derzeit ihre Einreisemodalit\u00e4ten, so dass es durchaus sein k\u00f6nnte, dass ein Wechsel zwischen Norwegen, Schweden und Finnland unkomplizierter und zumindest h\u00e4ufiger stattfinden k\u00f6nnte<br \/>\n&#8211; Ansonsten g\u00e4be es vielleicht noch weitere L\u00e4nder, in die man wieder maskenfrei Ski fahren k\u00f6nnte, aber wenn ich eh schon hier oben bin ..<br \/>\n&#8211; Darauf hoffen, 2022\/23 endlich wieder in italienische, franz\u00f6sische und griechische Skigebiete fahren zu k\u00f6nnen, ohne Impf\/Test\/Maskenpflichten oder anderen K\u00e4se.<\/p>\n<p><strong>Zum leidigen Corona-Thema muss ich nun auch ein paar Sachen loswerden:<\/strong><\/p>\n<p>1.) Vor ein paar Wochen hab ich endlich angefangen, Corona-kritische Websites zu lesen. Herrlich erfrischend! Und so viel! Und so logisch alles!<\/p>\n<p>2.) Vor ein paar Tagen kam mir so der Gedanke, dass es doch in den letzen Jahren mehr und mehr Leute gab, die Medien kritisch gegen\u00fcber standen. Tats\u00e4chlich hab ich eine Studie gefunden, wonach die Vertrauensw\u00fcrdigkeit der Medien seit der Pandemie in Deutschland stark gestiegen ist:<\/p>\n<p><a href='https:\/\/www1.wdr.de\/unternehmen\/der-wdr\/unternehmen\/studie-deutsche-medien-glaubwuerdig-106.html'>https:\/\/www1.wdr.de\/unternehmen\/der-wdr\/unternehmen\/studie-deutsche-medien-glaubwuerdig-106.html<\/a><\/p>\n<p>Logisch ist das aber nicht, dass das jahrelang aufgebaute Misstrauen nun wieder einem kompletten Gehorsam gegen\u00fcber liniengetreuen Medien und Politiker gewichen ist?!<\/p>\n<p>Denn eine Sache hat sich doch nicht ge\u00e4ndert: <strong>Die Wahrheit gibt es nicht.<\/strong><\/p>\n<p>Bzw. es gibt sie, aber es kennt nur einer. Oder es gibt ein Sammelsurium an subjektiven Wahrheiten. Wie auch immer. Vielleicht sollte ich sagen:<\/p>\n<p><strong>Die Wahrheit erz\u00e4hlt euch keiner. Trust no one.<\/strong><\/p>\n<p>Jeder verbiegt die Wahrheit mehr oder weniger, absichtlich und wissentlich oder unwissentlich, z.B. durch Weglassen bestimmter Informationen, im Zweifel zu seinem eigenen Nutzen. Je mehr Geld dann auch noch irgendwo flie\u00dft, desto gr\u00f6\u00dfer sollte man die verbreitete Wahrheit anzweifeln. Denn der, der Geld hat, kann sich die Wahrheit kaufen. Habt ihr vergessen, wie Zeitungen und Medien Portagonisten Geld zahlen, um sich vor der Kamera so zu verhalten oder das zu sagen, was die Auflage steigert, egal ob es stimmt, oder die Medien gleich irgendwelche Sachen frei erfinden?<\/p>\n<p>In diesem Sinn kann ich nur jedem raten, sich m\u00f6glichst vielen &#8220;Wahrheiten&#8221; zu \u00f6ffnen, denn die &#8220;wirkliche Wahrheit&#8221; liegt irgendwo dazwischen. Dazu m\u00fcsst ihr aber auch mittlerweile zensierende Anbieter wie Facebook oder Youtube verlassen, es ist also nicht immer einfach.<\/p>\n<p>Es w\u00e4re sogar nicht mal so abwegig anzunehmen, dass &#8220;die gro\u00dfen Medien&#8221; durch Dritte die abstrusesten L\u00fcgen und Verschw\u00f6rungstheorien verbreiten, damit sie diese in ihrem &#8220;Fakten-Check&#8221; widerlegen k\u00f6nnen und so die Glaubw\u00fcrdigkeit derer vergr\u00f6\u00dfern, die daran Zweifel hatten. Vielleicht sind also sogar die ganzen Corona-Zweifler und -Widerst\u00e4ndler von Politik oder Medien nur inszentiert, um die Bev\u00f6lkerung zu spalten, etwas anderes zu vertuschen &#8212; auch das alles w\u00e4re m\u00f6glich.<\/p>\n<p>Jedenfalls manipulieren die Medien und Politiker in der Corona-Thematik, und zwar nicht zu knapp, allein anhand der gew\u00e4hlten W\u00f6rter und Umpolung derselben. Eine Analyse des &#8220;Corona-Neusprechs&#8221; gibt&#8217;s hier:<\/p>\n<p><a href='https:\/\/norberthaering.de\/liste-manipulationen\/'>https:\/\/norberthaering.de\/liste-manipulationen\/<\/a><\/p>\n<p>Wie gro\u00df der finanzielle Einfluss in der ganzen Corona-Thematik ist, welche Netzwerke dahinter stecken, wie dazwischen Geld flie\u00dft,  versucht man z.B. hier aufzurollen:<\/p>\n<p><a href='https:\/\/www.anti-spiegel.ru\/2021\/an-einem-konkreten-beispiel-wie-und-von-dem-die-pandemie-vorbereitet-wurde\/'>https:\/\/www.anti-spiegel.ru\/2021\/an-einem-konkreten-beispiel-wie-und-von-dem-die-pandemie-vorbereitet-wurde\/<\/a><\/p>\n<p>Ob es hier die uneingeschr\u00e4nkte Wahrheit gibt? Nach meinem obigen Credo &#8220;trust no one&#8221; vermutlich nicht. Aber es schadet nicht, alle Seiten anzuh\u00f6ren um sich ein umfassenderes Bild der Lage zu machen. Im Zweifelsfall kann dort, wo mehr Geld flie\u00dft, auch mehr gelogen werden.<\/p>\n<p>Mich erinnern die Politiker, die so vehement die Impfung unters Volk bringen wollen, mittlerweile an Haust\u00fcrvertreter oder Verk\u00e4ufer, die nat\u00fcrlich nur die Vorz\u00fcge ihres Produkts hervorheben. Glaubt ihr denen auch alles??<\/p>\n<p>3.) Im besten Fall wurde das Corona-Thema nur aufgebauscht, damit irgendwer massig Geld verdienen kann, dabei ist es egal, ob das Virus jemand erschaffen hat oder es zuf\u00e4llig passiert ist. Man findet nat\u00fcrlich auch mannigfaltig andere Ideen im Netz, was Virus oder  Impfung sein oder anrichten k\u00f6nnen. Die kann man glauben, muss man nicht. Das k\u00f6nnen Historiker in ein paar Jahrzehnten alles aufarbeiten. Und dann deren Warheit verk\u00fcnden.<\/p>\n<p>4.) Ich lese in letzter Zeit gern folgende schweizer Website bzw. deren Newsletter, die auch auf viele andere coronakritische Websites verlinken:<\/p>\n<p><a href='https:\/\/corona-transition.org\/'>https:\/\/corona-transition.org\/<\/a><\/p>\n<p>5.) \u00dcber die Folgen der Erkenntnis, dass einem eh niemand die ganze Wahrheit erz\u00e4hlt und man sowieso von allen laufend verarscht wird, bin ich mir noch nicht einig. Es ist durchaus befreiend, in seiner eigenen Blase zu leben und abgestumpft alles abnicken zu k\u00f6nnen &#8220;Jaja, kann sein, dass das stimmt, lass mich in Ruhe&#8221;.<\/p>\n<p>Achja, zwei Links hab ich noch zum Nachdenken:<br \/>\n<a href='https:\/\/de.wikipedia.org\/wiki\/The_Great_Reset'>https:\/\/de.wikipedia.org\/wiki\/The_Great_Reset<\/a><\/p>\n<blockquote><p>Folgt man dem Vorschlag des Weltwirtschaftsforums (WEF), dann stellt die COVID-19-Pandemie eine g\u00fcnstige Gelegenheit dar, m\u00f6glichst wirkungsvoll einen globalen wirtschaftlichen Aufschwung und die zuk\u00fcnftige Richtung der weltweiten Beziehungen, Volkswirtschaften und Priorit\u00e4ten zu gestalten.<\/p><\/blockquote>\n<blockquote><p>&#8220;Hierf\u00fcr bed\u00fcrfe es Umbr\u00fcche und Neugestaltungen bestehender sozialer und \u00f6konomischer Systeme.&#8221;<\/p><\/blockquote>\n<p><a href='https:\/\/de.wikipedia.org\/wiki\/Sch%C3%B6ne_neue_Welt'>https:\/\/de.wikipedia.org\/wiki\/Sch%C3%B6ne_neue_Welt<\/a><\/p>\n<blockquote><p>Dieser Totalitarismus herrsche nicht \u00fcber eine Bev\u00f6lkerung von Zwangsarbeitern wie bisher mit niederkn\u00fcppelnder Macht, sondern weit effizienter, indem er dem Volk mittels Propaganda, Medien und schulischer Erziehung dessen Versklavung zu lieben beibr\u00e4chte.<\/p>\n<p>Besonders wirksam dabei sei es, der Bev\u00f6lkerung nicht mit Argumenten beizukommen, um unerw\u00fcnschte Entwicklungen zu verhindern, sondern gezielt Informationen zu verbergen: <strong>\u201egro\u00df ist die Wahrheit, aber gr\u00f6\u00dfer, vom praktischen Gesichtspunkt, ist das Verschweigen der Wahrheit\u201c<\/strong>. Voraussetzung daf\u00fcr sei wirtschaftliche Sicherheit, die aufrechtzuerhalten erste Priorit\u00e4t eines solchen totalit\u00e4ren Staates sein d\u00fcrfte. Weitere staatliche Manipulationen seien zu erwarten:<br \/>\n1) Suggestion schon im Kleinkindesalter und Einsatz von Medikamenten;<br \/>\n2) staatlich maximierte und gef\u00f6rderte klare Zuweisung von Rangpl\u00e4tzen innerhalb der Gesellschaft zwecks Hebung allgemeiner Zufriedenheit,<br \/>\n3) noch zu ersinnende Rauschmittel, die weniger gef\u00e4hrlich sind als Alkohol oder Heroin, aber ein Ausklinken aus dem Alltagstrott erlaubten zur Erh\u00f6hung allgemeinen Wohlbefindens; schlie\u00dflich<br \/>\n4) eugenische Normung der k\u00fcnftigen Menschen.<\/p><\/blockquote>\n<p>Ist zwar ein Roman, aber .. wer garantiert euch denn, dass eines Tages nicht irgendein Virus oder eine Impfung gemacht wird (oder: bereits wurde?), um diesen oder jenen Punkt umzusetzen?!<\/p>\n<p>Denkt mal umgekehrt. Wenn ich die Welt beherrschen m\u00f6chte, wie fang ich es an, damit es m\u00f6glichst wenig Widerstand gibt? Man k\u00f6nnte doch gut ein Virus basteln, das m\u00f6glichst nicht so t\u00f6dlich ist, aber gerade t\u00f6dlich genug, um Aufmerksamkeit zu erregen. Mittels gezielter Spenden kann man problemos Medien und Politiker lenken, um die Aufmerksamkeit zu steigern und die Schwere zu \u00fcbertrieben. Jetzt brauchen wir nur noch eine Impfung, in der wir alles m\u00f6gliche reinpacken k\u00f6nnen, was wir in den K\u00f6rpern der Menschen manipulieren m\u00f6chten, vielleicht vorsichtshalber erst bei der zweiten oder dritten Impfung. Dazu m\u00fcssen wir im Zweifelsfall nur mittels Spenden an Medien und Politiker Druck aus\u00fcben, damit m\u00f6glichst viele geimpft werden.<\/p>\n<p>Ich sag nicht, dass es im Falle von Corona so ist. Woher auch, ich bin nicht &#8220;derjenige&#8221; und nur dieser w\u00fcsste die Wahrheit. Aber .. plausibel w\u00e4re es doch? Nichts ist unm\u00f6glich. Und wenn es nicht Corona ist, dann vielleicht der n\u00e4chste Supervirus und die n\u00e4chste Impfung?<\/p>\n<p>Was man in so einer Impfung reinpacken k\u00f6nnte? Woran geforscht wird und was biotechnologisch alles bereits oder bald m\u00f6glich ist, zeigt dieses Video von 2018, bei dem es einerseits z.B. um die Bedienung von Maschinen mittels Gedankensteuerung geht (sogar Affen k\u00f6nnen das!) oder wie man Gedanken von Menschen manipulieren kann oder die F\u00e4higkeiten des Menschens erweitern kann und noch andere Sachen:<br \/>\n<a href='https:\/\/www.youtube.com\/watch?v=cTtIPBPSv0U'>https:\/\/www.youtube.com\/watch?v=cTtIPBPSv0U<\/a><\/p>\n<p>&#8211;<\/p>\n<p>Die Wahrheitsfindung ist ein Malen nach Zahlen ohne Nummern &#8211; oder ein Verbinden von nicht durchnummerierten Punkten. Dabei k\u00f6nnen sich  mehrere Bilder daraus ergeben. Aber jeder meint, er h\u00e4tte das einzig wahre Bild gefunden&#8230;<\/p>\n<p>*edit 10.10.2021*<\/p>\n<p>So weit hergeholt ist das mit Bill Gates wohl doch nicht, wie ich letztes Jahr dachte. Abgesehen von dem Spendenfluss &#8211; siehe Link weiter oben &#8211; hat er in einem Interview von 2015 tats\u00e4chlich was von Seuchen und Weltregierung gefaselt:<\/p>\n<p><a href='https:\/\/www.sueddeutsche.de\/wirtschaft\/bill-gates-im-interview-den-taeglichen-tod-nehmen-wir-nicht-wahr-1.2324164'>https:\/\/www.sueddeutsche.de\/wirtschaft\/bill-gates-im-interview-den-taeglichen-tod-nehmen-wir-nicht-wahr-1.2324164<\/a><\/p>\n<p>Und auch dieses Video, insb. die letzten ca. 10-15 Minuten:<br \/>\n<a href='https:\/\/marcocaimi.ch\/video\/ahs-covid19-impfungen-wie-wir-belogen-und-betrogen-werden\/'>https:\/\/marcocaimi.ch\/video\/ahs-covid19-impfungen-wie-wir-belogen-und-betrogen-werden\/<\/a><\/p>\n","protected":false},"excerpt":{"rendered":"<p>(Da sich meine Saisonz\u00e4hlweise historisch bedingt nach den Saisonkartenzeitr\u00e4umen in Tirol richtet, hab ich die alte Saison wieder mit Ende September abgeschlossen&#8230;)<\/p>\n<p>Saisonzeitraum: 1.10.2020 &#8211; 30.9.2021 (&#8220;Zweites Corona-Jahr&#8221;)<\/p>\n<p>Anzahl Skitage: 102 (Inkl. Nachtskitage und Skitouren) (-2 Tage im Vgl. zum Vorjahr; Vorjahre: 104 | 121 | 106 | 116 | 109 | 125 | 108 <a href=\"http:\/\/blog.inmontanis.info\/?p=7129\">[&#8230;]<\/a><\/p>\n","protected":false},"author":1,"featured_media":0,"comment_status":"closed","ping_status":"closed","sticky":false,"template":"","format":"standard","meta":{"footnotes":""},"categories":[212],"tags":[],"class_list":["post-7129","post","type-post","status-publish","format-standard","hentry","category-statistik","odd"],"_links":{"self":[{"href":"http:\/\/blog.inmontanis.info\/index.php?rest_route=\/wp\/v2\/posts\/7129","targetHints":{"allow":["GET"]}}],"collection":[{"href":"http:\/\/blog.inmontanis.info\/index.php?rest_route=\/wp\/v2\/posts"}],"about":[{"href":"http:\/\/blog.inmontanis.info\/index.php?rest_route=\/wp\/v2\/types\/post"}],"author":[{"embeddable":true,"href":"http:\/\/blog.inmontanis.info\/index.php?rest_route=\/wp\/v2\/users\/1"}],"replies":[{"embeddable":true,"href":"http:\/\/blog.inmontanis.info\/index.php?rest_route=%2Fwp%2Fv2%2Fcomments&post=7129"}],"version-history":[{"count":20,"href":"http:\/\/blog.inmontanis.info\/index.php?rest_route=\/wp\/v2\/posts\/7129\/revisions"}],"predecessor-version":[{"id":7168,"href":"http:\/\/blog.inmontanis.info\/index.php?rest_route=\/wp\/v2\/posts\/7129\/revisions\/7168"}],"wp:attachment":[{"href":"http:\/\/blog.inmontanis.info\/index.php?rest_route=%2Fwp%2Fv2%2Fmedia&parent=7129"}],"wp:term":[{"taxonomy":"category","embeddable":true,"href":"http:\/\/blog.inmontanis.info\/index.php?rest_route=%2Fwp%2Fv2%2Fcategories&post=7129"},{"taxonomy":"post_tag","embeddable":true,"href":"http:\/\/blog.inmontanis.info\/index.php?rest_route=%2Fwp%2Fv2%2Ftags&post=7129"}],"curies":[{"name":"wp","href":"https:\/\/api.w.org\/{rel}","templated":true}]}}