{"id":7124,"date":"2021-09-30T18:31:02","date_gmt":"2021-09-30T16:31:02","guid":{"rendered":"http:\/\/blog.inmontanis.info\/?p=7124"},"modified":"2021-10-04T18:42:07","modified_gmt":"2021-10-04T16:42:07","slug":"luovttat-rullesteinfjaera-30-9-2021","status":"publish","type":"post","link":"http:\/\/blog.inmontanis.info\/?p=7124","title":{"rendered":"Luovttat-Rullesteinfj\u00e6ra, 30.9.2021"},"content":{"rendered":"<p><strong>30.9.2021<\/strong><\/p>\n<p>Obwohl es ja gestern so warm war, verlief die Nacht wieder k\u00e4lter, morgens hatte es drau\u00dfen nur 2\u00b0. Das erkl\u00e4rt, warum ich mir heute Nacht die Fu\u00dfheizung eingeschaltet gew\u00fcnscht h\u00e4tte. Die lie\u00df ich in den folgenden N\u00e4chten laufen, wurde dann aber nicht mehr so kalt.<\/p>\n<p>Ich entschied mich heute f\u00fcr die Wanderung zu einem Strand voller bunter, runder Steine, Luovttat \u2013 Rullesteinfj\u00e6ra.<\/p>\n<p><a href='http:\/\/extra.inmontanis.info\/d\/70572-2\/DSC07191.jpg'><img src=http:\/\/extra.inmontanis.info\/d\/70571-3\/DSC07191.jpg \/><\/a><br \/>\n^ Nachdem \u00fcbers Ifjordfjell die 98 ja in den letzten Jahren schon neu trassiert und ausgebaut wurde, sind jetzt hier ein paar  St\u00fccke dran<\/p>\n<p><a href='http:\/\/extra.inmontanis.info\/d\/70576-2\/DSC07193.jpg'><img src=http:\/\/extra.inmontanis.info\/d\/70575-3\/DSC07193.jpg \/><\/a><br \/>\n^ Infotafel Luovttat-Rullesteinfj\u00e6ra<\/p>\n<p><a href='http:\/\/extra.inmontanis.info\/d\/70580-2\/DSC07194.jpg'><img src=http:\/\/extra.inmontanis.info\/d\/70579-3\/DSC07194.jpg \/><\/a><br \/>\n^ Wanderung Luovttat-Rullesteinfj\u00e6ra<\/p>\n<p><a href='http:\/\/extra.inmontanis.info\/d\/70584-2\/DSC07195.jpg'><img src=http:\/\/extra.inmontanis.info\/d\/70583-3\/DSC07195.jpg \/><\/a><br \/>\n^ Parkplatz<\/p>\n<p><a href='http:\/\/extra.inmontanis.info\/d\/70588-2\/DSC07196.jpg'><img src=http:\/\/extra.inmontanis.info\/d\/70587-3\/DSC07196.jpg \/><\/a><br \/>\n^ Nachdem man ein St\u00fcck rauf ging, musste man wieder runter, sp\u00e4ter wieder rauf und nochmals runter und so weiter; leider geht der Weg nicht einfach gerade nahe der K\u00fcste entlang<\/p>\n<p><a href='http:\/\/extra.inmontanis.info\/d\/70592-2\/DSC07200.jpg'><img src=http:\/\/extra.inmontanis.info\/d\/70591-3\/DSC07200.jpg \/><\/a><br \/>\n^ .. evtl. haben die Grundbesitzer hier etwas dagegen, dass der Weg direkt verl\u00e4uft?!<\/p>\n<p><a href='http:\/\/extra.inmontanis.info\/d\/70596-2\/DSC07203.jpg'><img src=http:\/\/extra.inmontanis.info\/d\/70595-3\/DSC07203.jpg \/><\/a><br \/>\n^ Man beachte auch die Restschneefelder dr\u00fcben<\/p>\n<p><a href='http:\/\/extra.inmontanis.info\/d\/70600-2\/DSC07208.jpg'><img src=http:\/\/extra.inmontanis.info\/d\/70599-3\/DSC07208.jpg \/><\/a><br \/>\n^ <\/p>\n<p><a href='http:\/\/extra.inmontanis.info\/d\/70604-2\/DSC07210.jpg'><img src=http:\/\/extra.inmontanis.info\/d\/70603-3\/DSC07210.jpg \/><\/a><br \/>\n^ <\/p>\n<p><a href='http:\/\/extra.inmontanis.info\/d\/70608-2\/DSC07212.jpg'><img src=http:\/\/extra.inmontanis.info\/d\/70607-3\/DSC07212.jpg \/><\/a><br \/>\n^ So, hier sind die runden Steine. Weiter oben allerdings von Moos o.\u00e4. bewachsen und dadurch schwarz aussehend (eigentlich noch interessanter). Derartige Seen hatte ich ja schon einige gesehen.<\/p>\n<p><a href='http:\/\/extra.inmontanis.info\/d\/70612-2\/DSC07213.jpg'><img src=http:\/\/extra.inmontanis.info\/d\/70611-3\/DSC07213.jpg \/><\/a><br \/>\n^ Rullesteinfj\u00e6ra<\/p>\n<p><a href='http:\/\/extra.inmontanis.info\/d\/70616-2\/DSC07215.jpg'><img src=http:\/\/extra.inmontanis.info\/d\/70615-3\/DSC07215.jpg \/><\/a><br \/>\n^ Wenn die Steine unten von Wanderern alle mitgenommen wurden, kann man die von weiter oben noch runterschieben ;)<\/p>\n<p><a href='http:\/\/extra.inmontanis.info\/d\/70620-2\/DSC07216.jpg'><img src=http:\/\/extra.inmontanis.info\/d\/70619-3\/DSC07216.jpg \/><\/a><br \/>\n^ Die Steine sind recht bunt und manchmal gescheckt<\/p>\n<p><a href='http:\/\/extra.inmontanis.info\/d\/70624-2\/DSC07217.jpg'><img src=http:\/\/extra.inmontanis.info\/d\/70623-3\/DSC07217.jpg \/><\/a><br \/>\n^ Wei\u00df nicht, ob die vor Ort auch so blau waren, sp\u00e4ter hab ich keinen wirklichen bl\u00e4ulichen Stein jedenfalls mehr gesehen.<\/p>\n<p><a href='http:\/\/extra.inmontanis.info\/d\/70628-2\/DSC07218.jpg'><img src=http:\/\/extra.inmontanis.info\/d\/70627-3\/DSC07218.jpg \/><\/a><br \/>\n^ <\/p>\n<p><a href='http:\/\/extra.inmontanis.info\/d\/70632-2\/DSC07219.jpg'><img src=http:\/\/extra.inmontanis.info\/d\/70631-3\/DSC07219.jpg \/><\/a><br \/>\n^ Viele bunte runde Steine &#8211; und vmtl. wurde man mit etwas Graben noch einige interessante finden. Welchen soll man bei so einem riesigen Angebot nur mitnehmen?<\/p>\n<p><a href='http:\/\/extra.inmontanis.info\/d\/70636-2\/DSC07220.jpg'><img src=http:\/\/extra.inmontanis.info\/d\/70635-3\/DSC07220.jpg \/><\/a><br \/>\n^ Der eine kleine aufgeschnittene links macht den Anschein, dass da Kristalle drin sind. Gut m\u00f6glich, dass es da einige Steine mit Kristallen drin g\u00e4be.<\/p>\n<p><a href='http:\/\/extra.inmontanis.info\/d\/70640-2\/DSC07221.jpg'><img src=http:\/\/extra.inmontanis.info\/d\/70639-3\/DSC07221.jpg \/><\/a><br \/>\n^ Unterschiedliche Gr\u00f6\u00dfen und Farben und weil nass, wirken sie noch farbiger.<\/p>\n<p><a href='http:\/\/extra.inmontanis.info\/d\/70644-2\/DSC07222.jpg'><img src=http:\/\/extra.inmontanis.info\/d\/70643-3\/DSC07222.jpg \/><\/a><br \/>\n^ <\/p>\n<p><a href='http:\/\/extra.inmontanis.info\/d\/70648-2\/DSC07223.jpg'><img src=http:\/\/extra.inmontanis.info\/d\/70647-3\/DSC07223.jpg \/><\/a><br \/>\n^ Manche sehen aus wie bemalte Ostereier<\/p>\n<p><a href='http:\/\/extra.inmontanis.info\/d\/70652-2\/DSC07224.jpg'><img src=http:\/\/extra.inmontanis.info\/d\/70651-3\/DSC07224.jpg \/><\/a><br \/>\n^ <\/p>\n<p><a href='http:\/\/extra.inmontanis.info\/d\/70656-2\/DSC07228.jpg'><img src=http:\/\/extra.inmontanis.info\/d\/70655-3\/DSC07228.jpg \/><\/a><br \/>\n^ Wieder auf dem R\u00fcckweg, am Schieferbruch<\/p>\n<p><a href='http:\/\/extra.inmontanis.info\/d\/70660-2\/DSC07236.jpg'><img src=http:\/\/extra.inmontanis.info\/d\/70659-3\/DSC07236.jpg \/><\/a><br \/>\n^ Hab mir ein paar kleinere Steine mitgenommen; von den beiden mitttleren wollte ich eigentlich nur einen, hatte aber vergessen, dass ich da noch einen in der Hostentasche hatte.<\/p>\n<p><a href='http:\/\/extra.inmontanis.info\/d\/70664-2\/ge20210930.jpg'><img src=http:\/\/extra.inmontanis.info\/d\/70663-3\/ge20210930.jpg \/><\/a><br \/>\n^ Das Auf und Ab der Wanderung, es gab auch mal zwei alternative Wegmarkierungen, die einen vielleicht direkter (oder auch nicht) hingebracht h\u00e4tten. Ca. 180-200hm, ca. 3h, 5,7km<\/p>\n<p>Da Monatsende, gibts mal wieder einen \u00dcberblick der Tour samt den POIs:<\/p>\n<p><a href='http:\/\/extra.inmontanis.info\/d\/70668-2\/ge202109b.jpg'><img src=http:\/\/extra.inmontanis.info\/d\/70667-3\/ge202109b.jpg \/><\/a><br \/>\n^ Fahrstrecke und POI 7.9.-30.9.2021<br \/>\nca. 1638km mit den zuletzt \u00fcblichen etlichen Aussetzern, also wohl eher 1650-1700km<br \/>\n(F\u00e4hre)<br \/>\nA) Narvik\/Ankenes<br \/>\nB) Lyngenalpen<br \/>\nC) Ankerlia, Gorsabrua<\/p>\n<p><a href='http:\/\/extra.inmontanis.info\/d\/70672-2\/ge202109c.jpg'><img src=http:\/\/extra.inmontanis.info\/d\/70671-3\/ge202109c.jpg \/><\/a><br \/>\n^<br \/>\nD) Kv\u00e6nangen<br \/>\nE) Alta<br \/>\nF) Dihkkev\u00e1rri<br \/>\nG) Pikefossen<br \/>\nH) Bealj\u00e1\u017eat<br \/>\nI) Kautokeino<br \/>\nJ) R\u00e1sseg\u00e1lv\u00e1rri<br \/>\nK) Vuotta\u0161v\u00e1rri<br \/>\nL) H\u00e1ldi<br \/>\nM) Karasjok<br \/>\nN) Erkkeristen\u010dohkka<br \/>\nO) Tana bru<br \/>\nP) Bigg\u00e1nj\u00e1rga<br \/>\nQ) Ex-K\u00fcstenfort<br \/>\nR) Kirkenes<br \/>\nS) Svanvik<br \/>\nT) Treriksr\u00f8ysa \/ Dreil\u00e4ndereck<br \/>\nU) Sandnes<br \/>\nV) Vierigas<br \/>\nW) Grense Jakobselv<br \/>\nX) Ravntinden<br \/>\nY) Reppent\u00e5rnet<br \/>\nZ) Bokc\u00e1v\u00e1rri<br \/>\n1) Luovttat-Rullesteinfj\u00e6ra<\/p>\n","protected":false},"excerpt":{"rendered":"<p>30.9.2021<\/p>\n<p>Obwohl es ja gestern so warm war, verlief die Nacht wieder k\u00e4lter, morgens hatte es drau\u00dfen nur 2\u00b0. Das erkl\u00e4rt, warum ich mir heute Nacht die Fu\u00dfheizung eingeschaltet gew\u00fcnscht h\u00e4tte. Die lie\u00df ich in den folgenden N\u00e4chten laufen, wurde dann aber nicht mehr so kalt.<\/p>\n<p>Ich entschied mich heute f\u00fcr die Wanderung zu einem <a href=\"http:\/\/blog.inmontanis.info\/?p=7124\">[&#8230;]<\/a><\/p>\n","protected":false},"author":1,"featured_media":7127,"comment_status":"closed","ping_status":"closed","sticky":false,"template":"","format":"standard","meta":{"footnotes":""},"categories":[185,18,30],"tags":[37,45],"class_list":["post-7124","post","type-post","status-publish","format-standard","has-post-thumbnail","hentry","category-2021-08-skandinavien","category-norwegennorway","category-wandern","tag-meer","tag-see","odd"],"_links":{"self":[{"href":"http:\/\/blog.inmontanis.info\/index.php?rest_route=\/wp\/v2\/posts\/7124","targetHints":{"allow":["GET"]}}],"collection":[{"href":"http:\/\/blog.inmontanis.info\/index.php?rest_route=\/wp\/v2\/posts"}],"about":[{"href":"http:\/\/blog.inmontanis.info\/index.php?rest_route=\/wp\/v2\/types\/post"}],"author":[{"embeddable":true,"href":"http:\/\/blog.inmontanis.info\/index.php?rest_route=\/wp\/v2\/users\/1"}],"replies":[{"embeddable":true,"href":"http:\/\/blog.inmontanis.info\/index.php?rest_route=%2Fwp%2Fv2%2Fcomments&post=7124"}],"version-history":[{"count":3,"href":"http:\/\/blog.inmontanis.info\/index.php?rest_route=\/wp\/v2\/posts\/7124\/revisions"}],"predecessor-version":[{"id":7128,"href":"http:\/\/blog.inmontanis.info\/index.php?rest_route=\/wp\/v2\/posts\/7124\/revisions\/7128"}],"wp:featuredmedia":[{"embeddable":true,"href":"http:\/\/blog.inmontanis.info\/index.php?rest_route=\/wp\/v2\/media\/7127"}],"wp:attachment":[{"href":"http:\/\/blog.inmontanis.info\/index.php?rest_route=%2Fwp%2Fv2%2Fmedia&parent=7124"}],"wp:term":[{"taxonomy":"category","embeddable":true,"href":"http:\/\/blog.inmontanis.info\/index.php?rest_route=%2Fwp%2Fv2%2Fcategories&post=7124"},{"taxonomy":"post_tag","embeddable":true,"href":"http:\/\/blog.inmontanis.info\/index.php?rest_route=%2Fwp%2Fv2%2Ftags&post=7124"}],"curies":[{"name":"wp","href":"https:\/\/api.w.org\/{rel}","templated":true}]}}