{"id":7118,"date":"2021-09-29T15:31:39","date_gmt":"2021-09-29T13:31:39","guid":{"rendered":"http:\/\/blog.inmontanis.info\/?p=7118"},"modified":"2021-10-03T15:41:41","modified_gmt":"2021-10-03T13:41:41","slug":"bokcavarri-29-9-2021","status":"publish","type":"post","link":"http:\/\/blog.inmontanis.info\/?p=7118","title":{"rendered":"Bokc\u00e1v\u00e1rri, 29.9.2021"},"content":{"rendered":"<p><strong>29.9.2021<\/strong><\/p>\n<p>Leider heute fr\u00fch mal wieder das Pech gehabt, dass es irgendwelche offiziellen Arbeiten am Rastplatz gab, am WC oder davor. Wenigstens hatte ich zuvor noch mein bisschen W\u00e4sche und Haare gewaschen; h\u00e4tte aber eigentlich noch WC ausleeren wollen, da es die n\u00e4chsten Tage mit \u00f6ffentlichen WCs schlecht aussehen k\u00f6nnte.<\/p>\n<p>Um 11 war der Arbeiter wieder f\u00fcr eine Zeit lang weg und um 11:20 standen pl\u00f6tzlich 5 Wohnmobile rum und leerten ihre WCs am Automaten, den ich f\u00fcr mein WC ja nicht verwenden kann. Danach konnte ich endlich meines leeren.<\/p>\n<p>Da es zwischen Tana bru und Lakselv evtl. keine Einkaufsm\u00f6glichkeiten zu geben scheint, musste ich heut in Tana bru wieder etwas mehr einkaufen, damit es bis \u00fcber&#8217;s WE reicht. So langsam wei\u00df ich wohl, warum die Rema 1000 Superm\u00e4rkte bisher mein Favorit war &#8211; es gibt sie einfach viel h\u00e4ufiger als Kiwi oder Bunnpris oder Spar und sind ja auch g\u00fcnstiger als Coop.<\/p>\n<p>Heute endlich mal in einem MIX-Kiosk gewesen, war einst mal mein Lieblings-Fastfoodrestaurant in NO. Naja, g\u00fcnstig sind die auch nicht mehr, falls sie das jemals waren. Hab mich f\u00fcr den 180g-BBQ-Bacon-Zwiebelring-Burger entschieden, der ohne Pommes knapp 16 \u20ac kostet. Kebapteller mit Pommes\/Salat h\u00e4tte 15,- gekostet, w\u00e4r vmtl. sinnvoller, das dann zu nehmen, die Burger gibts (kleiner) an der Tankstelle g\u00fcnstiger. <\/p>\n<p><a href='http:\/\/extra.inmontanis.info\/d\/70496-2\/DSC07140.jpg'><img src=http:\/\/extra.inmontanis.info\/d\/70495-3\/DSC07140.jpg \/><\/a><br \/>\n^ Teurer Hamburger. Durchaus lecker, aber von der BBQ-Sauce hab ich nix oder nur minimal geschmeckt.<\/p>\n<p>Danach eine kleine Wanderung, wobei es heute so warm war, dass ich trotz kurzer \u00c4rmel nicht lange die Jacke angelassen hatte.<\/p>\n<p><a href='http:\/\/extra.inmontanis.info\/d\/70500-2\/DSC07142.jpg'><img src=http:\/\/extra.inmontanis.info\/d\/70499-3\/DSC07142.jpg \/><\/a><br \/>\n^ Wanderung Bokc\u00e1v\u00e1rri und andere zweigen hier links ab, diesmal wieder alles besser angeschrieben.<\/p>\n<p><a href='http:\/\/extra.inmontanis.info\/d\/70504-2\/DSC07143.jpg'><img src=http:\/\/extra.inmontanis.info\/d\/70503-3\/DSC07143.jpg \/><\/a><br \/>\n^ Verschiedenfarbiger Schiefer<\/p>\n<p><a href='http:\/\/extra.inmontanis.info\/d\/70508-2\/DSC07145.jpg'><img src=http:\/\/extra.inmontanis.info\/d\/70507-3\/DSC07145.jpg \/><\/a><br \/>\n^ Sch\u00f6ner Weg<\/p>\n<p><a href='http:\/\/extra.inmontanis.info\/d\/70512-2\/DSC07146.jpg'><img src=http:\/\/extra.inmontanis.info\/d\/70511-3\/DSC07146.jpg \/><\/a><br \/>\n^ Hiernach folgt allerdings nochmal ein kleines Tal, wo man etwas runter muss, bevor es wieder zum eigentlichen Gipfelziel geht<\/p>\n<p><a href='http:\/\/extra.inmontanis.info\/d\/70516-2\/DSC07153.jpg'><img src=http:\/\/extra.inmontanis.info\/d\/70515-3\/DSC07153.jpg \/><\/a><br \/>\n^ Gipfel-Pano<\/p>\n<p><a href='http:\/\/extra.inmontanis.info\/d\/70520-2\/DSC07157.jpg'><img src=http:\/\/extra.inmontanis.info\/d\/70519-3\/DSC07157.jpg \/><\/a><br \/>\n^ Gipfel-Pano<\/p>\n<p><a href='http:\/\/extra.inmontanis.info\/d\/70524-2\/DSC07160.jpg'><img src=http:\/\/extra.inmontanis.info\/d\/70523-3\/DSC07160.jpg \/><\/a><br \/>\n^ Gipfel-Pano<\/p>\n<p><a href='http:\/\/extra.inmontanis.info\/d\/70528-2\/DSC07161.jpg'><img src=http:\/\/extra.inmontanis.info\/d\/70527-3\/DSC07161.jpg \/><\/a><br \/>\n^ Gipfel \/ Ziel der Wanderung<\/p>\n<p><a href='http:\/\/extra.inmontanis.info\/d\/70532-2\/DSC07162.jpg'><img src=http:\/\/extra.inmontanis.info\/d\/70531-3\/DSC07162.jpg \/><\/a><br \/>\n^ Warme 14\u00b0 laut Thermometer hier oben<\/p>\n<p><a href='http:\/\/extra.inmontanis.info\/d\/70536-2\/DSC07164.jpg'><img src=http:\/\/extra.inmontanis.info\/d\/70535-3\/DSC07164.jpg \/><\/a><br \/>\n^ <\/p>\n<p><a href='http:\/\/extra.inmontanis.info\/d\/70540-2\/DSC07166.jpg'><img src=http:\/\/extra.inmontanis.info\/d\/70539-3\/DSC07166.jpg \/><\/a><br \/>\n^ Tana<\/p>\n<p><a href='http:\/\/extra.inmontanis.info\/d\/70544-2\/ge20210929.jpg'><img src=http:\/\/extra.inmontanis.info\/d\/70543-3\/ge20210929.jpg \/><\/a><br \/>\n^ GPS-Track Bokc\u00e1v\u00e1rri-Wanderung, knapp 1,5h, ca. 210hm, 3,8km<\/p>\n<p>Auf dem nahen \u00fcbernachtungsgeeigneten Platz hier herrschte leider gro\u00dfer LKW-Verkehr, die haben hier irgendwelche Steine oder Sand abgeladen, wird wohl an den Stra\u00dfenarbeiten liegen. Dann halt etwas weiter gefahren.<\/p>\n<p><a href='http:\/\/extra.inmontanis.info\/d\/70548-2\/DSC07170.jpg'><img src=http:\/\/extra.inmontanis.info\/d\/70547-3\/DSC07170.jpg \/><\/a><br \/>\n^ Heutiger \u00dcbernachtungsplatz zwischen Tana und Ifjord<\/p>\n<p><a href='http:\/\/extra.inmontanis.info\/d\/70552-2\/DSC07175.jpg'><img src=http:\/\/extra.inmontanis.info\/d\/70551-3\/DSC07175.jpg \/><\/a><br \/>\n^ Klaren Himmel und ein paar Nordlichter gab&#8217;s auch (19:45)<\/p>\n<p><a href='http:\/\/extra.inmontanis.info\/d\/70556-2\/DSC07177.jpg'><img src=http:\/\/extra.inmontanis.info\/d\/70555-3\/DSC07177.jpg \/><\/a><br \/>\n^ 19:57<\/p>\n<p><a href='http:\/\/extra.inmontanis.info\/d\/70560-2\/DSC07181.jpg'><img src=http:\/\/extra.inmontanis.info\/d\/70559-3\/DSC07181.jpg \/><\/a><br \/>\n^ 19:59 (0,8sec)<\/p>\n<p><a href='http:\/\/extra.inmontanis.info\/d\/70564-2\/DSC07183.jpg'><img src=http:\/\/extra.inmontanis.info\/d\/70563-3\/DSC07183.jpg \/><\/a><br \/>\n^ 20:13 (2sec)<\/p>\n<p><a href='http:\/\/extra.inmontanis.info\/d\/70568-2\/DSC07186.jpg'><img src=http:\/\/extra.inmontanis.info\/d\/70567-3\/DSC07186.jpg \/><\/a><br \/>\n^ 21:17 (2sec)<\/p>\n","protected":false},"excerpt":{"rendered":"<p>29.9.2021<\/p>\n<p>Leider heute fr\u00fch mal wieder das Pech gehabt, dass es irgendwelche offiziellen Arbeiten am Rastplatz gab, am WC oder davor. Wenigstens hatte ich zuvor noch mein bisschen W\u00e4sche und Haare gewaschen; h\u00e4tte aber eigentlich noch WC ausleeren wollen, da es die n\u00e4chsten Tage mit \u00f6ffentlichen WCs schlecht aussehen k\u00f6nnte.<\/p>\n<p>Um 11 war der Arbeiter <a href=\"http:\/\/blog.inmontanis.info\/?p=7118\">[&#8230;]<\/a><\/p>\n","protected":false},"author":1,"featured_media":7120,"comment_status":"closed","ping_status":"closed","sticky":false,"template":"","format":"standard","meta":{"footnotes":""},"categories":[185,18,30],"tags":[100,96,45],"class_list":["post-7118","post","type-post","status-publish","format-standard","has-post-thumbnail","hentry","category-2021-08-skandinavien","category-norwegennorway","category-wandern","tag-langzeitbelichtung","tag-polarlicht","tag-see","odd"],"_links":{"self":[{"href":"http:\/\/blog.inmontanis.info\/index.php?rest_route=\/wp\/v2\/posts\/7118","targetHints":{"allow":["GET"]}}],"collection":[{"href":"http:\/\/blog.inmontanis.info\/index.php?rest_route=\/wp\/v2\/posts"}],"about":[{"href":"http:\/\/blog.inmontanis.info\/index.php?rest_route=\/wp\/v2\/types\/post"}],"author":[{"embeddable":true,"href":"http:\/\/blog.inmontanis.info\/index.php?rest_route=\/wp\/v2\/users\/1"}],"replies":[{"embeddable":true,"href":"http:\/\/blog.inmontanis.info\/index.php?rest_route=%2Fwp%2Fv2%2Fcomments&post=7118"}],"version-history":[{"count":2,"href":"http:\/\/blog.inmontanis.info\/index.php?rest_route=\/wp\/v2\/posts\/7118\/revisions"}],"predecessor-version":[{"id":7121,"href":"http:\/\/blog.inmontanis.info\/index.php?rest_route=\/wp\/v2\/posts\/7118\/revisions\/7121"}],"wp:featuredmedia":[{"embeddable":true,"href":"http:\/\/blog.inmontanis.info\/index.php?rest_route=\/wp\/v2\/media\/7120"}],"wp:attachment":[{"href":"http:\/\/blog.inmontanis.info\/index.php?rest_route=%2Fwp%2Fv2%2Fmedia&parent=7118"}],"wp:term":[{"taxonomy":"category","embeddable":true,"href":"http:\/\/blog.inmontanis.info\/index.php?rest_route=%2Fwp%2Fv2%2Fcategories&post=7118"},{"taxonomy":"post_tag","embeddable":true,"href":"http:\/\/blog.inmontanis.info\/index.php?rest_route=%2Fwp%2Fv2%2Ftags&post=7118"}],"curies":[{"name":"wp","href":"https:\/\/api.w.org\/{rel}","templated":true}]}}