{"id":7113,"date":"2021-09-28T16:03:18","date_gmt":"2021-09-28T14:03:18","guid":{"rendered":"http:\/\/blog.inmontanis.info\/?p=7113"},"modified":"2021-10-03T15:10:51","modified_gmt":"2021-10-03T13:10:51","slug":"reppentarnet-tana-bru-28-9-3021","status":"publish","type":"post","link":"http:\/\/blog.inmontanis.info\/?p=7113","title":{"rendered":"Reppent\u00e5rnet \/ Tana bru, 28.9.2021"},"content":{"rendered":"<p><strong>28.9.2021<\/strong><\/p>\n<p>Morgens wieder kr\u00e4ftiger Wind, dessen Ger\u00e4usche an Reling und Skitr\u00e4ger mich weckten. <\/p>\n<p>Bei solchen St\u00fcrmen ist es auch manchmal sehr schwer, eins von den Rastplatz-Plumpsklos zu verwenden. Es wehnt n\u00e4mlich der Wind so stark von der Grube hinauf, dass es fast unm\u00f6glich ist, Toilettenpapier runter zu schmei\u00dfen (zumindest wenn man nicht drauf sitzt). Selbst beim Pinkeln im Stehen weht es einem die Tropfen wieder hinauf ;)<\/p>\n<p>Nachdem das Ziel &#8220;Grenze Russland&#8221; ja erreicht war &#8211; dr\u00fcber geht ja momentan leider nicht &#8211; standen mal wieder Planungen f\u00fcr die n\u00e4chsten Tage an. Von den K\u00fcstenstra\u00dfen hier in der Gegend w\u00fcrde mir noch B\u00e5tsfjord inkl. Syltefjord fehlen, aber gro\u00dfe Lust auf solche ewigen Stichstra\u00dfen-Umwege hab ich momentan ja nicht mehr. Kilometer ausgerechnet: 268 .. ne, muss nicht sein. Da m\u00fcsste schon ein Skilift oder eine Skitour bei rausspringen. Letztere mit Meerblick k\u00f6nnte man an den K\u00fcsten sicherlich genug haben, aber das wird schneem\u00e4\u00dfig vmtl. nicht so schnell m\u00f6glich sein, da muss ich erstmal s\u00fcdlicher fahren, wo die Skigebiete fr\u00fcher \u00f6ffnen. <\/p>\n<p>Dann lieber heute nur bis zum Rastplatz an der Tana Br\u00fccke und morgen wieder ein St\u00fcck weiter nach Westen fahren. Und eine kurze Wanderung eingelegt:<\/p>\n<p><a href='http:\/\/extra.inmontanis.info\/d\/70388-2\/DSC07026.jpg'><img src=http:\/\/extra.inmontanis.info\/d\/70387-3\/DSC07026.jpg \/><\/a><br \/>\n^ Reppent\u00e5rnet-Wanderung zum Sendemast. H\u00e4tte man vielleicht auch fahren k\u00f6nnen, aber man will sich ja auch etwas bewegen.<\/p>\n<p><a href='http:\/\/extra.inmontanis.info\/d\/70392-2\/DSC07027.jpg'><img src=http:\/\/extra.inmontanis.info\/d\/70391-3\/DSC07027.jpg \/><\/a><br \/>\n^ Kurz vorm Ziel mit Blick zum Fjord<\/p>\n<p><a href='http:\/\/extra.inmontanis.info\/d\/70396-2\/DSC07029.jpg'><img src=http:\/\/extra.inmontanis.info\/d\/70395-3\/DSC07029.jpg \/><\/a><br \/>\n^ Varangerfjord<\/p>\n<p><a href='http:\/\/extra.inmontanis.info\/d\/70400-2\/DSC07032.jpg'><img src=http:\/\/extra.inmontanis.info\/d\/70399-3\/DSC07032.jpg \/><\/a><br \/>\n^ Varangerfjord, gegen\u00fcber war die Wanderung zu der Mor\u00e4ne auf der Hinfahrt, links das Helle ist die ehemalige Schule, wo ich geparkt hatte<\/p>\n<p><a href='http:\/\/extra.inmontanis.info\/d\/70404-2\/DSC07034.jpg'><img src=http:\/\/extra.inmontanis.info\/d\/70403-3\/DSC07034.jpg \/><\/a><br \/>\n^ <\/p>\n<p><a href='http:\/\/extra.inmontanis.info\/d\/70408-2\/DSC07036.jpg'><img src=http:\/\/extra.inmontanis.info\/d\/70407-3\/DSC07036.jpg \/><\/a><br \/>\n^ <\/p>\n<p><a href='http:\/\/extra.inmontanis.info\/d\/70412-2\/DSC07038.jpg'><img src=http:\/\/extra.inmontanis.info\/d\/70411-3\/DSC07038.jpg \/><\/a><br \/>\n^ Bunte Steine, sogar rosafarben mit wei\u00dfen Adern<\/p>\n<p><a href='http:\/\/extra.inmontanis.info\/d\/70416-2\/DSC07039.jpg'><img src=http:\/\/extra.inmontanis.info\/d\/70415-3\/DSC07039.jpg \/><\/a><br \/>\n^ Noch ein See<\/p>\n<p><a href='http:\/\/extra.inmontanis.info\/d\/70420-2\/ge20210928.jpg'><img src=http:\/\/extra.inmontanis.info\/d\/70419-3\/ge20210928.jpg \/><\/a><br \/>\n^ GPS-Track der Wanderung, waren dann ca. 2,4km, 50min und ca. 80hm.<\/p>\n<p>Um heute noch eine etwas andere Perspektive auf die Tana-Br\u00fccke zu haben, blieb ich an einem kleinen Ausweichplatz weiter oben stehen &#8211; der l\u00e4rmtechnisch vermutlich nochmals nachteilhafter sein w\u00fcrde als der Platz unter der Br\u00fccke. Aber gelohnt hatte es sich wieder einmal.<\/p>\n<p><a href='http:\/\/extra.inmontanis.info\/d\/70424-2\/DSC07045.jpg'><img src=http:\/\/extra.inmontanis.info\/d\/70423-3\/DSC07045.jpg \/><\/a><br \/>\n^ Tana<\/p>\n<p><a href='http:\/\/extra.inmontanis.info\/d\/70428-2\/DSC07046.jpg'><img src=http:\/\/extra.inmontanis.info\/d\/70427-3\/DSC07046.jpg \/><\/a><br \/>\n^ Tana bru<\/p>\n<p><a href='http:\/\/extra.inmontanis.info\/d\/70432-2\/DSC07049.jpg'><img src=http:\/\/extra.inmontanis.info\/d\/70431-3\/DSC07049.jpg \/><\/a><br \/>\n^ Kein ruhiger Parkplatz, quasi direkt an der Stra\u00dfe, aber daf\u00fcr eine sch\u00f6ne Sicht auf die Br\u00fccke. 17:46<\/p>\n<p><a href='http:\/\/extra.inmontanis.info\/d\/70436-2\/DSC07051.jpg'><img src=http:\/\/extra.inmontanis.info\/d\/70435-3\/DSC07051.jpg \/><\/a><br \/>\n^ 18:16 Uhr und mit Halbmond<\/p>\n<p><a href='http:\/\/extra.inmontanis.info\/d\/70440-2\/DSC07056.jpg'><img src=http:\/\/extra.inmontanis.info\/d\/70439-3\/DSC07056.jpg \/><\/a><br \/>\n^ Um 19 Uhr wurde die Beleuchtung wieder eingeschaltet. 19:04<\/p>\n<p><a href='http:\/\/extra.inmontanis.info\/d\/70444-2\/DSC07061.jpg'><img src=http:\/\/extra.inmontanis.info\/d\/70443-3\/DSC07061.jpg \/><\/a><br \/>\n^ 19:20 in Lila und T\u00fcrkis<\/p>\n<p><a href='http:\/\/extra.inmontanis.info\/d\/70448-2\/DSC07067.jpg'><img src=http:\/\/extra.inmontanis.info\/d\/70447-3\/DSC07067.jpg \/><\/a><br \/>\n^ 19:22<\/p>\n<p><a href='http:\/\/extra.inmontanis.info\/d\/70452-2\/DSC07080.jpg'><img src=http:\/\/extra.inmontanis.info\/d\/70451-3\/DSC07080.jpg \/><\/a><br \/>\n^ 20:35, heute mit einer gr\u00f6\u00dferen Nordlichtaktivit\u00e4t<\/p>\n<p><a href='http:\/\/extra.inmontanis.info\/d\/70456-2\/DSC07084.jpg'><img src=http:\/\/extra.inmontanis.info\/d\/70455-3\/DSC07084.jpg \/><\/a><br \/>\n^ 20:36<\/p>\n<p><a href='http:\/\/extra.inmontanis.info\/d\/70460-2\/DSC07090.jpg'><img src=http:\/\/extra.inmontanis.info\/d\/70459-3\/DSC07090.jpg \/><\/a><br \/>\n^ 20:43 (2sec)<\/p>\n<p><a href='http:\/\/extra.inmontanis.info\/d\/70464-2\/DSC07093.jpg'><img src=http:\/\/extra.inmontanis.info\/d\/70463-3\/DSC07093.jpg \/><\/a><br \/>\n^ 20:46 (2sec), ein regelrechtes Nordlicht-Feuerwerk<\/p>\n<p><a href='http:\/\/extra.inmontanis.info\/d\/70468-2\/DSC07114.jpg'><img src=http:\/\/extra.inmontanis.info\/d\/70467-3\/DSC07114.jpg \/><\/a><br \/>\n^ 21:32 (1sec)<\/p>\n<p><a href='http:\/\/extra.inmontanis.info\/d\/70472-2\/DSC07126.jpg'><img src=http:\/\/extra.inmontanis.info\/d\/70471-3\/DSC07126.jpg \/><\/a><br \/>\n^ 21:54 (0,5sec)<\/p>\n<p><a href='http:\/\/extra.inmontanis.info\/d\/70476-2\/DSC07129.jpg'><img src=http:\/\/extra.inmontanis.info\/d\/70475-3\/DSC07129.jpg \/><\/a><br \/>\n^ 21:55 (0,5sec)<\/p>\n<p><a href='http:\/\/extra.inmontanis.info\/d\/70480-2\/DSC07131.jpg'><img src=http:\/\/extra.inmontanis.info\/d\/70479-3\/DSC07131.jpg \/><\/a><br \/>\n^ 21:56 (0,8sec)<\/p>\n<p><a href='http:\/\/extra.inmontanis.info\/d\/70484-2\/DSC07132.jpg'><img src=http:\/\/extra.inmontanis.info\/d\/70483-3\/DSC07132.jpg \/><\/a><br \/>\n^ 22:04 (0,8sec)<\/p>\n<p><a href='http:\/\/extra.inmontanis.info\/d\/70488-2\/DSC07133.jpg'><img src=http:\/\/extra.inmontanis.info\/d\/70487-3\/DSC07133.jpg \/><\/a><br \/>\n^ 22:05 (0,8sec)<\/p>\n<p><a href='http:\/\/extra.inmontanis.info\/d\/70492-2\/DSC07138.jpg'><img src=http:\/\/extra.inmontanis.info\/d\/70491-3\/DSC07138.jpg \/><\/a><br \/>\n^ 22:32 (3,2sec)<\/p>\n","protected":false},"excerpt":{"rendered":"<p>28.9.2021<\/p>\n<p>Morgens wieder kr\u00e4ftiger Wind, dessen Ger\u00e4usche an Reling und Skitr\u00e4ger mich weckten. <\/p>\n<p>Bei solchen St\u00fcrmen ist es auch manchmal sehr schwer, eins von den Rastplatz-Plumpsklos zu verwenden. Es wehnt n\u00e4mlich der Wind so stark von der Grube hinauf, dass es fast unm\u00f6glich ist, Toilettenpapier runter zu schmei\u00dfen (zumindest wenn man nicht drauf sitzt). <a href=\"http:\/\/blog.inmontanis.info\/?p=7113\">[&#8230;]<\/a><\/p>\n","protected":false},"author":1,"featured_media":7115,"comment_status":"closed","ping_status":"closed","sticky":false,"template":"","format":"standard","meta":{"footnotes":""},"categories":[185,18,30],"tags":[100,96,45],"class_list":["post-7113","post","type-post","status-publish","format-standard","has-post-thumbnail","hentry","category-2021-08-skandinavien","category-norwegennorway","category-wandern","tag-langzeitbelichtung","tag-polarlicht","tag-see","odd"],"_links":{"self":[{"href":"http:\/\/blog.inmontanis.info\/index.php?rest_route=\/wp\/v2\/posts\/7113","targetHints":{"allow":["GET"]}}],"collection":[{"href":"http:\/\/blog.inmontanis.info\/index.php?rest_route=\/wp\/v2\/posts"}],"about":[{"href":"http:\/\/blog.inmontanis.info\/index.php?rest_route=\/wp\/v2\/types\/post"}],"author":[{"embeddable":true,"href":"http:\/\/blog.inmontanis.info\/index.php?rest_route=\/wp\/v2\/users\/1"}],"replies":[{"embeddable":true,"href":"http:\/\/blog.inmontanis.info\/index.php?rest_route=%2Fwp%2Fv2%2Fcomments&post=7113"}],"version-history":[{"count":3,"href":"http:\/\/blog.inmontanis.info\/index.php?rest_route=\/wp\/v2\/posts\/7113\/revisions"}],"predecessor-version":[{"id":7117,"href":"http:\/\/blog.inmontanis.info\/index.php?rest_route=\/wp\/v2\/posts\/7113\/revisions\/7117"}],"wp:featuredmedia":[{"embeddable":true,"href":"http:\/\/blog.inmontanis.info\/index.php?rest_route=\/wp\/v2\/media\/7115"}],"wp:attachment":[{"href":"http:\/\/blog.inmontanis.info\/index.php?rest_route=%2Fwp%2Fv2%2Fmedia&parent=7113"}],"wp:term":[{"taxonomy":"category","embeddable":true,"href":"http:\/\/blog.inmontanis.info\/index.php?rest_route=%2Fwp%2Fv2%2Fcategories&post=7113"},{"taxonomy":"post_tag","embeddable":true,"href":"http:\/\/blog.inmontanis.info\/index.php?rest_route=%2Fwp%2Fv2%2Ftags&post=7113"}],"curies":[{"name":"wp","href":"https:\/\/api.w.org\/{rel}","templated":true}]}}