{"id":7106,"date":"2021-09-27T18:13:29","date_gmt":"2021-09-27T16:13:29","guid":{"rendered":"http:\/\/blog.inmontanis.info\/?p=7106"},"modified":"2021-10-01T20:03:33","modified_gmt":"2021-10-01T18:03:33","slug":"ravntinden-27-9-2021","status":"publish","type":"post","link":"http:\/\/blog.inmontanis.info\/?p=7106","title":{"rendered":"Ravntinden, 27.9.2021 (+ musikalische Zeitreise)"},"content":{"rendered":"<p><strong>27.9.2021<\/strong><\/p>\n<p>Warme 14\u00b0 und wolkenloser Sonnenschein. Mangels besserer Alternativen fuhr ich nach Westen retour zu der auf dem Hinweg ausgelassenen Wanderung. Dort angekommen: bedeckter Himmel. Wurde dann sp\u00e4ter zwar noch sonnig, aber irgendwann hatte ich keine Lust mehr. Der ausgetretene Pfand verschwand immer wieder, so dass man suchen musste, wo es weiterging. <\/p>\n<p>Wie sich sp\u00e4ter herausstellen sollte, bin ich wohl recht fr\u00fch vom offiziellen (leider nicht markierten) Weg abgekommen. Ich kann mich auch durchaus an eine Wegverzweigung erinnern, wo ich rechts den breiter ausgetretenen Weg statt den geradeaus genommen hatte, vielleicht h\u00e4tte ich dort geradeaus m\u00fcssen.<\/p>\n<p><a href='http:\/\/extra.inmontanis.info\/d\/70340-2\/DSC06967.jpg'><img src=http:\/\/extra.inmontanis.info\/d\/70339-3\/DSC06967.jpg \/><\/a><br \/>\n^ Die Schneestangen werden maschinell gesteckt. Hatte ich im Mai\/Juni ja beobachtet, wie in Schweden diese maschinell entfernt wurden. Oftmals sind diese Stecken also nur ca. ein viertel Jahr lang weg&#8230;<\/p>\n<p><a href='http:\/\/extra.inmontanis.info\/d\/70344-2\/DSC06972.jpg'><img src=http:\/\/extra.inmontanis.info\/d\/70343-3\/DSC06972.jpg \/><\/a><br \/>\n^ Der Start des Wegs ist markiert, aber sp\u00e4ter nicht mehr.<\/p>\n<p><a href='http:\/\/extra.inmontanis.info\/d\/70348-2\/DSC06973.jpg'><img src=http:\/\/extra.inmontanis.info\/d\/70347-3\/DSC06973.jpg \/><\/a><br \/>\n^ 2 B\u00e4che zu \u00fcberqueren, mit Steinen problemlos. Evtl. bin ich hier schon falsch.<\/p>\n<p><a href='http:\/\/extra.inmontanis.info\/d\/70352-2\/DSC06979.jpg'><img src=http:\/\/extra.inmontanis.info\/d\/70351-3\/DSC06979.jpg \/><\/a><br \/>\n^ Hochplateau<\/p>\n<p><a href='http:\/\/extra.inmontanis.info\/d\/70356-2\/DSC06987.jpg'><img src=http:\/\/extra.inmontanis.info\/d\/70355-3\/DSC06987.jpg \/><\/a><br \/>\n^ See<\/p>\n<p><a href='http:\/\/extra.inmontanis.info\/d\/70360-2\/DSC06988.jpg'><img src=http:\/\/extra.inmontanis.info\/d\/70359-3\/DSC06988.jpg \/><\/a><br \/>\n^ See<\/p>\n<p><a href='http:\/\/extra.inmontanis.info\/d\/70364-2\/ge20210927a.jpg'><img src=http:\/\/extra.inmontanis.info\/d\/70363-3\/ge20210927a.jpg \/><\/a><br \/>\n^ GPS-Track. Lange Zeit bef\u00fcrchtet ich, das Ziel w\u00e4re der hohe Berg mit dem Sender oder Radar&#8230; Dass da noch ein See dazwischen liegt, hab ich selbst von dort, wo ich umgekehrt bin, nicht gesehen.<\/p>\n<p>Lt. Tracker waren es dann 4,8km und 120hm. <\/p>\n<p><a href='http:\/\/extra.inmontanis.info\/d\/70368-2\/DSC06989.jpg'><img src=http:\/\/extra.inmontanis.info\/d\/70367-3\/DSC06989.jpg \/><\/a><br \/>\n^ An dieser Nebenstra\u00dfe mit Fjordblick schlug ich in der N\u00e4he des Felsens links mein Nachtlager auf<\/p>\n<p>Laut \u00f6sterreichischen Medien gestern hat Norwegen jetzt so ziemlich alle Coronama\u00dfnahmen aufgehoben. Auch Einreisehindernisse sollen bald weichen &#8211; dann kann ich ja vielleicht doch schneller mal nach Finnland oder Schweden und wieder zur\u00fcck nach Norwegen. Oder ein Hurtigrutenschiff nehmen, wenn es auch dort keine Test- und Maskenpflicht mehr gibt. Allerdings sind die auch nicht gerade g\u00fcnstig&#8230; und lt. deren Website braucht man immer noch Test und Masken. Also ist nach wie vor noch nicht alles aufgehoben in Norwegen. Auch die Einreiseregeln nicht, allerdings gelten jetzt anscheinend die orangenen wie die gr\u00fcnen L\u00e4nder. Nordfinnland und Nordschweden ist mittlerweile wieder &#8220;orange&#8221;. Ausgerechnet heute hab ich dann im Supermarkt und davor im Auto mal jemand mit Maske gesehen&#8230;<\/p>\n<p><a href='http:\/\/extra.inmontanis.info\/d\/70372-2\/DSC07007.jpg'><img src=http:\/\/extra.inmontanis.info\/d\/70371-3\/DSC07007.jpg \/><\/a><br \/>\n^ Mond und geringe Nordlichtaktivit\u00e4t<\/p>\n<p><a href='http:\/\/extra.inmontanis.info\/d\/70376-2\/DSC07008.jpg'><img src=http:\/\/extra.inmontanis.info\/d\/70375-3\/DSC07008.jpg \/><\/a><br \/>\n^ Geringe Nordlichtaktivit\u00e4t<\/p>\n<p><a href='http:\/\/extra.inmontanis.info\/d\/70380-2\/DSC07012.jpg'><img src=http:\/\/extra.inmontanis.info\/d\/70379-3\/DSC07012.jpg \/><\/a><br \/>\n^ Mond und geringe Nordlichtaktivit\u00e4t<\/p>\n<p><a href='http:\/\/extra.inmontanis.info\/d\/70384-2\/DSC07015.jpg'><img src=http:\/\/extra.inmontanis.info\/d\/70383-3\/DSC07015.jpg \/><\/a><br \/>\n^ dreiviertel Stunde sp\u00e4ter<\/p>\n<p>Seitdem ich die Lautsprecher an den PC angeschlossen hab und endlich Stereo-Musik vom PC aus h\u00f6ren kann, tu ich das auch wieder &#8211; hab zuf\u00e4llig noch einen Folder entdeckt, wo ich mir im August 2020 ein paar Lieder aus dem Netz abgespeichert hab .. das meiste Zeug wohl aus den 70ern und zwar von Sachen, die ich in den vorherigen Jahrzehnten eher verpasst hab &#8211; und die ich auch noch nicht als MP3 umgewandlet hab.<\/p>\n<p>Ich werd da immer so nostalgisch .. obwohl ich die 70er als Kind eher &#8220;ekelig&#8221; befunden hatte, soweit ich mich daran erinnern kann, w\u00e4ren sie mir vom jetzigen Standpunkt durchaus ein erstrebenswertes Ziel f\u00fcr eine Zeitreise, nat\u00fcrlich auch wegen der Skigebiete, nur nicht wegen der Raucherei. Musikalisch d\u00fcrften die 70er, evtl. noch End-60er wohl eins der spannendsten Jahrzehnte gewesen sein, Rock, Disco, Synthesizer, Punk, all das entwickelte und vernetzte sich &#8230;  All zu viel hab ich davon damals aber nicht mitbekommen, dazu waren die Musikrichtungen in meiner Familie viel zu eng. Daf\u00fcr gefallen mir jetzt z.B. die alten Pink Floyd Songs, wie auch die fr\u00fchen Werke von Elton John (jeweils aus den 60\/70ern) umso besser. Dazu die diversen technischen Revolutionen in dieser Zeit, es war so spannend, wie schnell neue Dinge kamen&#8230; Wobei das f\u00fcr die 80er nat\u00fcrlich auch noch ganz gut galt, die ich bewusster miterlebt hatte.<\/p>\n<p><object style=\"height: 500px; width: 900px\"><param name=\"movie\" value=\"http:\/\/www.youtube.com\/v\/bFhIl3D_2o0\"><\/param><param name=\"wmode\" value=\"transparent\"><\/param><embed src=\"http:\/\/www.youtube.com\/v\/bFhIl3D_2o0\" type=\"application\/x-shockwave-flash\" wmode=\"transparent\"  width=\"900\" height=\"480\"><\/embed><\/object><\/p>\n<p><object style=\"height: 500px; width: 900px\"><param name=\"movie\" value=\"http:\/\/www.youtube.com\/v\/UA4kJAI7Xb4\"><\/param><param name=\"wmode\" value=\"transparent\"><\/param><embed src=\"http:\/\/www.youtube.com\/v\/UA4kJAI7Xb4\" type=\"application\/x-shockwave-flash\" wmode=\"transparent\"  width=\"900\" height=\"480\"><\/embed><\/object><\/p>\n<p><object style=\"height: 500px; width: 900px\"><param name=\"movie\" value=\"http:\/\/www.youtube.com\/v\/6L1VfkUYSTo\"><\/param><param name=\"wmode\" value=\"transparent\"><\/param><embed src=\"http:\/\/www.youtube.com\/v\/6L1VfkUYSTo\" type=\"application\/x-shockwave-flash\" wmode=\"transparent\"  width=\"900\" height=\"480\"><\/embed><\/object><\/p>\n<p><object style=\"height: 500px; width: 900px\"><param name=\"movie\" value=\"http:\/\/www.youtube.com\/v\/iRFGgr4XIos\"><\/param><param name=\"wmode\" value=\"transparent\"><\/param><embed src=\"http:\/\/www.youtube.com\/v\/iRFGgr4XIos\" type=\"application\/x-shockwave-flash\" wmode=\"transparent\"  width=\"900\" height=\"480\"><\/embed><\/object><\/p>\n<p>Wann ist die Welt eigentlich so langweilig geworden? Wann haben wir aufgeh\u00f6rt, von der Zukunft zu tr\u00e4umen und sie uns herbei zu sehnen? War es schon in den 90ern oder erst mit dem Jahrtausendwechsel, als einem bewusst wurde &#8211; jetzt sind wir im Jahr 2000 und es gibt noch keine Hotels im All oder auf den Mond, die Au\u00dferirdischen haben sich auch noch nicht (oder nicht allen) gezeigt, wir haben weder alle fliegende Autos noch Haushaltsroboter. Die Realit\u00e4t hatte uns eingeholt. Oder bin ich nur alt geworden? Die ersten 20 Jahre des neuen Jahrtausend tr\u00f6pfelten so vor sich hin &#8211; es gab etliche Verbesserungen, Evolutionen, aber die Revolutionen wie in den 60ern, 70ern, 80ern .. blieben aus. Dar\u00fcber bin ich ernsthaft traurig. Was es schlimmer macht, dass ich mit der Richtung, in der sich die ganze Computertechnik in den letzten Jahren entwickelt, \u00fcberhaupt nicht einverstanden bin. Aber das hatte ich ja schon \u00f6fters angemerkt.<\/p>\n<p>Fr\u00fcher war nicht alles besser, aber heute ist vieles schlechter.<\/p>\n<p>Dazu passend ein elektronisches St\u00fcck aus der UdSSR, Musik wie aus einer Zukunft, die nie stattgefunden hat. Hoffnungen und Tr\u00e4ume einer Generation auf ein besseres Leben im Raumfahrtzeitalter, das dann leider nie so wirklich in Schwung kam ..<\/p>\n<p><object style=\"height: 500px; width: 900px\"><param name=\"movie\" value=\"http:\/\/www.youtube.com\/v\/sJj9y4t9UnU\"><\/param><param name=\"wmode\" value=\"transparent\"><\/param><embed src=\"http:\/\/www.youtube.com\/v\/sJj9y4t9UnU\" type=\"application\/x-shockwave-flash\" wmode=\"transparent\"  width=\"900\" height=\"480\"><\/embed><\/object><\/p>\n","protected":false},"excerpt":{"rendered":"<p>27.9.2021<\/p>\n<p>Warme 14\u00b0 und wolkenloser Sonnenschein. Mangels besserer Alternativen fuhr ich nach Westen retour zu der auf dem Hinweg ausgelassenen Wanderung. Dort angekommen: bedeckter Himmel. Wurde dann sp\u00e4ter zwar noch sonnig, aber irgendwann hatte ich keine Lust mehr. Der ausgetretene Pfand verschwand immer wieder, so dass man suchen musste, wo es weiterging. <\/p>\n<p>Wie sich <a href=\"http:\/\/blog.inmontanis.info\/?p=7106\">[&#8230;]<\/a><\/p>\n","protected":false},"author":1,"featured_media":7111,"comment_status":"closed","ping_status":"closed","sticky":false,"template":"","format":"standard","meta":{"footnotes":""},"categories":[185,18,30],"tags":[96,45],"class_list":["post-7106","post","type-post","status-publish","format-standard","has-post-thumbnail","hentry","category-2021-08-skandinavien","category-norwegennorway","category-wandern","tag-polarlicht","tag-see","odd"],"_links":{"self":[{"href":"http:\/\/blog.inmontanis.info\/index.php?rest_route=\/wp\/v2\/posts\/7106","targetHints":{"allow":["GET"]}}],"collection":[{"href":"http:\/\/blog.inmontanis.info\/index.php?rest_route=\/wp\/v2\/posts"}],"about":[{"href":"http:\/\/blog.inmontanis.info\/index.php?rest_route=\/wp\/v2\/types\/post"}],"author":[{"embeddable":true,"href":"http:\/\/blog.inmontanis.info\/index.php?rest_route=\/wp\/v2\/users\/1"}],"replies":[{"embeddable":true,"href":"http:\/\/blog.inmontanis.info\/index.php?rest_route=%2Fwp%2Fv2%2Fcomments&post=7106"}],"version-history":[{"count":5,"href":"http:\/\/blog.inmontanis.info\/index.php?rest_route=\/wp\/v2\/posts\/7106\/revisions"}],"predecessor-version":[{"id":7112,"href":"http:\/\/blog.inmontanis.info\/index.php?rest_route=\/wp\/v2\/posts\/7106\/revisions\/7112"}],"wp:featuredmedia":[{"embeddable":true,"href":"http:\/\/blog.inmontanis.info\/index.php?rest_route=\/wp\/v2\/media\/7111"}],"wp:attachment":[{"href":"http:\/\/blog.inmontanis.info\/index.php?rest_route=%2Fwp%2Fv2%2Fmedia&parent=7106"}],"wp:term":[{"taxonomy":"category","embeddable":true,"href":"http:\/\/blog.inmontanis.info\/index.php?rest_route=%2Fwp%2Fv2%2Fcategories&post=7106"},{"taxonomy":"post_tag","embeddable":true,"href":"http:\/\/blog.inmontanis.info\/index.php?rest_route=%2Fwp%2Fv2%2Ftags&post=7106"}],"curies":[{"name":"wp","href":"https:\/\/api.w.org\/{rel}","templated":true}]}}