{"id":7102,"date":"2021-09-26T18:49:20","date_gmt":"2021-09-26T16:49:20","guid":{"rendered":"http:\/\/blog.inmontanis.info\/?p=7102"},"modified":"2021-09-30T18:59:57","modified_gmt":"2021-09-30T16:59:57","slug":"sandnes-grense-jakobselv-26-9-2021","status":"publish","type":"post","link":"http:\/\/blog.inmontanis.info\/?p=7102","title":{"rendered":"Sandnes + Grense Jakobselv, 26.9.2021"},"content":{"rendered":"<p><strong>26.9.2021<\/strong><\/p>\n<p>Leider haben die Superm\u00e4rkte nahe Kirkenes wohl allesamt erst Montag wieder offen und weiter richtung Osten, falls ich doch nochmals Grense Jakobselv fahren wollte, scheint nichts mehr zu sein, also d\u00fcrfe ich erst morgen wieder aus dem Tal hier rausfahren und eigentlich unn\u00fctzer Umweg. Andererseits bin ich das letzte St\u00fcck damals ja nicht nur im Dunkel hin, sondern auch ein St\u00fcck wieder retour gefahren, so dass ich das Ziel gar nicht so genau gesehen hatte.<\/p>\n<p>Ich fuhr zu dem Skigebiet s\u00fcdlich von Kirkenes, in Sandnes. Lt. Website haben die aber &#8211; wie schon einmal bei einem auf den Lofoten gelesen &#8211; generelle Helmpflicht. Na, da werde ich im Winter also nicht vorbei schauen k\u00f6nnen. Aber im Sommer kann man es sich ja mal anschauen:<\/p>\n<p><a href='http:\/\/ski.inmontanis.info\/d\/297703-2\/DSC06837.jpg'><img src=http:\/\/ski.inmontanis.info\/d\/297701-3\/DSC06837.jpg \/><\/a><br \/>\n^ Talstation SL in Sandnes s\u00fcdlich von Kirkenes<\/p>\n<p><a href='http:\/\/ski.inmontanis.info\/d\/297707-2\/DSC06841.jpg'><img src=http:\/\/ski.inmontanis.info\/d\/297706-3\/DSC06841.jpg \/><\/a><br \/>\n^ Lift und Abfahrt<\/p>\n<p><a href='http:\/\/ski.inmontanis.info\/d\/297711-2\/DSC06847.jpg'><img src=http:\/\/ski.inmontanis.info\/d\/297710-3\/DSC06847.jpg \/><\/a><br \/>\n^ Auf der R\u00fcckseite befinden sich diverse Skisprungschanzen<\/p>\n<p><a href='http:\/\/ski.inmontanis.info\/d\/297715-2\/DSC06849.jpg'><img src=http:\/\/ski.inmontanis.info\/d\/297714-3\/DSC06849.jpg \/><\/a><br \/>\n^ Ski-Abfahrt<\/p>\n<p><a href='http:\/\/ski.inmontanis.info\/d\/297719-2\/DSC06850.jpg'><img src=http:\/\/ski.inmontanis.info\/d\/297718-3\/DSC06850.jpg \/><\/a><br \/>\n^ An der gr\u00f6\u00dfsten Schanze wurde die Treppe von unten entfernt, aber mit der Treppe rechts k\u00e4me man auch rauf.<\/p>\n<p><a href='http:\/\/ski.inmontanis.info\/d\/297723-2\/DSC06851.jpg'><img src=http:\/\/ski.inmontanis.info\/d\/297722-3\/DSC06851.jpg \/><\/a><br \/>\n^ Bergstation<\/p>\n<p><a href='http:\/\/ski.inmontanis.info\/d\/297727-2\/DSC06853.jpg'><img src=http:\/\/ski.inmontanis.info\/d\/297726-3\/DSC06853.jpg \/><\/a><br \/>\n^ Bergstation<\/p>\n<p><a href='http:\/\/ski.inmontanis.info\/d\/297731-2\/DSC06854.jpg'><img src=http:\/\/ski.inmontanis.info\/d\/297730-3\/DSC06854.jpg \/><\/a><br \/>\n^ Lifttrasse<\/p>\n<p><a href='http:\/\/ski.inmontanis.info\/d\/297735-2\/DSC06857.jpg'><img src=http:\/\/ski.inmontanis.info\/d\/297734-3\/DSC06857.jpg \/><\/a><br \/>\n^ Blick zur Talstation von weiter oben<\/p>\n<p><a href='http:\/\/ski.inmontanis.info\/d\/297739-2\/DSC06858.jpg'><img src=http:\/\/ski.inmontanis.info\/d\/297738-3\/DSC06858.jpg \/><\/a><br \/>\n^ Bergstation<\/p>\n<p><a href='http:\/\/ski.inmontanis.info\/d\/297743-2\/DSC06859.jpg'><img src=http:\/\/ski.inmontanis.info\/d\/297742-3\/DSC06859.jpg \/><\/a><br \/>\n^ Ein St\u00fcck links vom Lift und weiter oben sind noch andere Reste zu finden, vielleicht war hier ja auch mal noch eine Abfahrt oder ein \u00dcbungslift oder es hat nichts mit dem Skigebiet zu tun<\/p>\n<p><a href='http:\/\/ski.inmontanis.info\/d\/297747-2\/DSC06861.jpg'><img src=http:\/\/ski.inmontanis.info\/d\/297746-3\/DSC06861.jpg \/><\/a><br \/>\n^ R\u00fcckseitenpano<\/p>\n<p><a href='http:\/\/ski.inmontanis.info\/d\/297751-2\/DSC06863.jpg'><img src=http:\/\/ski.inmontanis.info\/d\/297750-3\/DSC06863.jpg \/><\/a><br \/>\n^ R\u00fcckseitenpano<\/p>\n<p><a href='http:\/\/ski.inmontanis.info\/d\/297755-2\/DSC06869.jpg'><img src=http:\/\/ski.inmontanis.info\/d\/297754-3\/DSC06869.jpg \/><\/a><br \/>\n^ <\/p>\n<p><a href='http:\/\/ski.inmontanis.info\/d\/297759-2\/DSC06871.jpg'><img src=http:\/\/ski.inmontanis.info\/d\/297758-3\/DSC06871.jpg \/><\/a><br \/>\n^ Sprungschanzen<\/p>\n<p><a href='http:\/\/ski.inmontanis.info\/d\/297763-2\/DSC06872.jpg'><img src=http:\/\/ski.inmontanis.info\/d\/297762-3\/DSC06872.jpg \/><\/a><br \/>\n^ Abfahrt<\/p>\n<p><a href='http:\/\/ski.inmontanis.info\/d\/297767-2\/DSC06873.jpg'><img src=http:\/\/ski.inmontanis.info\/d\/297766-3\/DSC06873.jpg \/><\/a><br \/>\n^ Abfahrt<\/p>\n<p><a href='http:\/\/ski.inmontanis.info\/d\/297771-2\/ge20210926.jpg'><img src=http:\/\/ski.inmontanis.info\/d\/297770-3\/ge20210926.jpg \/><\/a><br \/>\n^ Lift und Abfahrtne im Sat-Bild; T\u00fcrkis meine heutige Wanderung<\/p>\n<p>Danach nochmal bei dem Pizzabakeren-Caf\u00e9 vorbeigeschaut und mich f\u00fcr die fish&#8217;n&#8217;chips entschieden. Der Fisch war sogar im britisch-\u00fcblichen Backteig (und gleich fett triefend), statt Erbsenp\u00fcree gabs halt Salat und statt Malz-Essig oder Brown-Sauce (die man durchaus auch in Superm\u00e4rkten bekommt) gab&#8217;s halt Remoulade und Ketchup &#8211; und jedenfalls bessere Pommes als in Gro\u00dfbritannien.<\/p>\n<p><a href='http:\/\/extra.inmontanis.info\/d\/70228-2\/DSC06874.jpg'><img src=http:\/\/extra.inmontanis.info\/d\/70227-3\/DSC06874.jpg \/><\/a><br \/>\n^ Fish&#8217;n&#8217;Chips<\/p>\n<p><a href='http:\/\/extra.inmontanis.info\/d\/70232-2\/DSC06878.jpg'><img src=http:\/\/extra.inmontanis.info\/d\/70231-3\/DSC06878.jpg \/><\/a><br \/>\n^ Na gut, dass da nur 1 T auf dem T\u00fcrschild ist ;-)<\/p>\n<p><a href='http:\/\/extra.inmontanis.info\/d\/70236-2\/DSC06879.jpg'><img src=http:\/\/extra.inmontanis.info\/d\/70235-3\/DSC06879.jpg \/><\/a><br \/>\n^ Vierigas-Wanderung<\/p>\n<p><a href='http:\/\/extra.inmontanis.info\/d\/70240-2\/DSC06881.jpg'><img src=http:\/\/extra.inmontanis.info\/d\/70239-3\/DSC06881.jpg \/><\/a><br \/>\n^ Vierigas<\/p>\n<p><a href='http:\/\/extra.inmontanis.info\/d\/70244-2\/DSC06883.jpg'><img src=http:\/\/extra.inmontanis.info\/d\/70243-3\/DSC06883.jpg \/><\/a><br \/>\n^ Vierigas<\/p>\n<p><a href='http:\/\/extra.inmontanis.info\/d\/70248-2\/DSC06885.jpg'><img src=http:\/\/extra.inmontanis.info\/d\/70247-3\/DSC06885.jpg \/><\/a><br \/>\n^ Blick nach Kirkenes, wobei der Hauptteil des Ortes nicht zu sehen ist, sondern hinter dem einen Berg dann vorm Meer liegt<\/p>\n<p><a href='http:\/\/extra.inmontanis.info\/d\/70252-2\/DSC06889.jpg'><img src=http:\/\/extra.inmontanis.info\/d\/70251-3\/DSC06889.jpg \/><\/a><br \/>\n^ Blick runter zur E105, die dann nach Russland f\u00fchrt<\/p>\n<p><a href='http:\/\/extra.inmontanis.info\/d\/70256-2\/DSC06890.jpg'><img src=http:\/\/extra.inmontanis.info\/d\/70255-3\/DSC06890.jpg \/><\/a><br \/>\n^ E105 neu und alt<\/p>\n<p>Ich fuhr mangels ruhiger Parkpl\u00e4tze doch noch weiter richtung Grense Jakobselv &#8211; aber da war mit Handynetz irgendwann gar nix mehr zu wollen, obwohl es durchaus einige H\u00e4user immer mal wieder gibt. Am Rastplatz, wo ich seinerseits schon mal gestanden war, gab es ebenso null Empfang wie ein St\u00fcck weiter vorne, wo es nach Handymast auf dem Berg ausgesehen h\u00e4tte.<\/p>\n<p>Also fuhr ich noch bis zum Ende der Stra\u00dfe, aber auch hier quasi null Handyempfang, nur ganz oben an der Spitze etwas, aber nur minimal 4G, das immer wieder zusammenbrach und auf 2G runterschaltete. Da kann ich morgen Vormittag leider nicht arbeiten und werde also an der Hauptstra\u00dfe sein m\u00fcssen. <\/p>\n<p>Es war auch stark bedeckt und soll wohl so bleiben, w\u00fcrde sich also auch nordlichtm\u00e4\u00dfig nicht rentieren, hier zu bleiben, also fuhr ich noch zu dem einen bekannten Rastplatz retour. Abends gab&#8217;s noch ziemlich st\u00fcrmisches Wetter und etwas Regen. Hunger hatte ich auch keinen mehr nach dem fettigen Fisch, der hat meinen Magen heute ziemlich belastet.<\/p>\n<p><a href='http:\/\/extra.inmontanis.info\/d\/70260-2\/DSC06898.jpg'><img src=http:\/\/extra.inmontanis.info\/d\/70259-3\/DSC06898.jpg \/><\/a><br \/>\n^ Hier stand ein Schild Norges eldste fjell und zeigte nach rechts. Also ist das dann hoffentlich auch der Berg da dr\u00fcben, der \u00e4lteste Norwegens?<\/p>\n<p><a href='http:\/\/extra.inmontanis.info\/d\/70264-2\/DSC06902.jpg'><img src=http:\/\/extra.inmontanis.info\/d\/70263-3\/DSC06902.jpg \/><\/a><br \/>\n^ Kirkenes &#8211; Grense Jakobselv<\/p>\n<p><a href='http:\/\/extra.inmontanis.info\/d\/70268-2\/DSC06913.jpg'><img src=http:\/\/extra.inmontanis.info\/d\/70267-3\/DSC06913.jpg \/><\/a><br \/>\n^ Kirkenes &#8211; Grense Jakobselv<\/p>\n<p><a href='http:\/\/extra.inmontanis.info\/d\/70272-2\/DSC06915.jpg'><img src=http:\/\/extra.inmontanis.info\/d\/70271-3\/DSC06915.jpg \/><\/a><br \/>\n^ Kirkenes &#8211; Grense Jakobselv<\/p>\n<p><a href='http:\/\/extra.inmontanis.info\/d\/70276-2\/DSC06916.jpg'><img src=http:\/\/extra.inmontanis.info\/d\/70275-3\/DSC06916.jpg \/><\/a><br \/>\n^ Kirkenes &#8211; Grense Jakobselv<\/p>\n<p><a href='http:\/\/extra.inmontanis.info\/d\/70280-2\/DSC06919.jpg'><img src=http:\/\/extra.inmontanis.info\/d\/70279-3\/DSC06919.jpg \/><\/a><br \/>\n^ Infotafel Grenze<\/p>\n<p><a href='http:\/\/extra.inmontanis.info\/d\/70284-2\/DSC06921.jpg'><img src=http:\/\/extra.inmontanis.info\/d\/70283-3\/DSC06921.jpg \/><\/a><br \/>\n^ Kirkenes &#8211; Grense Jakobselv, die Berge dort sind schon in Russland<\/p>\n<p><a href='http:\/\/extra.inmontanis.info\/d\/70288-2\/DSC06926.jpg'><img src=http:\/\/extra.inmontanis.info\/d\/70287-3\/DSC06926.jpg \/><\/a><br \/>\n^ Der Grenzfluss ist hier ganz schmal<\/p>\n<p><a href='http:\/\/extra.inmontanis.info\/d\/70292-2\/DSC06930_001.jpg'><img src=http:\/\/extra.inmontanis.info\/d\/70291-3\/DSC06930_001.jpg \/><\/a><br \/>\n^ Kirkenes &#8211; Grense Jakobselv<\/p>\n<p><a href='http:\/\/extra.inmontanis.info\/d\/70296-2\/DSC06934.jpg'><img src=http:\/\/extra.inmontanis.info\/d\/70295-3\/DSC06934.jpg \/><\/a><br \/>\n^ Blick r\u00fcber nach Russland<\/p>\n<p><a href='http:\/\/extra.inmontanis.info\/d\/70300-2\/DSC06935.jpg'><img src=http:\/\/extra.inmontanis.info\/d\/70299-3\/DSC06935.jpg \/><\/a><br \/>\n^ Grense Jakobselv<\/p>\n<p><a href='http:\/\/extra.inmontanis.info\/d\/70304-2\/DSC06938_001.jpg'><img src=http:\/\/extra.inmontanis.info\/d\/70303-3\/DSC06938_001.jpg \/><\/a><br \/>\n^ Grenzfluss Norwegen-Russland<\/p>\n<p><a href='http:\/\/extra.inmontanis.info\/d\/70308-2\/DSC06939.jpg'><img src=http:\/\/extra.inmontanis.info\/d\/70307-3\/DSC06939.jpg \/><\/a><br \/>\n^ Grenzfluss Norwegen-Russland<\/p>\n<p><a href='http:\/\/extra.inmontanis.info\/d\/70312-2\/DSC06941_001.jpg'><img src=http:\/\/extra.inmontanis.info\/d\/70311-3\/DSC06941_001.jpg \/><\/a><br \/>\n^ Grense Jakobselv<\/p>\n<p><a href='http:\/\/extra.inmontanis.info\/d\/70316-2\/DSC06946_001.jpg'><img src=http:\/\/extra.inmontanis.info\/d\/70315-3\/DSC06946_001.jpg \/><\/a><br \/>\n^ Grense Jakobselv<\/p>\n<p><a href='http:\/\/extra.inmontanis.info\/d\/70320-2\/DSC06947.jpg'><img src=http:\/\/extra.inmontanis.info\/d\/70319-3\/DSC06947.jpg \/><\/a><br \/>\n^ Grense Jakobselv Blick nach Russland<\/p>\n<p><a href='http:\/\/extra.inmontanis.info\/d\/70324-2\/DSC06948_001.jpg'><img src=http:\/\/extra.inmontanis.info\/d\/70323-3\/DSC06948_001.jpg \/><\/a><br \/>\n^ Grense Jakobselv<\/p>\n<p><a href='http:\/\/extra.inmontanis.info\/d\/70328-2\/DSC06949.jpg'><img src=http:\/\/extra.inmontanis.info\/d\/70327-3\/DSC06949.jpg \/><\/a><br \/>\n^ Die Stra\u00dfe macht noch einen kleinen Bogen nach links<\/p>\n<p><a href='http:\/\/extra.inmontanis.info\/d\/70332-2\/DSC06951.jpg'><img src=http:\/\/extra.inmontanis.info\/d\/70331-3\/DSC06951.jpg \/><\/a><br \/>\n^ .. h\u00f6rt dann aber auch gleich mal auf.<\/p>\n<p><a href='http:\/\/extra.inmontanis.info\/d\/70336-2\/DSC06955.jpg'><img src=http:\/\/extra.inmontanis.info\/d\/70335-3\/DSC06955.jpg \/><\/a><\/p>\n","protected":false},"excerpt":{"rendered":"<p>26.9.2021<\/p>\n<p>Leider haben die Superm\u00e4rkte nahe Kirkenes wohl allesamt erst Montag wieder offen und weiter richtung Osten, falls ich doch nochmals Grense Jakobselv fahren wollte, scheint nichts mehr zu sein, also d\u00fcrfe ich erst morgen wieder aus dem Tal hier rausfahren und eigentlich unn\u00fctzer Umweg. Andererseits bin ich das letzte St\u00fcck damals ja nicht nur <a href=\"http:\/\/blog.inmontanis.info\/?p=7102\">[&#8230;]<\/a><\/p>\n","protected":false},"author":1,"featured_media":7104,"comment_status":"closed","ping_status":"closed","sticky":false,"template":"","format":"standard","meta":{"footnotes":""},"categories":[185,18,151,30],"tags":[37,45,47],"class_list":["post-7102","post","type-post","status-publish","format-standard","has-post-thumbnail","hentry","category-2021-08-skandinavien","category-norwegennorway","category-russlandrussia","category-wandern","tag-meer","tag-see","tag-sl","odd"],"_links":{"self":[{"href":"http:\/\/blog.inmontanis.info\/index.php?rest_route=\/wp\/v2\/posts\/7102","targetHints":{"allow":["GET"]}}],"collection":[{"href":"http:\/\/blog.inmontanis.info\/index.php?rest_route=\/wp\/v2\/posts"}],"about":[{"href":"http:\/\/blog.inmontanis.info\/index.php?rest_route=\/wp\/v2\/types\/post"}],"author":[{"embeddable":true,"href":"http:\/\/blog.inmontanis.info\/index.php?rest_route=\/wp\/v2\/users\/1"}],"replies":[{"embeddable":true,"href":"http:\/\/blog.inmontanis.info\/index.php?rest_route=%2Fwp%2Fv2%2Fcomments&post=7102"}],"version-history":[{"count":2,"href":"http:\/\/blog.inmontanis.info\/index.php?rest_route=\/wp\/v2\/posts\/7102\/revisions"}],"predecessor-version":[{"id":7105,"href":"http:\/\/blog.inmontanis.info\/index.php?rest_route=\/wp\/v2\/posts\/7102\/revisions\/7105"}],"wp:featuredmedia":[{"embeddable":true,"href":"http:\/\/blog.inmontanis.info\/index.php?rest_route=\/wp\/v2\/media\/7104"}],"wp:attachment":[{"href":"http:\/\/blog.inmontanis.info\/index.php?rest_route=%2Fwp%2Fv2%2Fmedia&parent=7102"}],"wp:term":[{"taxonomy":"category","embeddable":true,"href":"http:\/\/blog.inmontanis.info\/index.php?rest_route=%2Fwp%2Fv2%2Fcategories&post=7102"},{"taxonomy":"post_tag","embeddable":true,"href":"http:\/\/blog.inmontanis.info\/index.php?rest_route=%2Fwp%2Fv2%2Ftags&post=7102"}],"curies":[{"name":"wp","href":"https:\/\/api.w.org\/{rel}","templated":true}]}}