{"id":7092,"date":"2021-09-24T18:52:05","date_gmt":"2021-09-24T16:52:05","guid":{"rendered":"http:\/\/blog.inmontanis.info\/?p=7092"},"modified":"2021-09-28T19:04:57","modified_gmt":"2021-09-28T17:04:57","slug":"tana-kirkenes-svanvik-22-24-9-2021","status":"publish","type":"post","link":"http:\/\/blog.inmontanis.info\/?p=7092","title":{"rendered":"Tana-Kirkenes-Svanvik, 22.-24.9.2021"},"content":{"rendered":"<p><strong>22.9.2021<\/strong><\/p>\n<p>Heut fr\u00fch sprang mein Auto mal wieder schlecht an &#8211; hoffentlich nur, weil es vielleicht zu kurz nach Ausschalten der Standheizung war (so kurz war es aber eigentlich gar nicht) &#8230;<\/p>\n<p>Starker Sturm heute entlang der K\u00fcste, unsch\u00f6n zu fahren &#8211; besser mit 2 H\u00e4nden am Lenkrad anstatt nur mit 1 oder den Beinen&#8230; Ein Baustellen-50er Schild hat&#8217;s kurz vor mir umgeweht, zum Gl\u00fcck in L\u00e4ngsrichtung.<\/p>\n<p>Entsprechend wenig Lust hatte ich heute auf eine Wanderung. Da in den n\u00e4chsten 10 Tagen wieder mehr Sonne gemeldet, heute aber noch mehr Regen hier gemeldet wird, verschiebe ich die eine in Frage kommende Wanderung auf die R\u00fcckfahrt.<\/p>\n<p>Da einer der n\u00e4chsten Parkpl\u00e4tze, wo ich h\u00e4tte \u00fcbernachten wollen, nix getaugt hat, bin ich noch fast bis zum letzten vor S\u00f8r-Varanger \/ Kirkenes gefahren (wo ich dann morgen Vormittag hoffentlich Internetempfang haben werde) und besuchte noch ein ehemaliges deutsches K\u00fcstenfort, das zwar auf meiner Karte, nicht aber als Wanderung bei ut.no und auch nicht als Krigsminne von der Stra\u00dfe aus angeschrieben war. Der Weg hinauf schien mir f\u00fcr mein Auto etwas zu heftig, also blieb ich halt unten stehen, auch f\u00fcr die Nacht &#8211; vorbeifahrende Autos sind angenehmer als K\u00fchllaster am Rastplatz.<\/p>\n<p><a href='http:\/\/extra.inmontanis.info\/d\/69916-2\/DSC06651.jpg'><img src=http:\/\/extra.inmontanis.info\/d\/69915-3\/DSC06651.jpg \/><\/a><br \/>\n^ Gestern Abend der Mond, heute fr\u00fch die Sonne<\/p>\n<p><a href='http:\/\/extra.inmontanis.info\/d\/69920-2\/DSC06655.jpg'><img src=http:\/\/extra.inmontanis.info\/d\/69919-3\/DSC06655.jpg \/><\/a><br \/>\n^ E6 Tana-Kirkenes<\/p>\n<p><a href='http:\/\/extra.inmontanis.info\/d\/69924-2\/DSC06662.jpg'><img src=http:\/\/extra.inmontanis.info\/d\/69923-3\/DSC06662.jpg \/><\/a><br \/>\n^ E6 Tana-Kirkenes<\/p>\n<p><a href='http:\/\/extra.inmontanis.info\/d\/69928-2\/DSC06670.jpg'><img src=http:\/\/extra.inmontanis.info\/d\/69927-3\/DSC06670.jpg \/><\/a><br \/>\n^ Tana-Kirkenes<\/p>\n<p><a href='http:\/\/extra.inmontanis.info\/d\/69932-2\/DSC06676.jpg'><img src=http:\/\/extra.inmontanis.info\/d\/69931-3\/DSC06676.jpg \/><\/a><br \/>\n^ Skoltefossen bei Neiden<\/p>\n<p><a href='http:\/\/extra.inmontanis.info\/d\/69936-2\/DSC06677.jpg'><img src=http:\/\/extra.inmontanis.info\/d\/69935-3\/DSC06677.jpg \/><\/a><br \/>\n^ Skoltefossen bei Neiden, rechts ist eine Lachstreppe (nicht Lach-Streppe, sondern Lachs-Treppe), daher der Stacheldrahtzaun.<\/p>\n<p><a href='http:\/\/extra.inmontanis.info\/d\/69940-2\/DSC06679.jpg'><img src=http:\/\/extra.inmontanis.info\/d\/69939-3\/DSC06679.jpg \/><\/a><br \/>\n^ Weg zum ehemaligen K\u00fcstenfort am Munkefjord. Es gibt kein Hinweisschild an der Stra\u00dfe.<\/p>\n<p><a href='http:\/\/extra.inmontanis.info\/d\/69944-2\/DSC06684.jpg'><img src=http:\/\/extra.inmontanis.info\/d\/69943-3\/DSC06684.jpg \/><\/a><br \/>\n^ Neiden-Munkefjord und was auch immer<\/p>\n<p><a href='http:\/\/extra.inmontanis.info\/d\/69948-2\/DSC06686.jpg'><img src=http:\/\/extra.inmontanis.info\/d\/69947-3\/DSC06686.jpg \/><\/a><br \/>\n^ Fjord richtung Meer<\/p>\n<p><a href='http:\/\/extra.inmontanis.info\/d\/69952-2\/DSC06687.jpg'><img src=http:\/\/extra.inmontanis.info\/d\/69951-3\/DSC06687.jpg \/><\/a><br \/>\n^ Reste der ehemaligen, deutschen Verteidigungsanlage<\/p>\n<p><a href='http:\/\/extra.inmontanis.info\/d\/69956-2\/DSC06689.jpg'><img src=http:\/\/extra.inmontanis.info\/d\/69955-3\/DSC06689.jpg \/><\/a><br \/>\n^ <\/p>\n<p><a href='http:\/\/extra.inmontanis.info\/d\/69960-2\/DSC06690.jpg'><img src=http:\/\/extra.inmontanis.info\/d\/69959-3\/DSC06690.jpg \/><\/a><br \/>\n^ <\/p>\n<p><a href='http:\/\/extra.inmontanis.info\/d\/69964-2\/DSC06693_001.jpg'><img src=http:\/\/extra.inmontanis.info\/d\/69963-3\/DSC06693_001.jpg \/><\/a><br \/>\n^ <\/p>\n<p><a href='http:\/\/extra.inmontanis.info\/d\/69968-2\/DSC06695.jpg'><img src=http:\/\/extra.inmontanis.info\/d\/69967-3\/DSC06695.jpg \/><\/a><br \/>\n^ <\/p>\n<p><a href='http:\/\/extra.inmontanis.info\/d\/69972-2\/DSC06697.jpg'><img src=http:\/\/extra.inmontanis.info\/d\/69971-3\/DSC06697.jpg \/><\/a><br \/>\n^ <\/p>\n<p><a href='http:\/\/extra.inmontanis.info\/d\/69976-2\/DSC06699.jpg'><img src=http:\/\/extra.inmontanis.info\/d\/69975-3\/DSC06699.jpg \/><\/a><br \/>\n^ <\/p>\n<p><a href='http:\/\/extra.inmontanis.info\/d\/69980-2\/DSC06700.jpg'><img src=http:\/\/extra.inmontanis.info\/d\/69979-3\/DSC06700.jpg \/><\/a><br \/>\n^ <\/p>\n<p><a href='http:\/\/extra.inmontanis.info\/d\/69984-2\/DSC06701.jpg'><img src=http:\/\/extra.inmontanis.info\/d\/69983-3\/DSC06701.jpg \/><\/a><br \/>\n^ Hier ist vielleicht eine Bombe der Aliierten eingeschlagen, au\u00dfer die Deutschen haben es selbst zerst\u00f6rt<\/p>\n<p><a href='http:\/\/extra.inmontanis.info\/d\/69988-2\/DSC06702_001.jpg'><img src=http:\/\/extra.inmontanis.info\/d\/69987-3\/DSC06702_001.jpg \/><\/a><br \/>\n^ Oben US passt wohl nicht f\u00fcr USA, denn ganz unten steht was von FEUERG. 1942 oder 1943 steht auch noch da.<\/p>\n<p><a href='http:\/\/extra.inmontanis.info\/d\/69992-2\/DSC06705.jpg'><img src=http:\/\/extra.inmontanis.info\/d\/69991-3\/DSC06705.jpg \/><\/a><br \/>\n^ All zu viel stand nicht rum bzw. ist es schon recht zerst\u00f6rt gewesen<\/p>\n<p><a href='http:\/\/extra.inmontanis.info\/d\/69996-2\/DSC06706_001.jpg'><img src=http:\/\/extra.inmontanis.info\/d\/69995-3\/DSC06706_001.jpg \/><\/a><br \/>\n^ Die Sch\u00fctzengr\u00e4ben sind durchaus ziemlich verteilt, aber alle recht verwachsen.<\/p>\n<p>Hm, was mach ich mit der restlichen Sahne? Mit den noch verschlossenen K\u00f6ttbullar? Oder Pilze, k\u00f6nnte ja besser passen? Morgen gibts aber evtl. Pizzabakeren. Ich tat noch etwas K\u00e4se in die Sahne, paar R\u00f6stzwiebel und die halbe Dose Champignons (den Rest ins Rote-Pesto-Glas, das ich dann halt \u00fcbermorgen essen werde.)<\/p>\n<p><a href='http:\/\/extra.inmontanis.info\/d\/70000-2\/DSC06708.jpg'><img src=http:\/\/extra.inmontanis.info\/d\/69999-3\/DSC06708.jpg \/><\/a><br \/>\n^ Was mit der restlichen Sahne anfangen? Hab mich f\u00fcr die Champignons statt den Fleischb\u00e4llchen entschieden. Zu den Nudeln.<\/p>\n<p>Noch ewas Kartoffelchips rein, aber in Summe 1. zu viel und 2. bin ich ja eigentlich kein Fan von Nudeln mit Sahnesauce (wie Carbonara oder Pilz-Sahne). N\u00e4chstes Mal werd ich mit der Sahne wohl 3 Tage \u00c4lplermaccaroni essen m\u00fcssen ;-)<\/p>\n<p><strong>23.9.2021<\/strong><\/p>\n<p>Heute gro\u00dfer Einkaufstag in Kirkenes. Europris, eher nix. Sparkj\u00f8p im Spareland, noch nie gewesen, noch nie gesehen, gibt aber einige Shops in Norwegen. Haben haupts\u00e4chlich Bekleidungszeug, aber auch paar andere Sachen. G\u00fcnstige Schuhe ab ca. 12,- \u20ac, also man bekommt schon auch in Norwegen Billigkram! Hab mir Winterstiefelchen um ca. 20 \u20ac mitgenommen, kann man ja nicht viel falsch machen?! Sch\u00f6n gef\u00fcttert und nicht so eng wie meine Kangaroos, wo ich nicht wei\u00df, ob da die Heizsohlen reinpassen; aber die Stiefel vom letzten Jahr hatten leider keine dichte Sohle mehr, daher diese nicht mitgenommen.<\/p>\n<p>Daneben im Kiwi-Supermarkt gewesen und auf der R\u00fcckfahrt noch im Elkj\u00f8p wg. USB-Hub und PC-Lautsprecher geschaut. Ersteres konnte mich nichts \u00fcberzeuge, einerseits preislich, andererseits wollte ich was mit einem etwas l\u00e4ngeren Kabel (also 15-20cm, nicht nur 5-10cm, sieht man der verschlossenen Verpackung aber oft nicht an, wie lang das Kabel ist, wenn nichts vermerkt ist). PC-Lautsprecher hab ich halt mitgenommen, weil ich was wollte, die ich weiter auseinanderstellen kann, um einen besseren Stereoeffekt zu haben, wenn ich am PC was anschauen oder anh\u00f6ren m\u00f6chte. Au\u00dferdem sind die recht klein und somit angenehmer installierbar im Auto. Auf der letzten Reise hatte ich ja nur den Mono-Bluetooth-Lautsprecher dabei. Den man auch jedes Mal verbinden muss, manchmal zweimal. <\/p>\n<p><a href='http:\/\/extra.inmontanis.info\/d\/70004-3\/DSC06713.jpg'><img src=http:\/\/extra.inmontanis.info\/d\/70003-3\/DSC06713.jpg \/><\/a><br \/>\n^ Kirkenes<\/p>\n<p><a href='http:\/\/extra.inmontanis.info\/d\/70008-3\/DSC06718.jpg'><img src=http:\/\/extra.inmontanis.info\/d\/70007-3\/DSC06718.jpg \/><\/a><br \/>\n^ Hurtigruten, da k\u00f6nnte man jetzt mit dem Auto rauf und bis nach Bergen die K\u00fcste entlang mit fahren.<\/p>\n<p><a href='http:\/\/extra.inmontanis.info\/d\/70012-3\/DSC06720.jpg'><img src=http:\/\/extra.inmontanis.info\/d\/70011-3\/DSC06720.jpg \/><\/a><br \/>\n^ Hier und da sieht man etwas Kyrillisch \/ Russisch in Kirkenes. Aber leider keine russischen Produkte.<\/p>\n<p><a href='http:\/\/extra.inmontanis.info\/d\/70016-3\/DSC06721.jpg'><img src=http:\/\/extra.inmontanis.info\/d\/70015-3\/DSC06721.jpg \/><\/a><br \/>\n^ Kirkenes, auch nicht gerade der sch\u00f6nste Ort in Norwegen&#8230;<\/p>\n<p><a href='http:\/\/extra.inmontanis.info\/d\/70032-2\/DSC06729.jpg'><img src=http:\/\/extra.inmontanis.info\/d\/70031-3\/DSC06729.jpg \/><\/a><br \/>\n^ Die slowenische 200g Puffreisschokolade war wg. kurzer Haltbarkeit auf ca. 2,- \u20ac runtergesetzt, die 6 kleinen Negerk\u00fcsse kosteten ca. 1,- \u20ac, die PC-Lautsprecher waren mit ca. 17,- \u20ac vielleicht etwas teuer, haben aber durchaus einen guten Klang; der Schoko-Brotbelag zum Rausquetschen ist dagegen m\u00fcllig, schwer zu quetschen und eher pudding\u00e4hnliche Konsistenz. Ahja, und hinten die Winterstiefelchen um ca. 20,- \u20ac<\/p>\n<p>Danach richtung S\u00fcden zum Pizzabakeren, ist hier kein reiner PB-Laden, sondern generelles Imbiss-Caf\u00e9\/Pub mit auch anderen Speisen. Blieb aber bei den 2 kleinen Pizzen. Die gibts mittags als Lunch-Men\u00fc inkl. Getr\u00e4nk um 69 NOK, teils g\u00fcnstiger als die Pizza sonst einzeln kostet. Wurde mir regelrecht aufgedr\u00e4ngt, also nahm ich halt 2 Getr\u00e4nke mit :) H\u00e4tt ich die letzten Male auch schon haben k\u00f6nnen..<\/p>\n<p>Alternativ interessant w\u00e4ren hier z.B. auch Fish&#8217;n&#8217;chips um 112,- NOK, Hamburger je nach Gr\u00f6\u00dfe ca. 63-160 NOK, der 190g Signatur Burger mit Bacon, fritierten Zwiebelringen und BBQ-Sauce um 99 NOK w\u00fcrde mich auch anlachen (komischerweise g\u00fcnstiger als der Bacon-Cheesburger; im Men\u00fc +52), kleine Pommes alleine 32,- NOK. Kebapteller 145 NOK, da hatte ich in Norwegen heuer auch noch keinen &#8230; (Alles Mitnahmepreise, Hieresspreise sind teurer.)<\/p>\n<p><a href='http:\/\/extra.inmontanis.info\/d\/70020-2\/DSC06722.jpg'><img src=http:\/\/extra.inmontanis.info\/d\/70019-3\/DSC06722.jpg \/><\/a><br \/>\n^ Ok, wenn die Getr\u00e4nke im Zuge vom Lunch-Men\u00fc dabei sind und selbiges dann g\u00fcnstiger oder gleichteuer ist wie die Pizza ohne Getr\u00e4nk ..<\/p>\n<p>PB-\u00fcblich liegt unter der Pizza (unter dem Papiertrennboden) Servietten und das PB-Pizzapulver. Wenn man das aber \u00fcber die Pizza tut, schmeckt jede Pizza gleich &#8211; lass ich lieber weg. Wollte es mal zu Nudeln reintun, wenn ich denn mal drandenken w\u00fcrde.<\/p>\n<p>Hab abends aber keinen so gro\u00dfen Hunger mehr gehabt und 2 Ecken f\u00fcr morgen in den K\u00fchlschrank gelegt.<\/p>\n<p><a href='http:\/\/extra.inmontanis.info\/d\/70024-2\/DSC06723.jpg'><img src=http:\/\/extra.inmontanis.info\/d\/70023-3\/DSC06723.jpg \/><\/a><br \/>\n^ Bergwerk s\u00fcdlich von Kirkenes<\/p>\n<p><a href='http:\/\/extra.inmontanis.info\/d\/70028-2\/DSC06725.jpg'><img src=http:\/\/extra.inmontanis.info\/d\/70027-3\/DSC06725.jpg \/><\/a><br \/>\n^ Bergwerk s\u00fcdlich von Kirkenes<\/p>\n<p><a href='http:\/\/extra.inmontanis.info\/d\/70036-2\/DSC06727.jpg'><img src=http:\/\/extra.inmontanis.info\/d\/70035-3\/DSC06727.jpg \/><\/a><br \/>\n^ Im Dreil\u00e4ndereck s\u00fcdlich von Kirkenes (Pasvik)<\/p>\n<p><strong>24.9.2021<\/strong><\/p>\n<p><a href='http:\/\/extra.inmontanis.info\/d\/70040-2\/DSC06732.jpg'><img src=http:\/\/extra.inmontanis.info\/d\/70039-3\/DSC06732.jpg \/><\/a><br \/>\n^ Pasvik<\/p>\n<p><a href='http:\/\/extra.inmontanis.info\/d\/70044-2\/DSC06735.jpg'><img src=http:\/\/extra.inmontanis.info\/d\/70043-3\/DSC06735.jpg \/><\/a><br \/>\n^ Infotafel zur russischen Grenze<\/p>\n<p><a href='http:\/\/extra.inmontanis.info\/d\/70048-2\/DSC06740.jpg'><img src=http:\/\/extra.inmontanis.info\/d\/70047-3\/DSC06740.jpg \/><\/a><br \/>\n^ Grenzfluss, links auf der anderen Seite ist Russland<\/p>\n<p><a href='http:\/\/extra.inmontanis.info\/d\/70052-2\/DSC06741.jpg'><img src=http:\/\/extra.inmontanis.info\/d\/70051-3\/DSC06741.jpg \/><\/a><br \/>\n^ Svanvik, das hier soll der Maschinenraum des ehemaligen Kinos aus der deutschen Besatzungszeit sein<\/p>\n<p><a href='http:\/\/extra.inmontanis.info\/d\/70056-2\/DSC06742.jpg'><img src=http:\/\/extra.inmontanis.info\/d\/70055-3\/DSC06742.jpg \/><\/a><br \/>\n^ <\/p>\n<p><a href='http:\/\/extra.inmontanis.info\/d\/70060-2\/DSC06743.jpg'><img src=http:\/\/extra.inmontanis.info\/d\/70059-3\/DSC06743.jpg \/><\/a><br \/>\n^ <\/p>\n<p><a href='http:\/\/extra.inmontanis.info\/d\/70064-2\/DSC06745.jpg'><img src=http:\/\/extra.inmontanis.info\/d\/70063-3\/DSC06745.jpg \/><\/a><br \/>\n^ .. davor lag das hier rum.<\/p>\n<p><a href='http:\/\/extra.inmontanis.info\/d\/70068-2\/DSC06746.jpg'><img src=http:\/\/extra.inmontanis.info\/d\/70067-3\/DSC06746.jpg \/><\/a><br \/>\n^ Infotafel dazu<\/p>\n<p><a href='http:\/\/extra.inmontanis.info\/d\/70072-2\/DSC06748.jpg'><img src=http:\/\/extra.inmontanis.info\/d\/70071-3\/DSC06748.jpg \/><\/a><br \/>\n^ Trabrennbahn<\/p>\n<p><a href='http:\/\/extra.inmontanis.info\/d\/70076-2\/DSC06749.jpg'><img src=http:\/\/extra.inmontanis.info\/d\/70075-3\/DSC06749.jpg \/><\/a><br \/>\n^ Aussichtsturm 96-h\u00f8yden, momentan im Umbau<\/p>\n<p>Der n\u00e4chste und letzte Rastplatz mit WC war an einem See, hier schwirrten zick M\u00fccken (Stech- oder nicht) ums Auto und 4G-Empfang gab es kaum, hin und wieder etwas 3G &#8211; und man muss hier nat\u00fcrlich aufpassen, nicht in einem russischen Netz zu landen, sonst wird&#8217;s teuer.<\/p>\n","protected":false},"excerpt":{"rendered":"<p>22.9.2021<\/p>\n<p>Heut fr\u00fch sprang mein Auto mal wieder schlecht an &#8211; hoffentlich nur, weil es vielleicht zu kurz nach Ausschalten der Standheizung war (so kurz war es aber eigentlich gar nicht) &#8230;<\/p>\n<p>Starker Sturm heute entlang der K\u00fcste, unsch\u00f6n zu fahren &#8211; besser mit 2 H\u00e4nden am Lenkrad anstatt nur mit 1 oder den Beinen&#8230; <a href=\"http:\/\/blog.inmontanis.info\/?p=7092\">[&#8230;]<\/a><\/p>\n","protected":false},"author":1,"featured_media":7094,"comment_status":"closed","ping_status":"closed","sticky":false,"template":"","format":"standard","meta":{"footnotes":""},"categories":[185,18,32],"tags":[50,37,45],"class_list":["post-7092","post","type-post","status-publish","format-standard","has-post-thumbnail","hentry","category-2021-08-skandinavien","category-norwegennorway","category-lostplaces","tag-bergbau","tag-meer","tag-see","odd"],"_links":{"self":[{"href":"http:\/\/blog.inmontanis.info\/index.php?rest_route=\/wp\/v2\/posts\/7092","targetHints":{"allow":["GET"]}}],"collection":[{"href":"http:\/\/blog.inmontanis.info\/index.php?rest_route=\/wp\/v2\/posts"}],"about":[{"href":"http:\/\/blog.inmontanis.info\/index.php?rest_route=\/wp\/v2\/types\/post"}],"author":[{"embeddable":true,"href":"http:\/\/blog.inmontanis.info\/index.php?rest_route=\/wp\/v2\/users\/1"}],"replies":[{"embeddable":true,"href":"http:\/\/blog.inmontanis.info\/index.php?rest_route=%2Fwp%2Fv2%2Fcomments&post=7092"}],"version-history":[{"count":2,"href":"http:\/\/blog.inmontanis.info\/index.php?rest_route=\/wp\/v2\/posts\/7092\/revisions"}],"predecessor-version":[{"id":7095,"href":"http:\/\/blog.inmontanis.info\/index.php?rest_route=\/wp\/v2\/posts\/7092\/revisions\/7095"}],"wp:featuredmedia":[{"embeddable":true,"href":"http:\/\/blog.inmontanis.info\/index.php?rest_route=\/wp\/v2\/media\/7094"}],"wp:attachment":[{"href":"http:\/\/blog.inmontanis.info\/index.php?rest_route=%2Fwp%2Fv2%2Fmedia&parent=7092"}],"wp:term":[{"taxonomy":"category","embeddable":true,"href":"http:\/\/blog.inmontanis.info\/index.php?rest_route=%2Fwp%2Fv2%2Fcategories&post=7092"},{"taxonomy":"post_tag","embeddable":true,"href":"http:\/\/blog.inmontanis.info\/index.php?rest_route=%2Fwp%2Fv2%2Ftags&post=7092"}],"curies":[{"name":"wp","href":"https:\/\/api.w.org\/{rel}","templated":true}]}}