{"id":7088,"date":"2021-09-21T21:08:07","date_gmt":"2021-09-21T19:08:07","guid":{"rendered":"http:\/\/blog.inmontanis.info\/?p=7088"},"modified":"2021-09-27T11:28:09","modified_gmt":"2021-09-27T09:28:09","slug":"bigganjarga-21-9-2021","status":"publish","type":"post","link":"http:\/\/blog.inmontanis.info\/?p=7088","title":{"rendered":"Bigg\u00e1nj\u00e1rga, 21.9.2021"},"content":{"rendered":"<p><strong>21.9.2021<\/strong><\/p>\n<p>Wieder weniger Sonne und ein ungem\u00fctlicher, starker Wind.<\/p>\n<p>Zum Leeren der Campertoiletten gibts hier am Rastplatz einen Reinigungsautomaten (wie auch schon an anderen Rastpl\u00e4tzen in Norwegen und \u00fcbrigens gratis) &#8211; aber lt. Website-FAQ wird mein kleines PortaPotti da wohl eher nicht unterst\u00fctzt.<\/p>\n<p>Ich fuhr ein St\u00fcck richtung Osten zu einer Wanderung am Fjord entlang. Lt. Tracker waren es dann 8,3km, ca. 155hm, knapp 3h.<\/p>\n<p><a href='http:\/\/extra.inmontanis.info\/d\/69776-2\/DSC06571.jpg'><img src=http:\/\/extra.inmontanis.info\/d\/69775-3\/DSC06571.jpg \/><\/a><br \/>\n^ Infotafel zur Eismeerstra\u00dfe. Sch\u00f6nes, altes Schild, da ist Russland noch als UDSSR (kyrillisch \u0421\u0421\u0421\u0420) eingetragen!<\/p>\n<p><a href='http:\/\/extra.inmontanis.info\/d\/69780-2\/DSC06572.jpg'><img src=http:\/\/extra.inmontanis.info\/d\/69779-3\/DSC06572.jpg \/><\/a><br \/>\n^ .. eine neuere Tafel steht aber nebendran.<\/p>\n<p><a href='http:\/\/extra.inmontanis.info\/d\/69784-2\/DSC06574.jpg'><img src=http:\/\/extra.inmontanis.info\/d\/69783-3\/DSC06574.jpg \/><\/a><br \/>\n^ Parken an der verlassenen Schule von Karlebotn, hier startet die Wanderung<\/p>\n<p><a href='http:\/\/extra.inmontanis.info\/d\/69788-2\/DSC06575.jpg'><img src=http:\/\/extra.inmontanis.info\/d\/69787-3\/DSC06575.jpg \/><\/a><br \/>\n^ Bigg\u00e1nj\u00e1rga Infotafel<\/p>\n<p><a href='http:\/\/extra.inmontanis.info\/d\/69792-2\/DSC06578.jpg'><img src=http:\/\/extra.inmontanis.info\/d\/69791-3\/DSC06578.jpg \/><\/a><br \/>\n^ Alter Traktor<\/p>\n<p><a href='http:\/\/extra.inmontanis.info\/d\/69796-2\/DSC06579.jpg'><img src=http:\/\/extra.inmontanis.info\/d\/69795-3\/DSC06579.jpg \/><\/a><br \/>\n^ Alter Volvo-LKW, sch\u00f6n bemalt<\/p>\n<p><a href='http:\/\/extra.inmontanis.info\/d\/69800-2\/DSC06580.jpg'><img src=http:\/\/extra.inmontanis.info\/d\/69799-3\/DSC06580.jpg \/><\/a><br \/>\n^ Diese LKW-Kabine schaut aus wie (doppelt so breite) italienische Eiergondeln<\/p>\n<p><a href='http:\/\/extra.inmontanis.info\/d\/69804-2\/DSC06582.jpg'><img src=http:\/\/extra.inmontanis.info\/d\/69803-3\/DSC06582.jpg \/><\/a><br \/>\n^ Fjordblick<\/p>\n<p><a href='http:\/\/extra.inmontanis.info\/d\/69808-2\/DSC06583.jpg'><img src=http:\/\/extra.inmontanis.info\/d\/69807-3\/DSC06583.jpg \/><\/a><br \/>\n^ Fjordblick<\/p>\n<p><a href='http:\/\/extra.inmontanis.info\/d\/69812-2\/DSC06585.jpg'><img src=http:\/\/extra.inmontanis.info\/d\/69811-3\/DSC06585.jpg \/><\/a><br \/>\n^ Wanderung, oberer Weg<\/p>\n<p><a href='http:\/\/extra.inmontanis.info\/d\/69816-2\/DSC06586.jpg'><img src=http:\/\/extra.inmontanis.info\/d\/69815-3\/DSC06586.jpg \/><\/a><br \/>\n^ <\/p>\n<p><a href='http:\/\/extra.inmontanis.info\/d\/69820-2\/DSC06589.jpg'><img src=http:\/\/extra.inmontanis.info\/d\/69819-3\/DSC06589.jpg \/><\/a><br \/>\n^ <\/p>\n<p><a href='http:\/\/extra.inmontanis.info\/d\/69824-2\/DSC06592.jpg'><img src=http:\/\/extra.inmontanis.info\/d\/69823-3\/DSC06592.jpg \/><\/a><br \/>\n^ <\/p>\n<p><a href='http:\/\/extra.inmontanis.info\/d\/69828-2\/DSC06596.jpg'><img src=http:\/\/extra.inmontanis.info\/d\/69827-3\/DSC06596.jpg \/><\/a><br \/>\n^ Meerblick<\/p>\n<p><a href='http:\/\/extra.inmontanis.info\/d\/69832-2\/DSC06597.jpg'><img src=http:\/\/extra.inmontanis.info\/d\/69831-3\/DSC06597.jpg \/><\/a><br \/>\n^ <\/p>\n<p><a href='http:\/\/extra.inmontanis.info\/d\/69836-2\/DSC06598.jpg'><img src=http:\/\/extra.inmontanis.info\/d\/69835-3\/DSC06598.jpg \/><\/a><br \/>\n^ Auch interessant, dieser Stein-See<\/p>\n<p><a href='http:\/\/extra.inmontanis.info\/d\/69840-2\/DSC06601.jpg'><img src=http:\/\/extra.inmontanis.info\/d\/69839-3\/DSC06601.jpg \/><\/a><br \/>\n^ H\u00e4? Hier muss man wieder 500m auf dem unteren Weg zur\u00fcck gehen? H\u00e4tte man ja gleich fr\u00fcher runter gehen k\u00f6nnen.<\/p>\n<p><a href='http:\/\/extra.inmontanis.info\/d\/69844-2\/DSC06604.jpg'><img src=http:\/\/extra.inmontanis.info\/d\/69843-3\/DSC06604.jpg \/><\/a><br \/>\n^ Hm, soll das jetzt das Ziel sein?<\/p>\n<p><a href='http:\/\/extra.inmontanis.info\/d\/69848-2\/DSC06609.jpg'><img src=http:\/\/extra.inmontanis.info\/d\/69847-3\/DSC06609.jpg \/><\/a><br \/>\n^ Bigg\u00e1nj\u00e1rga<\/p>\n<p><a href='http:\/\/extra.inmontanis.info\/d\/69852-2\/DSC06611.jpg'><img src=http:\/\/extra.inmontanis.info\/d\/69851-3\/DSC06611.jpg \/><\/a><br \/>\n^ Bigg\u00e1nj\u00e1rga, das ist jetzt das Ziel lt. Tafel da oben. Und warum jetzt genau?<\/p>\n<p><a href='http:\/\/extra.inmontanis.info\/d\/69856-2\/DSC06613.jpg'><img src=http:\/\/extra.inmontanis.info\/d\/69855-3\/DSC06613.jpg \/><\/a><br \/>\n^ Hm.<\/p>\n<p><a href='http:\/\/extra.inmontanis.info\/d\/69860-2\/DSC06614.jpg'><img src=http:\/\/extra.inmontanis.info\/d\/69859-3\/DSC06614.jpg \/><\/a><br \/>\n^ Auf der Infotafel stehts auch auf Englisch. Es ist sogar weltweit einzigartig, was hier ist, eine spezielle 600 Mio Jahre alte Mor\u00e4ne:<br \/>\npetrified eocambrian moraine combined with an ice abraded foundation<\/p>\n<p><a href='http:\/\/extra.inmontanis.info\/d\/69864-2\/DSC06615.jpg'><img src=http:\/\/extra.inmontanis.info\/d\/69863-3\/DSC06615.jpg \/><\/a><br \/>\n^ Es geht also um diese Lava-\u00e4hnlichen Bl\u00f6cke \u00fcber den Felsen<\/p>\n<p><a href='http:\/\/extra.inmontanis.info\/d\/69868-2\/DSC06616.jpg'><img src=http:\/\/extra.inmontanis.info\/d\/69867-3\/DSC06616.jpg \/><\/a><br \/>\n^ Ok, das schaut schon interessant aus<\/p>\n<p><a href='http:\/\/extra.inmontanis.info\/d\/69872-2\/DSC06617.jpg'><img src=http:\/\/extra.inmontanis.info\/d\/69871-3\/DSC06617.jpg \/><\/a><br \/>\n^ Schaut aus wie Sand und lose Steine &#8230;<\/p>\n<p><a href='http:\/\/extra.inmontanis.info\/d\/69876-2\/DSC06619.jpg'><img src=http:\/\/extra.inmontanis.info\/d\/69875-3\/DSC06619.jpg \/><\/a><br \/>\n^ .. aber selbst die kleinsten Steine kleben total fest in der Masse!<\/p>\n<p><a href='http:\/\/extra.inmontanis.info\/d\/69880-2\/DSC06620.jpg'><img src=http:\/\/extra.inmontanis.info\/d\/69879-3\/DSC06620.jpg \/><\/a><br \/>\n^ <\/p>\n<p><a href='http:\/\/extra.inmontanis.info\/d\/69884-2\/DSC06623.jpg'><img src=http:\/\/extra.inmontanis.info\/d\/69883-3\/DSC06623.jpg \/><\/a><br \/>\n^ <\/p>\n<p><a href='http:\/\/extra.inmontanis.info\/d\/69888-2\/DSC06625.jpg'><img src=http:\/\/extra.inmontanis.info\/d\/69887-3\/DSC06625.jpg \/><\/a><br \/>\n^ .. ich ging dann nat\u00fcrlich den unteren Weg zur\u00fcck. Entgegen der Tafel war es auch nicht nass.<\/p>\n<p><a href='http:\/\/extra.inmontanis.info\/d\/69892-2\/DSC06628.jpg'><img src=http:\/\/extra.inmontanis.info\/d\/69891-3\/DSC06628.jpg \/><\/a><br \/>\n^ Es liegen noch weitere komische Dinge herum. Das Loch geht durch, also wirds wohl keine Kanonenkugel sein<\/p>\n<p><a href='http:\/\/extra.inmontanis.info\/d\/69896-2\/DSC06633.jpg'><img src=http:\/\/extra.inmontanis.info\/d\/69895-3\/DSC06633.jpg \/><\/a><br \/>\n^ Es lagen \u00fcber ein Dutzend von diesen Dingern rum. Evtl. Befestigungen von Fischzuchtnetzen oder vom Walfang oder so?! Keine Ahnung.<\/p>\n<p><a href='http:\/\/extra.inmontanis.info\/d\/69900-2\/DSC06634.jpg'><img src=http:\/\/extra.inmontanis.info\/d\/69899-3\/DSC06634.jpg \/><\/a><br \/>\n^ Kleine Kinder bitte an die Leine nehmen, sonst k\u00f6nnte man sie in diesem hohen Gras verlieren ;-)<\/p>\n<p><a href='http:\/\/extra.inmontanis.info\/d\/69904-2\/DSC06636.jpg'><img src=http:\/\/extra.inmontanis.info\/d\/69903-3\/DSC06636.jpg \/><\/a><br \/>\n^ Bald wieder zur\u00fcck am Auto<\/p>\n<p>Die 2. Portion \u00c4lplermaccaroni heute mit dem letzten Rest des \u00f6sterreichischen Bergk\u00e4ses, eine Scheibe norwegischen Ziegenk\u00e4se (damit es s\u00fc\u00dfer wird) und 2 Scheiben w\u00fcrzigem skandinavischen Ridder-K\u00e4se &#8230; also da hab ich in der Schweiz schon schlechtere \u00c4lplermagronen gegessen! Vielleicht geschmacklich mit das wichtigste: die (vielen) R\u00f6stzwiebel gleich mit den Nudeln rein und weich\/aufkochen lassen, auch die \u00c4pfel recht bald rein, damit sich der Geschmack von beiden intensiviert. Sahne blieb aber doch noch \u00fcbrig..<\/p>\n<p><a href='http:\/\/extra.inmontanis.info\/d\/69908-3\/DSC06645.jpg'><img src=http:\/\/extra.inmontanis.info\/d\/69907-4\/DSC06645.jpg \/><\/a><br \/>\n^ Vollmond<\/p>\n<p><a href='http:\/\/extra.inmontanis.info\/d\/69912-3\/DSC06648.jpg'><img src=http:\/\/extra.inmontanis.info\/d\/69911-4\/DSC06648.jpg \/><\/a><br \/>\n^ Vollmond und helle Stra\u00dfenbeleuchtung .. nix mit Nordlichter heute.<\/p>\n","protected":false},"excerpt":{"rendered":"<p>21.9.2021<\/p>\n<p>Wieder weniger Sonne und ein ungem\u00fctlicher, starker Wind.<\/p>\n<p>Zum Leeren der Campertoiletten gibts hier am Rastplatz einen Reinigungsautomaten (wie auch schon an anderen Rastpl\u00e4tzen in Norwegen und \u00fcbrigens gratis) &#8211; aber lt. Website-FAQ wird mein kleines PortaPotti da wohl eher nicht unterst\u00fctzt.<\/p>\n<p>Ich fuhr ein St\u00fcck richtung Osten zu einer Wanderung am Fjord entlang. <a href=\"http:\/\/blog.inmontanis.info\/?p=7088\">[&#8230;]<\/a><\/p>\n","protected":false},"author":1,"featured_media":7091,"comment_status":"closed","ping_status":"closed","sticky":false,"template":"","format":"standard","meta":{"footnotes":""},"categories":[185,18,30],"tags":[37,45],"class_list":["post-7088","post","type-post","status-publish","format-standard","has-post-thumbnail","hentry","category-2021-08-skandinavien","category-norwegennorway","category-wandern","tag-meer","tag-see","odd"],"_links":{"self":[{"href":"http:\/\/blog.inmontanis.info\/index.php?rest_route=\/wp\/v2\/posts\/7088","targetHints":{"allow":["GET"]}}],"collection":[{"href":"http:\/\/blog.inmontanis.info\/index.php?rest_route=\/wp\/v2\/posts"}],"about":[{"href":"http:\/\/blog.inmontanis.info\/index.php?rest_route=\/wp\/v2\/types\/post"}],"author":[{"embeddable":true,"href":"http:\/\/blog.inmontanis.info\/index.php?rest_route=\/wp\/v2\/users\/1"}],"replies":[{"embeddable":true,"href":"http:\/\/blog.inmontanis.info\/index.php?rest_route=%2Fwp%2Fv2%2Fcomments&post=7088"}],"version-history":[{"count":2,"href":"http:\/\/blog.inmontanis.info\/index.php?rest_route=\/wp\/v2\/posts\/7088\/revisions"}],"predecessor-version":[{"id":7090,"href":"http:\/\/blog.inmontanis.info\/index.php?rest_route=\/wp\/v2\/posts\/7088\/revisions\/7090"}],"wp:featuredmedia":[{"embeddable":true,"href":"http:\/\/blog.inmontanis.info\/index.php?rest_route=\/wp\/v2\/media\/7091"}],"wp:attachment":[{"href":"http:\/\/blog.inmontanis.info\/index.php?rest_route=%2Fwp%2Fv2%2Fmedia&parent=7088"}],"wp:term":[{"taxonomy":"category","embeddable":true,"href":"http:\/\/blog.inmontanis.info\/index.php?rest_route=%2Fwp%2Fv2%2Fcategories&post=7088"},{"taxonomy":"post_tag","embeddable":true,"href":"http:\/\/blog.inmontanis.info\/index.php?rest_route=%2Fwp%2Fv2%2Ftags&post=7088"}],"curies":[{"name":"wp","href":"https:\/\/api.w.org\/{rel}","templated":true}]}}