{"id":7082,"date":"2021-09-20T18:33:35","date_gmt":"2021-09-20T16:33:35","guid":{"rendered":"http:\/\/blog.inmontanis.info\/?p=7082"},"modified":"2021-09-24T18:52:58","modified_gmt":"2021-09-24T16:52:58","slug":"tana-bru-20-9-2021","status":"publish","type":"post","link":"http:\/\/blog.inmontanis.info\/?p=7082","title":{"rendered":"Tana bru, 20.9.2021"},"content":{"rendered":"<p><strong>20.9.2021<\/strong><\/p>\n<p>Heute recht sonnig. Auf der Suche nach einer Wanderung in Tana bru steht doch da tats\u00e4chlich:<br \/>\n&#8220;Man f\u00f8lger lysl\u00f8ypa til man kommer til det gamle alpintbakken&#8221;<\/p>\n<p>Was?? Es gab hier mal ein Skigebiet?? Na umso wichtiger, dass ich da raufgeh :)<\/p>\n<p>Waren dann ca. 3km, 125hm, 1,5h.<\/p>\n<p><a href='http:\/\/extra.inmontanis.info\/d\/69552-3\/DSC06338.jpg'><img src=http:\/\/extra.inmontanis.info\/d\/69550-3\/DSC06338.jpg \/><\/a><br \/>\n^ Tana bru vom alten, westseitigen Rastplatz. Rastpl\u00e4tze mit Toiletten werden sich ab Oktober verringern, denn in der Winterzeit sind in Norwegen leider viele geschlossen &#8211; auch Plumpsklos.<\/p>\n<p><a href='http:\/\/extra.inmontanis.info\/d\/69556-3\/DSC06339.jpg'><img src=http:\/\/extra.inmontanis.info\/d\/69555-3\/DSC06339.jpg \/><\/a><br \/>\n^ Wanderung in Tana bru zum ehemaligen Skigebiet<\/p>\n<p><a href='http:\/\/extra.inmontanis.info\/d\/69560-3\/DSC06340.jpg'><img src=http:\/\/extra.inmontanis.info\/d\/69559-3\/DSC06340.jpg \/><\/a><br \/>\n^ Breite Br\u00fccke &#8211; vielleicht damit eine Pistenraupe dr\u00fcberkommt<\/p>\n<p><a href='http:\/\/extra.inmontanis.info\/d\/69564-3\/DSC06341.jpg'><img src=http:\/\/extra.inmontanis.info\/d\/69563-3\/DSC06341.jpg \/><\/a><br \/>\n^ Ehemaliger Skihang, Beleuchtung existiert noch<\/p>\n<p><a href='http:\/\/extra.inmontanis.info\/d\/69568-3\/DSC06346.jpg'><img src=http:\/\/extra.inmontanis.info\/d\/69567-3\/DSC06346.jpg \/><\/a><br \/>\n^ Wollige Str\u00e4ucher verboten heute mit offenem Mund zu laufen, wollte man nicht laufend fliegende Fasern schmecken ..<\/p>\n<p><a href='http:\/\/extra.inmontanis.info\/d\/69572-3\/DSC06349.jpg'><img src=http:\/\/extra.inmontanis.info\/d\/69571-3\/DSC06349.jpg \/><\/a><br \/>\n^ Vmtl. ein Wasserreservoir?!<\/p>\n<p><a href='http:\/\/extra.inmontanis.info\/d\/69576-3\/DSC06350.jpg'><img src=http:\/\/extra.inmontanis.info\/d\/69575-3\/DSC06350.jpg \/><\/a><br \/>\n^ Nebendran die ersten \u00dcberreste, die auf einen m\u00f6glichen Lift schlie\u00dfen k\u00f6nnten &#8230;<\/p>\n<p><a href='http:\/\/extra.inmontanis.info\/d\/69580-3\/DSC06351.jpg'><img src=http:\/\/extra.inmontanis.info\/d\/69579-3\/DSC06351.jpg \/><\/a><br \/>\n^ Soweit ich mir das sp\u00e4ter zusammenreimte, war das Bergstation Seillift Sektion 1 und Talstation Seillift Sektion 2<\/p>\n<p><a href='http:\/\/extra.inmontanis.info\/d\/69584-3\/DSC06352.jpg'><img src=http:\/\/extra.inmontanis.info\/d\/69583-3\/DSC06352.jpg \/><\/a><br \/>\n^ Ex-Bergstation Seillift 1<\/p>\n<p><a href='http:\/\/extra.inmontanis.info\/d\/69588-3\/DSC06354.jpg'><img src=http:\/\/extra.inmontanis.info\/d\/69587-3\/DSC06354.jpg \/><\/a><br \/>\n^ Evtl. Liftst\u00fctze auf der 2. Sektion<\/p>\n<p><a href='http:\/\/extra.inmontanis.info\/d\/69592-3\/DSC06357.jpg'><img src=http:\/\/extra.inmontanis.info\/d\/69591-3\/DSC06357.jpg \/><\/a><br \/>\n^ Trasse 2. Sektion<\/p>\n<p><a href='http:\/\/extra.inmontanis.info\/d\/69596-3\/DSC06358.jpg'><img src=http:\/\/extra.inmontanis.info\/d\/69595-3\/DSC06358.jpg \/><\/a><br \/>\n^ Wohl eine weitere St\u00fctze der 2. Sektion<\/p>\n<p><a href='http:\/\/extra.inmontanis.info\/d\/69600-3\/DSC06363.jpg'><img src=http:\/\/extra.inmontanis.info\/d\/69599-3\/DSC06363.jpg \/><\/a><br \/>\n^ Bergstation 2. Sektion<\/p>\n<p><a href='http:\/\/extra.inmontanis.info\/d\/69604-3\/DSC06365.jpg'><img src=http:\/\/extra.inmontanis.info\/d\/69603-3\/DSC06365.jpg \/><\/a><br \/>\n^ Bergstation 2. Sektion<\/p>\n<p><a href='http:\/\/extra.inmontanis.info\/d\/69608-3\/DSC06366.jpg'><img src=http:\/\/extra.inmontanis.info\/d\/69607-3\/DSC06366.jpg \/><\/a><br \/>\n^ Abfahrt<\/p>\n<p><a href='http:\/\/extra.inmontanis.info\/d\/69612-3\/DSC06367.jpg'><img src=http:\/\/extra.inmontanis.info\/d\/69611-3\/DSC06367.jpg \/><\/a><br \/>\n^ Ex-Bergstation Seillift 2<\/p>\n<p><a href='http:\/\/extra.inmontanis.info\/d\/69616-3\/DSC06368.jpg'><img src=http:\/\/extra.inmontanis.info\/d\/69615-3\/DSC06368.jpg \/><\/a><br \/>\n^ Ex-Bergstation Seillift 2 \/ Motor (220\/380V, 5.5kW, 1425 r\/min, 40kg)<\/p>\n<p><a href='http:\/\/extra.inmontanis.info\/d\/69620-3\/DSC06369.jpg'><img src=http:\/\/extra.inmontanis.info\/d\/69619-3\/DSC06369.jpg \/><\/a><br \/>\n^ Talblick von der Bergstation<\/p>\n<p><a href='http:\/\/extra.inmontanis.info\/d\/69624-3\/DSC06372.jpg'><img src=http:\/\/extra.inmontanis.info\/d\/69623-3\/DSC06372.jpg \/><\/a><br \/>\n^ Tana<\/p>\n<p><a href='http:\/\/extra.inmontanis.info\/d\/69628-3\/DSC06373.jpg'><img src=http:\/\/extra.inmontanis.info\/d\/69627-3\/DSC06373.jpg \/><\/a><br \/>\n^ Etwas weiter oben ist die Wanderung auf diesem &#8220;Gipfel&#8221; offiziell zu Ende<\/p>\n<p><a href='http:\/\/extra.inmontanis.info\/d\/69632-3\/DSC06374.jpg'><img src=http:\/\/extra.inmontanis.info\/d\/69631-3\/DSC06374.jpg \/><\/a><br \/>\n^ .. ein kleines Relikt vom Skigebiet findet sich hier<\/p>\n<p><a href='http:\/\/extra.inmontanis.info\/d\/69636-3\/DSC06375.jpg'><img src=http:\/\/extra.inmontanis.info\/d\/69635-3\/DSC06375.jpg \/><\/a><br \/>\n^ Talpano zum Fluss<\/p>\n<p><a href='http:\/\/extra.inmontanis.info\/d\/69640-3\/DSC06377.jpg'><img src=http:\/\/extra.inmontanis.info\/d\/69639-3\/DSC06377.jpg \/><\/a><br \/>\n^ Tana bru<\/p>\n<p><a href='http:\/\/extra.inmontanis.info\/d\/69644-3\/DSC06381.jpg'><img src=http:\/\/extra.inmontanis.info\/d\/69643-3\/DSC06381.jpg \/><\/a><br \/>\n^ <\/p>\n<p><a href='http:\/\/extra.inmontanis.info\/d\/69648-3\/DSC06383.jpg'><img src=http:\/\/extra.inmontanis.info\/d\/69647-3\/DSC06383.jpg \/><\/a><br \/>\n^ Neben dem unteren Hang (die Stra\u00dfe geht allerdings auf beiden Seiten bergab, war also wohl eher keine Umfahrung)<\/p>\n<p><a href='http:\/\/extra.inmontanis.info\/d\/69652-3\/DSC06384.jpg'><img src=http:\/\/extra.inmontanis.info\/d\/69651-4\/DSC06384.jpg \/><\/a><br \/>\n^ Unterer Teil, der Lift begann aber nicht auf der freien Fl\u00e4che &#8230;<\/p>\n<p><a href='http:\/\/extra.inmontanis.info\/d\/69656-3\/DSC06386.jpg'><img src=http:\/\/extra.inmontanis.info\/d\/69655-4\/DSC06386.jpg \/><\/a><br \/>\n^ .. sondern auf dem vorhin schon gegangenen Weg, hier rechts.<\/p>\n<p><a href='http:\/\/extra.inmontanis.info\/d\/69660-3\/DSC06387.jpg'><img src=http:\/\/extra.inmontanis.info\/d\/69659-3\/DSC06387.jpg \/><\/a><br \/>\n^ Ex-Talstation Sektion 1<\/p>\n<p><a href='http:\/\/extra.inmontanis.info\/d\/69664-2\/DSC06388.jpg'><img src=http:\/\/extra.inmontanis.info\/d\/69663-3\/DSC06388.jpg \/><\/a><br \/>\n^ .. und auf den Pfl\u00f6cken irgendein Haus neben der Talstation<\/p>\n<p><a href='http:\/\/extra.inmontanis.info\/d\/69668-2\/DSC06389.jpg'><img src=http:\/\/extra.inmontanis.info\/d\/69667-3\/DSC06389.jpg \/><\/a><br \/>\n^ Trasse<\/p>\n<p><a href='http:\/\/extra.inmontanis.info\/d\/69672-2\/DSC06390.jpg'><img src=http:\/\/extra.inmontanis.info\/d\/69671-3\/DSC06390.jpg \/><\/a><br \/>\n^ Ein anderes Schild ist schon fast  vom Boden verschluckt<\/p>\n<p><a href='http:\/\/extra.inmontanis.info\/d\/69676-2\/DSC06391.jpg'><img src=http:\/\/extra.inmontanis.info\/d\/69675-3\/DSC06391.jpg \/><\/a><br \/>\n^ Und vmtl. eine St\u00fctze liegt auch noch rum<\/p>\n<p><a href='http:\/\/extra.inmontanis.info\/d\/69680-2\/ge20210920a.jpg'><img src=http:\/\/extra.inmontanis.info\/d\/69679-3\/ge20210920a.jpg \/><\/a><br \/>\n^ GPS-Track Wanderung Ex-Skigebiet Tana bru und die vermutlichen beiden Seillifte in Magenta und Rot<\/p>\n<p>Da ich nicht wei\u00df, wie lang ich bis zum n\u00e4chsten Ort mit Supermarkt fahren w\u00fcrde, kaufte ich etwas mehr ein. Und weil ich noch paar von den fertigen Kartoffeln hatte, wollte ich mich endlich mal an \u00c4lplermagronen machen, halt mit dem falschen K\u00e4se und statt Apfelmus gibt&#8217;s Apfelw\u00fcrfel, also mal einen Apfel gekauft. Bergk\u00e4se hatte ich eh gerade offen und der Ridder-K\u00e4se aus NO ist fast noch w\u00fcrziger. R\u00f6stzwiebel noch dazu und hoffentlich die richtige Art Sahne gekauft (Google Translate meinte, das sei &#8220;Walcreme&#8221;, war aber wohl doch Kuhmilchsahne), kleinste Packung war 300ml, aber immerhin wiederverschlie\u00dfbar, dann werd ich das halt 2 Tage hintereinander kochen m\u00fcssen.<\/p>\n<p>Ganz so stark stink ich wohl noch nicht, so nah wie mir manche Leute im Supermarkt auf die Pelle r\u00fccken. Dennoch h\u00e4tte ich heute duschen wollen, denn nicht nur, dass ich der Meinung war, fr\u00fcher \u00f6fters mal eine Tankstelle mit Dusche in Norwegen gesehen zu haben, war ich mir hier in Tana bru ganz sicher. Die besagte Tankstelle sah schon mal neu aus von au\u00dfen und so war es dann auch. Kein Aufgang mehr in den oberen Stock des Gesch\u00e4fts, das glaub ich Angler- und Motorradzeug verkauft hat und wo es WC und Dusche gab. Stattdessen neu gebaut und nur noch das \u00fcbliche Tankstellenzeug samt WC im Erdgeschoss ohne Dusche. Anscheinend m\u00fcssen sich LKW-Fahrer heutzutage auch seltener duschen als fr\u00fcher&#8230;<\/p>\n<p><a href='http:\/\/extra.inmontanis.info\/d\/69684-2\/DSC06394.jpg'><img src=http:\/\/extra.inmontanis.info\/d\/69683-3\/DSC06394.jpg \/><\/a><br \/>\n^ Tana Br\u00fccke, wurde irgendwann die letzten Jahre mal neu gebaut, wei\u00df nicht, ob ich die neue schon gefahren bin, glaub nicht.<\/p>\n<p>Am neuen Rastplatz hinter der neuen Br\u00fccke kam gerade die Reinigungsfirma, also musste ich etwas abwarten, bis ich mir  wenigstens mal wieder die Haare waschen konnte, weil es hier Wasser gibt. Nebendran, direkt neben der Br\u00fccke, gab es noch einen Platz, der l\u00e4rmtechnisch nachts wohl fraglich w\u00e4re, aber falls es Nordlichter gibt, vmtl. genialst ist. Ich stand zwar leicht schr\u00e4g nach r\u00fcckw\u00e4rts, was aber gerade noch durch mein schr\u00e4ges Bett ausgeglichen wird &#8211; der &#8220;Tram-Test&#8221; hatte das bewiesen ;)<\/p>\n<p><a href='http:\/\/extra.inmontanis.info\/d\/69688-2\/DSC06398.jpg'><img src=http:\/\/extra.inmontanis.info\/d\/69687-3\/DSC06398.jpg \/><\/a><br \/>\n^ Neue Tana Br\u00fccke<\/p>\n<p><a href='http:\/\/extra.inmontanis.info\/d\/69692-2\/DSC06402.jpg'><img src=http:\/\/extra.inmontanis.info\/d\/69691-3\/DSC06402.jpg \/><\/a><br \/>\n^ Tana mit Br\u00fccke<\/p>\n<p>Bevor mir jemand den Platz wegschnappt, fuhr ich gleich r\u00fcber. Dann werd ich morgen Vormittag dr\u00fcben am Rastplatz bleiben (und erst dann die Haare waschen + Wasser auff\u00fcllen).<\/p>\n<p>Die \u00c4lpler waren gar nicht mal so schlecht &#8211; bissl zu wenig K\u00e4se bzw. selbiger zu wenig w\u00fcrzig, aber sonst, da hatte ich in der Schweiz schon schlechtere. Allerdings fast etwas zu viel.<\/p>\n<p>Geiles Farbenspiel sp\u00e4ter an der Br\u00fccke (die Farben an den 2 Masten wechselten und bewegten sich zuf\u00e4llig und \u00e4hnlich wie Nordlichter, in den Farben Blau, T\u00fcrkis, Gr\u00fcn und Lila. Die Nordlichtaktivit\u00e4t blieb leider gering bzw. die Br\u00fccke ist zu hell beleuchtet, aber auf der Cam hat man ein bisschen was gesehen.<\/p>\n<p><a href='http:\/\/extra.inmontanis.info\/d\/69696-2\/DSC06405.jpg'><img src=http:\/\/extra.inmontanis.info\/d\/69695-3\/DSC06405.jpg \/><\/a><br \/>\n^ Logenplatz f\u00fcr heut Nacht<\/p>\n<p><a href='http:\/\/extra.inmontanis.info\/d\/69700-2\/DSC06408.jpg'><img src=http:\/\/extra.inmontanis.info\/d\/69699-3\/DSC06408.jpg \/><\/a><br \/>\n^ Niedrige Fahrzeuge k\u00f6nnten auch unter der Br\u00fccke durchfahren<\/p>\n<p><a href='http:\/\/extra.inmontanis.info\/d\/69704-2\/DSC06409.jpg'><img src=http:\/\/extra.inmontanis.info\/d\/69703-3\/DSC06409.jpg \/><\/a><br \/>\n^ .. g\u00e4be hier auch noch einen Platz<\/p>\n<p><a href='http:\/\/extra.inmontanis.info\/d\/69708-2\/DSC06416.jpg'><img src=http:\/\/extra.inmontanis.info\/d\/69707-3\/DSC06416.jpg \/><\/a><br \/>\n^ 17:31 Uhr, Sonnenuntergang<\/p>\n<p><a href='http:\/\/extra.inmontanis.info\/d\/69712-2\/DSC06422.jpg'><img src=http:\/\/extra.inmontanis.info\/d\/69711-3\/DSC06422.jpg \/><\/a><br \/>\n^ Zeit, sich endlich mal \u00c4lplermagronen zu machen. Mangels Apfelmus wird ein halber Apfel eben gew\u00fcrfelt in die Nudeln gegeben. Die zweite H\u00e4lfte kam dann morgen rein. So konnte ich auch endlich mal den vor einigen Monaten in einem schwedischen Dollarstore gekauften einfachen (Kartoffel-) Sch\u00e4ler benutzen.<\/p>\n<p><a href='http:\/\/extra.inmontanis.info\/d\/69716-2\/DSC06423.jpg'><img src=http:\/\/extra.inmontanis.info\/d\/69715-3\/DSC06423.jpg \/><\/a><br \/>\n^ Abendd\u00e4mmerung (17:49)<\/p>\n<p><a href='http:\/\/extra.inmontanis.info\/d\/69720-2\/DSC06425.jpg'><img src=http:\/\/extra.inmontanis.info\/d\/69719-3\/DSC06425.jpg \/><\/a><br \/>\n^ \u00c4lplermagronen, hab ich in der Schweiz schon schlechtere gegessen. Am n\u00e4chsten Tag waren sie sogar noch etwas besser.<\/p>\n<p><a href='http:\/\/extra.inmontanis.info\/d\/69724-2\/DSC06435.jpg'><img src=http:\/\/extra.inmontanis.info\/d\/69723-3\/DSC06435.jpg \/><\/a><br \/>\n^ 19:10 Uhr, mittlerweile mit Beleuchtung<\/p>\n<p><a href='http:\/\/extra.inmontanis.info\/d\/69728-2\/DSC06440.jpg'><img src=http:\/\/extra.inmontanis.info\/d\/69727-3\/DSC06440.jpg \/><\/a><br \/>\n^ 19:25 Uhr<\/p>\n<p><a href='http:\/\/extra.inmontanis.info\/d\/69732-2\/DSC06450.jpg'><img src=http:\/\/extra.inmontanis.info\/d\/69731-3\/DSC06450.jpg \/><\/a><br \/>\n^ Lila und T\u00fcrkis gefiel mir nat\u00fcrlich am besten.  (19:40)<\/p>\n<p><a href='http:\/\/extra.inmontanis.info\/d\/69736-2\/DSC06463.jpg'><img src=http:\/\/extra.inmontanis.info\/d\/69735-3\/DSC06463.jpg \/><\/a><br \/>\n^ Man beachte die unterschiedlichen Farben auch an den Seilen (20:53 Uhr)<\/p>\n<p><a href='http:\/\/extra.inmontanis.info\/d\/69740-2\/DSC06494.jpg'><img src=http:\/\/extra.inmontanis.info\/d\/69739-3\/DSC06494.jpg \/><\/a><br \/>\n^ 21:38 Uhr<\/p>\n<p><a href='http:\/\/extra.inmontanis.info\/d\/69744-2\/DSC06498.jpg'><img src=http:\/\/extra.inmontanis.info\/d\/69743-3\/DSC06498.jpg \/><\/a><br \/>\n^ 21:38 Uhr<\/p>\n<p><a href='http:\/\/extra.inmontanis.info\/d\/69748-2\/DSC06508.jpg'><img src=http:\/\/extra.inmontanis.info\/d\/69747-3\/DSC06508.jpg \/><\/a><br \/>\n^ 21:58 Uhr (1sec)<\/p>\n<p><a href='http:\/\/extra.inmontanis.info\/d\/69752-2\/DSC06520.jpg'><img src=http:\/\/extra.inmontanis.info\/d\/69751-3\/DSC06520.jpg \/><\/a><br \/>\n^ 22:06 Uhr, der Himmel wird gr\u00fcn &#8211; Nordlichter &#8211; aber die Br\u00fccke ist etwas zu hell<\/p>\n<p><a href='http:\/\/extra.inmontanis.info\/d\/69756-2\/DSC06523.jpg'><img src=http:\/\/extra.inmontanis.info\/d\/69755-3\/DSC06523.jpg \/><\/a><br \/>\n^ 22:22 Uhr, Nordlichter jetzt sichtbarer (1sec)<\/p>\n<p><a href='http:\/\/extra.inmontanis.info\/d\/69760-2\/DSC06530.jpg'><img src=http:\/\/extra.inmontanis.info\/d\/69759-3\/DSC06530.jpg \/><\/a><br \/>\n^ 22:25 Uhr (2sec)<\/p>\n<p><a href='http:\/\/extra.inmontanis.info\/d\/69764-2\/DSC06550.jpg'><img src=http:\/\/extra.inmontanis.info\/d\/69763-3\/DSC06550.jpg \/><\/a><br \/>\n^ 22:45 Uhr (2sec)<\/p>\n<p><a href='http:\/\/extra.inmontanis.info\/d\/69768-2\/DSC06557.jpg'><img src=http:\/\/extra.inmontanis.info\/d\/69767-3\/DSC06557.jpg \/><\/a><br \/>\n^ 22:49 Uhr (1,3sec)<\/p>\n<p><a href='http:\/\/extra.inmontanis.info\/d\/69772-2\/DSC06563.jpg'><img src=http:\/\/extra.inmontanis.info\/d\/69771-3\/DSC06563.jpg \/><\/a><br \/>\n^ 22:52 Uhr (2sec)<\/p>\n","protected":false},"excerpt":{"rendered":"<p>20.9.2021<\/p>\n<p>Heute recht sonnig. Auf der Suche nach einer Wanderung in Tana bru steht doch da tats\u00e4chlich: &#8220;Man f\u00f8lger lysl\u00f8ypa til man kommer til det gamle alpintbakken&#8221;<\/p>\n<p>Was?? Es gab hier mal ein Skigebiet?? Na umso wichtiger, dass ich da raufgeh :)<\/p>\n<p>Waren dann ca. 3km, 125hm, 1,5h.<\/p>\n<p> ^ Tana bru vom alten, westseitigen <a href=\"http:\/\/blog.inmontanis.info\/?p=7082\">[&#8230;]<\/a><\/p>\n","protected":false},"author":1,"featured_media":7086,"comment_status":"closed","ping_status":"closed","sticky":false,"template":"","format":"standard","meta":{"footnotes":""},"categories":[185,18,32,30],"tags":[51,100,96,45,47],"class_list":["post-7082","post","type-post","status-publish","format-standard","has-post-thumbnail","hentry","category-2021-08-skandinavien","category-norwegennorway","category-lostplaces","category-wandern","tag-architektur","tag-langzeitbelichtung","tag-polarlicht","tag-see","tag-sl","odd"],"_links":{"self":[{"href":"http:\/\/blog.inmontanis.info\/index.php?rest_route=\/wp\/v2\/posts\/7082","targetHints":{"allow":["GET"]}}],"collection":[{"href":"http:\/\/blog.inmontanis.info\/index.php?rest_route=\/wp\/v2\/posts"}],"about":[{"href":"http:\/\/blog.inmontanis.info\/index.php?rest_route=\/wp\/v2\/types\/post"}],"author":[{"embeddable":true,"href":"http:\/\/blog.inmontanis.info\/index.php?rest_route=\/wp\/v2\/users\/1"}],"replies":[{"embeddable":true,"href":"http:\/\/blog.inmontanis.info\/index.php?rest_route=%2Fwp%2Fv2%2Fcomments&post=7082"}],"version-history":[{"count":4,"href":"http:\/\/blog.inmontanis.info\/index.php?rest_route=\/wp\/v2\/posts\/7082\/revisions"}],"predecessor-version":[{"id":7087,"href":"http:\/\/blog.inmontanis.info\/index.php?rest_route=\/wp\/v2\/posts\/7082\/revisions\/7087"}],"wp:featuredmedia":[{"embeddable":true,"href":"http:\/\/blog.inmontanis.info\/index.php?rest_route=\/wp\/v2\/media\/7086"}],"wp:attachment":[{"href":"http:\/\/blog.inmontanis.info\/index.php?rest_route=%2Fwp%2Fv2%2Fmedia&parent=7082"}],"wp:term":[{"taxonomy":"category","embeddable":true,"href":"http:\/\/blog.inmontanis.info\/index.php?rest_route=%2Fwp%2Fv2%2Fcategories&post=7082"},{"taxonomy":"post_tag","embeddable":true,"href":"http:\/\/blog.inmontanis.info\/index.php?rest_route=%2Fwp%2Fv2%2Ftags&post=7082"}],"curies":[{"name":"wp","href":"https:\/\/api.w.org\/{rel}","templated":true}]}}