{"id":7077,"date":"2021-09-19T17:11:54","date_gmt":"2021-09-19T15:11:54","guid":{"rendered":"http:\/\/blog.inmontanis.info\/?p=7077"},"modified":"2021-09-22T17:19:45","modified_gmt":"2021-09-22T15:19:45","slug":"erkkeristencohkka-19-9-2021","status":"publish","type":"post","link":"http:\/\/blog.inmontanis.info\/?p=7077","title":{"rendered":"Erkkeristen\u010dohkka, 19.9.2021"},"content":{"rendered":"<p><strong>19.9.2021<\/strong><\/p>\n<p>Auch heute wieder eine Wanderung:<\/p>\n<p><a href='http:\/\/extra.inmontanis.info\/d\/69470-2\/DSC06266.jpg'><img src=http:\/\/extra.inmontanis.info\/d\/69469-3\/DSC06266.jpg \/><\/a><br \/>\n^ Wanderung Erkkeristen\u010dohkka, gleich mal der obligatorische Sumpfdurchgang am Anfang, den ich sp\u00e4ter etwas anders zur\u00fcck ging<\/p>\n<p><a href='http:\/\/extra.inmontanis.info\/d\/69474-2\/DSC06269.jpg'><img src=http:\/\/extra.inmontanis.info\/d\/69473-3\/DSC06269.jpg \/><\/a><br \/>\n^ Richtig alpin, der Steig hier.<\/p>\n<p><a href='http:\/\/extra.inmontanis.info\/d\/69478-2\/DSC06271.jpg'><img src=http:\/\/extra.inmontanis.info\/d\/69477-3\/DSC06271.jpg \/><\/a><br \/>\n^ Abwechslungsreiche Landschaft im unteren Bereich<\/p>\n<p><a href='http:\/\/extra.inmontanis.info\/d\/69482-2\/DSC06273.jpg'><img src=http:\/\/extra.inmontanis.info\/d\/69481-3\/DSC06273.jpg \/><\/a><br \/>\n^ War die Welt gestern noch einfach, ist sie heute komplizierter. Auch dicke hellrote Beeren an den Pflanzen mit roten breiten Bl\u00e4ttern (statt wie gestern immer nur blaue)<\/p>\n<p><a href='http:\/\/extra.inmontanis.info\/d\/69486-2\/DSC06276.jpg'><img src=http:\/\/extra.inmontanis.info\/d\/69485-3\/DSC06276.jpg \/><\/a><br \/>\n^ .. und die blauen Beeren sind heute an diesen bis zu ca. 1m hohen, baumartigen Dingern (die \u00e4hnlich ausschauen wie die kurzen, bodennahen, stachligen mit den schwarze Beeren&#8230;<\/p>\n<p><a href='http:\/\/extra.inmontanis.info\/d\/69490-2\/DSC06278.jpg'><img src=http:\/\/extra.inmontanis.info\/d\/69489-3\/DSC06278.jpg \/><\/a><br \/>\n^ Blick zur\u00fcck<\/p>\n<p><a href='http:\/\/extra.inmontanis.info\/d\/69494-2\/DSC06283.jpg'><img src=http:\/\/extra.inmontanis.info\/d\/69493-3\/DSC06283.jpg \/><\/a><br \/>\n^ Ein See des Wegs<\/p>\n<p><a href='http:\/\/extra.inmontanis.info\/d\/69498-2\/DSC06286.jpg'><img src=http:\/\/extra.inmontanis.info\/d\/69497-3\/DSC06286.jpg \/><\/a><br \/>\n^ Der selbige See<\/p>\n<p><a href='http:\/\/extra.inmontanis.info\/d\/69502-2\/DSC06289.jpg'><img src=http:\/\/extra.inmontanis.info\/d\/69501-3\/DSC06289.jpg \/><\/a><br \/>\n^ <\/p>\n<p><a href='http:\/\/extra.inmontanis.info\/d\/69506-2\/DSC06290.jpg'><img src=http:\/\/extra.inmontanis.info\/d\/69505-3\/DSC06290.jpg \/><\/a><br \/>\n^ Oben am Plateau gings mal wieder eine l\u00e4ngere Strecke, bis zum Gipfel rechts im Bild, der sich als Ziel herausstellte.<\/p>\n<p><a href='http:\/\/extra.inmontanis.info\/d\/69510-2\/DSC06291.jpg'><img src=http:\/\/extra.inmontanis.info\/d\/69509-3\/DSC06291.jpg \/><\/a><br \/>\n^ .. weitere Seen<\/p>\n<p><a href='http:\/\/extra.inmontanis.info\/d\/69514-2\/DSC06292.jpg'><img src=http:\/\/extra.inmontanis.info\/d\/69513-3\/DSC06292.jpg \/><\/a><br \/>\n^ Gipfel-Pano<\/p>\n<p><a href='http:\/\/extra.inmontanis.info\/d\/69518-2\/DSC06293.jpg'><img src=http:\/\/extra.inmontanis.info\/d\/69517-3\/DSC06293.jpg \/><\/a><br \/>\n^ Gipfel-Pano<\/p>\n<p><a href='http:\/\/extra.inmontanis.info\/d\/69522-2\/DSC06295.jpg'><img src=http:\/\/extra.inmontanis.info\/d\/69521-3\/DSC06295.jpg \/><\/a><br \/>\n^ Gipfel-Pano<\/p>\n<p><a href='http:\/\/extra.inmontanis.info\/d\/69526-2\/DSC06297.jpg'><img src=http:\/\/extra.inmontanis.info\/d\/69525-3\/DSC06297.jpg \/><\/a><br \/>\n^ Gipfel-Pano<\/p>\n<p><a href='http:\/\/extra.inmontanis.info\/d\/69530-2\/DSC06299.jpg'><img src=http:\/\/extra.inmontanis.info\/d\/69529-3\/DSC06299.jpg \/><\/a><br \/>\n^ Nochmals der eine See von vorhin<\/p>\n<p><a href='http:\/\/extra.inmontanis.info\/d\/69534-2\/DSC06300.jpg'><img src=http:\/\/extra.inmontanis.info\/d\/69533-3\/DSC06300.jpg \/><\/a><br \/>\n^ .. und zur\u00fcck ins Tal.<\/p>\n<p><a href='http:\/\/extra.inmontanis.info\/d\/69538-2\/ge20210919a.jpg'><img src=http:\/\/extra.inmontanis.info\/d\/69537-3\/ge20210919a.jpg \/><\/a><br \/>\n^ GPS-Track Erkkeristen\u010dohkka Wanderung, 19.9.2021<\/p>\n<p>Lt. Tracker 5,7km, ca. 210hm, knapp 2,5h <\/p>\n<p>Da ich ungern an einem einfachen Ausweiche-Rastplatz (kurz vor Tana bru) \u00fcbernachten wollte, aber auch erst morgen mein Zeug in Tana bru erledigen wollte, checkte ich die Satellitenbilder nach brauchbaren Pl\u00e4tzen. Eine Stelle direkt am Fluss h\u00e4tte ich entdeckt, aber einerseits schien mir das letzte St\u00fcck Stra\u00dfe etwas schwierig, andererseits war der Platz auch recht schr\u00e4g &#8211; selbiges galt auch f\u00fcr einen kleinen Platz dar\u00fcber. <\/p>\n<p>Blieb dann etwas sp\u00e4ter an einem gro\u00dfen Schotterplatz neben \/ minimal oberhalb der Stra\u00dfe stehen. Nat\u00fcrlich weniger sch\u00f6ne Sicht und man h\u00f6rt die Stra\u00dfe mehr als unten am Fluss, aber ruhiger als der sp\u00e4ter kommende Rastplatz. Au\u00dfer es gesellt sich heute Nacht noch ein  K\u00fchllaster dazu.<\/p>\n<p><a href='http:\/\/extra.inmontanis.info\/d\/69542-2\/DSC06302.jpg'><img src=http:\/\/extra.inmontanis.info\/d\/69541-3\/DSC06302.jpg \/><\/a><br \/>\n^ Auf der Suche nach einem Schlafplatz am Fluss<\/p>\n<p><a href='http:\/\/extra.inmontanis.info\/d\/69546-2\/DSC06303.jpg'><img src=http:\/\/extra.inmontanis.info\/d\/69545-3\/DSC06303.jpg \/><\/a><br \/>\n^ Wie schon im Fr\u00fchjahr in Schweden hab ich diese wei\u00dfen Haufen auch in Norwegen h\u00e4ufig gesehen, hat vmtl. was mit Landwirtschaft zu tun<\/p>\n<p>Der Abend verlief wolkenfrei und als ich um 21:30 Uhr mal aus dem Fenster blickte, sah ich ein paar Nordlichter.<\/p>\n<p><a href='http:\/\/extra.inmontanis.info\/d\/69450-2\/DSC06318.jpg'><img src=http:\/\/extra.inmontanis.info\/d\/69449-3\/DSC06318.jpg \/><\/a><br \/>\n^ Heute endlich mal klarer Himmel, Aussicht vom Parkplatz und Nordlichter (2 Sek.). Schaut ja aus wie arabische Schrift ;)<\/p>\n<p><a href='http:\/\/extra.inmontanis.info\/d\/69454-2\/DSC06320.jpg'><img src=http:\/\/extra.inmontanis.info\/d\/69453-3\/DSC06320.jpg \/><\/a><br \/>\n^ Polarlichter n\u00e4he Tana bru<\/p>\n<p><a href='http:\/\/extra.inmontanis.info\/d\/69458-2\/DSC06323.jpg'><img src=http:\/\/extra.inmontanis.info\/d\/69457-3\/DSC06323.jpg \/><\/a><br \/>\n^ Polarlichter n\u00e4he Tana bru (4 Sek.)<\/p>\n<p><a href='http:\/\/extra.inmontanis.info\/d\/69462-2\/DSC06325.jpg'><img src=http:\/\/extra.inmontanis.info\/d\/69461-3\/DSC06325.jpg \/><\/a><br \/>\n^ Polarlichter n\u00e4he Tana bru (4 Sek.)<\/p>\n<p><a href='http:\/\/extra.inmontanis.info\/d\/69466-2\/DSC06330.jpg'><img src=http:\/\/extra.inmontanis.info\/d\/69465-3\/DSC06330.jpg \/><\/a><br \/>\n^ Polarlichter n\u00e4he Tana bru mit der beleuchteten Br\u00fccke (die ich am n\u00e4chsten Abend fotografiert hab.)<\/p>\n","protected":false},"excerpt":{"rendered":"<p>19.9.2021<\/p>\n<p>Auch heute wieder eine Wanderung:<\/p>\n<p> ^ Wanderung Erkkeristen\u010dohkka, gleich mal der obligatorische Sumpfdurchgang am Anfang, den ich sp\u00e4ter etwas anders zur\u00fcck ging<\/p>\n<p> ^ Richtig alpin, der Steig hier.<\/p>\n<p> ^ Abwechslungsreiche Landschaft im unteren Bereich<\/p>\n<p> ^ War die Welt gestern noch einfach, ist sie heute komplizierter. Auch dicke hellrote Beeren an <a href=\"http:\/\/blog.inmontanis.info\/?p=7077\">[&#8230;]<\/a><\/p>\n","protected":false},"author":1,"featured_media":7079,"comment_status":"closed","ping_status":"closed","sticky":false,"template":"","format":"standard","meta":{"footnotes":""},"categories":[185,18,30],"tags":[100,96,45],"class_list":["post-7077","post","type-post","status-publish","format-standard","has-post-thumbnail","hentry","category-2021-08-skandinavien","category-norwegennorway","category-wandern","tag-langzeitbelichtung","tag-polarlicht","tag-see","odd"],"_links":{"self":[{"href":"http:\/\/blog.inmontanis.info\/index.php?rest_route=\/wp\/v2\/posts\/7077","targetHints":{"allow":["GET"]}}],"collection":[{"href":"http:\/\/blog.inmontanis.info\/index.php?rest_route=\/wp\/v2\/posts"}],"about":[{"href":"http:\/\/blog.inmontanis.info\/index.php?rest_route=\/wp\/v2\/types\/post"}],"author":[{"embeddable":true,"href":"http:\/\/blog.inmontanis.info\/index.php?rest_route=\/wp\/v2\/users\/1"}],"replies":[{"embeddable":true,"href":"http:\/\/blog.inmontanis.info\/index.php?rest_route=%2Fwp%2Fv2%2Fcomments&post=7077"}],"version-history":[{"count":3,"href":"http:\/\/blog.inmontanis.info\/index.php?rest_route=\/wp\/v2\/posts\/7077\/revisions"}],"predecessor-version":[{"id":7081,"href":"http:\/\/blog.inmontanis.info\/index.php?rest_route=\/wp\/v2\/posts\/7077\/revisions\/7081"}],"wp:featuredmedia":[{"embeddable":true,"href":"http:\/\/blog.inmontanis.info\/index.php?rest_route=\/wp\/v2\/media\/7079"}],"wp:attachment":[{"href":"http:\/\/blog.inmontanis.info\/index.php?rest_route=%2Fwp%2Fv2%2Fmedia&parent=7077"}],"wp:term":[{"taxonomy":"category","embeddable":true,"href":"http:\/\/blog.inmontanis.info\/index.php?rest_route=%2Fwp%2Fv2%2Fcategories&post=7077"},{"taxonomy":"post_tag","embeddable":true,"href":"http:\/\/blog.inmontanis.info\/index.php?rest_route=%2Fwp%2Fv2%2Ftags&post=7077"}],"curies":[{"name":"wp","href":"https:\/\/api.w.org\/{rel}","templated":true}]}}