{"id":7072,"date":"2021-09-18T17:38:38","date_gmt":"2021-09-18T15:38:38","guid":{"rendered":"http:\/\/blog.inmontanis.info\/?p=7072"},"modified":"2023-08-04T20:56:54","modified_gmt":"2023-08-04T18:56:54","slug":"vuottasvarri17-9-2021-haldi-karasjok-18-9-2021","status":"publish","type":"post","link":"http:\/\/blog.inmontanis.info\/?p=7072","title":{"rendered":"Vuotta\u0161v\u00e1rri,17.9.2021 + H\u00e1ldi \/ Karasjok ,18.9.2021"},"content":{"rendered":"<p><strong>17.9.2021<\/strong><\/p>\n<p>Gleich kalt und bedeckt wie die letzten Tage, mittags 5\u00b0, aber windiger. Die 86 km bis Karasjok wollte ich heute noch nicht ganz fahren, also eine kleine Wanderung eingelegt (diesmal weniger Wald) und sp\u00e4ter zu einem kleinen anderen Wanderparkplatz mit WC gefahren.<\/p>\n<p>Der Weg fing gleich steil an; lt. Tracker 3 km, knapp 1h, ca. 130-150 hm. <\/p>\n<p><a href='http:\/\/extra.inmontanis.info\/d\/69334-2\/DSC06167.jpg'><img src=http:\/\/extra.inmontanis.info\/d\/69333-3\/DSC06167.jpg \/><\/a><br \/>\n^ Gleich hinterm Parkplatz (nach dem obligatorischen Wassergraben) stieg der Weg steil an<\/p>\n<p><a href='http:\/\/extra.inmontanis.info\/d\/69338-2\/DSC06169.jpg'><img src=http:\/\/extra.inmontanis.info\/d\/69337-3\/DSC06169.jpg \/><\/a><br \/>\n^ Danach ging es flacher weiter<\/p>\n<p><a href='http:\/\/extra.inmontanis.info\/d\/69342-2\/DSC06175.jpg'><img src=http:\/\/extra.inmontanis.info\/d\/69341-3\/DSC06175.jpg \/><\/a><br \/>\n^ Vuotta\u0161v\u00e1rri &#8211; Gipfelplateau<\/p>\n<p><a href='http:\/\/extra.inmontanis.info\/d\/69346-2\/DSC06177.jpg'><img src=http:\/\/extra.inmontanis.info\/d\/69345-3\/DSC06177.jpg \/><\/a><br \/>\n^ .. etwas oberhalb des Sendemastens<\/p>\n<p><a href='http:\/\/extra.inmontanis.info\/d\/69350-2\/DSC06178.jpg'><img src=http:\/\/extra.inmontanis.info\/d\/69349-3\/DSC06178.jpg \/><\/a><br \/>\n^ Ein See<\/p>\n<p><a href='http:\/\/extra.inmontanis.info\/d\/69354-2\/DSC06180.jpg'><img src=http:\/\/extra.inmontanis.info\/d\/69353-3\/DSC06180.jpg \/><\/a><br \/>\n^ Die Stra\u00dfe<\/p>\n<p><a href='http:\/\/extra.inmontanis.info\/d\/69358-2\/DSC06181.jpg'><img src=http:\/\/extra.inmontanis.info\/d\/69357-3\/DSC06181.jpg \/><\/a><br \/>\n^ Ein weiterer See<\/p>\n<p><a href='http:\/\/extra.inmontanis.info\/d\/69362-2\/DSC06182.jpg'><img src=http:\/\/extra.inmontanis.info\/d\/69361-3\/DSC06182.jpg \/><\/a><br \/>\n^ M\u00fcll hinterm Parkplatz + ein Gerippe und abgetrennte Beine\/Hufe, war wohl mal ein Rentier<\/p>\n<p><a href='http:\/\/extra.inmontanis.info\/d\/69366-2\/ge20210917.jpg'><img src=http:\/\/extra.inmontanis.info\/d\/69365-3\/ge20210917.jpg \/><\/a><br \/>\n^ GPS-Track Vuotta\u0161v\u00e1rri<\/p>\n<p>Hab mir heute mal wieder die Einreiseregeln hier in der Umgebung angesehen:<\/p>\n<p>Nach Russland komm ich weiterhin nicht rein (Touristen nicht \u00fcber den Landweg und ich h\u00e4tte zur\u00fcck Quarant\u00e4ne). <\/p>\n<p>Seitens Norwegen werden die n\u00f6rdlichsten Regionen in Schweden und Finnland seit 13.9. wieder als Gr\u00fcn bewertet, d.h. da k\u00e4me ich auch zur\u00fcck, wenn Norwegen lt. offiziellen Websites nicht auf den gr\u00fcnen Status des Heimatlandes bestehen w\u00fcrde. Und \u00d6sterreich wird so schnell nicht wieder gr\u00fcn.<\/p>\n<p>Nach Finnland darf man wohl auch seit 1.9. generell wieder als Tourist rein und braucht maximal einen Test bei Einreise und nach ein paar Tagen; wobei dort auch steht, dass die Einreise von Nord-Norwegen und Nordschweden nach Finnland ohne Test m\u00f6glich ist &#8211; nur eben das Problem mit Norwegen zwecks gr\u00fcnem Status Heimatland, wenn das wirklich so durchexerziert werden sollte. Das w\u00e4re mir dann zu gef\u00e4hrlich, wenn ich nicht mehr rein d\u00fcrfte, nur um in Finnland bissl was einzukaufen&#8230;. Naja, so h\u00e4tte ich aber vielleicht im Winter noch eine weitere Abwechslung, k\u00f6nnte in Finnland n\u00e4mlich auch alles masken- und testfrei zu sein.<\/p>\n<p>Ich k\u00f6nnte nat\u00fcrlich auch mal die Skigebiete in Finnland diesen Winter abgrasen, in dem Fall w\u00e4re es sinnvoll, gleich im Norden zu bleiben und nicht erst wieder s\u00fcdlich innerhalb Norwegens zu fahren, sondern dann im Winter von Nord nach S\u00fcd und von S\u00fcd nach Nord und dann \u00fcber Schweden, oder falls m\u00f6glich Norwegen, wieder zur\u00fcck nach \u00d6sterreich. (Die Strecke \u00fcbers Baltikum von Finnland retour hat zuviel L\u00e4nderdurchfahrten und vmtl. zu viel unterschiedliche Corona-Richtlinien, die diesen Winter sicherlich noch relevant sein werden, also zu kompliziert und ggf. nicht m\u00f6glich.)<\/p>\n<p>Au\u00dferdem ist es fraglich, ob Finnland wirklich so lohnenswert ist, was die Skigebiete angeht  .. ist ja noch weniger alpin als Schweden .. und da wo in Finnland mal ein H\u00fcgel ist, ist auch ein Skilift, so ungef\u00e4hr ;)<\/p>\n<p>Um 23 Uhr kam noch so ein bl\u00f6der LKW, gerade, als ich mich heute &#8211; versp\u00e4tet &#8211; bettfertig machen wollte. Somit hab ich das verz\u00f6gert und erst mal abgewartet, ob er a) wieder wegf\u00e4hrt oder b) bleibt und wenn ja, ob es ein K\u00fchllaster ist &#8211; dann k\u00f6nnte ich hier n\u00e4mlich nicht schlafen und m\u00fcsste weiter fahren.. <\/p>\n<p>War aber zum Gl\u00fcck doch kein K\u00fchllaster.<\/p>\n<p><strong>18.9.2021<\/strong><\/p>\n<p>Heute standen zwei kleine Wanderungen an, H\u00e1ldi ein paar km vor Karasjok (zur Abwecshlung mal keine nassen Stellen!), und das Skigebiet in Karasjok.<\/p>\n<p>Karasjok .. h\u00f6rt sich ja an wie das russische Wort f\u00fcr &#8220;gut&#8221; ;) \u00dcbrigens, Karasjok: Minimaltemperatur -51,7\u00b0C, Maximaltemperatur +31,7\u00b0. <\/p>\n<p><a href='http:\/\/extra.inmontanis.info\/d\/69370-2\/DSC06189.jpg'><img src=http:\/\/extra.inmontanis.info\/d\/69369-3\/DSC06189.jpg \/><\/a><br \/>\n^ Uralte Br\u00fccke<\/p>\n<p><a href='http:\/\/extra.inmontanis.info\/d\/69374-2\/DSC06194.jpg'><img src=http:\/\/extra.inmontanis.info\/d\/69373-3\/DSC06194.jpg \/><\/a><br \/>\n^ H\u00e1ldi Monsterbakken, kommt im Bild nicht raus, aber sehr steil &#8211; will ich nicht runtergehen m\u00fcssen.<\/p>\n<p><a href='http:\/\/extra.inmontanis.info\/d\/69378-2\/DSC06196.jpg'><img src=http:\/\/extra.inmontanis.info\/d\/69377-3\/DSC06196.jpg \/><\/a><br \/>\n^ Links der steile Einstrich-Weg, rechts eine Alternative, die mit Plastikt\u00fcten markiert ist<\/p>\n<p><a href='http:\/\/extra.inmontanis.info\/d\/69382-2\/DSC06198.jpg'><img src=http:\/\/extra.inmontanis.info\/d\/69381-3\/DSC06198.jpg \/><\/a><br \/>\n^ Links der steile Einstrich-Weg, rechts der Zweistrich-Weg, den ich sp\u00e4ter runter ging und etwas umwegig weniger steil ist<\/p>\n<p><a href='http:\/\/extra.inmontanis.info\/d\/69386-2\/DSC06206.jpg'><img src=http:\/\/extra.inmontanis.info\/d\/69385-3\/DSC06206.jpg \/><\/a><br \/>\n^ Oben musste man ein paar Mal wieder runter und rauf gehen<\/p>\n<p><a href='http:\/\/extra.inmontanis.info\/d\/69390-2\/DSC06207.jpg'><img src=http:\/\/extra.inmontanis.info\/d\/69389-3\/DSC06207.jpg \/><\/a><br \/>\n^ Blick runter zum Fluss<\/p>\n<p><a href='http:\/\/extra.inmontanis.info\/d\/69394-2\/DSC06209.jpg'><img src=http:\/\/extra.inmontanis.info\/d\/69393-3\/DSC06209.jpg \/><\/a><br \/>\n^ Gipfel endlich<\/p>\n<p><a href='http:\/\/extra.inmontanis.info\/d\/69398-2\/DSC06210.jpg'><img src=http:\/\/extra.inmontanis.info\/d\/69397-3\/DSC06210.jpg \/><\/a><br \/>\n^ Gipfel-Pano<\/p>\n<p><a href='http:\/\/extra.inmontanis.info\/d\/69402-2\/DSC06211.jpg'><img src=http:\/\/extra.inmontanis.info\/d\/69401-3\/DSC06211.jpg \/><\/a><br \/>\n^ Gipfel-Pano<\/p>\n<p><a href='http:\/\/extra.inmontanis.info\/d\/69406-2\/DSC06214.jpg'><img src=http:\/\/extra.inmontanis.info\/d\/69405-3\/DSC06214.jpg \/><\/a><br \/>\n^ Gipfelkreuz mit samischer und norwegischer Fahne. \u00c4hnlich den Kurden haben auch die Sami\/Samen zwar eigene (mehrere) Sprachen, aber keinen eigenen Staat, sondern sind auf 4 verschiedene Staaten verteilt. Die Flagge gibts \u00fcbrigens erst seit 1986.<\/p>\n<p><a href='http:\/\/extra.inmontanis.info\/d\/69410-2\/DSC06217.jpg'><img src=http:\/\/extra.inmontanis.info\/d\/69409-3\/DSC06217.jpg \/><\/a><br \/>\n^ Am Gipfelgrat entlang<\/p>\n<p><a href='http:\/\/extra.inmontanis.info\/d\/69414-2\/ge20210918a.jpg'><img src=http:\/\/extra.inmontanis.info\/d\/69413-3\/ge20210918a.jpg \/><\/a><br \/>\n^ GPS-Track H\u00e1ldi<\/p>\n<p>Lt. Track 4 km, ca. 180-190 hm, knapp 2h.<\/p>\n<p>Die zweite Tour war anstrengender, da steiler die SL-Trasse hinauf. 1,8 km, ca. 120-130 hm, knapp 1h.<\/p>\n<p><a href='http:\/\/ski.inmontanis.info\/d\/297653-2\/DSC06223.jpg'><img src=http:\/\/ski.inmontanis.info\/d\/297651-3\/DSC06223.jpg \/><\/a><br \/>\n^ Talstation Skigebiet in Karasjok<\/p>\n<p><a href='http:\/\/ski.inmontanis.info\/d\/297657-2\/DSC06227.jpg'><img src=http:\/\/ski.inmontanis.info\/d\/297656-3\/DSC06227.jpg \/><\/a><br \/>\n^ SL-Trasse<\/p>\n<p><a href='http:\/\/ski.inmontanis.info\/d\/297661-2\/DSC06232.jpg'><img src=http:\/\/ski.inmontanis.info\/d\/297660-3\/DSC06232.jpg \/><\/a><br \/>\n^ Blick runter auf Karasjok<\/p>\n<p><a href='http:\/\/ski.inmontanis.info\/d\/297665-2\/DSC06233.jpg'><img src=http:\/\/ski.inmontanis.info\/d\/297664-3\/DSC06233.jpg \/><\/a><br \/>\n^ Bergstation, etwas unterhalb vom Antennenmasten<\/p>\n<p><a href='http:\/\/ski.inmontanis.info\/d\/297669-2\/DSC06234.jpg'><img src=http:\/\/ski.inmontanis.info\/d\/297668-3\/DSC06234.jpg \/><\/a><br \/>\n^ SL-Pano<\/p>\n<p><a href='http:\/\/ski.inmontanis.info\/d\/297673-2\/DSC06235.jpg'><img src=http:\/\/ski.inmontanis.info\/d\/297672-3\/DSC06235.jpg \/><\/a><br \/>\n^ Abfahrt<\/p>\n<p><a href='http:\/\/ski.inmontanis.info\/d\/297677-2\/DSC06236.jpg'><img src=http:\/\/ski.inmontanis.info\/d\/297676-3\/DSC06236.jpg \/><\/a><br \/>\n^ Abfahrt und Karasjok<\/p>\n<p><a href='http:\/\/ski.inmontanis.info\/d\/297681-2\/DSC06239.jpg'><img src=http:\/\/ski.inmontanis.info\/d\/297680-3\/DSC06239.jpg \/><\/a><br \/>\n^ Wie gestern: an den roten breiten Bl\u00e4ttern h\u00e4ngen blaue Beeren, an den gr\u00fcnen breiten Bl\u00e4ttern h\u00e4ngen rote Beeren und an den zackigeren gr\u00fcnen Pflanzen h\u00e4ngen schwarze Beeren.<\/p>\n<p><a href='http:\/\/ski.inmontanis.info\/d\/297685-2\/DSC06240.jpg'><img src=http:\/\/ski.inmontanis.info\/d\/297684-3\/DSC06240.jpg \/><\/a><br \/>\n^ Was man hier nicht alles im Wald findet (zwischen SL und Abfahrt)<\/p>\n<p><a href='http:\/\/ski.inmontanis.info\/d\/297689-2\/DSC06241.jpg'><img src=http:\/\/ski.inmontanis.info\/d\/297688-3\/DSC06241.jpg \/><\/a><br \/>\n^ Steilhang<\/p>\n<p><a href='http:\/\/ski.inmontanis.info\/d\/297693-2\/DSC06242.jpg'><img src=http:\/\/ski.inmontanis.info\/d\/297692-3\/DSC06242.jpg \/><\/a><br \/>\n^ Abfahrt<\/p>\n<p><a href='http:\/\/ski.inmontanis.info\/d\/297697-2\/ge20210918v.jpg'><img src=http:\/\/ski.inmontanis.info\/d\/297696-3\/ge20210918v.jpg \/><\/a><br \/>\n^ GPS-Track Wanderung Skigebiet Karasjok<\/p>\n<p>Danach Tankstelle und Supermarkt.<\/p>\n<p>Wohl mittlerweile fast alle Circle K Tanktellen haben auch Pizza, und zwar &#8220;Peppes Pizza&#8221;. Kosten um die 18-21 \u20ac glaub ich (nicht exakt geschaut) und ich frag mich, ob das die gleichen sind, die man in Superm\u00e4rkten tiefgek\u00fchlt um 5-8 \u20ac kaufen kann&#8230;<\/p>\n<p>Hinsichtlich Kartoffeln hab ich ja letztens mal bissl im Internet recherchiert, rohe Kartoffelscheiben in der Pfanne brauchen wohl eher mind. 20 Minuten zum gar werden (und sollten abgedeckt werden), was mir vmtl. tendenziell zu lang dauern bzw. zu viel Strom kosten wird, wobei man ja mal testen k\u00f6nnte, wie d\u00fcnn man sie schneiden muss, damit es schneller ginge. <\/p>\n<p>Tiefk\u00fchl-Pommes sollen im K\u00fchlschrank tendenziell auch recht schnell verwendet werden (und die Packungen sind ja meist recht gro\u00df).<\/p>\n<p>Alternative k\u00f6nnten fertig gesch\u00e4lte und gekochte Kartoffeln sein, die es manchmal im K\u00fchlregal gibt und vergleichsweise gar nicht so extrem viel teurer sind als frische Kartoffeln, also hab ich da heute eine Packung mitgenommen. Wird dann hoffentlich auch offen 3-4 Tage im K\u00fchlschrank halten.<\/p>\n<p>Dazu probierte ich heute mal Fischburger mit K\u00e4se\/Speck. Fischburger u.\u00e4. gibt&#8217;s ja in gro\u00dfer Auswahl in Norwegen. <\/p>\n<p>Leider hatte der Rema-Supermarkt hier kein WC, also noch in den Coop Prix. Der hatte zwar auch kein WC, war aber ein richtiges Kaufhaus, nicht viel, aber allerlei Zeug von Kleider \u00fcber Waschmaschinen und Baumartkartikeln zu einem St\u00e4nder mit Armbanduhren &#8211; sowas hab ich seit Ewigkeiten nicht mehr gesehen. Das war in den Kaufh\u00e4usern in N\u00fcrnberg als Kind f\u00fcr mich immer eine der Abteilungen, wo ich h\u00e4ufig geschaut hab, was es wieder f\u00fcr neue Techniken gibt. Und mir manchmal eine Taschenrechner- oder Datenbankuhr gekauft hab. Die Digital-Analoge Armbanduhr von Casio, die ich auch bei dieser Reise wieder trage, d\u00fcrfte ich auch damals in den 90ern in einem Kaufhaus gekauft haben&#8230; <\/p>\n<p>Ebenfalls im Coop fielen mir noch 2 andere Sachen in die H\u00e4nde: 8 Stk. P\u00f8lsebr\u00f8d um 4,40 NOK!? Das ist zu g\u00fcnstig, um es nicht auszuprobieren. Morgens mit Marmelade. Und: ungek\u00fchlte Gnocchi (normalerweise sieht man die eher im K\u00fchlregal), also hab ich die auch mal noch mitgenommen.<\/p>\n<p><a href='http:\/\/extra.inmontanis.info\/d\/69418-2\/DSC06246.jpg'><img src=http:\/\/extra.inmontanis.info\/d\/69417-3\/DSC06246.jpg \/><\/a><br \/>\n^ Links 8 Stk. P\u00f8lsebr\u00f8d um gesamt ca. 0,44 \u20ac und da sag noch einer, Norwegen sei teuer ;-) Die Gnocchi aus deutschen Kartoffeln wurden dagegen in Italien produziert und haben eine l\u00e4ngere Reise hinter sich.<\/p>\n<p>Auf der E6 in Richtung Tana bru leider schwierig mit brauchbaren N\u00e4chtigungspl\u00e4tzen, die Rastpl\u00e4tze taugen quasi noch weniger als auf den Stra\u00dfen der letzten Tage. Passende Wanderungen f\u00fcr mich gibt&#8217;s auch keine.<\/p>\n<p><a href='http:\/\/extra.inmontanis.info\/d\/69422-2\/DSC06248.jpg'><img src=http:\/\/extra.inmontanis.info\/d\/69421-3\/DSC06248.jpg \/><\/a><br \/>\n^ Endlich mal wieder mehr blau und gr\u00fcn auf meinen Bildern ;)<\/p>\n<p><a href='http:\/\/extra.inmontanis.info\/d\/69426-2\/DSC06250.jpg'><img src=http:\/\/extra.inmontanis.info\/d\/69425-3\/DSC06250.jpg \/><\/a><br \/>\n^ E6 Karasjok-Tana bru<\/p>\n<p><a href='http:\/\/extra.inmontanis.info\/d\/69430-2\/DSC06252.jpg'><img src=http:\/\/extra.inmontanis.info\/d\/69429-3\/DSC06252.jpg \/><\/a><br \/>\n^ Grenzfluss, auf der anderen Seite ist Finnland<\/p>\n<p><a href='http:\/\/extra.inmontanis.info\/d\/69434-2\/DSC06254.jpg'><img src=http:\/\/extra.inmontanis.info\/d\/69433-3\/DSC06254.jpg \/><\/a><br \/>\n^ E6 Karasjok-Tana bru<\/p>\n<p><a href='http:\/\/extra.inmontanis.info\/d\/69438-2\/DSC06256.jpg'><img src=http:\/\/extra.inmontanis.info\/d\/69437-3\/DSC06256.jpg \/><\/a><br \/>\n^ E6 Karasjok-Tana bru<\/p>\n<p><a href='http:\/\/extra.inmontanis.info\/d\/69442-2\/DSC06257.jpg'><img src=http:\/\/extra.inmontanis.info\/d\/69441-3\/DSC06257.jpg \/><\/a><br \/>\n^ Fischburger mit Schinken\/K\u00e4se (a\u00df heute und morgen je 2 St\u00fcck) und fertig gekochte Kartoffeln<\/p>\n<p>Die Kartoffeln w\u00fcrzte ich mit etwas Pfeffer und Tr\u00fcffelsalz, wobei letzteres schon vor 2 Jahren abgelaufen ist und im Glas verklumpend eher den Anschein hat, als w\u00fcrde sich der Tr\u00fcffel vermehren&#8230; Da die Kartoffeln eh kaum braun wurden (und ich Salzkartoffeln an sich hasse), verzichtete ich morgen auf das Salz.<\/p>\n<p>Dazu noch was von der Satay-Sauce, die ich immer noch hab, hat recht gut geschmeckt, nur nicht so wirklich nach Fisch, also \u00fcberhaupt nicht. Aber wie auch ein Cordon Bleu mit K\u00e4se-Schinken besser schmeckt als ein normales Schnitzel, so ist auch dieser Fischburger besser als einer ohne. Und dass die Kartoffeln nicht wirklich angebraten waren, war auch nicht weiter schlimm. <\/p>\n<p><a href='http:\/\/extra.inmontanis.info\/d\/69446-2\/DSC06259.jpg'><img src=http:\/\/extra.inmontanis.info\/d\/69445-3\/DSC06259.jpg \/><\/a><br \/>\n^ Naja, Bratkartoffel oder Fisch kann man das nicht nennen, aber geschmeckt hat&#8217;s trotzdem (mit der Erdnuss-Satay-Sauce)<\/p>\n<p>Durch das vorherige Aufschneiden der Burger werden sie schneller warm + das Schneiden geht leichter. Daf\u00fcr braucht man l\u00e4nger zum Umdrehen.<\/p>\n<p>Von dem Parkplatz hier ginge eine 15km Wanderung zu einem 1000m hohen Berg weg, das ist mir nat\u00fcrlich zu viel morgen, sowohl l\u00e4ngen- wie h\u00f6henmeterm\u00e4\u00dfig. WC gibt&#8217;s aber keines. Und auch keine Aussicht f\u00fcr eventuelle Nordlichtfotos.<\/p>\n","protected":false},"excerpt":{"rendered":"<p>17.9.2021<\/p>\n<p>Gleich kalt und bedeckt wie die letzten Tage, mittags 5\u00b0, aber windiger. Die 86 km bis Karasjok wollte ich heute noch nicht ganz fahren, also eine kleine Wanderung eingelegt (diesmal weniger Wald) und sp\u00e4ter zu einem kleinen anderen Wanderparkplatz mit WC gefahren.<\/p>\n<p>Der Weg fing gleich steil an; lt. Tracker 3 km, knapp 1h, <a href=\"http:\/\/blog.inmontanis.info\/?p=7072\">[&#8230;]<\/a><\/p>\n","protected":false},"author":1,"featured_media":7076,"comment_status":"closed","ping_status":"closed","sticky":false,"template":"","format":"standard","meta":{"footnotes":""},"categories":[185,597,18,30],"tags":[45,47],"class_list":["post-7072","post","type-post","status-publish","format-standard","has-post-thumbnail","hentry","category-2021-08-skandinavien","category-karasjok","category-norwegennorway","category-wandern","tag-see","tag-sl","odd"],"_links":{"self":[{"href":"http:\/\/blog.inmontanis.info\/index.php?rest_route=\/wp\/v2\/posts\/7072","targetHints":{"allow":["GET"]}}],"collection":[{"href":"http:\/\/blog.inmontanis.info\/index.php?rest_route=\/wp\/v2\/posts"}],"about":[{"href":"http:\/\/blog.inmontanis.info\/index.php?rest_route=\/wp\/v2\/types\/post"}],"author":[{"embeddable":true,"href":"http:\/\/blog.inmontanis.info\/index.php?rest_route=\/wp\/v2\/users\/1"}],"replies":[{"embeddable":true,"href":"http:\/\/blog.inmontanis.info\/index.php?rest_route=%2Fwp%2Fv2%2Fcomments&post=7072"}],"version-history":[{"count":2,"href":"http:\/\/blog.inmontanis.info\/index.php?rest_route=\/wp\/v2\/posts\/7072\/revisions"}],"predecessor-version":[{"id":7075,"href":"http:\/\/blog.inmontanis.info\/index.php?rest_route=\/wp\/v2\/posts\/7072\/revisions\/7075"}],"wp:featuredmedia":[{"embeddable":true,"href":"http:\/\/blog.inmontanis.info\/index.php?rest_route=\/wp\/v2\/media\/7076"}],"wp:attachment":[{"href":"http:\/\/blog.inmontanis.info\/index.php?rest_route=%2Fwp%2Fv2%2Fmedia&parent=7072"}],"wp:term":[{"taxonomy":"category","embeddable":true,"href":"http:\/\/blog.inmontanis.info\/index.php?rest_route=%2Fwp%2Fv2%2Fcategories&post=7072"},{"taxonomy":"post_tag","embeddable":true,"href":"http:\/\/blog.inmontanis.info\/index.php?rest_route=%2Fwp%2Fv2%2Ftags&post=7072"}],"curies":[{"name":"wp","href":"https:\/\/api.w.org\/{rel}","templated":true}]}}