{"id":7067,"date":"2021-09-16T16:24:57","date_gmt":"2021-09-16T14:24:57","guid":{"rendered":"http:\/\/blog.inmontanis.info\/?p=7067"},"modified":"2021-09-20T16:30:32","modified_gmt":"2021-09-20T14:30:32","slug":"rassegalvarri-16-9-2021","status":"publish","type":"post","link":"http:\/\/blog.inmontanis.info\/?p=7067","title":{"rendered":"R\u00e1sseg\u00e1lv\u00e1rri, 16.9.2021"},"content":{"rendered":"<p><strong>16.9.2021<\/strong><\/p>\n<p>Au\u00dfentemperatur heute fr\u00fch bescheidene 2\u00b0. Es ging wieder ein St\u00fcck nach Nordosten in Richtung Karasjok, aber nach Kautokeino zu einer diesmal etwas l\u00e4ngeren Wanderung, bei der ich momentan lange Unterhosen unter den Jeans, dicke (oder 2 Paar) Str\u00fcmpfe, M\u00fctze und Handschuhe trage, weiterhin aber mein kurzes Poloshirt und die Sommerjacke (oben schwitzt man mehr). Allerdings war es am Gipfel schon sehr windig kalt.<\/p>\n<p><a href='http:\/\/extra.inmontanis.info\/d\/69242-2\/DSC06112.jpg'><img src=http:\/\/extra.inmontanis.info\/d\/69241-3\/DSC06112.jpg \/><\/a><br \/>\n^ Heut mal eine etwas l\u00e4ngere Wanderung. Rentiere hab ich aber keine gesehen. \u00dcberhaupt kaum welche auf dieser Herbstreise bisher.<\/p>\n<p><a href='http:\/\/extra.inmontanis.info\/d\/69246-2\/DSC06113.jpg'><img src=http:\/\/extra.inmontanis.info\/d\/69245-3\/DSC06113.jpg \/><\/a><br \/>\n^ 1 Minute sp\u00e4ter schon das erste Hindernis &#8211; da ist&#8217;s mir zu nass..<\/p>\n<p><a href='http:\/\/extra.inmontanis.info\/d\/69250-2\/DSC06115.jpg'><img src=http:\/\/extra.inmontanis.info\/d\/69249-3\/DSC06115.jpg \/><\/a><br \/>\n^ na da ist&#8217;s ja noch n\u00e4sser!!<\/p>\n<p><a href='http:\/\/extra.inmontanis.info\/d\/69254-2\/DSC06117.jpg'><img src=http:\/\/extra.inmontanis.info\/d\/69253-3\/DSC06117.jpg \/><\/a><br \/>\n^ .. da geht&#8217;s.<\/p>\n<p><a href='http:\/\/extra.inmontanis.info\/d\/69258-2\/DSC06119.jpg'><img src=http:\/\/extra.inmontanis.info\/d\/69257-3\/DSC06119.jpg \/><\/a><br \/>\n^ Bei dieser Verzweigung machte ich lieber ein Richtungszeiger-Foto f\u00fcr den R\u00fcckweg&#8230;<\/p>\n<p><a href='http:\/\/extra.inmontanis.info\/d\/69262-2\/DSC06121.jpg'><img src=http:\/\/extra.inmontanis.info\/d\/69261-3\/DSC06121.jpg \/><\/a><br \/>\n^ Der Weg war abschnittsweise sehr sandig<\/p>\n<p><a href='http:\/\/extra.inmontanis.info\/d\/69266-2\/DSC06123.jpg'><img src=http:\/\/extra.inmontanis.info\/d\/69265-3\/DSC06123.jpg \/><\/a><br \/>\n^ Schild nach links<\/p>\n<p><a href='http:\/\/extra.inmontanis.info\/d\/69270-2\/DSC06125.jpg'><img src=http:\/\/extra.inmontanis.info\/d\/69269-3\/DSC06125.jpg \/><\/a><br \/>\n^ Diese feuchte Stelle konnte man am Rand links umgehen (da lag etwas Holz)<\/p>\n<p><a href='http:\/\/extra.inmontanis.info\/d\/69274-2\/DSC06126.jpg'><img src=http:\/\/extra.inmontanis.info\/d\/69273-3\/DSC06126.jpg \/><\/a><br \/>\n^ Gleich kommt eine Bank, ca. halber Weg<\/p>\n<p><a href='http:\/\/extra.inmontanis.info\/d\/69278-2\/DSC06127.jpg'><img src=http:\/\/extra.inmontanis.info\/d\/69277-3\/DSC06127.jpg \/><\/a><br \/>\n^ Ausblick von der Bank<\/p>\n<p><a href='http:\/\/extra.inmontanis.info\/d\/69282-2\/DSC06129.jpg'><img src=http:\/\/extra.inmontanis.info\/d\/69281-3\/DSC06129.jpg \/><\/a><br \/>\n^ R\u00fcckblick ein St\u00fcck weiter oben<\/p>\n<p><a href='http:\/\/extra.inmontanis.info\/d\/69286-2\/DSC06135.jpg'><img src=http:\/\/extra.inmontanis.info\/d\/69285-3\/DSC06135.jpg \/><\/a><br \/>\n^ Und irgendwann kommt dann auch der Gipfel in Sicht. Werde ich trotz Schnee raufkommen?<\/p>\n<p><a href='http:\/\/extra.inmontanis.info\/d\/69290-2\/DSC06137.jpg'><img src=http:\/\/extra.inmontanis.info\/d\/69289-3\/DSC06137.jpg \/><\/a><br \/>\n^ Da scheint wohl einer nach dem Schneefall raufgefahren zu sein.<\/p>\n<p><a href='http:\/\/extra.inmontanis.info\/d\/69294-2\/DSC06138.jpg'><img src=http:\/\/extra.inmontanis.info\/d\/69293-3\/DSC06138.jpg \/><\/a><br \/>\n^ Rechts lag weniger Schnee, also erst mal zu Radarstation<\/p>\n<p><a href='http:\/\/extra.inmontanis.info\/d\/69298-2\/DSC06141.jpg'><img src=http:\/\/extra.inmontanis.info\/d\/69297-3\/DSC06141.jpg \/><\/a><br \/>\n^ Gipfel<\/p>\n<p><a href='http:\/\/extra.inmontanis.info\/d\/69302-2\/DSC06142.jpg'><img src=http:\/\/extra.inmontanis.info\/d\/69301-3\/DSC06142.jpg \/><\/a><br \/>\n^ <\/p>\n<p><a href='http:\/\/extra.inmontanis.info\/d\/69306-2\/DSC06143.jpg'><img src=http:\/\/extra.inmontanis.info\/d\/69305-3\/DSC06143.jpg \/><\/a><br \/>\n^ <\/p>\n<p><a href='http:\/\/extra.inmontanis.info\/d\/69310-2\/DSC06148.jpg'><img src=http:\/\/extra.inmontanis.info\/d\/69309-3\/DSC06148.jpg \/><\/a><br \/>\n^ <\/p>\n<p><a href='http:\/\/extra.inmontanis.info\/d\/69314-2\/DSC06150.jpg'><img src=http:\/\/extra.inmontanis.info\/d\/69313-3\/DSC06150.jpg \/><\/a><br \/>\n^ <\/p>\n<p><a href='http:\/\/extra.inmontanis.info\/d\/69318-2\/DSC06151.jpg'><img src=http:\/\/extra.inmontanis.info\/d\/69317-3\/DSC06151.jpg \/><\/a><br \/>\n^ <\/p>\n<p><a href='http:\/\/extra.inmontanis.info\/d\/69322-2\/DSC06152.jpg'><img src=http:\/\/extra.inmontanis.info\/d\/69321-3\/DSC06152.jpg \/><\/a><br \/>\n^ <\/p>\n<p><a href='http:\/\/extra.inmontanis.info\/d\/69326-2\/ge20210916.jpg'><img src=http:\/\/extra.inmontanis.info\/d\/69325-3\/ge20210916.jpg \/><\/a><br \/>\n^ GPS-Track Wanderung R\u00e1sseg\u00e1lv\u00e1rri 16.9.2021<\/p>\n<p>12,3km, 327hm lt. Tracker (291hm Differenz), knapp 4h<\/p>\n<p><a href='http:\/\/extra.inmontanis.info\/d\/69330-2\/DSC06156.jpg'><img src=http:\/\/extra.inmontanis.info\/d\/69329-3\/DSC06156.jpg \/><\/a><br \/>\n^ Wieder unten im Tal<\/p>\n","protected":false},"excerpt":{"rendered":"<p>16.9.2021<\/p>\n<p>Au\u00dfentemperatur heute fr\u00fch bescheidene 2\u00b0. Es ging wieder ein St\u00fcck nach Nordosten in Richtung Karasjok, aber nach Kautokeino zu einer diesmal etwas l\u00e4ngeren Wanderung, bei der ich momentan lange Unterhosen unter den Jeans, dicke (oder 2 Paar) Str\u00fcmpfe, M\u00fctze und Handschuhe trage, weiterhin aber mein kurzes Poloshirt und die Sommerjacke (oben schwitzt man mehr). <a href=\"http:\/\/blog.inmontanis.info\/?p=7067\">[&#8230;]<\/a><\/p>\n","protected":false},"author":1,"featured_media":7070,"comment_status":"closed","ping_status":"closed","sticky":false,"template":"","format":"standard","meta":{"footnotes":""},"categories":[185,18,30],"tags":[],"class_list":["post-7067","post","type-post","status-publish","format-standard","has-post-thumbnail","hentry","category-2021-08-skandinavien","category-norwegennorway","category-wandern","odd"],"_links":{"self":[{"href":"http:\/\/blog.inmontanis.info\/index.php?rest_route=\/wp\/v2\/posts\/7067","targetHints":{"allow":["GET"]}}],"collection":[{"href":"http:\/\/blog.inmontanis.info\/index.php?rest_route=\/wp\/v2\/posts"}],"about":[{"href":"http:\/\/blog.inmontanis.info\/index.php?rest_route=\/wp\/v2\/types\/post"}],"author":[{"embeddable":true,"href":"http:\/\/blog.inmontanis.info\/index.php?rest_route=\/wp\/v2\/users\/1"}],"replies":[{"embeddable":true,"href":"http:\/\/blog.inmontanis.info\/index.php?rest_route=%2Fwp%2Fv2%2Fcomments&post=7067"}],"version-history":[{"count":2,"href":"http:\/\/blog.inmontanis.info\/index.php?rest_route=\/wp\/v2\/posts\/7067\/revisions"}],"predecessor-version":[{"id":7069,"href":"http:\/\/blog.inmontanis.info\/index.php?rest_route=\/wp\/v2\/posts\/7067\/revisions\/7069"}],"wp:featuredmedia":[{"embeddable":true,"href":"http:\/\/blog.inmontanis.info\/index.php?rest_route=\/wp\/v2\/media\/7070"}],"wp:attachment":[{"href":"http:\/\/blog.inmontanis.info\/index.php?rest_route=%2Fwp%2Fv2%2Fmedia&parent=7067"}],"wp:term":[{"taxonomy":"category","embeddable":true,"href":"http:\/\/blog.inmontanis.info\/index.php?rest_route=%2Fwp%2Fv2%2Fcategories&post=7067"},{"taxonomy":"post_tag","embeddable":true,"href":"http:\/\/blog.inmontanis.info\/index.php?rest_route=%2Fwp%2Fv2%2Ftags&post=7067"}],"curies":[{"name":"wp","href":"https:\/\/api.w.org\/{rel}","templated":true}]}}