{"id":7059,"date":"2021-09-14T19:03:08","date_gmt":"2021-09-14T17:03:08","guid":{"rendered":"http:\/\/blog.inmontanis.info\/?p=7059"},"modified":"2021-09-18T19:10:23","modified_gmt":"2021-09-18T17:10:23","slug":"dihkkevarri-14-9-2021-finnmarksvidda","status":"publish","type":"post","link":"http:\/\/blog.inmontanis.info\/?p=7059","title":{"rendered":"Dihkkev\u00e1rri, 14.9.2021 (Finnmarksvidda)"},"content":{"rendered":"<p><strong>13.9.2021<\/strong><\/p>\n<p>Heute also viel Regen + das letzte St\u00fcck nach Alta gefahren, bissl im Europris einkaufen und ein Pizzabakeren g\u00e4be es auch, allerdings haben die ja anscheinend alle erst ab 13 Uhr offen + es ist direkt im Zentrum (f\u00fcr einen Takeaway eher ein fraglicher Platz, da oftmals wenig Parkpl\u00e4tze und\/oder Parkgeb\u00fchren).<\/p>\n<p>Genauso war es dann auch, Parkgeb\u00fchren. Dann eben keine Pizza. Nicht weit weg w\u00e4re ein Einkaufszentrum gewesen mit einem Elektronikgesch\u00e4ft, wo ich, weil nichts im Europris war, wegen eines USB-Hubs und Stereo-Lautsprecher schauen wollte (um meinen Mono-Bluetooth-Lautsprecher evtl. zu ersetzen, je nach Preis) &#8230; auch hier Parken nur gegen Geb\u00fchr, beim Vorbeifahren sah ich den Preis am Automat, 2 \u20ac pro Stunde, nein Danke, dann kauf ich halt nix oder wo anders mal. So eilig hab ich das ja auch nicht.<\/p>\n<p>Dann halt nochmal was an der Tankstelle mitgenommen, da es die n\u00e4chsten Tage vermutlich nichts mehr geben wird au\u00dfer dem, was ich mir selbst koche. Getreu dem Motto &#8220;a hot-dog a day keeps the doctor away&#8221; &#8211; so ging das doch, oder? :)<\/p>\n<p>Saucentechnisch waren die norwegischen Tankstellen auch schon mal besser, jedenfalls was meinen Geschmack angeht: BBQ hab ich bisher noch nirgends gesehen, Glaze auch nur ca. 2x, schade, schade, schade. Ketchup, Senf, Chili-Ketchup, Hotdogmayo, Knoblauchmayo, s\u00fc\u00dfer Senf, .. das gibt es  regelm\u00e4\u00dfig bzw. h\u00e4ufiger.<\/p>\n<p>Dann halt mal wieder ein Bot-Eis mitgenommen. Sieht man auch nur noch selten, eher an Tankstelllen, weniger in Superm\u00e4rkten, wobei die Eis-Preise eh ziemlich gleich sind. Das Eis ist f\u00fcr heutige Verh\u00e4ltnisse geschmacklich wohl zu wenig fancy, wobei ich es gerade wegen seiner einzigartigen Form in Norwegen gerne mal mitnehm.<\/p>\n<p><a href='http:\/\/extra.inmontanis.info\/d\/69056-2\/DSC06007.jpg'><img src=http:\/\/extra.inmontanis.info\/d\/69055-3\/DSC06007.jpg \/><\/a><br \/>\n^ Burger-Dog und Bot-Eis<\/p>\n<p>Im Bunnpris &#8220;Gourmet&#8221; zuvor endlich mal eine wiederverschlie\u00dfbare Packung Kokosnussmilch gesehen und mal gekauft. Evtl. mal bissl was bei der Pastaso\u00dfe reinsch\u00fctten oder mal so probieren, hatte ich noch nie direkt probiert. (Nur Kokosnuss\u00f6l bisher.)<\/p>\n<p>Kranke hab ich heut auch mehr geh\u00f6rt als zuletzt, hier in Alta hatten einige gehustet und geschnieft.<\/p>\n<p>Ich fuhr noch den n\u00e4chsten Rastplatz s\u00fcdlich von Alta an (im Wald, mit 4G und Plumpsklo, Stra\u00dfe h\u00f6rbar, wenn es nicht gerade regnet und auf der anderen Stra\u00dfenseite ist wohl ein Steinbruch mit h\u00e4ufigen, lauten Schl\u00e4gen) und blieb f\u00fcr die Nacht und morgen Vormittag stehen.<\/p>\n<p>Bei Regen + nachmitt\u00e4glichen 5\u00b0 Au\u00dfentemperatur hab ich nun endlich mal mein lang\u00e4rmliges T-Shirt rausgeholt, zusammen mit den heizbaren Socken in den warmen Hausschuhen sind dann 18\u00b0 im Auto ertr\u00e4glicher (bis hin zu 15\u00b0) und man muss nicht gleich die Standheizung einschalten.<\/p>\n<p>Sp\u00e4ter, als es dunkel war, gab es irgendwann ein nerviges Dauerbrummen (das sogar zu sp\u00fcrbaren Vibrationen im Auto gef\u00fchrt hat) &#8211; ich steh eigentlich im Wald und etwas weiter weg von der gr\u00f6\u00dferen Fl\u00e4che, wo die LKWs stehen, aber am n\u00e4chsten Tag sah ich da 2 LKWs und mind. einer davon war dann wohl ein l\u00e4rmender K\u00fchllaster :(<\/p>\n<p><strong>14.9.2021<\/strong><\/p>\n<p>Ab ca. 6:30 fing dann auch der L\u00e4rm im Steinbruch wieder an &#8211; also kein sonderlich optimaler Platz hier. <\/p>\n<p>Ich hatte mir gestern eine kurze Gipfelwanderung f\u00fcr heute rausgesucht, die netterweise in ca. 40km noch vor dem n\u00e4chsten Rastplatz ist, an dem ich also die heutige Nacht verbringen k\u00f6nnte. Auf der Suche nach Wanderungen entdeckte ich die Seite ut.no, die ich in n\u00e4chster Zeit noch h\u00e4ufiger hernehmen werde.<\/p>\n<p>Dahin ging&#8217;s durch eine sch\u00f6ne Schlucht (wo es aber wohl keine Wanderungen oder kurze Aufstiege gab). Angekommen, regnete es mittags leider kurz ein paar Mal, somit sich der Start um 1h verschoben hat.<\/p>\n<p><a href='http:\/\/extra.inmontanis.info\/d\/69062-2\/DSC06014.jpg'><img src=http:\/\/extra.inmontanis.info\/d\/69060-3\/DSC06014.jpg \/><\/a><br \/>\n^ Alta-Kautokeino<\/p>\n<p><a href='http:\/\/extra.inmontanis.info\/d\/69066-2\/DSC06016.jpg'><img src=http:\/\/extra.inmontanis.info\/d\/69065-3\/DSC06016.jpg \/><\/a><br \/>\n^ Alta-Kautokeino<\/p>\n<p><a href='http:\/\/extra.inmontanis.info\/d\/69070-2\/DSC06017.jpg'><img src=http:\/\/extra.inmontanis.info\/d\/69069-3\/DSC06017.jpg \/><\/a><br \/>\n^ Alta-Kautokeino, nette Schluchtstra\u00dfe<\/p>\n<p><a href='http:\/\/extra.inmontanis.info\/d\/69074-2\/DSC06019.jpg'><img src=http:\/\/extra.inmontanis.info\/d\/69073-3\/DSC06019.jpg \/><\/a><br \/>\n^ Alta-Kautokeino<\/p>\n<p><a href='http:\/\/extra.inmontanis.info\/d\/69078-2\/DSC06020.jpg'><img src=http:\/\/extra.inmontanis.info\/d\/69077-3\/DSC06020.jpg \/><\/a><br \/>\n^ Alta-Kautokeino<\/p>\n<p><a href='http:\/\/extra.inmontanis.info\/d\/69082-2\/DSC06022.jpg'><img src=http:\/\/extra.inmontanis.info\/d\/69081-3\/DSC06022.jpg \/><\/a><br \/>\n^ Alta-Kautokeino<\/p>\n<p><a href='http:\/\/extra.inmontanis.info\/d\/69086-2\/DSC06024.jpg'><img src=http:\/\/extra.inmontanis.info\/d\/69085-3\/DSC06024.jpg \/><\/a><br \/>\n^ Alta-Kautokeino<\/p>\n<p>Die nur ca. 100hm Wanderung war durchaus lohnenswert, man hatte eine sch\u00f6ne (wenn auch kalte) Aussicht und etliche schneebedeckte Berge.<\/p>\n<p><a href='http:\/\/extra.inmontanis.info\/d\/69090-2\/DSC06028.jpg'><img src=http:\/\/extra.inmontanis.info\/d\/69089-3\/DSC06028.jpg \/><\/a><br \/>\n^ Start Wanderweg Dihkkev\u00e1rri<\/p>\n<p><a href='http:\/\/extra.inmontanis.info\/d\/69094-2\/DSC06029.jpg'><img src=http:\/\/extra.inmontanis.info\/d\/69093-3\/DSC06029.jpg \/><\/a><br \/>\n^ <\/p>\n<p><a href='http:\/\/extra.inmontanis.info\/d\/69098-2\/DSC06032.jpg'><img src=http:\/\/extra.inmontanis.info\/d\/69097-3\/DSC06032.jpg \/><\/a><br \/>\n^ farblich leider schon zu sp\u00e4t, w\u00e4re sch\u00f6ner, wenn ein Teil der B\u00e4ume noch gr\u00fcner w\u00e4re&#8230;<\/p>\n<p><a href='http:\/\/extra.inmontanis.info\/d\/69102-2\/DSC06033.jpg'><img src=http:\/\/extra.inmontanis.info\/d\/69101-3\/DSC06033.jpg \/><\/a><br \/>\n^ Dihkkev\u00e1rri-Gipfelplateau<\/p>\n<p><a href='http:\/\/extra.inmontanis.info\/d\/69106-2\/DSC06034.jpg'><img src=http:\/\/extra.inmontanis.info\/d\/69105-3\/DSC06034.jpg \/><\/a><br \/>\n^ .. mit schneebdeckten Bergen<\/p>\n<p><a href='http:\/\/extra.inmontanis.info\/d\/69110-2\/DSC06037.jpg'><img src=http:\/\/extra.inmontanis.info\/d\/69109-3\/DSC06037.jpg \/><\/a><br \/>\n^ <\/p>\n<p><a href='http:\/\/extra.inmontanis.info\/d\/69114-2\/DSC06039.jpg'><img src=http:\/\/extra.inmontanis.info\/d\/69113-3\/DSC06039.jpg \/><\/a><br \/>\n^ <\/p>\n<p><a href='http:\/\/extra.inmontanis.info\/d\/69118-2\/DSC06041.jpg'><img src=http:\/\/extra.inmontanis.info\/d\/69117-3\/DSC06041.jpg \/><\/a><br \/>\n^ <\/p>\n<p><a href='http:\/\/extra.inmontanis.info\/d\/69122-2\/DSC06043.jpg'><img src=http:\/\/extra.inmontanis.info\/d\/69121-3\/DSC06043.jpg \/><\/a><br \/>\n^ <\/p>\n<p><a href='http:\/\/extra.inmontanis.info\/d\/69126-2\/DSC06044.jpg'><img src=http:\/\/extra.inmontanis.info\/d\/69125-3\/DSC06044.jpg \/><\/a><br \/>\n^ <\/p>\n<p><a href='http:\/\/extra.inmontanis.info\/d\/69130-2\/ge20210914.jpg'><img src=http:\/\/extra.inmontanis.info\/d\/69129-3\/ge20210914.jpg \/><\/a><br \/>\n^ GPS-Track Dihkkev\u00e1rri Wanderung<\/p>\n<p>Der Rastplatz war dann leider etwas problematisch &#8211; kein vern\u00fcnftiger Platz zum stehenbleiben; kaum 4G-Empfang.. also zum n\u00e4chsten<br \/>\ngefahren, der leider auch nicht so viel besser war, aber wenigstens oben am WC gab&#8217;s etwas mehr Empfang.<\/p>\n","protected":false},"excerpt":{"rendered":"<p>13.9.2021<\/p>\n<p>Heute also viel Regen + das letzte St\u00fcck nach Alta gefahren, bissl im Europris einkaufen und ein Pizzabakeren g\u00e4be es auch, allerdings haben die ja anscheinend alle erst ab 13 Uhr offen + es ist direkt im Zentrum (f\u00fcr einen Takeaway eher ein fraglicher Platz, da oftmals wenig Parkpl\u00e4tze und\/oder Parkgeb\u00fchren).<\/p>\n<p>Genauso war es <a href=\"http:\/\/blog.inmontanis.info\/?p=7059\">[&#8230;]<\/a><\/p>\n","protected":false},"author":1,"featured_media":7061,"comment_status":"closed","ping_status":"closed","sticky":false,"template":"","format":"standard","meta":{"footnotes":""},"categories":[185,18,30],"tags":[45],"class_list":["post-7059","post","type-post","status-publish","format-standard","has-post-thumbnail","hentry","category-2021-08-skandinavien","category-norwegennorway","category-wandern","tag-see","odd"],"_links":{"self":[{"href":"http:\/\/blog.inmontanis.info\/index.php?rest_route=\/wp\/v2\/posts\/7059","targetHints":{"allow":["GET"]}}],"collection":[{"href":"http:\/\/blog.inmontanis.info\/index.php?rest_route=\/wp\/v2\/posts"}],"about":[{"href":"http:\/\/blog.inmontanis.info\/index.php?rest_route=\/wp\/v2\/types\/post"}],"author":[{"embeddable":true,"href":"http:\/\/blog.inmontanis.info\/index.php?rest_route=\/wp\/v2\/users\/1"}],"replies":[{"embeddable":true,"href":"http:\/\/blog.inmontanis.info\/index.php?rest_route=%2Fwp%2Fv2%2Fcomments&post=7059"}],"version-history":[{"count":2,"href":"http:\/\/blog.inmontanis.info\/index.php?rest_route=\/wp\/v2\/posts\/7059\/revisions"}],"predecessor-version":[{"id":7062,"href":"http:\/\/blog.inmontanis.info\/index.php?rest_route=\/wp\/v2\/posts\/7059\/revisions\/7062"}],"wp:featuredmedia":[{"embeddable":true,"href":"http:\/\/blog.inmontanis.info\/index.php?rest_route=\/wp\/v2\/media\/7061"}],"wp:attachment":[{"href":"http:\/\/blog.inmontanis.info\/index.php?rest_route=%2Fwp%2Fv2%2Fmedia&parent=7059"}],"wp:term":[{"taxonomy":"category","embeddable":true,"href":"http:\/\/blog.inmontanis.info\/index.php?rest_route=%2Fwp%2Fv2%2Fcategories&post=7059"},{"taxonomy":"post_tag","embeddable":true,"href":"http:\/\/blog.inmontanis.info\/index.php?rest_route=%2Fwp%2Fv2%2Ftags&post=7059"}],"curies":[{"name":"wp","href":"https:\/\/api.w.org\/{rel}","templated":true}]}}