{"id":7054,"date":"2021-09-12T18:45:53","date_gmt":"2021-09-12T16:45:53","guid":{"rendered":"http:\/\/blog.inmontanis.info\/?p=7054"},"modified":"2021-09-17T18:56:40","modified_gmt":"2021-09-17T16:56:40","slug":"kvaenangen-12-9-2021","status":"publish","type":"post","link":"http:\/\/blog.inmontanis.info\/?p=7054","title":{"rendered":"Kv\u00e6nangen, 12.9.2021"},"content":{"rendered":"<p><strong>12.9.2021<\/strong><\/p>\n<p>Die Nacht verlief irgendwie unruhig heute, Stra\u00dfe, K\u00e4lte und falsche Decke, keine Ahnung. Am Morgen hatte es aber auch nur 3\u00b0 drau\u00dfen, immerhin Sonnenschein. (Im Auto vorne minimal 6,8\u00b0 lt. Thermometer in der Nacht.)<\/p>\n<p>Sehr sonnig heute, aber f\u00fcr morgen Regen gemeldet und den Rest der Woche eher bedeckt. Ich werde meine Route (wie eh vorgehabt) also gegen den Uhrzeigersinn machen und ab Alta wieder landeinwarts s\u00fcdlich fahren in die in einiger Hinsicht vielleicht schwedischste bzw. finnischste Gegend Norwegens. (= weniger steile Berge, waldiger + seenreicher, wenige Ortschaften, norwegische Finnmark)<\/p>\n<p>Oben am noch nicht untertunnelten Pass am Kv\u00e6nangsfjellet war es zwar sehr positiv, blauen Himmel zu haben (ist m.E. eine der sch\u00f6nsten Panoramas, die man auf norwegischen Stra\u00dfen hat), aber die Berge links zu steil und rechts hatte ich ja schon mal eine Skitour gemacht, also wenig Lust, da nochmals zu Fu\u00df rauf zu gehen. Daf\u00fcr an den verschiedenen Rastpl\u00e4tzen halt ein paar Kurze Wege gemacht, um andere Fotoperspektiven zu finden und die Auswahl zu erschweren, welche man davon wieder l\u00f6scht oder ins Internet stellt.<\/p>\n<p><a href='http:\/\/extra.inmontanis.info\/d\/68968-2\/DSC05936.jpg'><img src=http:\/\/extra.inmontanis.info\/d\/68966-3\/DSC05936.jpg \/><\/a><br \/>\n^ E6 am Kv\u00e6nangsfjellet, zum Gl\u00fcck noch nicht untertunnelt, m.E. eine der sch\u00f6nsten Panoramastra\u00dfen Norwegens, wenn man von S\u00fcd nach Nord f\u00e4hrt und den ansonst unspektakul\u00e4ren Pass dann passiert hat.<\/p>\n<p><a href='http:\/\/extra.inmontanis.info\/d\/68972-2\/DSC05937.jpg'><img src=http:\/\/extra.inmontanis.info\/d\/68971-3\/DSC05937.jpg \/><\/a><br \/>\n^ Kv\u00e6nangsfjellet, gegen\u00fcber hab ich ja vor ein paar Jahren mal eine Skitour gemacht, daher heute keine Lust dort zu wandern<\/p>\n<p><a href='http:\/\/extra.inmontanis.info\/d\/68976-2\/DSC05941.jpg'><img src=http:\/\/extra.inmontanis.info\/d\/68975-3\/DSC05941.jpg \/><\/a><br \/>\n^ Kv\u00e6nangen<\/p>\n<p><a href='http:\/\/extra.inmontanis.info\/d\/68980-2\/DSC05942.jpg'><img src=http:\/\/extra.inmontanis.info\/d\/68979-3\/DSC05942.jpg \/><\/a><br \/>\n^ Kv\u00e6nangen, gegen\u00fcber Gletscher<\/p>\n<p><a href='http:\/\/extra.inmontanis.info\/d\/68984-2\/DSC05944.jpg'><img src=http:\/\/extra.inmontanis.info\/d\/68983-3\/DSC05944.jpg \/><\/a><br \/>\n^ Schneereste zu klein und zu weit weg<\/p>\n<p><a href='http:\/\/extra.inmontanis.info\/d\/68988-2\/DSC05948.jpg'><img src=http:\/\/extra.inmontanis.info\/d\/68987-3\/DSC05948.jpg \/><\/a><br \/>\n^ Kv\u00e6nangen, es gibt mehrere Parkpl\u00e4tze und jedes hat sein eigenes, tolles Pano auf den Fjord, insb. wenn man ein paar Pfade hinunter steigt<\/p>\n<p><a href='http:\/\/extra.inmontanis.info\/d\/68992-2\/DSC05950.jpg'><img src=http:\/\/extra.inmontanis.info\/d\/68991-3\/DSC05950.jpg \/><\/a><br \/>\n^ E6 Kv\u00e6nangsfjellet-Stra\u00dfe<\/p>\n<p><a href='http:\/\/extra.inmontanis.info\/d\/68996-2\/DSC05951.jpg'><img src=http:\/\/extra.inmontanis.info\/d\/68995-3\/DSC05951.jpg \/><\/a><br \/>\n^ Kv\u00e6nangen mit Fischzucht<\/p>\n<p><a href='http:\/\/extra.inmontanis.info\/d\/69000-2\/DSC05954.jpg'><img src=http:\/\/extra.inmontanis.info\/d\/68999-3\/DSC05954.jpg \/><\/a><br \/>\n^ Kv\u00e6nangen mit Insel<\/p>\n<p><a href='http:\/\/extra.inmontanis.info\/d\/69004-2\/DSC05957.jpg'><img src=http:\/\/extra.inmontanis.info\/d\/69003-3\/DSC05957.jpg \/><\/a><br \/>\n^ Kv\u00e6nangen<\/p>\n<p><a href='http:\/\/extra.inmontanis.info\/d\/69008-2\/DSC05963.jpg'><img src=http:\/\/extra.inmontanis.info\/d\/69007-3\/DSC05963.jpg \/><\/a><br \/>\n^ Kv\u00e6nangen mit Blick aufs offene Meer<\/p>\n<p><a href='http:\/\/extra.inmontanis.info\/d\/69012-2\/DSC05964.jpg'><img src=http:\/\/extra.inmontanis.info\/d\/69011-3\/DSC05964.jpg \/><\/a><br \/>\n^ Kv\u00e6nangen<\/p>\n<p><a href='http:\/\/extra.inmontanis.info\/d\/69016-2\/DSC05969.jpg'><img src=http:\/\/extra.inmontanis.info\/d\/69015-3\/DSC05969.jpg \/><\/a><br \/>\n^ Kv\u00e6nangen<\/p>\n<p><a href='http:\/\/extra.inmontanis.info\/d\/69020-2\/DSC05972.jpg'><img src=http:\/\/extra.inmontanis.info\/d\/69019-3\/DSC05972.jpg \/><\/a><br \/>\n^ Kv\u00e6nangen<\/p>\n<p><a href='http:\/\/extra.inmontanis.info\/d\/69024-2\/DSC05977-81.jpg'><img src=http:\/\/extra.inmontanis.info\/d\/69023-3\/DSC05977-81.jpg \/><\/a><br \/>\n^ Kv\u00e6nangen, ca. 260\u00b0 Panorama<\/p>\n<p><a href='http:\/\/extra.inmontanis.info\/d\/69028-2\/DSC05982.jpg'><img src=http:\/\/extra.inmontanis.info\/d\/69027-3\/DSC05982.jpg \/><\/a><br \/>\n^ Kv\u00e6nangen mit Insel<\/p>\n<p><a href='http:\/\/extra.inmontanis.info\/d\/69032-2\/DSC05983.jpg'><img src=http:\/\/extra.inmontanis.info\/d\/69031-3\/DSC05983.jpg \/><\/a><br \/>\n^ Kv\u00e6nangen<\/p>\n<p><a href='http:\/\/extra.inmontanis.info\/d\/69036-2\/DSC05984.jpg'><img src=http:\/\/extra.inmontanis.info\/d\/69035-3\/DSC05984.jpg \/><\/a><br \/>\n^ Kv\u00e6nangen<\/p>\n<p>Leider sind die Park- und Rastpl\u00e4tze hier oben alle direkt an der E6, so dass man, wollte man hier die Nacht verbringen, m\u00f6glichst taube Ohren haben sollte. Zudem sind einige Pl\u00e4tze auch recht schr\u00e4g, also fuhr ich zu einem anderen Platz.<\/p>\n<p><a href='http:\/\/extra.inmontanis.info\/d\/69040-2\/DSC05988.jpg'><img src=http:\/\/extra.inmontanis.info\/d\/69039-3\/DSC05988.jpg \/><\/a><br \/>\n^ Och n\u00f6, da wird jetzt wohl doch ein Tunnel gebaut :(<\/p>\n<p><a href='http:\/\/extra.inmontanis.info\/d\/69044-2\/DSC05990.jpg'><img src=http:\/\/extra.inmontanis.info\/d\/69043-3\/DSC05990.jpg \/><\/a><br \/>\n^ Kv\u00e6nangen von unten<\/p>\n<p><a href='http:\/\/extra.inmontanis.info\/d\/69048-2\/DSC05994.jpg'><img src=http:\/\/extra.inmontanis.info\/d\/69047-3\/DSC05994.jpg \/><\/a><br \/>\n^ Bunte B\u00e4ume und ein Gletscher<\/p>\n<p><a href='http:\/\/extra.inmontanis.info\/d\/69052-2\/DSC05999.jpg'><img src=http:\/\/extra.inmontanis.info\/d\/69051-3\/DSC05999.jpg \/><\/a><br \/>\n^ R\u00fcckblick von sp\u00e4ter<\/p>\n<p>Ab Mitternacht soll&#8217;s stark regnen, das sprach etwas gegen den n\u00e4chsten Platz mit der steilen, steinigen Auffahrt f\u00fcr heute Nacht, so dass ich noch zu einem anderen Platz fuhr. Der n\u00e4chste Platz war auch ziemlich exponiert und ohne l\u00e4rmsch\u00fctzenden B\u00e4ume zur Stra\u00dfe und unterhalb der stra\u00dfe (meist lauter als oberhalb?), wollte aber nicht mehr weiter fahren, da die Batterie eh schon lang wieder voll ist und es bis Alta nicht mehr weit ist.<br \/>\nNat\u00fcrlich etwas schade, den sonnigen Tag heute nicht mit einer Wanderung genutzt zu haben, aber was da so auf dem Weg war, schien mir entweder nicht lohnenswert zu sein oder zu h\u00f6henmeterintensiv und sowieso nicht an das Pano von heute Mittag ranzukommen.<\/p>\n<p><a href='http:\/\/extra.inmontanis.info\/d\/68958-2\/DSC06003.jpg'><img src=http:\/\/extra.inmontanis.info\/d\/68957-3\/DSC06003.jpg \/><\/a><br \/>\n^ Fischzucht-Arbeiten<\/p>\n<p><a href='http:\/\/extra.inmontanis.info\/d\/68962-2\/DSC06004.jpg'><img src=http:\/\/extra.inmontanis.info\/d\/68961-3\/DSC06004.jpg \/><\/a><br \/>\n^ Mein heutiger Nachtplatz<\/p>\n<p>Da sich mein Datenlimit meiner Vertrags-SIM (Magenta) f\u00fcr dieses Monat dem Ende neigt (6,8 GB von 8GB in EU verwendet), wollte ich mal schauen, ob man die Travel&#038;Surf-P\u00e4sse noch buchen kann, die ich wohl mit meinem alten Tarif von fr\u00fcher, so meine ich, noch buchen konnte. Scheint es aber f\u00fcr Vertragskunden nicht mehr zu  geben, dort nur noch teure Optionen f\u00fcr Schweiz und Welt. H\u00e4tte man eine Wertkarte von Magenta (Klax, der Name wurde noch von max.mobil \u00fcbernommen) ohne EU-Roaming, g\u00e4be es wohl Optionen f\u00fcr die EU, 4 \u20ac f\u00fcr 2,5 GB\/24h und (eher interessant) 8 \u20ac f\u00fcr 4,5 GB \/ 7 Tage, d.h. die d\u00fcrften dann vmtl. ohne Fair-Use jederzeit buchbar sein?!  Mit meinem Vertragstarif dagegen bekomm ich um 10 \u20ac nur 3 GB &#8220;bis Monatsende&#8221; und da wei\u00df ich noch nicht mal, ob die 3 GB EU-weit verwendet werden d\u00fcrfen.<\/p>\n<p>Ok, ich hab ja noch 2 andere \u00f6sterreichische Wertkarten-SIM-Karten, werd ich dort mal schauen, was aufzuladen, evtl. im Wechsel, vielleicht gilt die Fair-Use-Policy dann etwas l\u00e4nger&#8230;. (Die Tarife f\u00fcr Wertkarten in Norwegen sind leider nicht so g\u00fcnstig wie in Schweden.)<\/p>\n","protected":false},"excerpt":{"rendered":"<p>12.9.2021<\/p>\n<p>Die Nacht verlief irgendwie unruhig heute, Stra\u00dfe, K\u00e4lte und falsche Decke, keine Ahnung. Am Morgen hatte es aber auch nur 3\u00b0 drau\u00dfen, immerhin Sonnenschein. (Im Auto vorne minimal 6,8\u00b0 lt. Thermometer in der Nacht.)<\/p>\n<p>Sehr sonnig heute, aber f\u00fcr morgen Regen gemeldet und den Rest der Woche eher bedeckt. Ich werde meine Route (wie <a href=\"http:\/\/blog.inmontanis.info\/?p=7054\">[&#8230;]<\/a><\/p>\n","protected":false},"author":1,"featured_media":7057,"comment_status":"closed","ping_status":"closed","sticky":false,"template":"","format":"standard","meta":{"footnotes":""},"categories":[185,18],"tags":[37,45],"class_list":["post-7054","post","type-post","status-publish","format-standard","has-post-thumbnail","hentry","category-2021-08-skandinavien","category-norwegennorway","tag-meer","tag-see","odd"],"_links":{"self":[{"href":"http:\/\/blog.inmontanis.info\/index.php?rest_route=\/wp\/v2\/posts\/7054","targetHints":{"allow":["GET"]}}],"collection":[{"href":"http:\/\/blog.inmontanis.info\/index.php?rest_route=\/wp\/v2\/posts"}],"about":[{"href":"http:\/\/blog.inmontanis.info\/index.php?rest_route=\/wp\/v2\/types\/post"}],"author":[{"embeddable":true,"href":"http:\/\/blog.inmontanis.info\/index.php?rest_route=\/wp\/v2\/users\/1"}],"replies":[{"embeddable":true,"href":"http:\/\/blog.inmontanis.info\/index.php?rest_route=%2Fwp%2Fv2%2Fcomments&post=7054"}],"version-history":[{"count":3,"href":"http:\/\/blog.inmontanis.info\/index.php?rest_route=\/wp\/v2\/posts\/7054\/revisions"}],"predecessor-version":[{"id":7058,"href":"http:\/\/blog.inmontanis.info\/index.php?rest_route=\/wp\/v2\/posts\/7054\/revisions\/7058"}],"wp:featuredmedia":[{"embeddable":true,"href":"http:\/\/blog.inmontanis.info\/index.php?rest_route=\/wp\/v2\/media\/7057"}],"wp:attachment":[{"href":"http:\/\/blog.inmontanis.info\/index.php?rest_route=%2Fwp%2Fv2%2Fmedia&parent=7054"}],"wp:term":[{"taxonomy":"category","embeddable":true,"href":"http:\/\/blog.inmontanis.info\/index.php?rest_route=%2Fwp%2Fv2%2Fcategories&post=7054"},{"taxonomy":"post_tag","embeddable":true,"href":"http:\/\/blog.inmontanis.info\/index.php?rest_route=%2Fwp%2Fv2%2Ftags&post=7054"}],"curies":[{"name":"wp","href":"https:\/\/api.w.org\/{rel}","templated":true}]}}