{"id":7050,"date":"2021-09-11T19:15:03","date_gmt":"2021-09-11T17:15:03","guid":{"rendered":"http:\/\/blog.inmontanis.info\/?p=7050"},"modified":"2021-09-16T19:33:47","modified_gmt":"2021-09-16T17:33:47","slug":"gorsabrua-ankerlia-teil-2-11-9-2021","status":"publish","type":"post","link":"http:\/\/blog.inmontanis.info\/?p=7050","title":{"rendered":"Gorsabrua &#038; Ankerlia Teil 2, 11.9.2021"},"content":{"rendered":"<p><strong>11.9.2021<\/strong><\/p>\n<p>Fr\u00fch ging es gleich mal zur Gorsabrua-H\u00e4ngebr\u00fccke und zm ehemaligen Bergwerks-Kraftwerk, das sich gleich in der dortigen N\u00e4he befindet. 1,8 km muss man vom Parkplatz hinterlaufen.<\/p>\n<p>Die Gorsabrua ist ca. 150m hoch, was einem aber m.E. mehr vorkommt, vielleicht weil die Schlucht so schmal ist? Diese soll die tiefste Schlucht Nordeuropas sein. Die Br\u00fccke wird auch zum Strickh\u00fcpfen (norwegisch: strikkhopping), Bungee-Jumping, verwendet.<\/p>\n<p>Retour kamen mir mehrere Gruppen junger Norweger entgegen &#8211; gut m\u00f6glich, dass die heute am Samstag ein bissl strikkhopping machen werden. Dann gut, dass ich hier war, als es noch sch\u00f6n leer war.<\/p>\n<p><a href='http:\/\/extra.inmontanis.info\/d\/68726-2\/ge20210910.jpg'><img src=http:\/\/extra.inmontanis.info\/d\/68725-3\/ge20210910.jpg \/><\/a><br \/>\n^ Nochmals die Karte von gestern<br \/>\nGelb: Gorsabr\u00fccke<br \/>\nGr\u00fcn: Bergwerks-Kraftwerk<br \/>\nBlau: Vmtl. Sabetjohk Mine<\/p>\n<p><a href='http:\/\/extra.inmontanis.info\/d\/68734-2\/DSC05742.jpg'><img src=http:\/\/extra.inmontanis.info\/d\/68733-3\/DSC05742.jpg \/><\/a><br \/>\n^ Weiterer Stra\u00dfenverlauf hinauf, n\u00e4chster Halt am Parkplatz zur Gorsabrua<\/p>\n<p><a href='http:\/\/extra.inmontanis.info\/d\/68738-2\/DSC05744.jpg'><img src=http:\/\/extra.inmontanis.info\/d\/68737-3\/DSC05744.jpg \/><\/a><br \/>\n^ Plan, ich befinde mich am mittleren der 3 Parkpl\u00e4tze und da wo das K ist ist das alte Kraftwerk gewesen und nahe links daneben ist die Gorsabrua<\/p>\n<p><a href='http:\/\/extra.inmontanis.info\/d\/68742-2\/DSC05748.jpg'><img src=http:\/\/extra.inmontanis.info\/d\/68741-3\/DSC05748.jpg \/><\/a><br \/>\n^ Der Weg ist mal breiter, hier mal schm\u00e4ler, aber zum Gl\u00fcck nicht plattmodeliert<\/p>\n<p><a href='http:\/\/extra.inmontanis.info\/d\/68746-2\/DSC05749.jpg'><img src=http:\/\/extra.inmontanis.info\/d\/68745-3\/DSC05749.jpg \/><\/a><br \/>\n^ Interessanter Bewuchs mit den Schotter\/Felsabbruchfl\u00e4chen dazwischen<\/p>\n<p><a href='http:\/\/extra.inmontanis.info\/d\/68750-2\/DSC05750.jpg'><img src=http:\/\/extra.inmontanis.info\/d\/68749-3\/DSC05750.jpg \/><\/a><br \/>\n^ Wasserfall<\/p>\n<p><a href='http:\/\/extra.inmontanis.info\/d\/68754-2\/DSC05751.jpg'><img src=http:\/\/extra.inmontanis.info\/d\/68753-3\/DSC05751.jpg \/><\/a><br \/>\n^ Der Weg erinnert teilweise an eine alte Stra\u00dfe<\/p>\n<p><a href='http:\/\/extra.inmontanis.info\/d\/68758-2\/DSC05752.jpg'><img src=http:\/\/extra.inmontanis.info\/d\/68757-3\/DSC05752.jpg \/><\/a><br \/>\n^ Wasserfall im oberen Bereich<\/p>\n<p><a href='http:\/\/extra.inmontanis.info\/d\/68762-2\/DSC05754.jpg'><img src=http:\/\/extra.inmontanis.info\/d\/68761-3\/DSC05754.jpg \/><\/a><br \/>\n^ Ehemaliges Ankerlia-Bergwerks-Kraftwerk<\/p>\n<p><a href='http:\/\/extra.inmontanis.info\/d\/68766-2\/DSC05756.jpg'><img src=http:\/\/extra.inmontanis.info\/d\/68765-3\/DSC05756.jpg \/><\/a><br \/>\n^ Ehemaliges Bergwerks-Kraftwerk; der Weg wurde ab dem Abzweig von dem Weg zur Br\u00fccke schmal.<\/p>\n<p><a href='http:\/\/extra.inmontanis.info\/d\/68770-2\/DSC05761.jpg'><img src=http:\/\/extra.inmontanis.info\/d\/68769-3\/DSC05761.jpg \/><\/a><br \/>\n^ Ehemaliges Wasserrohr zur Stromgewinnung<\/p>\n<p><a href='http:\/\/extra.inmontanis.info\/d\/68774-2\/DSC05762.jpg'><img src=http:\/\/extra.inmontanis.info\/d\/68773-3\/DSC05762.jpg \/><\/a><br \/>\n^ Fluss\/Wasserfall daneben<\/p>\n<p><a href='http:\/\/extra.inmontanis.info\/d\/68778-2\/DSC05764.jpg'><img src=http:\/\/extra.inmontanis.info\/d\/68777-3\/DSC05764.jpg \/><\/a><br \/>\n^ Reste des ehemaligen Kraftwerks<\/p>\n<p><a href='http:\/\/extra.inmontanis.info\/d\/68782-2\/DSC05766.jpg'><img src=http:\/\/extra.inmontanis.info\/d\/68781-3\/DSC05766.jpg \/><\/a><br \/>\n^ <\/p>\n<p><a href='http:\/\/extra.inmontanis.info\/d\/68786-2\/DSC05767.jpg'><img src=http:\/\/extra.inmontanis.info\/d\/68785-3\/DSC05767.jpg \/><\/a><br \/>\n^ <\/p>\n<p><a href='http:\/\/extra.inmontanis.info\/d\/68790-2\/DSC05768.jpg'><img src=http:\/\/extra.inmontanis.info\/d\/68789-3\/DSC05768.jpg \/><\/a><br \/>\n^ <\/p>\n<p><a href='http:\/\/extra.inmontanis.info\/d\/68794-2\/DSC05769.jpg'><img src=http:\/\/extra.inmontanis.info\/d\/68793-3\/DSC05769.jpg \/><\/a><br \/>\n^ Ein nicht verrostetes Stahlseil<\/p>\n<p><a href='http:\/\/extra.inmontanis.info\/d\/68798-2\/DSC05771.jpg'><img src=http:\/\/extra.inmontanis.info\/d\/68797-3\/DSC05771.jpg \/><\/a><br \/>\n^ restliche verrostete Teile<\/p>\n<p><a href='http:\/\/extra.inmontanis.info\/d\/68802-2\/DSC05772.jpg'><img src=http:\/\/extra.inmontanis.info\/d\/68801-3\/DSC05772.jpg \/><\/a><br \/>\n^ .. auch hier wieder ein Stahlseil daneben<\/p>\n<p><a href='http:\/\/extra.inmontanis.info\/d\/68806-2\/DSC05773.jpg'><img src=http:\/\/extra.inmontanis.info\/d\/68805-3\/DSC05773.jpg \/><\/a><br \/>\n^ .. und auf dem Felsen dar\u00fcber ein Holzpflock (oder vielleicht ehemaliger Seilbahnmasten?)<\/p>\n<p><a href='http:\/\/extra.inmontanis.info\/d\/68810-2\/DSC05777.jpg'><img src=http:\/\/extra.inmontanis.info\/d\/68809-3\/DSC05777.jpg \/><\/a><br \/>\n^ Auf dem Weg zur Br\u00fccke liegen auch noch alte Rohrreste rum.<\/p>\n<p><a href='http:\/\/extra.inmontanis.info\/d\/68814-2\/DSC05780.jpg'><img src=http:\/\/extra.inmontanis.info\/d\/68813-3\/DSC05780.jpg \/><\/a><br \/>\n^ Blick zu den Wasserf\u00e4llen oberhalb der Br\u00fccke<\/p>\n<p><a href='http:\/\/extra.inmontanis.info\/d\/68818-2\/DSC05782.jpg'><img src=http:\/\/extra.inmontanis.info\/d\/68817-3\/DSC05782.jpg \/><\/a><br \/>\n^ Wie harmlos sich das Wasser hier schl\u00e4ngelt und dann gleich \u00fcber 150m frei in die Tiefe f\u00e4llt<\/p>\n<p><a href='http:\/\/extra.inmontanis.info\/d\/68822-2\/DSC05784.jpg'><img src=http:\/\/extra.inmontanis.info\/d\/68821-3\/DSC05784.jpg \/><\/a><br \/>\n^ Gorsabrua<\/p>\n<p><a href='http:\/\/extra.inmontanis.info\/d\/68826-2\/DSC05785.jpg'><img src=http:\/\/extra.inmontanis.info\/d\/68825-3\/DSC05785.jpg \/><\/a><br \/>\n^ Gorsabrua<\/p>\n<p><a href='http:\/\/extra.inmontanis.info\/d\/68830-2\/DSC05786.jpg'><img src=http:\/\/extra.inmontanis.info\/d\/68829-3\/DSC05786.jpg \/><\/a><br \/>\n^ Br\u00fccken-Daten<\/p>\n<p><a href='http:\/\/extra.inmontanis.info\/d\/68834-2\/DSC05788.jpg'><img src=http:\/\/extra.inmontanis.info\/d\/68833-3\/DSC05788.jpg \/><\/a><br \/>\n^ Auf der anderen Seite kann man nach rechts zu Ankerlia runter gehen.<\/p>\n<p><a href='http:\/\/extra.inmontanis.info\/d\/68838-2\/DSC05798.jpg'><img src=http:\/\/extra.inmontanis.info\/d\/68837-3\/DSC05798.jpg \/><\/a><br \/>\n^ In der Mitte der Br\u00fccke st\u00fcrzen sich hier wohl die Bungee-Seil-Springer in die enge Kluft, krass.<\/p>\n<p><a href='http:\/\/extra.inmontanis.info\/d\/68842-2\/DSC05800.jpg'><img src=http:\/\/extra.inmontanis.info\/d\/68841-3\/DSC05800.jpg \/><\/a><br \/>\n^ Wasserf\u00e4lle von der Br\u00fccke<\/p>\n<p><a href='http:\/\/extra.inmontanis.info\/d\/68846-2\/DSC05801.jpg'><img src=http:\/\/extra.inmontanis.info\/d\/68845-3\/DSC05801.jpg \/><\/a><br \/>\n^ .. und die schmale, tiefe Schlucht talausw\u00e4rts von der Br\u00fccke aus<\/p>\n<p><a href='http:\/\/extra.inmontanis.info\/d\/68850-2\/DSC05802.jpg'><img src=http:\/\/extra.inmontanis.info\/d\/68849-3\/DSC05802.jpg \/><\/a><br \/>\n^ Talausw\u00e4rts<\/p>\n<p><a href='http:\/\/extra.inmontanis.info\/d\/68854-2\/DSC05805.jpg'><img src=http:\/\/extra.inmontanis.info\/d\/68853-3\/DSC05805.jpg \/><\/a><br \/>\n^ Wasserf\u00e4lle von der Br\u00fccke<\/p>\n<p><a href='http:\/\/extra.inmontanis.info\/d\/68858-2\/DSC05810.jpg'><img src=http:\/\/extra.inmontanis.info\/d\/68857-3\/DSC05810.jpg \/><\/a><br \/>\n^ Gorsabrua von der anderen Seite<\/p>\n<p>Nach der Br\u00fccke ging es die Stra\u00dfe weiter, und die zog sich leider ewig. Der h\u00f6chste Punkt der Strasse war auf ca. 810m, etwas dahinter hatte ich keine Lust mehr, weiterzufahren, mit 15 km\/h auf der unruhig schottrigen Stra\u00dfe. K\u00f6nnte sp\u00e4ter vielleicht noch etwas h\u00f6her gewesen sein. Mein WC gab heut auch etliche D\u00fcfte von sich, entweder durch das Geschaukel der Stra\u00dfe oder durch die Luftdruckver\u00e4nderungen aufgrund des H\u00f6henunterschieds &#8211; oder beides.<\/p>\n<p><a href='http:\/\/extra.inmontanis.info\/d\/68862-2\/DSC05816.jpg'><img src=http:\/\/extra.inmontanis.info\/d\/68861-3\/DSC05816.jpg \/><\/a><br \/>\n^ Stra\u00dfe weiter hinauf zum Guolasj\u00e1vri (See)<\/p>\n<p><a href='http:\/\/extra.inmontanis.info\/d\/68866-2\/DSC05818.jpg'><img src=http:\/\/extra.inmontanis.info\/d\/68865-3\/DSC05818.jpg \/><\/a><br \/>\n^ Links von der Stra\u00dfe ein weiteres Minenrelikt, ein altes Arbeiterhaus.<\/p>\n<p><a href='http:\/\/extra.inmontanis.info\/d\/68870-2\/DSC05819.jpg'><img src=http:\/\/extra.inmontanis.info\/d\/68869-3\/DSC05819.jpg \/><\/a><br \/>\n^ &#8230; erst daheim (also im Auto) hab ich auf dem Bild hier diverse Mineneing\u00e4nge entdeckt. Velleicht ging also eine der Seilbahnen hier hin?<\/p>\n<p><a href='http:\/\/extra.inmontanis.info\/d\/68874-2\/DSC05824.jpg'><img src=http:\/\/extra.inmontanis.info\/d\/68873-3\/DSC05824.jpg \/><\/a><br \/>\n^ .. weitere Auffahrt<\/p>\n<p><a href='http:\/\/extra.inmontanis.info\/d\/68878-2\/DSC05828.jpg'><img src=http:\/\/extra.inmontanis.info\/d\/68877-3\/DSC05828.jpg \/><\/a><br \/>\n^ Der obere von den drei Parkpl\u00e4tzen (vorhin auf der Karte der unterste), was auch immer der Aushub da in Bildmitte sein soll.<\/p>\n<p><a href='http:\/\/extra.inmontanis.info\/d\/68882-2\/DSC05829.jpg'><img src=http:\/\/extra.inmontanis.info\/d\/68881-3\/DSC05829.jpg \/><\/a><br \/>\n^ .. im Tal gibts irgendeine H\u00fctte und die Schneereste sind mal wieder zu weit weg<\/p>\n<p><a href='http:\/\/extra.inmontanis.info\/d\/68886-2\/DSC05833.jpg'><img src=http:\/\/extra.inmontanis.info\/d\/68885-3\/DSC05833.jpg \/><\/a><br \/>\n^ Die Stra\u00dfe zieht sich<\/p>\n<p><a href='http:\/\/extra.inmontanis.info\/d\/68890-2\/DSC05836.jpg'><img src=http:\/\/extra.inmontanis.info\/d\/68889-3\/DSC05836.jpg \/><\/a><br \/>\n^ Vor dem Guolasj\u00e1vri (See) verzweigt die Stra\u00dfe (so kann man an beiden Seeenden landen), geradeaus scheint aber wegen Bauarbeiten gesperrt zu sein<\/p>\n<p><a href='http:\/\/extra.inmontanis.info\/d\/68894-2\/DSC05845.jpg'><img src=http:\/\/extra.inmontanis.info\/d\/68893-3\/DSC05845.jpg \/><\/a><br \/>\n^ .. also links die l\u00e4ngere Stra\u00dfe genommen, hier schon ein St\u00fcck weiter hinten und kurz bevor ich endg\u00fcltig keine Lust mehr hatte<\/p>\n<p><a href='http:\/\/extra.inmontanis.info\/d\/68898-2\/DSC05848.jpg'><img src=http:\/\/extra.inmontanis.info\/d\/68897-3\/DSC05848.jpg \/><\/a><br \/>\n^ .. aber irgendwann keine Lust mehr gehabt, bis ganz hinter zu fahren, also in einer Bucht am Rand gehalten und ein bissl rumgegangen \/ fotografiert. Guolasj\u00e1vri (See)<\/p>\n<p><a href='http:\/\/extra.inmontanis.info\/d\/68902-2\/DSC05852.jpg'><img src=http:\/\/extra.inmontanis.info\/d\/68901-3\/DSC05852.jpg \/><\/a><br \/>\n^ Die Stra\u00dfe w\u00fcrde noch weiter bis ans Ende des See gehen, und zwar scheinen links von dem schwarzen kleinen Berg auf der rechten Seite Autos zu stehen. Keine Lust mehr, noch bis dahin zu fahren. Genug gequ\u00e4lt, mich und mein Auto.<\/p>\n<p><a href='http:\/\/extra.inmontanis.info\/d\/68906-2\/DSC05855.jpg'><img src=http:\/\/extra.inmontanis.info\/d\/68905-3\/DSC05855.jpg \/><\/a><br \/>\n^ Das nervigste St\u00fcck der Stra\u00dfe, denn hier gibts beiderseits keine Ausweichm\u00f6glichkeiten und keine Sicht, ob jemand kommt<\/p>\n<p><a href='http:\/\/extra.inmontanis.info\/d\/68910-2\/DSC05857.jpg'><img src=http:\/\/extra.inmontanis.info\/d\/68909-3\/DSC05857.jpg \/><\/a><br \/>\n^ Guolasj\u00e1vri (See)<\/p>\n<p><a href='http:\/\/extra.inmontanis.info\/d\/68914-2\/DSC05859.jpg'><img src=http:\/\/extra.inmontanis.info\/d\/68913-3\/DSC05859.jpg \/><\/a><br \/>\n^ Guolasj\u00e1vri (See)<\/p>\n<p><a href='http:\/\/extra.inmontanis.info\/d\/68918-2\/DSC05862.jpg'><img src=http:\/\/extra.inmontanis.info\/d\/68917-3\/DSC05862.jpg \/><\/a><br \/>\n^ Guolasj\u00e1vri (See)<\/p>\n<p><a href='http:\/\/extra.inmontanis.info\/d\/68922-2\/DSC05863.jpg'><img src=http:\/\/extra.inmontanis.info\/d\/68921-3\/DSC05863.jpg \/><\/a><br \/>\n^ Stra\u00dfe runter, wo sich die beiden Stra\u00dfen\u00e4ste unten wieder vereinen<\/p>\n<p><a href='http:\/\/extra.inmontanis.info\/d\/68926-2\/DSC05867.jpg'><img src=http:\/\/extra.inmontanis.info\/d\/68925-3\/DSC05867.jpg \/><\/a><br \/>\n^ Schneereste, ausnahmsweise mal nah der Stra\u00dfe, aber ungeeignet zum Skifahren<\/p>\n<p><a href='http:\/\/extra.inmontanis.info\/d\/68930-2\/DSC05874.jpg'><img src=http:\/\/extra.inmontanis.info\/d\/68929-3\/DSC05874.jpg \/><\/a><br \/>\n^ Blick hinauf zu den anderen Mineneing\u00e4ngen, rechts vom Schneefeld in Bildmitte ist wohl einer der Eing\u00e4nge, zumindest ein Schuttberg<\/p>\n<p><a href='http:\/\/extra.inmontanis.info\/d\/68934-2\/DSC05878.jpg'><img src=http:\/\/extra.inmontanis.info\/d\/68933-3\/DSC05878.jpg \/><\/a><br \/>\n^ Br\u00fccke n\u00e4he Ankerlia, diese Br\u00fccke hatte ich gestern von der anderen Seite aus schon fotografiert<\/p>\n<p>Talausw\u00e4rts hielt ich am Supermarkt und kaufte ein bisschen was ein. Heute im Joker, gestern im gr\u00f6\u00dferen und doch g\u00fcnstigeren Coop gegen\u00fcber. A\u00df aber nur den halben Garnelensalat, den Rest wollte ich mal mit warmen Nudeln probieren. (War dann aber nicht so gut, zu viel Mayo, zu fettig alles.)<\/p>\n<p><a href='http:\/\/extra.inmontanis.info\/d\/68938-2\/DSC05887.jpg'><img src=http:\/\/extra.inmontanis.info\/d\/68937-3\/DSC05887.jpg \/><\/a><br \/>\n^ Mittagessen aus dem Supermarkt, die Schokocroissants gab&#8217;s nur im Zweierpack. Das zweite dann halt morgen. Zum Garnelensalat gabs Brot und einen Teil aufgehoben.<\/p>\n<p>Entgegen der Meinung meines Navi kam ich sp\u00e4ter doch noch durch einen gr\u00f6\u00dferen Ort durch mit Supermarkt und Tankstelle. Fuhr aber zum Hafen runter, weil dort WC, und bl\u00f6derweise ist das WC an der R\u00fcckseite von einem Imbiss und da roch es so gut nach Frittenfett. Also musste ich doch nochmals was mitnehmen, entschied mich diesmal f\u00fcr das &#8220;Berner&#8221;w\u00fcrstel mit Pommes um ca 7,50 \u20ac .. dann muss der restliche Garnelensalat halt bis morgen halten?!<\/p>\n<p><a href='http:\/\/extra.inmontanis.info\/d\/68942-2\/DSC05889.jpg'><img src=http:\/\/extra.inmontanis.info\/d\/68941-3\/DSC05889.jpg \/><\/a><br \/>\n^ .. und dann doch noch was richtiges gegessen, weil ich noch an einem Imbiss vorbei kam ;)<\/p>\n<p>Im Gegensatz zu den Backofenpommes der Tankstellen schmecken die fettigen Friteusenpommes nur auf den ersten Bissen leckerer, danach wirds einem irgendwann zu fettig, \u00e4hnliches Geschmacksproblem wie bei meinem letzten UK-Besuch, was Fisch&#038;Chips angeht. Komisch, dass die Pommes bei McD und BK und KFC vergleichsweise gar nicht so fettig schmecken, die liegen irgendwo zwischen Backofenfritten und diesen hier bzw. britischen Chips.<\/p>\n<p>Ein zerzauster Kr\u00e4hen-\/Rabenvogel o.\u00e4. (in Schweden+Norwegen haben die ja meist 2 Farben im Gefieder, grau+schwarz) beobachtete mich, wie ich mit dem Essen zu meinem Auto ging und wartete sehr lange neben der T\u00fcr auf ein bisschen f\u00fcr ihn&#8230; ich warf ihm irgendwann ein kleines St\u00fcck Pommes hin, was ihm zu wenig war, aber irgendwann flog er wieder weg.<\/p>\n<p>Danach fuhr ich noch ein wenig bis zu einem Rastplatz vor einem mal wieder neuen Tunnel, der diesmal einen kleinen Pass unterf\u00e4hrt. An selbigem h\u00e4tte ich sicher ruhiger geschlafen, wollte morgen Vormittag aber an dem Rastplatz sein und hatte somit keine Lust auf Umwege. Bzw. hab ich hier einen Platz ein sch\u00f6nes St\u00fcck weit weg unterhalb des Rastplatzes entdeckt. Obwohl der eigentliche Rastplatz mit den LKWs so weit weg ist, h\u00f6rte ich sogar das Brummen eines der K\u00fchllasters nachts im Auto. Die Stra\u00dfe selbst h\u00f6rt man nat\u00fcrlich auch. Irgendwann fuhr noch ein Halbstarker hier rum &#8211; das ist auch oft der Nachteil an Pl\u00e4tzen in der N\u00e4he von Ortschaften .. Hat sich so angeh\u00f6rt, als w\u00fcrde er im 1. Gang mit hoher Drehzahl ein paar mal im Kreis durch das Gras fahren &#8230; <\/p>\n<p><a href='http:\/\/extra.inmontanis.info\/d\/68946-2\/DSC05902.jpg'><img src=http:\/\/extra.inmontanis.info\/d\/68945-3\/DSC05902.jpg \/><\/a><br \/>\n^ Am Fjord entlang<\/p>\n<p><a href='http:\/\/extra.inmontanis.info\/d\/68950-2\/DSC05913.jpg'><img src=http:\/\/extra.inmontanis.info\/d\/68949-3\/DSC05913.jpg \/><\/a><br \/>\n^ Blick zum Fjord und links die Lyngenalpen von meinem heutigen Nachtplatz<\/p>\n<p><a href='http:\/\/extra.inmontanis.info\/d\/68954-2\/DSC05914.jpg'><img src=http:\/\/extra.inmontanis.info\/d\/68953-3\/DSC05914.jpg \/><\/a><\/p>\n","protected":false},"excerpt":{"rendered":"<p>11.9.2021<\/p>\n<p>Fr\u00fch ging es gleich mal zur Gorsabrua-H\u00e4ngebr\u00fccke und zm ehemaligen Bergwerks-Kraftwerk, das sich gleich in der dortigen N\u00e4he befindet. 1,8 km muss man vom Parkplatz hinterlaufen.<\/p>\n<p>Die Gorsabrua ist ca. 150m hoch, was einem aber m.E. mehr vorkommt, vielleicht weil die Schlucht so schmal ist? Diese soll die tiefste Schlucht Nordeuropas sein. Die Br\u00fccke <a href=\"http:\/\/blog.inmontanis.info\/?p=7050\">[&#8230;]<\/a><\/p>\n","protected":false},"author":1,"featured_media":7052,"comment_status":"closed","ping_status":"closed","sticky":false,"template":"","format":"standard","meta":{"footnotes":""},"categories":[185,18,32,30],"tags":[51,50,87,45,86],"class_list":["post-7050","post","type-post","status-publish","format-standard","has-post-thumbnail","hentry","category-2021-08-skandinavien","category-norwegennorway","category-lostplaces","category-wandern","tag-architektur","tag-bergbau","tag-grotteklamm","tag-see","tag-wasserfall","odd"],"_links":{"self":[{"href":"http:\/\/blog.inmontanis.info\/index.php?rest_route=\/wp\/v2\/posts\/7050","targetHints":{"allow":["GET"]}}],"collection":[{"href":"http:\/\/blog.inmontanis.info\/index.php?rest_route=\/wp\/v2\/posts"}],"about":[{"href":"http:\/\/blog.inmontanis.info\/index.php?rest_route=\/wp\/v2\/types\/post"}],"author":[{"embeddable":true,"href":"http:\/\/blog.inmontanis.info\/index.php?rest_route=\/wp\/v2\/users\/1"}],"replies":[{"embeddable":true,"href":"http:\/\/blog.inmontanis.info\/index.php?rest_route=%2Fwp%2Fv2%2Fcomments&post=7050"}],"version-history":[{"count":2,"href":"http:\/\/blog.inmontanis.info\/index.php?rest_route=\/wp\/v2\/posts\/7050\/revisions"}],"predecessor-version":[{"id":7053,"href":"http:\/\/blog.inmontanis.info\/index.php?rest_route=\/wp\/v2\/posts\/7050\/revisions\/7053"}],"wp:featuredmedia":[{"embeddable":true,"href":"http:\/\/blog.inmontanis.info\/index.php?rest_route=\/wp\/v2\/media\/7052"}],"wp:attachment":[{"href":"http:\/\/blog.inmontanis.info\/index.php?rest_route=%2Fwp%2Fv2%2Fmedia&parent=7050"}],"wp:term":[{"taxonomy":"category","embeddable":true,"href":"http:\/\/blog.inmontanis.info\/index.php?rest_route=%2Fwp%2Fv2%2Fcategories&post=7050"},{"taxonomy":"post_tag","embeddable":true,"href":"http:\/\/blog.inmontanis.info\/index.php?rest_route=%2Fwp%2Fv2%2Ftags&post=7050"}],"curies":[{"name":"wp","href":"https:\/\/api.w.org\/{rel}","templated":true}]}}