{"id":7039,"date":"2021-09-09T18:54:52","date_gmt":"2021-09-09T16:54:52","guid":{"rendered":"http:\/\/blog.inmontanis.info\/?p=7039"},"modified":"2023-08-04T19:51:13","modified_gmt":"2023-08-04T17:51:13","slug":"bognes-narvik-lyngen-7-9-9-2021","status":"publish","type":"post","link":"http:\/\/blog.inmontanis.info\/?p=7039","title":{"rendered":"Bognes-Narvik-Lyngen, 7.-9.9.2021"},"content":{"rendered":"<p><strong>7.9.2021<\/strong><\/p>\n<p>Heute Dauerregentag und morgen + \u00fcbermorgen soll es so weitergehen. Nur weiter nord\u00f6stlich w\u00e4re es besser, aber der Weg ist so weit, dass ich da bei meiner momentanen Fahrweise erst n\u00e4chste Woche dort w\u00e4re ;) (\u00fcber 600km bis nach Alta und dann wieder s\u00fcdlich nach zB Kautokeino, wo es weniger Regen geben soll die n\u00e4chsten Tage)<\/p>\n<p>Zumindestens ist so schon mal klar, dass ich nicht jetzt auf die Lofoten fahren werde &#8211; sondern auf besseres Wetter beim Runterfahren hoffe.<\/p>\n<p><a href='http:\/\/extra.inmontanis.info\/d\/68355-2\/DSC05505.jpg'><img src=http:\/\/extra.inmontanis.info\/d\/68354-3\/DSC05505.jpg \/><\/a><br \/>\n^ endlich mal vern\u00fcnftiges Essen :)<\/p>\n<p>100g Hamburger mit Bacon und Pommes bei Shell um die ca. 7,60 \u20ac oder so; die Brille um knapp 20,- \u20ac taugt hoffentlich etwas mehr.<\/p>\n<p>Wie sich dann sp\u00e4ter herausstellte, ist das Gestell der Brille halbtransparent blau. Eigentlich ja nett, aber wenns hell ist hat man dann so ein blaues Licht zwischen den Augen im Nasenbereich. Aber das Glas war braun get\u00f6nt, was mir an sich lieber als grau ist. Blaues Auto, blaue Jeans, blaue Jacke, jetzt auch noch eine blaue Brille.. <\/p>\n<p>Da die n\u00e4chsten Tage ja auch nicht weniger Regen versprachen, nahm ich heute noch die F\u00e4hre auf der E6 in Richtung Narvik. Da hat es mal ein kleines Niederschlagsp\u00e4uschen gegeben und ich blieb die Zeit \u00fcber auf dem Au\u00dfendeck (bzw. hab mich an einem Platz etwas untergestellt).<\/p>\n<p><a href='http:\/\/extra.inmontanis.info\/d\/68359-2\/DSC05509.jpg'><img src=http:\/\/extra.inmontanis.info\/d\/68358-3\/DSC05509.jpg \/><\/a><br \/>\n^ Bognes-F\u00e4hren, ich auf der E6, rechts die E10<\/p>\n<p>Als ich wenig sp\u00e4ter mein Nachtlager bezog, h\u00f6rte es auf zu regnen. War aber nat\u00fcrlich alles sehr nass. Aber gesehen h\u00e4tte man wieder etwas mehr.<\/p>\n<p><a href='http:\/\/extra.inmontanis.info\/d\/68363-2\/DSC05510_001.jpg'><img src=http:\/\/extra.inmontanis.info\/d\/68362-3\/DSC05510_001.jpg \/><\/a><br \/>\n^ Schlafplatz gegen\u00fcber einer Br\u00fccke<\/p>\n<p><a href='http:\/\/extra.inmontanis.info\/d\/68367-2\/DSC05516_001.jpg'><img src=http:\/\/extra.inmontanis.info\/d\/68366-3\/DSC05516_001.jpg \/><\/a><br \/>\n^ sehr matschig, hoffentlich komm ich da morgen wieder raus. <\/p>\n<p>(Ja, kam ich, fuhr aber vorsichtshalber r\u00fcckw\u00e4rts raus und kehrte nicht erst hier unten um.)<\/p>\n<p><strong>8.9.2021<\/strong><\/p>\n<p><a href='http:\/\/ski.inmontanis.info\/d\/297639-2\/DSC05526.jpg'><img src=http:\/\/ski.inmontanis.info\/d\/297637-3\/DSC05526.jpg \/><\/a><br \/>\n^ Skigebiet Ankenes, das s\u00fcdlich von Narvik liegt<\/p>\n<p><a href='http:\/\/ski.inmontanis.info\/d\/297643-2\/DSC05531.jpg'><img src=http:\/\/ski.inmontanis.info\/d\/297642-3\/DSC05531.jpg \/><\/a><br \/>\n^ SL Sektion 1. Es gibt oben wohl noch einen zweiten SL, sollen dann in Summe ca. 1,7km lang sein.<\/p>\n<p>Das Regenp\u00e4uschen beim besichtigen des SL w\u00e4hrte leider zu kurz und es fing wieder st\u00e4rker zu regnen an.<\/p>\n<p><a href='http:\/\/ski.inmontanis.info\/d\/297647-2\/DSC05532.jpg'><img src=http:\/\/ski.inmontanis.info\/d\/297646-3\/DSC05532.jpg \/><\/a><br \/>\n^ Wichtig: Fjord-Blick bis runter zur Talstation.<\/p>\n<p>(In Narvik bin ich an der neuen Gondelbahn nicht vorbei gefahren.)<\/p>\n<p>Was die mittlerweile fertiggestellte, neue Br\u00fccke n\u00f6rdlich von Narvik angeht, zahlt man jetzt anscheinend 90 NOK Maut, wenn man sie nimmt, und 22 NOK Maut, wenn man sie mit ca. 20+ km Umweg umf\u00e4hrt (oder von Riksgr\u00e4nsen\/Kiruna aus richtung Norden fahren will und einem die Br\u00fccke eigentlich schei\u00dfegal ist). <\/p>\n<p>Also entweder 90 NOK f\u00fcr etwas zahlen, das man benutzt, oder 22 NOK spenden f\u00fcr nix? Dann heute mal lieber die 90 NOK zahlen &#8230;<\/p>\n<p><a href='http:\/\/extra.inmontanis.info\/d\/68371-2\/DSC05536.jpg'><img src=http:\/\/extra.inmontanis.info\/d\/68370-3\/DSC05536.jpg \/><\/a><br \/>\n^ Die neue (derzeit bemautete) Br\u00fccke n\u00f6rdlich von Narvik<\/p>\n<p><a href='http:\/\/extra.inmontanis.info\/d\/68375-2\/DSC05537.jpg'><img src=http:\/\/extra.inmontanis.info\/d\/68374-3\/DSC05537.jpg \/><\/a><br \/>\n^ Die neue (derzeit bemautete) Br\u00fccke n\u00f6rdlich von Narvik<\/p>\n<p>Danach einkaufen und ge\u00e4rgert, dass s\u00e4mtlich angebotene Brote kein MHD drauf hatten. Da wei\u00df man doch gar nicht, wie lang die schon im Regal liegen? Bei den offenen mit Papierverpackung kann man ja vielleicht noch ausgehen, dass sie halbwegs frisch sind, aber bei den in Folie verschlossenen? Da hatte ich letztens schon ein ganzes Regal mit abgelaufenem Datum gehabt und mich f\u00fcr das entschieden, das den damals morgigen Tag stehen hatte.. Alternativ dann halt die Lompe(r) genommen, die d\u00fcnnen Kartoffel-Fladenbrote, die im 10er Pack sogar noch g\u00fcnstiger als Cola Light sind und in den Diskontern unter 6 NOK zu haben sind.<\/p>\n<p><a href='http:\/\/extra.inmontanis.info\/d\/68379-2\/DSC05542.jpg'><img src=http:\/\/extra.inmontanis.info\/d\/68378-3\/DSC05542.jpg \/><\/a><br \/>\n^ Erstaunlich, wie das da dr\u00fcben nach Skigebiet ausschaut &#8211; aber wohl doch keines war<\/p>\n<p><a href='http:\/\/extra.inmontanis.info\/d\/68383-2\/DSC05545.jpg'><img src=http:\/\/extra.inmontanis.info\/d\/68382-3\/DSC05545.jpg \/><\/a><br \/>\n^ Die Kebap-Pizza links war auch ohne Jalape\u00f1os leider sehr scharf. Daf\u00fcr die rechte umso langweiliger, was dann in Summe wieder halbwegs ging.<\/p>\n<p><a href='http:\/\/extra.inmontanis.info\/d\/68387-2\/DSC05548.jpg'><img src=http:\/\/extra.inmontanis.info\/d\/68386-3\/DSC05548.jpg \/><\/a><br \/>\n^ Regenbogen<\/p>\n<p><a href='http:\/\/extra.inmontanis.info\/d\/68397-2\/DSC05562.jpg'><img src=http:\/\/extra.inmontanis.info\/d\/68395-3\/DSC05562.jpg \/><\/a><br \/>\n^ Nat\u00fcrlich g\u00e4be es in den Lyngen-Alpen noch genug Schneefelder &#8211; nur kommt man halt wohl nicht mit Stra\u00dfen dort rauf<\/p>\n<p><a href='http:\/\/extra.inmontanis.info\/d\/68401-2\/DSC05571.jpg'><img src=http:\/\/extra.inmontanis.info\/d\/68400-3\/DSC05571.jpg \/><\/a><br \/>\n^ Der Gletscher rechts im Tal geht auch ganz sch\u00f6n weit runter<\/p>\n<p><a href='http:\/\/extra.inmontanis.info\/d\/68405-2\/DSC05576.jpg'><img src=http:\/\/extra.inmontanis.info\/d\/68404-3\/DSC05576.jpg \/><\/a><br \/>\n^ Lyngenfjord<\/p>\n<p><strong>9.9.2021<\/strong><\/p>\n<p>Auf dem Weg zu meinem n\u00e4chsten Rastplatz \/ Abzweig hab ich noch ein interessantes Tal in der N\u00e4he ersp\u00e4ht, wohin ich einen Abstecher machen sollte. Dort w\u00fcrde das Wetter aber heute noch regnerisch sein, soll aber morgen besser werden. <\/p>\n<p>Da es weiter auf der Strecke wohl keinen sch\u00f6neren Platz (mit darauf folgendem WC und sicherem 4G-Spot) gibt als hier .. sollte ich wohl hier blieben? Hatte nachts eigentlich ganz gut geschlafen, der hintere Parkplatz nach der Tunneleinfahrt ist ja nicht gar so nah an der E6&#8230; Sicht ist ja auch ganz nett hier und vielleicht verschwinden die Wolken bis morgen .. Immer gut, wenn man f\u00fcr 2-3 Tage Essen+Getr\u00e4nke dabei hat ..<\/p>\n<p>Schade, dass es hier nix zum wandern gibt au\u00dfer der Stra\u00dfe entlang bzw. um den Platz herum. K\u00f6nnte doch mal wieder etwas Bewegung gebrauchen.. wobei es ja eh alle Zeiten mal etwas regnet. Normalerweise hatte ich auf meinen September-Nordlicht-Touren durch Skandinavien ja schon etwas besseres Wetter&#8230;<\/p>\n<p><a href='http:\/\/extra.inmontanis.info\/d\/68409-2\/DSC05587.jpg'><img src=http:\/\/extra.inmontanis.info\/d\/68408-3\/DSC05587.jpg \/><\/a><br \/>\n^ Lyngenfjord und Regenbogen<\/p>\n<p>Der 10. und 11.9. verdient jeweils einen eigenen Bericht, aber da ich ja weiterhin am Lyngenfjord mit Blick zu den Lyngenalpen entlang kam, erg\u00e4nze ich die relevanten Bilder noch hier:<\/p>\n<p>(10.9.)<\/p>\n<p><a href='http:\/\/extra.inmontanis.info\/d\/68413-2\/DSC05591.jpg'><img src=http:\/\/extra.inmontanis.info\/d\/68412-3\/DSC05591.jpg \/><\/a><br \/>\n^ Lyngenfjord und Lyngenalpen<\/p>\n<p><a href='http:\/\/extra.inmontanis.info\/d\/68417-2\/DSC05593.jpg'><img src=http:\/\/extra.inmontanis.info\/d\/68416-3\/DSC05593.jpg \/><\/a><br \/>\n^ Verrostete Tafeln<\/p>\n<p><a href='http:\/\/extra.inmontanis.info\/d\/68421-2\/DSC05594.jpg'><img src=http:\/\/extra.inmontanis.info\/d\/68420-3\/DSC05594.jpg \/><\/a><br \/>\n^ Infotafel zu den Lyngsalpan (1834m, 140 Gletscher)<\/p>\n<p><a href='http:\/\/extra.inmontanis.info\/d\/68425-2\/DSC05595.jpg'><img src=http:\/\/extra.inmontanis.info\/d\/68424-3\/DSC05595.jpg \/><\/a><br \/>\n^ H\u00e4tte die ja gern mal auf beiden Seiten, soweit m\u00f6glich, abgefahren und hier und da vielleicht mal rein gewandert, aber bei dem momentanen Wetter lohnt sich das ja auch nicht. Vielleicht am R\u00fcckweg..<\/p>\n<p>(11.9.)<\/p>\n<p><a href='http:\/\/extra.inmontanis.info\/d\/68429-2\/DSC05888.jpg'><img src=http:\/\/extra.inmontanis.info\/d\/68428-3\/DSC05888.jpg \/><\/a><br \/>\n^ Lyngenalpen am n\u00e4chsten Tag<\/p>\n<p><a href='http:\/\/extra.inmontanis.info\/d\/68433-2\/DSC05890.jpg'><img src=http:\/\/extra.inmontanis.info\/d\/68432-3\/DSC05890.jpg \/><\/a><br \/>\n^ Lyngenalpen<\/p>\n<p><a href='http:\/\/extra.inmontanis.info\/d\/68437-2\/DSC05892.jpg'><img src=http:\/\/extra.inmontanis.info\/d\/68436-3\/DSC05892.jpg \/><\/a><br \/>\n^ Lyngenalpen<\/p>\n<p><a href='http:\/\/extra.inmontanis.info\/d\/68441-2\/DSC05896.jpg'><img src=http:\/\/extra.inmontanis.info\/d\/68440-3\/DSC05896.jpg \/><\/a><br \/>\n^ Lyngenfjord und Lyngenalpen<\/p>\n<p><a href='http:\/\/extra.inmontanis.info\/d\/68445-2\/DSC05900.jpg'><img src=http:\/\/extra.inmontanis.info\/d\/68444-3\/DSC05900.jpg \/><\/a><br \/>\n^ Lyngenfjord und Lyngenalpen<\/p>\n<p><a href='http:\/\/extra.inmontanis.info\/d\/68449-2\/DSC05901.jpg'><img src=http:\/\/extra.inmontanis.info\/d\/68448-3\/DSC05901.jpg \/><\/a><br \/>\n^ Krass, da dr\u00fcben gibts eine Restschneerinne bis (fast) runter zum Fjord\/Meer. Schade, das ausgerechnet auf dem Teil keine Stra\u00dfe vorbeigeht :(<\/p>\n<p><a href='http:\/\/extra.inmontanis.info\/d\/68453-2\/DSC05903.jpg'><img src=http:\/\/extra.inmontanis.info\/d\/68452-3\/DSC05903.jpg \/><\/a><br \/>\n^ Auch die Rinne daneben geht noch weit runter<\/p>\n<p><a href='http:\/\/extra.inmontanis.info\/d\/68457-2\/DSC05909.jpg'><img src=http:\/\/extra.inmontanis.info\/d\/68456-3\/DSC05909.jpg \/><\/a><br \/>\n^ Lyngenalpen<\/p>\n<p><a href='http:\/\/extra.inmontanis.info\/d\/68461-3\/DSC05915.jpg'><img src=http:\/\/extra.inmontanis.info\/d\/68460-4\/DSC05915.jpg \/><\/a><br \/>\n^ Blick zu den Lyngenalpen<\/p>\n<p><a href='http:\/\/extra.inmontanis.info\/d\/68465-3\/DSC05916.jpg'><img src=http:\/\/extra.inmontanis.info\/d\/68464-4\/DSC05916.jpg \/><\/a><br \/>\n^ Abendlicher Blick zu den Lyngenalpen<\/p>\n<p>(12.9.)<\/p>\n<p><a href='http:\/\/extra.inmontanis.info\/d\/68469-3\/DSC05925.jpg'><img src=http:\/\/extra.inmontanis.info\/d\/68468-4\/DSC05925.jpg \/><\/a><br \/>\n^ Morgendlicher Blick zu den Lyngenalpen<\/p>\n","protected":false},"excerpt":{"rendered":"<p>7.9.2021<\/p>\n<p>Heute Dauerregentag und morgen + \u00fcbermorgen soll es so weitergehen. Nur weiter nord\u00f6stlich w\u00e4re es besser, aber der Weg ist so weit, dass ich da bei meiner momentanen Fahrweise erst n\u00e4chste Woche dort w\u00e4re ;) (\u00fcber 600km bis nach Alta und dann wieder s\u00fcdlich nach zB Kautokeino, wo es weniger Regen geben soll die <a href=\"http:\/\/blog.inmontanis.info\/?p=7039\">[&#8230;]<\/a><\/p>\n","protected":false},"author":1,"featured_media":7041,"comment_status":"closed","ping_status":"closed","sticky":false,"template":"","format":"standard","meta":{"footnotes":""},"categories":[185,582,18],"tags":[37,45,47],"class_list":["post-7039","post","type-post","status-publish","format-standard","has-post-thumbnail","hentry","category-2021-08-skandinavien","category-narvik","category-norwegennorway","tag-meer","tag-see","tag-sl","odd"],"_links":{"self":[{"href":"http:\/\/blog.inmontanis.info\/index.php?rest_route=\/wp\/v2\/posts\/7039","targetHints":{"allow":["GET"]}}],"collection":[{"href":"http:\/\/blog.inmontanis.info\/index.php?rest_route=\/wp\/v2\/posts"}],"about":[{"href":"http:\/\/blog.inmontanis.info\/index.php?rest_route=\/wp\/v2\/types\/post"}],"author":[{"embeddable":true,"href":"http:\/\/blog.inmontanis.info\/index.php?rest_route=\/wp\/v2\/users\/1"}],"replies":[{"embeddable":true,"href":"http:\/\/blog.inmontanis.info\/index.php?rest_route=%2Fwp%2Fv2%2Fcomments&post=7039"}],"version-history":[{"count":2,"href":"http:\/\/blog.inmontanis.info\/index.php?rest_route=\/wp\/v2\/posts\/7039\/revisions"}],"predecessor-version":[{"id":7042,"href":"http:\/\/blog.inmontanis.info\/index.php?rest_route=\/wp\/v2\/posts\/7039\/revisions\/7042"}],"wp:featuredmedia":[{"embeddable":true,"href":"http:\/\/blog.inmontanis.info\/index.php?rest_route=\/wp\/v2\/media\/7041"}],"wp:attachment":[{"href":"http:\/\/blog.inmontanis.info\/index.php?rest_route=%2Fwp%2Fv2%2Fmedia&parent=7039"}],"wp:term":[{"taxonomy":"category","embeddable":true,"href":"http:\/\/blog.inmontanis.info\/index.php?rest_route=%2Fwp%2Fv2%2Fcategories&post=7039"},{"taxonomy":"post_tag","embeddable":true,"href":"http:\/\/blog.inmontanis.info\/index.php?rest_route=%2Fwp%2Fv2%2Ftags&post=7039"}],"curies":[{"name":"wp","href":"https:\/\/api.w.org\/{rel}","templated":true}]}}