{"id":7034,"date":"2021-09-06T18:35:36","date_gmt":"2021-09-06T16:35:36","guid":{"rendered":"http:\/\/blog.inmontanis.info\/?p=7034"},"modified":"2021-09-09T19:17:18","modified_gmt":"2021-09-09T17:17:18","slug":"saltfjellet-saltdal-5-6-9-2021","status":"publish","type":"post","link":"http:\/\/blog.inmontanis.info\/?p=7034","title":{"rendered":"Saltfjellet \/ Saltdal, 5.-6.9.2021"},"content":{"rendered":"<p><strong>5.9.2021<\/strong><\/p>\n<p>Tja, die n\u00e4chsten Tage wird&#8217;s auch auf der Route nach Norden haupts\u00e4chlich Regen geben. Somit fraglich, schneller rauffahren, um dann beim n\u00e4chsten besseren Wetter weiter oben zu sein, oder langsam rauffahren, weil die Fahrt bei sonnigerem Wetter sch\u00f6ner ist?<\/p>\n<p>Heut war&#8217;s mir mit kurzem Poloshirt + Sommerj\u00e4ckchen glatt zu kalt drau\u00dfen, am Polarkreis, oben am Saltfjellet, auf ca. 600m H\u00f6he. Im dortigen Souvenirladen hab ich mir sogar 2 kleine Sachen gekauft um knapp 14 \u20ac: Ein Set magnetischer Lesezeichen, weil ich die aktuell brauchen kann, sowie einen sch\u00f6nen K\u00fchlschrankmagnet, den ich aber f\u00fcr&#8217;s Foto nicht gleich wieder auspacken wollte, nachdem ihn der Kassierer trotz Gipsarm so sch\u00f6n eingepackt hatte, hab ja eh egtl. keinen Platz hier im Auto, kommt also eher daheim an den K\u00fchlschrank &#8230; und zwar: ein kleiner Teller im Stil einer historischen Norwegenkarte (gab&#8217;s auch gr\u00f6\u00dfer als Wand-Teller, aber ob ich den heil heimgebracht h\u00e4tte) ..  also mal etwas, das ich noch nicht auf meinem K\u00fchlschrank hab.<\/p>\n<p><a href='http:\/\/extra.inmontanis.info\/d\/68231-2\/DSC05433.jpg'><img src=http:\/\/extra.inmontanis.info\/d\/68230-3\/DSC05433.jpg \/><\/a><br \/>\n^ Langweiliger Neubau der E6, f\u00fcr den man mal wieder 45 NOK Maut zahlen muss.<\/p>\n<p><a href='http:\/\/extra.inmontanis.info\/d\/68235-2\/DSC05441.jpg'><img src=http:\/\/extra.inmontanis.info\/d\/68234-3\/DSC05441.jpg \/><\/a><br \/>\n^ Eine der Infotafeln am Polarkreiscentrum; die Grotte rechts (schon vorbei) hat aber eh nur von Mitte Juni &#8211; Mitte August offen.<\/p>\n<p><a href='http:\/\/extra.inmontanis.info\/d\/68239-2\/DSC05442.jpg'><img src=http:\/\/extra.inmontanis.info\/d\/68238-3\/DSC05442.jpg \/><\/a><br \/>\n^ Polarkreiscenter am Saltfjellet mit Schneeresten im Hintergrund, leider mir etwas zu weit weg f\u00fcr eine Skitour<\/p>\n<p><a href='http:\/\/extra.inmontanis.info\/d\/68243-2\/DSC05443.jpg'><img src=http:\/\/extra.inmontanis.info\/d\/68242-3\/DSC05443.jpg \/><\/a><br \/>\n^ .. nat\u00fcrlich darf hier eine Kriegsgedenkst\u00e4tte nicht fehlen ..<\/p>\n<p><a href='http:\/\/extra.inmontanis.info\/d\/68247-2\/DSC05444.jpg'><img src=http:\/\/extra.inmontanis.info\/d\/68246-3\/DSC05444.jpg \/><\/a><br \/>\n^ Polarkreiscenter am Saltfjellet<\/p>\n<p><a href='http:\/\/extra.inmontanis.info\/d\/68251-2\/DSC05445.jpg'><img src=http:\/\/extra.inmontanis.info\/d\/68250-3\/DSC05445.jpg \/><\/a><br \/>\n^ Polarkreiscenter am Saltfjellet<\/p>\n<p><a href='http:\/\/extra.inmontanis.info\/d\/68255-2\/DSC05446.jpg'><img src=http:\/\/extra.inmontanis.info\/d\/68254-3\/DSC05446.jpg \/><\/a><br \/>\n^ Polarkreiscenter am Saltfjellet<\/p>\n<p><a href='http:\/\/extra.inmontanis.info\/d\/68259-2\/DSC05447.jpg'><img src=http:\/\/extra.inmontanis.info\/d\/68258-3\/DSC05447.jpg \/><\/a><br \/>\n^ Polarkreiscenter am Saltfjellet<\/p>\n<p><a href='http:\/\/extra.inmontanis.info\/d\/68263-2\/DSC05449.jpg'><img src=http:\/\/extra.inmontanis.info\/d\/68262-3\/DSC05449.jpg \/><\/a><br \/>\n^ Souvenir<\/p>\n<p>Leider hatte das Caf\u00e9 schon Saisonschluss.<\/p>\n<p><a href='http:\/\/extra.inmontanis.info\/d\/68267-2\/DSC05457.jpg'><img src=http:\/\/extra.inmontanis.info\/d\/68266-3\/DSC05457.jpg \/><\/a><br \/>\n^ Da hinten w\u00e4ren wohl lohnenswertere Schneereste, nur schad, dass man da immer nirgends so einfach hinkommt..<\/p>\n<p>Ein St\u00fcck bin ich noch gefahren, bis zur Abwzweigung der 77 nach Schweden. Der neue Tunnel auf der Stra\u00dfe durchs Junkertal wurde bereits im Oktober 2019 er\u00f6ffnet &#8211; da hatte ich bei der letzten Fahrt hier im April 2019 ja noch Gl\u00fcck, die alte Stra\u00dfe noch einmal fahren zu k\u00f6nnen&#8230;<\/p>\n<p><a href='http:\/\/extra.inmontanis.info\/d\/68271-2\/DSC05463.jpg'><img src=http:\/\/extra.inmontanis.info\/d\/68270-3\/DSC05463.jpg \/><\/a><br \/>\n^ Scheint wohl letztens mal Neuschnee gegeben zu haben, dahinten auf dem Gipfeln; hier mal noch ein altes St\u00fcck der E6<\/p>\n<p><a href='http:\/\/extra.inmontanis.info\/d\/68275-2\/DSC05464.jpg'><img src=http:\/\/extra.inmontanis.info\/d\/68274-3\/DSC05464.jpg \/><\/a><br \/>\n^ Rastplatz, w\u00e4r ein sch\u00f6ner Fleck zum \u00dcbernachten, wenn auf der nahen E6 nicht so viel LKW-Verkehr w\u00e4re<\/p>\n<p><a href='http:\/\/extra.inmontanis.info\/d\/68279-2\/DSC05467.jpg'><img src=http:\/\/extra.inmontanis.info\/d\/68278-3\/DSC05467.jpg \/><\/a><br \/>\n^ Der n\u00e4chste Ausbau der E6<\/p>\n<p><a href='http:\/\/extra.inmontanis.info\/d\/68283-2\/DSC05469.jpg'><img src=http:\/\/extra.inmontanis.info\/d\/68282-3\/DSC05469.jpg \/><\/a><br \/>\n^ Ein weiterer Rastplatz bzw. Wanderparkplatz an einem kleinen See<\/p>\n<p><a href='http:\/\/extra.inmontanis.info\/d\/68287-2\/DSC05470.jpg'><img src=http:\/\/extra.inmontanis.info\/d\/68286-3\/DSC05470.jpg \/><\/a><br \/>\n^ <\/p>\n<p><a href='http:\/\/extra.inmontanis.info\/d\/68291-2\/DSC05471.jpg'><img src=http:\/\/extra.inmontanis.info\/d\/68290-3\/DSC05471.jpg \/><\/a><br \/>\n^ <\/p>\n<p><a href='http:\/\/extra.inmontanis.info\/d\/68299-2\/DSC05477.jpg'><img src=http:\/\/extra.inmontanis.info\/d\/68298-3\/DSC05477.jpg \/><\/a><br \/>\n^ Ex-77 Storjord-Junkerdal, wo nun ein Tunnel gebaut wurde<\/p>\n<p><a href='http:\/\/extra.inmontanis.info\/d\/68303-2\/DSC05481.jpg'><img src=http:\/\/extra.inmontanis.info\/d\/68302-3\/DSC05481.jpg \/><\/a><br \/>\n^ Ex-77 Storjord-Junkerdal, schad, das sch\u00f6nste St\u00fcck der Stra\u00dfe ist jetzt nur noch f\u00fcr Radfahrer\/Fu\u00dfg\u00e4nger offen, Autos m\u00fcssen in den Berg<\/p>\n<p>Funfact: die Stra\u00dfe hier f\u00fchrt in ein paar km nach Schweden, \u00fcber J\u00e4ckvik nach Arjeplog\/Galtis\/Arvidsjaur und ist diejenige Stra\u00dfe, die ich Anfang Juni auf der Suche nach Restschneefeldern bis zur Grenze gefahren bin und dann weiter oben die letzte Skitour gemacht hatte, der mein bisher letzter Skitag dieser Saison war.<\/p>\n<p><a href='http:\/\/extra.inmontanis.info\/d\/68307-2\/DSC05485.jpg'><img src=http:\/\/extra.inmontanis.info\/d\/68306-3\/DSC05485.jpg \/><\/a><br \/>\n^ Ex-77 Storjord-Junkerdal<\/p>\n<p><a href='http:\/\/extra.inmontanis.info\/d\/68295-2\/DSC05476.jpg'><img src=http:\/\/extra.inmontanis.info\/d\/68294-3\/DSC05476.jpg \/><\/a><br \/>\n^ \u00dcber dem Wasserfall d\u00fcrfte wohl die Eisenbahn fahren<\/p>\n<p><a href='http:\/\/extra.inmontanis.info\/d\/68311-2\/DSC05487.jpg'><img src=http:\/\/extra.inmontanis.info\/d\/68310-3\/DSC05487.jpg \/><\/a><br \/>\n^ Bis hier hin kann man zumindest im Sommer rauffahren (zweite Schranke ganz unten), es gibt 2 Parkplatzbereiche<\/p>\n<p>Ich blieb an dem unteren der beiden oberen Parkpl\u00e4tze stehen und hatte eine sehr ruhige Nacht.<\/p>\n<p><a href='http:\/\/extra.inmontanis.info\/d\/68315-2\/DSC05488.jpg'><img src=http:\/\/extra.inmontanis.info\/d\/68314-3\/DSC05488.jpg \/><\/a><br \/>\n^ Leselampe f\u00fcr vorm Schlafen nun installiert (Metallpl\u00e4ttchen aufgeklebt, das den Magneten der Lampe h\u00e4lt, die normalerweise und den Rest des Tages im Schrank ist)<\/p>\n<p>Hatte noch Reste vom ger\u00e4ucherten Lachs da, die f\u00fcr ein Brot zu wenig gewesen w\u00e4ren&#8230;<\/p>\n<p><a href='http:\/\/extra.inmontanis.info\/d\/68319-2\/DSC05489.jpg'><img src=http:\/\/extra.inmontanis.info\/d\/68318-3\/DSC05489.jpg \/><\/a><br \/>\n^ Das Pesto Genovese l\u00e4sst sich tats\u00e4chlich noch verbessern: Mit Tagliatelle (aus Eiern) und R\u00e4ucherlachs, geil.<\/p>\n<p><strong>6.9.2021<\/strong><\/p>\n<p>In vielen Superm\u00e4rkten in Norwegen gibt es Salatbuffets, da stellte ich mir heute mal einen zusammen. War fast etwas zu viel Salat und auch nicht geradae g\u00fcnstig (ca. 1,50 \u20ac pro 100g), wird dann wohl eher die Ausnahme bleiben, wobei man ggf. die Nudeln weglassen sollte, die wiegen schwerer und mach ich mir ja eh warm und dann sind sie besser.<\/p>\n<p><a href='http:\/\/extra.inmontanis.info\/d\/68323-2\/DSC05493.jpg'><img src=http:\/\/extra.inmontanis.info\/d\/68322-3\/DSC05493.jpg \/><\/a><br \/>\n^ Selbst zusammengestellter Salat vom Buffet im Supermarkt, mit ca. 6,80 \u20ac plus 0,80 \u20ac Dressing aber nicht so g\u00fcnstig wie erhofft; immerhin war das Baguettebr\u00f6tchen mir 0,70 \u20ac f\u00fcr norwegische Verh\u00e4ltnisse g\u00fcnstig.<\/p>\n<p>Danach fuhr ich einen Platz an, der mal wieder an einer alten Stra\u00dfe neben dem Tunnel ist und somit hoffentlich wieder ruhig sein sollte.<\/p>\n<p><a href='http:\/\/extra.inmontanis.info\/d\/68327-2\/DSC05494.jpg'><img src=http:\/\/extra.inmontanis.info\/d\/68326-3\/DSC05494.jpg \/><\/a><br \/>\n^ E6 mit Wasser und schneebedeckten Bergen<\/p>\n<p><a href='http:\/\/extra.inmontanis.info\/d\/68331-3\/DSC05496.jpg'><img src=http:\/\/extra.inmontanis.info\/d\/68330-4\/DSC05496.jpg \/><\/a><br \/>\n^ Auf der E6 mit Blick zur selben Stra\u00dfe, die hier einen Bogen macht<\/p>\n<p><a href='http:\/\/extra.inmontanis.info\/d\/68335-3\/DSC05498.jpg'><img src=http:\/\/extra.inmontanis.info\/d\/68334-4\/DSC05498.jpg \/><\/a><br \/>\n^ Kleiner Wasserfall nahe meines heutigen \u00dcbernachtungsparkplatzes<\/p>\n<p><a href='http:\/\/extra.inmontanis.info\/d\/68339-3\/DSC05500.jpg'><img src=http:\/\/extra.inmontanis.info\/d\/68338-4\/DSC05500.jpg \/><\/a><br \/>\n^ .. am Fjord ..<\/p>\n<p><a href='http:\/\/extra.inmontanis.info\/d\/68343-3\/DSC05502.jpg'><img src=http:\/\/extra.inmontanis.info\/d\/68342-4\/DSC05502.jpg \/><\/a><br \/>\n^ .. auf einem kurzen St\u00fcck der alten E6, die neben einem Tunnel noch befahrbar und somit ruhig ist<\/p>\n<p>Da ja mit dem Verlassen der K\u00fcstenstra\u00dfe wieder ein gewisser Abschnitt der Reise beendet ist, wollte ich die Karte schon fr\u00fcher machen, aber erst heute daran gedacht.<\/p>\n<p><a href='http:\/\/extra.inmontanis.info\/d\/68347-3\/ge20210906d.jpg'><img src=http:\/\/extra.inmontanis.info\/d\/68346-4\/ge20210906d.jpg \/><\/a><br \/>\n^ Magenta: Fahrstrecke 24.8.-6.9., also 2 Wochen, lt. Track ca. 882km, Track hat aber wieder Aussetzer (ggf. beim Ausschalten), also eher ca. 890-900km. Startpunkt waren die beiden ehemaligen Bergwerke (Christianus Sextus + Kongens gruve)<\/p>\n<p><a href='http:\/\/extra.inmontanis.info\/d\/68351-3\/ge20210906c.jpg'><img src=http:\/\/extra.inmontanis.info\/d\/68350-4\/ge20210906c.jpg \/><\/a><br \/>\n^ POI:<br \/>\n(F\u00e4hre)<br \/>\nA) Kval\u00f8ya\/S\u00f8rfjellet Wanderung<br \/>\nB) Skars\u00e5sen\/Br\u00f8nn\u00f8ysund Kriegsanlage<br \/>\n(F\u00e4hre)<br \/>\nC) Vega Treppe Wanderung<br \/>\n(F\u00e4hre)<br \/>\nD) Vettfjellet Wanderung + Ex-Seilbahn-Suche<br \/>\nE) Helgelands-Br\u00fccke<br \/>\n(F\u00e4hre)<br \/>\nF) Gr\u00f8nsvik \/ Kleivhalsen Kriegsanlage<br \/>\nG) Tortenk\u00f8ta Wanderung<br \/>\nH) Saltfjellet \/ Polarkreis<br \/>\nI) Saltdal \/ Storjord \/ Junkerdal<\/p>\n","protected":false},"excerpt":{"rendered":"<p>5.9.2021<\/p>\n<p>Tja, die n\u00e4chsten Tage wird&#8217;s auch auf der Route nach Norden haupts\u00e4chlich Regen geben. Somit fraglich, schneller rauffahren, um dann beim n\u00e4chsten besseren Wetter weiter oben zu sein, oder langsam rauffahren, weil die Fahrt bei sonnigerem Wetter sch\u00f6ner ist?<\/p>\n<p>Heut war&#8217;s mir mit kurzem Poloshirt + Sommerj\u00e4ckchen glatt zu kalt drau\u00dfen, am Polarkreis, oben <a href=\"http:\/\/blog.inmontanis.info\/?p=7034\">[&#8230;]<\/a><\/p>\n","protected":false},"author":1,"featured_media":7038,"comment_status":"closed","ping_status":"closed","sticky":false,"template":"","format":"standard","meta":{"footnotes":""},"categories":[185,18],"tags":[45],"class_list":["post-7034","post","type-post","status-publish","format-standard","has-post-thumbnail","hentry","category-2021-08-skandinavien","category-norwegennorway","tag-see","odd"],"_links":{"self":[{"href":"http:\/\/blog.inmontanis.info\/index.php?rest_route=\/wp\/v2\/posts\/7034","targetHints":{"allow":["GET"]}}],"collection":[{"href":"http:\/\/blog.inmontanis.info\/index.php?rest_route=\/wp\/v2\/posts"}],"about":[{"href":"http:\/\/blog.inmontanis.info\/index.php?rest_route=\/wp\/v2\/types\/post"}],"author":[{"embeddable":true,"href":"http:\/\/blog.inmontanis.info\/index.php?rest_route=\/wp\/v2\/users\/1"}],"replies":[{"embeddable":true,"href":"http:\/\/blog.inmontanis.info\/index.php?rest_route=%2Fwp%2Fv2%2Fcomments&post=7034"}],"version-history":[{"count":3,"href":"http:\/\/blog.inmontanis.info\/index.php?rest_route=\/wp\/v2\/posts\/7034\/revisions"}],"predecessor-version":[{"id":7037,"href":"http:\/\/blog.inmontanis.info\/index.php?rest_route=\/wp\/v2\/posts\/7034\/revisions\/7037"}],"wp:featuredmedia":[{"embeddable":true,"href":"http:\/\/blog.inmontanis.info\/index.php?rest_route=\/wp\/v2\/media\/7038"}],"wp:attachment":[{"href":"http:\/\/blog.inmontanis.info\/index.php?rest_route=%2Fwp%2Fv2%2Fmedia&parent=7034"}],"wp:term":[{"taxonomy":"category","embeddable":true,"href":"http:\/\/blog.inmontanis.info\/index.php?rest_route=%2Fwp%2Fv2%2Fcategories&post=7034"},{"taxonomy":"post_tag","embeddable":true,"href":"http:\/\/blog.inmontanis.info\/index.php?rest_route=%2Fwp%2Fv2%2Ftags&post=7034"}],"curies":[{"name":"wp","href":"https:\/\/api.w.org\/{rel}","templated":true}]}}