{"id":7028,"date":"2021-09-04T17:34:05","date_gmt":"2021-09-04T15:34:05","guid":{"rendered":"http:\/\/blog.inmontanis.info\/?p=7028"},"modified":"2021-09-06T18:06:56","modified_gmt":"2021-09-06T16:06:56","slug":"tortenkota-4-9-2021","status":"publish","type":"post","link":"http:\/\/blog.inmontanis.info\/?p=7028","title":{"rendered":"Tortenk\u00f8ta 4.9.2021"},"content":{"rendered":"<p><strong>4.9.2021<\/strong><\/p>\n<p>(Der erste Teil des Textes mit den Recherchen zu den Inseln ist am Vorabend entsanden)<\/p>\n<p>Die erste F\u00e4hre heute Samstag von Kllboghamn w\u00fcrde um 7:50 fahren, die n\u00e4chste erst um 14 Uhr, dann nochmal 16:20 und 19:05. Bissl bl\u00f6d also. Morgen Sonntag ginge die erste um 12:50. Da die n\u00e4chsten Superm\u00e4rkte aber sonntags geschlossen w\u00e4ren, br\u00e4uchte ich also eventuell heute einen. Da g\u00e4be es auf der anderen Seite der F\u00e4hre in Jektvik einen Joker, der aber samstags nur bis 15 Uhr offen hat (und die 14-Uhr-F\u00e4hre kommt erst sp\u00e4ter an). Also m\u00fcsste ich, wenn, dann die F\u00e4hre schon um 7:50 Uhr nehmen.<\/p>\n<p>Man k\u00f6nnte auch mit anderen F\u00e4hren auf andere Inseln fahren, die weiter drau\u00dfen sind &#8211; teils fahren die F\u00e4hren da 2 oder sogar \u00fcber 3 Stunden. Leider gibts aber nirgends einen Anschluss dann weiter, so wie in Vega letztens, die Inseln etwas n\u00f6rdlich werden dann von z.B. Jektvik angefahren, statt hier von Stokkv\u00e5gen und es gibt keine Insel, die von beiden Richtungen angefahren wird. Sonst h\u00e4tte ich mir das wohl \u00fcberlegt..<\/p>\n<p><a href='http:\/\/extra.inmontanis.info\/d\/68051-2\/DSC05335.jpg'><img src=http:\/\/extra.inmontanis.info\/d\/68050-3\/DSC05335.jpg \/><\/a><br \/>\n^ Infotafel Kleivhalsen. Mit F\u00e4hren k\u00f6nnte man auch interessantes Insel-H\u00fcpfen machen, aber leider keinen Kreis<\/p>\n<p>Eine der kleinen Inseln (Traena) ist ziemlich bewohnt und h\u00e4tte eine Nachbarinsel (Sanna) mit einer interessanten Bergformation:<br \/>\n<a href='https:\/\/nordnorge.com\/content\/uploads\/2020\/11\/072-DJI_0297-HDR-Pano.jpg'>https:\/\/nordnorge.com\/content\/uploads\/2020\/11\/072-DJI_0297-HDR-Pano.jpg<\/a><br \/>\n<a href='http:\/\/tenktraena.no\/'>http:\/\/tenktraena.no\/<\/a><\/p>\n<p>.. auf dem Berg gibts anscheinend links eine Nato-Station, zu der geschrieben steht:<br \/>\n&#8220;Der Gomp ist der h\u00f6chste Gipfel, der ohne Kletterausr\u00fcstung erreichbar ist, und die einzige gepflasterte Autostra\u00dfe ganz oben. Nach einer Stra\u00dfe muss man einen 300 Meter langen, unbeleuchteten Tunnel nehmen, also bringen Sie die Taschenlampe mit. Es ist auch m\u00f6glich, \u00fcber eine alte Seilbahn aufzufahren, n\u00f6rdlich des Kirkehelleren.&#8221;<\/p>\n<p>Das h\u00f6rt sich ja spannend an. F\u00fcrchte aber, dass die Seilbahn, wenn sie \u00fcberhaupt noch f\u00e4hrt, maximal in der Sommersaison offen sein wird &#8211; und die Hochsaison ist hier wohl nur bis Mitte August. Im Internet find ich jedenfalls mal nix zu der Seilbahn.<\/p>\n<p>Eine geniale Stra\u00dfe ist das aber da oben allemal (allerdings gehen wohl keine Autof\u00e4hren auf die Insel und das Fu\u00dfg\u00e4ngerboot f\u00e4hrt am Wochenende unpassend und selten):<br \/>\n<a href='https:\/\/www.hblad.no\/wp-content\/uploads\/2021\/06\/sanna-1024x680.jpg'>https:\/\/www.hblad.no\/wp-content\/uploads\/2021\/06\/sanna-1024&#215;680.jpg<\/a><br \/>\n<a href='http:\/\/helgetur.net\/wp-content\/uploads\/2016\/06\/sanna065.jpg'>http:\/\/helgetur.net\/wp-content\/uploads\/2016\/06\/sanna065.jpg<\/a><br \/>\n<a href='http:\/\/helgetur.net\/wp-content\/uploads\/2016\/06\/sanna073.jpg'>http:\/\/helgetur.net\/wp-content\/uploads\/2016\/06\/sanna073.jpg<\/a><\/p>\n<p>Also ich glaub, die Seilbahn gibts nicht mehr &#8211; das ist eher ein seilgesicherter Steig dort:<br \/>\n<a href='https:\/\/images1.peakbook.org\/images\/65\/bergtatt_130717_gumpen3.jpg?p=xtralarge'>https:\/\/images1.peakbook.org\/images\/65\/bergtatt_130717_gumpen3.jpg?p=xtralarge<\/a><br \/>\n(das schaut unten im Tal n\u00e4mlich nach einer Seilbahntalstation aus, also m\u00fcsste man hier ja wenigstens Seile davon sehen, wenn es die noch g\u00e4be?!)<\/p>\n<p>Hier in dem Video sieht man bei 5:23ff die vermutliche Talstation, aber auch keine Seile mehr, jedenfalls scheint das das selbe Geb\u00e4ude zu sein von dem Seil-Steig vorhin:<br \/>\n<a href='https:\/\/www.youtube.com\/watch?v=ATXcMaYkdG0'>https:\/\/www.youtube.com\/watch?v=ATXcMaYkdG0<\/a><\/p>\n<p>Schade.<\/p>\n<p>Wettervorhersagen: Von Montag bis Freitag Regen in der Gegend um Glomfjord. Na ganz toll. Das macht ja \u00fcberhaupt keinen Sinn hier momentan.. kann ich gleich beide F\u00e4hren nehmen und bis nach Glomfjord heute fahren, zumindest wenn ich da oben zum Stausee am Gletscher will. Die beiden F\u00e4hren kosten zusammen aber \u00fcber 35 \u20ac. Ob mir das das wert ist? W\u00e4re lieber langsamer raufgefahren und ggf. auch 2 N\u00e4chte oben an den beiden Staumauern gestanden. Zumindest zu der einen Staumauer bin ich ja schon mal gefahren, vmtl. 2006. Abenteuerliche Stra\u00dfe.  Alternative: Die Strecke seit dem letzten Supermarkt wieder retour und die E6 nach Norden. W\u00e4re sogar k\u00fcrzer bis dorthin, wo ich auch von der K\u00fcstenstra\u00dfe aus wieder auf die E6 k\u00e4me, in Fauske.. <\/p>\n<p>Ja, ich denke, das macht mehr Sinn. Vielleicht fahr ich den oberen Teil der K\u00fcstenstra\u00dfe dann sp\u00e4ter, runterw\u00e4rts. <\/p>\n<p><a href='http:\/\/extra.inmontanis.info\/d\/68071-2\/DSC05347.jpg'><img src=http:\/\/extra.inmontanis.info\/d\/68070-3\/DSC05347.jpg \/><\/a><br \/>\n^ Nochmals kurz an dem Rastplatz mit dem Designer-WC gehalten<\/p>\n<p><a href='http:\/\/extra.inmontanis.info\/d\/68075-2\/DSC05349.jpg'><img src=http:\/\/extra.inmontanis.info\/d\/68074-3\/DSC05349.jpg \/><\/a><br \/>\n^ .. die rostige Treppe, die vom Rastplatz runter zum Fjord geht<\/p>\n<p><a href='http:\/\/extra.inmontanis.info\/d\/68079-2\/DSC05348.jpg'><img src=http:\/\/extra.inmontanis.info\/d\/68078-3\/DSC05348.jpg \/><\/a><br \/>\n^ Pano vom Rastplatz bzw. der Treppe in die andere Richtung<\/p>\n<p>N\u00e4he des Rastplatzes gibts noch einen weiteren Rastplatz, ohne WC, aber sch\u00f6ner angelegt, zu der eine Wanderung abgeht.<\/p>\n<p><a href='http:\/\/extra.inmontanis.info\/d\/68083-2\/DSC05351.jpg'><img src=http:\/\/extra.inmontanis.info\/d\/68082-3\/DSC05351.jpg \/><\/a><br \/>\n^ Tortenk\u00f8ta 1km, keine Karte, keine Info was das sein soll. F\u00fcr den Gipfel kommt mir 1km etwas zu kurz vor. Na, <em>schaumeram\u00e5l, w\u00e5sd\u00e4 Doddnk\u00f6d\u00e4 is.<\/em><\/p>\n<p><a href='http:\/\/extra.inmontanis.info\/d\/68087-2\/DSC05352.jpg'><img src=http:\/\/extra.inmontanis.info\/d\/68086-3\/DSC05352.jpg \/><\/a><br \/>\n^ Von hier unten schauts jedenfalls recht trocken aus, die Wanderung, weil man meist auf Fels gehen wird. Hat leider etwas get\u00e4uscht, denn es ist eher stufig und zwischen den Felsstufen ist es doch wieder feucht. Der Anfang erst recht. Ok, hat auch viel geregnet die letzten Tage.<\/p>\n<p><a href='http:\/\/extra.inmontanis.info\/d\/68091-2\/DSC05356.jpg'><img src=http:\/\/extra.inmontanis.info\/d\/68090-3\/DSC05356.jpg \/><\/a><br \/>\n^ Och, panoramam\u00e4\u00dfig m\u00fcsste man doch gar nicht mehr weiter gehen ..<\/p>\n<p><a href='http:\/\/extra.inmontanis.info\/d\/68095-2\/DSC05357.jpg'><img src=http:\/\/extra.inmontanis.info\/d\/68094-3\/DSC05357.jpg \/><\/a><br \/>\n^ Da hinten auf den Gipfeln links der Wolken gab&#8217;s etwas Neuschnee<\/p>\n<p><a href='http:\/\/extra.inmontanis.info\/d\/68099-2\/DSC05366.jpg'><img src=http:\/\/extra.inmontanis.info\/d\/68098-3\/DSC05366.jpg \/><\/a><br \/>\n^ Unz\u00e4hlige kleine Seen gibts hier oben &#8211; und den Fjord im Tal<\/p>\n<p><a href='http:\/\/extra.inmontanis.info\/d\/68103-2\/DSC05367.jpg'><img src=http:\/\/extra.inmontanis.info\/d\/68102-3\/DSC05367.jpg \/><\/a><br \/>\n^ <\/p>\n<p><a href='http:\/\/extra.inmontanis.info\/d\/68107-2\/DSC05368.jpg'><img src=http:\/\/extra.inmontanis.info\/d\/68106-3\/DSC05368.jpg \/><\/a><br \/>\n^ <\/p>\n<p><a href='http:\/\/extra.inmontanis.info\/d\/68111-2\/DSC05371.jpg'><img src=http:\/\/extra.inmontanis.info\/d\/68110-3\/DSC05371.jpg \/><\/a><br \/>\n^ Diesen reisserischen Fluss musste man auch \u00fcberqueren<\/p>\n<p><a href='http:\/\/extra.inmontanis.info\/d\/68115-2\/DSC05372.jpg'><img src=http:\/\/extra.inmontanis.info\/d\/68114-3\/DSC05372.jpg \/><\/a><br \/>\n^ Nasse bzw. matschige Stellen konnte man manchmal auf Felsen au\u00dfenrum  oder auf Steinen auf dem Weg oder am Rand etwas umgehen, aber nicht immer komplett.<\/p>\n<p><a href='http:\/\/extra.inmontanis.info\/d\/68119-2\/DSC05373.jpg'><img src=http:\/\/extra.inmontanis.info\/d\/68118-3\/DSC05373.jpg \/><\/a><br \/>\n^ Na kuck ma einer an, da steht eine kleine H\u00fctte auf dem Plateau hier. Wird das doch nicht das Ziel sein, so unspektakul\u00e4r?<\/p>\n<p>Wenn ein Franke, sagen wir, ein N\u00fcrnberger &#8230; auf Wanderung ist &#8230; und eine kleine H\u00fctte entdeckt &#8230; kann es vorkommen, dass ein Jemand, der der fr\u00e4nkischen Sprache nicht m\u00e4chtig ist, etwas falsch verstehen k\u00f6nnte &#8230; sofern der N\u00fcrnberger folgenden Ausruf der Verwunderung macht und das kurze, halbverschluckte &#8220;\u00fc&#8221; etwas zu sehr wie ein &#8220;i&#8221; klingen l\u00e4sst, ich transkripiere es daher mal mit einem &#8220;y&#8221;: &#8220;A Hyddla!&#8221;.<\/p>\n<p>Noch schwerwiegender k\u00f6nnte das Mi\u00dfverst\u00e4ndnis sein, wenn es der Franke seiner Begleitung zeigen will, ein lautes &#8220;Scha-hiiii&#8221; &#8211; &#8220;Wo?&#8221; &#8211; &#8220;Na, doddn&#8221; von sich gibt, den rechten Arm nach oben in Richtung der H\u00fctte streckt und, w\u00e4hrend der Nicht-Franke gerade vorbeikommt, mit scharfer Stimme der Verwunderung schreit: &#8220;A Hyddla !!!&#8221;<\/p>\n<p>Beim Runtergehen k\u00f6nnte er noch gefragt werden, woher er denn komme, worauf er antworten k\u00f6nnte &#8220;Vom Hyddla! A dolls Hyddla!&#8221; [ein tolles H\u00fcttlein] &#8211; und sich der andere denken mag &#8220;Er ist wieder da?!&#8221;<\/p>\n<p>(So, konnte ich das auch endlich mal unterbringen&#8230;)<\/p>\n<p><a href='http:\/\/extra.inmontanis.info\/d\/68123-2\/DSC05377.jpg'><img src=http:\/\/extra.inmontanis.info\/d\/68122-3\/DSC05377.jpg \/><\/a><br \/>\n^ Plateau<\/p>\n<p><a href='http:\/\/extra.inmontanis.info\/d\/68127-2\/DSC05378.jpg'><img src=http:\/\/extra.inmontanis.info\/d\/68126-3\/DSC05378.jpg \/><\/a><br \/>\n^ Zu der H\u00fctte muss man aber einen Fluss queren  &#8211; w\u00e4r ja lieber hier dr\u00fcber, aber es gab leider doch keine Stelle, wo man trockenen Fu\u00dfes r\u00fcbergekommen w\u00e4re ohne springen zu m\u00fcssen<\/p>\n<p><a href='http:\/\/extra.inmontanis.info\/d\/68131-2\/DSC05380.jpg'><img src=http:\/\/extra.inmontanis.info\/d\/68130-3\/DSC05380.jpg \/><\/a><br \/>\n^ .. also dann nehm ich halt diese Flussquerung, die wohl zum \u00dcberschreiten eingerichtet wurde.<\/p>\n<p><a href='http:\/\/extra.inmontanis.info\/d\/68135-2\/DSC05381.jpg'><img src=http:\/\/extra.inmontanis.info\/d\/68134-3\/DSC05381.jpg \/><\/a><br \/>\n^ .. allerdings musste man hier noch einen zweiten Flussarm queren, was weniger sch\u00f6n war. Ich warf im hinteren Teil noch 2 Steine ins Wasser und buggsierte einen mit dem Stecken so hin, dass es bequemer zu gehen ging<\/p>\n<p><a href='http:\/\/extra.inmontanis.info\/d\/68139-2\/DSC05382.jpg'><img src=http:\/\/extra.inmontanis.info\/d\/68138-3\/DSC05382.jpg \/><\/a><br \/>\n^ Tortenk\u00f8ta-H\u00fctte, tats\u00e4chlich also die Endstation der 1km langen Wanderung<\/p>\n<p><a href='http:\/\/extra.inmontanis.info\/d\/68143-2\/DSC05383.jpg'><img src=http:\/\/extra.inmontanis.info\/d\/68142-3\/DSC05383.jpg \/><\/a><br \/>\n^ Tortenk\u00f8ta-H\u00fctte<\/p>\n<p><a href='http:\/\/extra.inmontanis.info\/d\/68147-2\/DSC05384.jpg'><img src=http:\/\/extra.inmontanis.info\/d\/68146-3\/DSC05384.jpg \/><\/a><br \/>\n^ Von der H\u00fctte aus sieht man allerdings auf beiden Seiten nicht zum Fjord hinunter.<\/p>\n<p><a href='http:\/\/extra.inmontanis.info\/d\/68151-2\/DSC05386.jpg'><img src=http:\/\/extra.inmontanis.info\/d\/68150-3\/DSC05386.jpg \/><\/a><br \/>\n^ Ein Weg zum Gipfel ist nicht markiert und man m\u00fcsste auch erst mal den n\u00e4chsten Fluss queren.<\/p>\n<p><a href='http:\/\/extra.inmontanis.info\/d\/68155-2\/DSC05387.jpg'><img src=http:\/\/extra.inmontanis.info\/d\/68154-3\/DSC05387.jpg \/><\/a><br \/>\n^ Ich ging etwas einen Felsgrat entlang<\/p>\n<p><a href='http:\/\/extra.inmontanis.info\/d\/68159-2\/DSC05392.jpg'><img src=http:\/\/extra.inmontanis.info\/d\/68158-3\/DSC05392.jpg \/><\/a><br \/>\n^ R\u00fcckblick zur H\u00fctte<\/p>\n<p><a href='http:\/\/extra.inmontanis.info\/d\/68163-2\/DSC05393.jpg'><img src=http:\/\/extra.inmontanis.info\/d\/68162-3\/DSC05393.jpg \/><\/a><br \/>\n^ <\/p>\n<p><a href='http:\/\/extra.inmontanis.info\/d\/68167-2\/DSC05396.jpg'><img src=http:\/\/extra.inmontanis.info\/d\/68166-3\/DSC05396.jpg \/><\/a><br \/>\n^ Mal wieder ein Herz aus Steinen<\/p>\n<p><a href='http:\/\/extra.inmontanis.info\/d\/68171-2\/DSC05398.jpg'><img src=http:\/\/extra.inmontanis.info\/d\/68170-3\/DSC05398.jpg \/><\/a><br \/>\n^ .. pl\u00f6tzlich sah ich unter mir wieder einen markierten Weg. Hm, dann geh ich den halt mal.<\/p>\n<p><a href='http:\/\/extra.inmontanis.info\/d\/68175-2\/DSC05400.jpg'><img src=http:\/\/extra.inmontanis.info\/d\/68174-3\/DSC05400.jpg \/><\/a><br \/>\n^ .. allerdings ging dieser Weg eher sumpfing weiter. Hier holte ich mir dann nasse Schuhe<\/p>\n<p><a href='http:\/\/extra.inmontanis.info\/d\/68179-2\/DSC05404.jpg'><img src=http:\/\/extra.inmontanis.info\/d\/68178-3\/DSC05404.jpg \/><\/a><br \/>\n^ Wie \u00fcblich musste man h\u00e4ufig Felsen einfach rauflaufen (und sp\u00e4ter wieder runter) &#8211; wenigstens kriegt man da keine nassen F\u00fc\u00dfe<\/p>\n<p><a href='http:\/\/extra.inmontanis.info\/d\/68183-2\/DSC05411.jpg'><img src=http:\/\/extra.inmontanis.info\/d\/68182-3\/DSC05411.jpg \/><\/a><br \/>\n^ Hier wollte ich den Weg nicht mehr weiter gehen, es hatte den Anschein, als f\u00fchre der nun wieder runter zum Fjord, also gibt es evtl. zwei Wege vom Tal hinauf zur Tortenk\u00f8ta-H\u00fctte<\/p>\n<p><a href='http:\/\/extra.inmontanis.info\/d\/68187-2\/DSC05412.jpg'><img src=http:\/\/extra.inmontanis.info\/d\/68186-3\/DSC05412.jpg \/><\/a><br \/>\n^ R\u00fcckblick in Richtung H\u00fctte, die nat\u00fcrlich nicht mehr zu sehen ist<\/p>\n<p><a href='http:\/\/extra.inmontanis.info\/d\/68191-2\/DSC05413.jpg'><img src=http:\/\/extra.inmontanis.info\/d\/68190-3\/DSC05413.jpg \/><\/a><br \/>\n^ Und Blick in Richtung Gipfel. K\u00f6nnte man vielleicht doch recht unproblematisch auf den Felsen raufgehen, aber ich bin jetzt dann zu kaputt, muss ja auch noch retour gehen<\/p>\n<p><a href='http:\/\/extra.inmontanis.info\/d\/68195-2\/DSC05414.jpg'><img src=http:\/\/extra.inmontanis.info\/d\/68194-3\/DSC05414.jpg \/><\/a><br \/>\n^ Wieder nasse Schuhe geholt. Naja, kein Wunter bei der Seite. Aber sie sind bequem zu laufen (weicher Auftritt) und rutschen weder auf trockenen noch nassen Felsen &#8211; nur wenn dann eine dunkle Moos\/Schleimschicht am nassen Fels ist, die ist glitschig.<\/p>\n<p><a href='http:\/\/extra.inmontanis.info\/d\/68199-2\/DSC05415.jpg'><img src=http:\/\/extra.inmontanis.info\/d\/68198-3\/DSC05415.jpg \/><\/a><br \/>\n^ Um die nassen Stellen des unteren Wanderwegs zu umgehen, wollte ich fr\u00fcher auf meinen oberen Grat-Weg kommen. Preisfrage war, ob ich dieses St\u00fcck trocken durchkomm. W\u00e4re ich, wenn ich den letzten Schritt sp\u00e4ter nicht gemacht h\u00e4tte, l\u00e4ngere Strecke durch trockenes Gras\/Geb\u00fcsch, aber dann vor dem n\u00e4chsten Fels ein nasses St\u00fcck Moos, wo ich zu tief einsank.<\/p>\n<p><a href='http:\/\/extra.inmontanis.info\/d\/68203-2\/DSC05419.jpg'><img src=http:\/\/extra.inmontanis.info\/d\/68202-3\/DSC05419.jpg \/><\/a><br \/>\n^ Wieder abw\u00e4rts.<\/p>\n<p><a href='http:\/\/extra.inmontanis.info\/d\/68207-2\/ge20210904a.jpg'><img src=http:\/\/extra.inmontanis.info\/d\/68206-3\/ge20210904a.jpg \/><\/a><br \/>\n^ Waren etwas \u00fcber 4h, ca. 8,8 km und ca. 290 hm mit den ganzen rauf &#038; runter lt. Tracker.<\/p>\n<p><a href='http:\/\/extra.inmontanis.info\/d\/68211-2\/DSC05423.jpg'><img src=http:\/\/extra.inmontanis.info\/d\/68210-3\/DSC05423.jpg \/><\/a><br \/>\n^ Mo i Rana<\/p>\n<p><a href='http:\/\/extra.inmontanis.info\/d\/68215-2\/DSC05424.jpg'><img src=http:\/\/extra.inmontanis.info\/d\/68214-3\/DSC05424.jpg \/><\/a><br \/>\n^ Die rechte Pizza mit den Nachos war lecker<\/p>\n<p><a href='http:\/\/extra.inmontanis.info\/d\/68219-2\/DSC05428.jpg'><img src=http:\/\/extra.inmontanis.info\/d\/68218-3\/DSC05428.jpg \/><\/a><br \/>\n^ Selbst auf der Hauptverkehrsverbindung in Norwegen, der E6, gibts auch mal Abschnitte mit weniger Tankstellen<\/p>\n<p><a href='http:\/\/extra.inmontanis.info\/d\/68223-2\/DSC05429.jpg'><img src=http:\/\/extra.inmontanis.info\/d\/68222-3\/DSC05429.jpg \/><\/a><br \/>\n^ Auf  den besser ausgebauten Abschnitten darf man 90 statt 80 km\/h fahren. Aber so schnell will ich ja eh nicht fahren. Wenigstens gibts kaum noch Mautstellen<\/p>\n<p><a href='http:\/\/extra.inmontanis.info\/d\/68227-2\/DSC05431.jpg'><img src=http:\/\/extra.inmontanis.info\/d\/68226-3\/DSC05431.jpg \/><\/a><br \/>\n^ Der Platz w\u00e4r was f\u00fcr die LKW-Wohnmobile. Ein normales Wohnmobil kehrte sp\u00e4ter wieder um, ich blieb hier stehen, war wenigstens ruhig, keine E6 zu h\u00f6ren.<\/p>\n","protected":false},"excerpt":{"rendered":"<p>4.9.2021<\/p>\n<p>(Der erste Teil des Textes mit den Recherchen zu den Inseln ist am Vorabend entsanden)<\/p>\n<p>Die erste F\u00e4hre heute Samstag von Kllboghamn w\u00fcrde um 7:50 fahren, die n\u00e4chste erst um 14 Uhr, dann nochmal 16:20 und 19:05. Bissl bl\u00f6d also. Morgen Sonntag ginge die erste um 12:50. Da die n\u00e4chsten Superm\u00e4rkte aber sonntags geschlossen <a href=\"http:\/\/blog.inmontanis.info\/?p=7028\">[&#8230;]<\/a><\/p>\n","protected":false},"author":1,"featured_media":7033,"comment_status":"closed","ping_status":"closed","sticky":false,"template":"","format":"standard","meta":{"footnotes":""},"categories":[185,18,30],"tags":[37,45],"class_list":["post-7028","post","type-post","status-publish","format-standard","has-post-thumbnail","hentry","category-2021-08-skandinavien","category-norwegennorway","category-wandern","tag-meer","tag-see","odd"],"_links":{"self":[{"href":"http:\/\/blog.inmontanis.info\/index.php?rest_route=\/wp\/v2\/posts\/7028","targetHints":{"allow":["GET"]}}],"collection":[{"href":"http:\/\/blog.inmontanis.info\/index.php?rest_route=\/wp\/v2\/posts"}],"about":[{"href":"http:\/\/blog.inmontanis.info\/index.php?rest_route=\/wp\/v2\/types\/post"}],"author":[{"embeddable":true,"href":"http:\/\/blog.inmontanis.info\/index.php?rest_route=\/wp\/v2\/users\/1"}],"replies":[{"embeddable":true,"href":"http:\/\/blog.inmontanis.info\/index.php?rest_route=%2Fwp%2Fv2%2Fcomments&post=7028"}],"version-history":[{"count":4,"href":"http:\/\/blog.inmontanis.info\/index.php?rest_route=\/wp\/v2\/posts\/7028\/revisions"}],"predecessor-version":[{"id":7032,"href":"http:\/\/blog.inmontanis.info\/index.php?rest_route=\/wp\/v2\/posts\/7028\/revisions\/7032"}],"wp:featuredmedia":[{"embeddable":true,"href":"http:\/\/blog.inmontanis.info\/index.php?rest_route=\/wp\/v2\/media\/7033"}],"wp:attachment":[{"href":"http:\/\/blog.inmontanis.info\/index.php?rest_route=%2Fwp%2Fv2%2Fmedia&parent=7028"}],"wp:term":[{"taxonomy":"category","embeddable":true,"href":"http:\/\/blog.inmontanis.info\/index.php?rest_route=%2Fwp%2Fv2%2Fcategories&post=7028"},{"taxonomy":"post_tag","embeddable":true,"href":"http:\/\/blog.inmontanis.info\/index.php?rest_route=%2Fwp%2Fv2%2Ftags&post=7028"}],"curies":[{"name":"wp","href":"https:\/\/api.w.org\/{rel}","templated":true}]}}