{"id":7024,"date":"2021-09-03T19:15:22","date_gmt":"2021-09-03T17:15:22","guid":{"rendered":"http:\/\/blog.inmontanis.info\/?p=7024"},"modified":"2021-09-04T19:33:13","modified_gmt":"2021-09-04T17:33:13","slug":"gronsvik-kleivhalsen-3-9-2021","status":"publish","type":"post","link":"http:\/\/blog.inmontanis.info\/?p=7024","title":{"rendered":"Gr\u00f8nsvik \/ Kleivhalsen, 3.9.2021"},"content":{"rendered":"<p><strong>1.9.2021<\/strong><\/p>\n<p>In Levang morgens am Hafen angekommen, war das ausgeschilderte WC verschlossen, also dann doch mit der F\u00e4hre fahren vor der Arbeit? Lt. Fahrplaninfo an der Rampe stand, dass um &#8220;ca. 7.40&#8221; die F\u00e4hre fahren w\u00fcrde &#8211; auch die anderen Abfahrtszeiten entsprachen dem &#8220;alten&#8221; Fahrplan. Lt. Internet g\u00e4be es aber seit gestern Nachmittag einen komplett anderen Fahrplan, weil da zwei Routen zusammmengelegt wurden; wenn der stimmt, w\u00fcrden die ca-Angaben der alten Abfahrtszeiten aber so gar nicht stimmen.<\/p>\n<p>Um 7:40 war dann auch nix zu sehen von der F\u00e4hre. Warum kann man dann die Abfahrtszeiten am Display nicht korrigieren?<\/p>\n<p>Die wartenden Autofahrer wussten wohl auch nicht Bescheid, der ansonsten mit der F\u00e4hre getaktete Bus fuhr um 7:45 wieder ab, die Fu\u00dfg\u00e4nger wollten in den Warteraum gehen (dort, wo das WC an der Stra\u00dfe und am Haus ausgeschildert, aber ja abgeschlossen ist) &#8211; also ein ziemliches Chaos. <\/p>\n<p>Um 7:50 wurde der Warteraum aufgesperrt und ich von meinem Parkplatz davor vertrieben, das sei Privatgrund, man d\u00fcrfe hier nicht stehen. Steht aber nat\u00fcrlich kein Schild und ja davor das Stra\u00dfenschild &#8220;WC rechts&#8221; &#8230;<\/p>\n<p>Die F\u00e4hre kam dann jedenfalls gegen 8:20, Abfahrt lt. neuem Plan sollte 8:25 sein. Ein Radfahrer und ein LKW kamen kurz nach der Abfahrt der n\u00e4chsten F\u00e4hre um 9.25-9.30 an; lt. neuem Fahrplan f\u00e4hrt die n\u00e4chste aber erst um 11.25, die dazwischen wurde gestrichen &#8211; da haben die wohl Pech gehabt.<\/p>\n<p><a href='http:\/\/extra.inmontanis.info\/d\/67835-2\/DSC05232.jpg'><img src=http:\/\/extra.inmontanis.info\/d\/67834-3\/DSC05232.jpg \/><\/a><br \/>\n^ Regenbogen am Hafen von Levang<\/p>\n<p><a href='http:\/\/extra.inmontanis.info\/d\/67839-2\/DSC05233.jpg'><img src=http:\/\/extra.inmontanis.info\/d\/67838-3\/DSC05233.jpg \/><\/a><br \/>\n^ F\u00e4hre Levang-Nesna<\/p>\n<p><a href='http:\/\/extra.inmontanis.info\/d\/67843-2\/DSC05235.jpg'><img src=http:\/\/extra.inmontanis.info\/d\/67842-3\/DSC05235.jpg \/><\/a><br \/>\n^ F\u00e4hre Levang-Nesna<\/p>\n<p><a href='http:\/\/extra.inmontanis.info\/d\/67847-2\/DSC05236.jpg'><img src=http:\/\/extra.inmontanis.info\/d\/67846-3\/DSC05236.jpg \/><\/a><br \/>\n^ F\u00e4hre Levang-Nesna<\/p>\n<p>Am anderen Hafen gab es eine Tankstelle und da ich in den n\u00e4chsten Tagen wohl keine haben werde, kaufte ich mir nochmal ein Hot-Dog. Im Supermarkt nahm ich mir heute mal so eine g\u00fcnstige First-Price-Tiefk\u00fchl-Pizza Schinken\/Paprika um ca. 1,7-1,80 \u20ac mit. <\/p>\n<p><a href='http:\/\/extra.inmontanis.info\/d\/67851-2\/DSC05238.jpg'><img src=http:\/\/extra.inmontanis.info\/d\/67850-3\/DSC05238.jpg \/><\/a><br \/>\n^ Kirche bei Nesna. Kirchenliebhaber haben in Norwegen genug Material.<\/p>\n<p>Den folgenden Parkplatz hatte ich auch anders in Erinnerung. Erinnerung: Gr\u00f6\u00dferer Rastplatz, ggf. ohne WC, aber ohne Bewuchs und mit breiterer Aussicht, dazu die Stra\u00dfe ansteigend mit gleich kommender Kurve nach rechts. Muss also mal wieder anderswo sein, obwohl ich mir diesen Stra\u00dfenbereich sogar mit einem &#8220;P&#8221; markiert hatte im Atlas, vor etlichen Jahren. Da es aber hier ein Plumpsklo gibt (wennn auch ohne Wasser) und etwas 4G-Empfang blieb ich trotz der Schr\u00e4glage und eher kleinen Fl\u00e4che halt doch stehen. <\/p>\n<p><a href='http:\/\/extra.inmontanis.info\/d\/67855-2\/DSC05242.jpg'><img src=http:\/\/extra.inmontanis.info\/d\/67854-3\/DSC05242.jpg \/><\/a><br \/>\n^ Rastplatz an der 17 n\u00f6rdlich von Nesna<\/p>\n<p><a href='http:\/\/extra.inmontanis.info\/d\/67859-2\/DSC05243.jpg'><img src=http:\/\/extra.inmontanis.info\/d\/67858-3\/DSC05243.jpg \/><\/a><br \/>\n^ Daf\u00fcr, dass es so bedeckt ist, ist es gar nicht mal so farblos heute.<\/p>\n<p>Ein sp\u00e4terer Blick auf meinen alten Bericht von 2015: Der sch\u00f6ne Aussichtspunkt und das damals schon besuchte K\u00fcstenfort sind noch ein kleines bisschen weiter n\u00f6rdlich. 52km. Na, dann \u00fcbernachte ich halt morgen oder \u00fcbermorgen dort. Freitag\/Samstag soll es auch wieder etwas mehr Sonne und weniger Regen geben. WC gibts dort allerdings keines (auf dem Weg dorthin daf\u00fcr 2, danach bis zur n\u00e4chsten F\u00e4hre wiederum keines.)<\/p>\n<p>Wie bekannt, kam wieder der Pizzakarton wie ein Dach aufgesstellt \u00fcber die Pfanne, damit sich die Pizza auch von oben her besser erw\u00e4rmt. Knapp 10 Ah sp\u00e4ter (bei eingestellter Heizleistung von 400W) war der K\u00e4se oben f\u00fcr mich gut genug zerlaufen und der Boden durch die Pfanne sowieso sehr knusprig.<\/p>\n<p>Geschmacklich nat\u00fcrlich nicht so der Hammer, Paprika hat man auch kaum gesp\u00fcrt (etwas mehr Paprika und weniger Schinken\/Tomaten w\u00e4re besser gewesen), aber ein bisschen Pesto Genovese drauf, dann war sie leckerer.<\/p>\n<p><a href='http:\/\/extra.inmontanis.info\/d\/67863-2\/DSC05245.jpg'><img src=http:\/\/extra.inmontanis.info\/d\/67862-3\/DSC05245.jpg \/><\/a><br \/>\n^ Heute mal die g\u00fcnstige TK-Pizza um die ca. 1,70 \u20ac gekauft. Wie \u00fcblich dient der Deckel dazu, dass auch von oben Hitze auf die Pizza kommt<\/p>\n<p><a href='http:\/\/extra.inmontanis.info\/d\/67867-2\/DSC05248.jpg'><img src=http:\/\/extra.inmontanis.info\/d\/67866-3\/DSC05248.jpg \/><\/a><br \/>\n^ Dicker Boden und f\u00fcr norwegische Verh\u00e4ltnisse wohl etwas klein im Vgl. zu den anderen Markenpizzen (die aber ja \u00fcber 5 \u20ac kosten), aber ganz OK. Mit Pesto Genovese sp\u00e4ter noch etwas besser.<\/p>\n<p><a href='http:\/\/extra.inmontanis.info\/d\/67871-2\/DSC05249.jpg'><img src=http:\/\/extra.inmontanis.info\/d\/67870-3\/DSC05249.jpg \/><\/a><br \/>\n^ Fjord-Meer-Blick aus dem Fenster zwar an sich nicht schlecht, aber das Wetter war halt nicht so toll.<\/p>\n<p><strong>2.9.2021<\/strong><\/p>\n<p>Morgens\/vormittags Dauerregen und teils durchaus stark. Da will man noch nicht mal zu dem unbeheizten WC r\u00fcber gehen &#8230; Bissl Standheizung, die beheizten Socken und testweise mal die Stoff-Handschuhe vorm Computer angezogen. Und mal das dickere Polo-Shirt statt dem d\u00fcnnen Hemd, plus Sommerski\/regenj\u00e4ckchen. Die lang\u00e4rmligen Shirts will ich aber noch nicht raustun. Man braucht ja auch noch was f\u00fcr etwas k\u00e4ltere Tage ;-)<\/p>\n<p><a href='http:\/\/extra.inmontanis.info\/d\/67875-2\/DSC05253.jpg'><img src=http:\/\/extra.inmontanis.info\/d\/67874-3\/DSC05253.jpg \/><\/a><br \/>\n^ Evtl. alte Stra\u00dfenbr\u00fccke, bevor der Tunnel rechts gebaut wurde?<\/p>\n<p>Mittags kurze Regenpause, nach dem Supermarktbesuch aber wieder mehr Regen. Fuhr noch bis zum n\u00e4chsten Rastplatz, der diesmal eine sch\u00f6nere Toilette hatte, daf\u00fcr L\u00e4ngsparkpl\u00e4tze hintereinander, also weniger sch\u00f6n zum schlafen, aber warum sollte man bei schlechtem Wetter und so geringer Sicht noch all zu lang weiterfahren. <\/p>\n<p><strong>3.9.2021<\/strong><\/p>\n<p><a href='http:\/\/extra.inmontanis.info\/d\/67879-2\/DSC05258.jpg'><img src=http:\/\/extra.inmontanis.info\/d\/67878-3\/DSC05258.jpg \/><\/a><br \/>\n^ Besonders gestyltes Rastplatz-WC .. naja, zugig und kalt, T\u00fcre komisch\/schwierig zu \u00f6ffnen, .. immerhin warmes Wasser, das nutzte ich f\u00fcr ein bisschen W\u00e4sche waschen.<\/p>\n<p>Eine Treppe ging links runter zum Fjord, die bin ich gestern noch gegangen, um nicht den ganzen Tag im Auto zu sitzen.<\/p>\n<p>Heute nur 17 km Autofahrt zu dem einen Parkplatz mit der sch\u00f6nen Aussicht. Ich stand mich gleich so hin, dass mir die Aussicht nicht verstellt werden k\u00f6nnte und ging zu Fu\u00df die paar hundert Meter zum Fort zur\u00fcck, das ich ja auch schon 2015 besuchte.<\/p>\n<p><a href='http:\/\/extra.inmontanis.info\/d\/67883-2\/DSC05260.jpg'><img src=http:\/\/extra.inmontanis.info\/d\/67882-3\/DSC05260.jpg \/><\/a><br \/>\n^ Regenbogen<\/p>\n<p><a href='http:\/\/extra.inmontanis.info\/d\/67887-2\/DSC05263.jpg'><img src=http:\/\/extra.inmontanis.info\/d\/67886-3\/DSC05263.jpg \/><\/a><br \/>\n^ Nochmal ein kleiner Regenbogen<\/p>\n<p><a href='http:\/\/extra.inmontanis.info\/d\/67891-2\/DSC05265.jpg'><img src=http:\/\/extra.inmontanis.info\/d\/67890-3\/DSC05265.jpg \/><\/a><br \/>\n^ Geh\u00f6rt das schon zum Gr\u00f8nsvik Fort?<\/p>\n<p><a href='http:\/\/extra.inmontanis.info\/d\/67895-2\/DSC05266.jpg'><img src=http:\/\/extra.inmontanis.info\/d\/67894-3\/DSC05266.jpg \/><\/a><br \/>\n^ .. ich werte das mal als Ja.<\/p>\n<p><a href='http:\/\/extra.inmontanis.info\/d\/67899-2\/DSC05267.jpg'><img src=http:\/\/extra.inmontanis.info\/d\/67898-3\/DSC05267.jpg \/><\/a><br \/>\n^ <\/p>\n<p><a href='http:\/\/extra.inmontanis.info\/d\/67903-2\/DSC05269.jpg'><img src=http:\/\/extra.inmontanis.info\/d\/67902-3\/DSC05269.jpg \/><\/a><br \/>\n^ Wird irgendwann zur Tropfsteinh\u00f6hle werden hier<\/p>\n<p><a href='http:\/\/extra.inmontanis.info\/d\/67907-2\/DSC05273.jpg'><img src=http:\/\/extra.inmontanis.info\/d\/67906-3\/DSC05273.jpg \/><\/a><br \/>\n^ <\/p>\n<p><a href='http:\/\/extra.inmontanis.info\/d\/67911-2\/DSC05278.jpg'><img src=http:\/\/extra.inmontanis.info\/d\/67910-3\/DSC05278.jpg \/><\/a><br \/>\n^ <\/p>\n<p><a href='http:\/\/extra.inmontanis.info\/d\/67915-2\/DSC05279.jpg'><img src=http:\/\/extra.inmontanis.info\/d\/67914-3\/DSC05279.jpg \/><\/a><br \/>\n^ Unter Wasser<\/p>\n<p><a href='http:\/\/extra.inmontanis.info\/d\/67919-2\/DSC05284.jpg'><img src=http:\/\/extra.inmontanis.info\/d\/67918-3\/DSC05284.jpg \/><\/a><br \/>\n^ <\/p>\n<p><a href='http:\/\/extra.inmontanis.info\/d\/67923-2\/DSC05287.jpg'><img src=http:\/\/extra.inmontanis.info\/d\/67922-3\/DSC05287.jpg \/><\/a><br \/>\n^ <\/p>\n<p><a href='http:\/\/extra.inmontanis.info\/d\/67927-2\/DSC05289.jpg'><img src=http:\/\/extra.inmontanis.info\/d\/67926-3\/DSC05289.jpg \/><\/a><br \/>\n^ Einige Eing\u00e4nge bin ich nicht rein, weil mir die Zug\u00e4nge zu nass waren; einige hab ich nicht fotografiert, die ich letztes Mal schon dokumentiert hatte. Gibt also mehr zu sehen, als das, was ich heute fotografiert hatte!<\/p>\n<p><a href='http:\/\/extra.inmontanis.info\/d\/67931-2\/DSC05291.jpg'><img src=http:\/\/extra.inmontanis.info\/d\/67930-3\/DSC05291.jpg \/><\/a><br \/>\n^ <\/p>\n<p><a href='http:\/\/extra.inmontanis.info\/d\/67935-2\/DSC05293.jpg'><img src=http:\/\/extra.inmontanis.info\/d\/67934-3\/DSC05293.jpg \/><\/a><br \/>\n^ <\/p>\n<p><a href='http:\/\/extra.inmontanis.info\/d\/67939-2\/DSC05294.jpg'><img src=http:\/\/extra.inmontanis.info\/d\/67938-3\/DSC05294.jpg \/><\/a><br \/>\n^ <\/p>\n<p><a href='http:\/\/extra.inmontanis.info\/d\/67943-2\/DSC05295.jpg'><img src=http:\/\/extra.inmontanis.info\/d\/67942-3\/DSC05295.jpg \/><\/a><br \/>\n^ <\/p>\n<p><a href='http:\/\/extra.inmontanis.info\/d\/67947-2\/DSC05296.jpg'><img src=http:\/\/extra.inmontanis.info\/d\/67946-3\/DSC05296.jpg \/><\/a><br \/>\n^ <\/p>\n<p><a href='http:\/\/extra.inmontanis.info\/d\/67951-2\/DSC05297.jpg'><img src=http:\/\/extra.inmontanis.info\/d\/67950-3\/DSC05297.jpg \/><\/a><br \/>\n^ Santit\u00e4tsbunker (wurde aber nicht fertig gestellt)<\/p>\n<p><a href='http:\/\/extra.inmontanis.info\/d\/67955-2\/DSC05299.jpg'><img src=http:\/\/extra.inmontanis.info\/d\/67954-3\/DSC05299.jpg \/><\/a><br \/>\n^ Santit\u00e4tsbunker<\/p>\n<p><a href='http:\/\/extra.inmontanis.info\/d\/67959-2\/DSC05300.jpg'><img src=http:\/\/extra.inmontanis.info\/d\/67958-3\/DSC05300.jpg \/><\/a><br \/>\n^ Santit\u00e4tsbunker, unbeleuchtet<\/p>\n<p><a href='http:\/\/extra.inmontanis.info\/d\/67963-2\/DSC05301.jpg'><img src=http:\/\/extra.inmontanis.info\/d\/67962-3\/DSC05301.jpg \/><\/a><br \/>\n^ Da hofft man, dass keiner kommt und die T\u00fcre schlie\u00dft. Wobei der Sanit\u00e4tsbunker ja 2 Zug\u00e4nge hat.<\/p>\n<p><a href='http:\/\/extra.inmontanis.info\/d\/67967-2\/DSC05305.jpg'><img src=http:\/\/extra.inmontanis.info\/d\/67966-3\/DSC05305.jpg \/><\/a><br \/>\n^ <\/p>\n<p><a href='http:\/\/extra.inmontanis.info\/d\/67971-2\/DSC05306.jpg'><img src=http:\/\/extra.inmontanis.info\/d\/67970-3\/DSC05306.jpg \/><\/a><br \/>\n^ <\/p>\n<p><a href='http:\/\/extra.inmontanis.info\/d\/67975-2\/DSC05309.jpg'><img src=http:\/\/extra.inmontanis.info\/d\/67974-3\/DSC05309.jpg \/><\/a><br \/>\n^ <\/p>\n<p><a href='http:\/\/extra.inmontanis.info\/d\/67979-2\/DSC05310.jpg'><img src=http:\/\/extra.inmontanis.info\/d\/67978-3\/DSC05310.jpg \/><\/a><br \/>\n^ <\/p>\n<p><a href='http:\/\/extra.inmontanis.info\/d\/67983-2\/DSC05311.jpg'><img src=http:\/\/extra.inmontanis.info\/d\/67982-3\/DSC05311.jpg \/><\/a><br \/>\n^ Es g\u00e4be auch noch ein Museum samt Caf\u00e9, hatte aber nicht offen<\/p>\n<p><a href='http:\/\/extra.inmontanis.info\/d\/67987-2\/DSC05312.jpg'><img src=http:\/\/extra.inmontanis.info\/d\/67986-3\/DSC05312.jpg \/><\/a><br \/>\n^ Was schwimmt denn da gr\u00fcnes, Algen?<\/p>\n<p><a href='http:\/\/extra.inmontanis.info\/d\/67991-2\/DSC05313.jpg'><img src=http:\/\/extra.inmontanis.info\/d\/67990-3\/DSC05313.jpg \/><\/a><br \/>\n^ <\/p>\n<p><a href='http:\/\/extra.inmontanis.info\/d\/67995-2\/DSC05314.jpg'><img src=http:\/\/extra.inmontanis.info\/d\/67994-3\/DSC05314.jpg \/><\/a><br \/>\n^ <\/p>\n<p><a href='http:\/\/extra.inmontanis.info\/d\/67999-2\/DSC05315.jpg'><img src=http:\/\/extra.inmontanis.info\/d\/67998-3\/DSC05315.jpg \/><\/a><br \/>\n^ Infotafel<\/p>\n<p><a href='http:\/\/extra.inmontanis.info\/d\/68003-2\/DSC05316.jpg'><img src=http:\/\/extra.inmontanis.info\/d\/68002-3\/DSC05316.jpg \/><\/a><br \/>\n^ Infotafel, von der spanisch-franz\u00f6sischen Grenze bauten die Deutschen also eine Kette solcher Verteidigungsanlagen an den K\u00fcsten, davon waren 20% in Norwegen<\/p>\n<p><a href='http:\/\/extra.inmontanis.info\/d\/68007-2\/DSC05317.jpg'><img src=http:\/\/extra.inmontanis.info\/d\/68006-3\/DSC05317.jpg \/><\/a><br \/>\n^ <\/p>\n<p><a href='http:\/\/extra.inmontanis.info\/d\/68011-2\/DSC05318.jpg'><img src=http:\/\/extra.inmontanis.info\/d\/68010-3\/DSC05318.jpg \/><\/a><br \/>\n^ <\/p>\n<p><a href='http:\/\/extra.inmontanis.info\/d\/68015-2\/DSC05319.jpg'><img src=http:\/\/extra.inmontanis.info\/d\/68014-3\/DSC05319.jpg \/><\/a><br \/>\n^ <\/p>\n<p><a href='http:\/\/extra.inmontanis.info\/d\/68019-2\/DSC05321.jpg'><img src=http:\/\/extra.inmontanis.info\/d\/68018-3\/DSC05321.jpg \/><\/a><br \/>\n^ <\/p>\n<p><a href='http:\/\/extra.inmontanis.info\/d\/68023-2\/DSC05323.jpg'><img src=http:\/\/extra.inmontanis.info\/d\/68022-3\/DSC05323.jpg \/><\/a><br \/>\n^ <\/p>\n<p><a href='http:\/\/extra.inmontanis.info\/d\/68027-2\/DSC05325.jpg'><img src=http:\/\/extra.inmontanis.info\/d\/68026-3\/DSC05325.jpg \/><\/a><br \/>\n^ <\/p>\n<p><a href='http:\/\/extra.inmontanis.info\/d\/68031-2\/DSC05326.jpg'><img src=http:\/\/extra.inmontanis.info\/d\/68030-3\/DSC05326.jpg \/><\/a><br \/>\n^ Der Zugang war mir heute zu nass<\/p>\n<p><a href='http:\/\/extra.inmontanis.info\/d\/68035-2\/DSC05328.jpg'><img src=http:\/\/extra.inmontanis.info\/d\/68034-3\/DSC05328.jpg \/><\/a><br \/>\n^ Ausblick von etwas oberhalb<\/p>\n<p><a href='http:\/\/extra.inmontanis.info\/d\/68039-2\/DSC05331.jpg'><img src=http:\/\/extra.inmontanis.info\/d\/68038-3\/DSC05331.jpg \/><\/a><br \/>\n^ Ausblick von etwas oberhalb Gr\u00f8nsvik<\/p>\n<p><a href='http:\/\/extra.inmontanis.info\/d\/68043-2\/DSC05332.jpg'><img src=http:\/\/extra.inmontanis.info\/d\/68042-3\/DSC05332.jpg \/><\/a><br \/>\n^ Hier waren etliche solche Drahtreste zu finden, die anscheinend kreuz und quer mal gespannt waren, nur wozu?<\/p>\n<p><a href='http:\/\/extra.inmontanis.info\/d\/68047-2\/DSC05334.jpg'><img src=http:\/\/extra.inmontanis.info\/d\/68046-3\/DSC05334.jpg \/><\/a><br \/>\n^ Infotafel Kleivhalsen. 14.000 Inseln entlang der Helgeland-K\u00fcste<\/p>\n<p><a href='http:\/\/extra.inmontanis.info\/d\/68055-2\/DSC05337.jpg'><img src=http:\/\/extra.inmontanis.info\/d\/68054-3\/DSC05337.jpg \/><\/a><br \/>\n^ Kleivhalsen-Pano<\/p>\n<p><a href='http:\/\/extra.inmontanis.info\/d\/68059-2\/DSC05338.jpg'><img src=http:\/\/extra.inmontanis.info\/d\/68058-3\/DSC05338.jpg \/><\/a><br \/>\n^ Kleivhalsen-Pano<\/p>\n<p><a href='http:\/\/extra.inmontanis.info\/d\/68063-2\/DSC05340.jpg'><img src=http:\/\/extra.inmontanis.info\/d\/68062-3\/DSC05340.jpg \/><\/a><br \/>\n^ Kleivhalsen Rastplatz. War um 16:56 leerer als erwartet, nachts aber doch noch recht voll<\/p>\n<p><a href='http:\/\/extra.inmontanis.info\/d\/68067-2\/DSC05345.jpg'><img src=http:\/\/extra.inmontanis.info\/d\/68066-3\/DSC05345.jpg \/><\/a><br \/>\n^ Zum Sonnenuntergang wurde es wieder wolkiger, was schade war, da heute Nacht etwas st\u00e4rkere Nordlichtaktivit\u00e4t gemeldet w\u00e4re.<\/p>\n","protected":false},"excerpt":{"rendered":"<p>1.9.2021<\/p>\n<p>In Levang morgens am Hafen angekommen, war das ausgeschilderte WC verschlossen, also dann doch mit der F\u00e4hre fahren vor der Arbeit? Lt. Fahrplaninfo an der Rampe stand, dass um &#8220;ca. 7.40&#8221; die F\u00e4hre fahren w\u00fcrde &#8211; auch die anderen Abfahrtszeiten entsprachen dem &#8220;alten&#8221; Fahrplan. Lt. Internet g\u00e4be es aber seit gestern Nachmittag einen komplett <a href=\"http:\/\/blog.inmontanis.info\/?p=7024\">[&#8230;]<\/a><\/p>\n","protected":false},"author":1,"featured_media":7026,"comment_status":"closed","ping_status":"closed","sticky":false,"template":"","format":"standard","meta":{"footnotes":""},"categories":[185,18,59,32,30],"tags":[51,37,45],"class_list":["post-7024","post","type-post","status-publish","format-standard","has-post-thumbnail","hentry","category-2021-08-skandinavien","category-norwegennorway","category-nostalgie","category-lostplaces","category-wandern","tag-architektur","tag-meer","tag-see","odd"],"_links":{"self":[{"href":"http:\/\/blog.inmontanis.info\/index.php?rest_route=\/wp\/v2\/posts\/7024","targetHints":{"allow":["GET"]}}],"collection":[{"href":"http:\/\/blog.inmontanis.info\/index.php?rest_route=\/wp\/v2\/posts"}],"about":[{"href":"http:\/\/blog.inmontanis.info\/index.php?rest_route=\/wp\/v2\/types\/post"}],"author":[{"embeddable":true,"href":"http:\/\/blog.inmontanis.info\/index.php?rest_route=\/wp\/v2\/users\/1"}],"replies":[{"embeddable":true,"href":"http:\/\/blog.inmontanis.info\/index.php?rest_route=%2Fwp%2Fv2%2Fcomments&post=7024"}],"version-history":[{"count":2,"href":"http:\/\/blog.inmontanis.info\/index.php?rest_route=\/wp\/v2\/posts\/7024\/revisions"}],"predecessor-version":[{"id":7027,"href":"http:\/\/blog.inmontanis.info\/index.php?rest_route=\/wp\/v2\/posts\/7024\/revisions\/7027"}],"wp:featuredmedia":[{"embeddable":true,"href":"http:\/\/blog.inmontanis.info\/index.php?rest_route=\/wp\/v2\/media\/7026"}],"wp:attachment":[{"href":"http:\/\/blog.inmontanis.info\/index.php?rest_route=%2Fwp%2Fv2%2Fmedia&parent=7024"}],"wp:term":[{"taxonomy":"category","embeddable":true,"href":"http:\/\/blog.inmontanis.info\/index.php?rest_route=%2Fwp%2Fv2%2Fcategories&post=7024"},{"taxonomy":"post_tag","embeddable":true,"href":"http:\/\/blog.inmontanis.info\/index.php?rest_route=%2Fwp%2Fv2%2Ftags&post=7024"}],"curies":[{"name":"wp","href":"https:\/\/api.w.org\/{rel}","templated":true}]}}