{"id":7019,"date":"2021-08-31T17:22:20","date_gmt":"2021-08-31T15:22:20","guid":{"rendered":"http:\/\/blog.inmontanis.info\/?p=7019"},"modified":"2021-09-02T17:36:18","modified_gmt":"2021-09-02T15:36:18","slug":"vettfjellet-30-8-2021-helgelandsbrua-31-8-2021","status":"publish","type":"post","link":"http:\/\/blog.inmontanis.info\/?p=7019","title":{"rendered":"Vettfjellet, 30.8.2021 + Helgelandsbrua, 31.8.2021"},"content":{"rendered":"<p><strong>30.8.2021<\/strong><\/p>\n<p>Heutiges bescheidenes Soll? Ca. 20 km weiter nach Norden fahren + 200-300hm auf einen H\u00fcgel steigen.<\/p>\n<p>Die 7 Grazien zeigten sich verschleiert (vom S\u00fcden aber mehr als vom Norden), aber mit um 1000 m w\u00e4re mir eine Besteigung einer der 7 Schwestern ja eh zu viel, da nehm ich lieber einen der beiden kleinen Vorh\u00fcgel.<\/p>\n<p>Obwohl es gestern f\u00fcr heute noch trocken gemeldet wurde, nieselte es bereits vormittags hin und wieder. Die n\u00e4chsten Tage war aber tendenziell mehr Regen angek\u00fcndigt. Die sp\u00e4tere Wanderung verlief trocken.<\/p>\n<p>Am Parkplatz angekommen war aber doch nur der Weg zum\/zur Stortind angeschrieben, der Weg zu den Vorgipfeln sollte der Stra\u00dfe weiter folgen (und dann abzweigen), diese ist aber mit einem (Vieh?) Gatter versperrt und da ja keine Wanderschilder da standen, war mir nicht klar, ob man da nun reind\u00fcrfte oder nicht ..<\/p>\n<p>Also erst nochmal etwas im Web suchen und eine Seite gefunden, wo das als Tour drin steht. Und da gibt&#8217;s auch eine Tour von S\u00fcden aus rauf, unnmarkiert mit dem Startpunkt: an der alten Seilbahnstation!!<\/p>\n<p>Bei der Suche danach fand ich dann die Seilbahn auf Vega, wo ich h\u00e4tte gestern vorbei schauen k\u00f6nnen. <\/p>\n<p><a href='http:\/\/extra.inmontanis.info\/d\/67687-2\/DSC05139.jpg'><img src=http:\/\/extra.inmontanis.info\/d\/67686-3\/DSC05139.jpg \/><\/a><br \/>\n^ Keine Ahnung, warum ich mir so eine Tube Erdbeermarmelade bzw. -konfit\u00fcre nicht schon mal in Schweden gekauft hab ..<\/p>\n<p><a href='http:\/\/extra.inmontanis.info\/d\/67691-2\/DSC05143.jpg'><img src=http:\/\/extra.inmontanis.info\/d\/67690-3\/DSC05143.jpg \/><\/a><br \/>\n^ Stortind, dem Meer n\u00e4hesten Gipfel der Sieben Schwestern, die mir mit ca. 1000 hm aber allesamt zu viel w\u00e4ren. Und heute eh in Wolken sind.<\/p>\n<p><a href='http:\/\/extra.inmontanis.info\/d\/67695-2\/DSC05145.jpg'><img src=http:\/\/extra.inmontanis.info\/d\/67694-3\/DSC05145.jpg \/><\/a><br \/>\n^ Zum Vettfjellet m\u00fcsste ich diesen Weg gehen. Der Bauer\/Sch\u00e4fer kam zur gleichen Zeit, hat ein bisschen geschrien und dann kamen und &#8220;m\u00e4h&#8221;-ten die Schafe.<\/p>\n<p><a href='http:\/\/extra.inmontanis.info\/d\/67699-2\/DSC05146.jpg'><img src=http:\/\/extra.inmontanis.info\/d\/67698-3\/DSC05146.jpg \/><\/a><br \/>\n^ Abzweig zum Vettfjellet<\/p>\n<p><a href='http:\/\/extra.inmontanis.info\/d\/67703-2\/DSC05149.jpg'><img src=http:\/\/extra.inmontanis.info\/d\/67702-3\/DSC05149.jpg \/><\/a><br \/>\n^ Der Aufstieg ging dem roten Punkt nach meist auf den Felsen. Da bekommt man keine nassen Schuhe und so lang die Felsen trocken sind, rutscht man auch nicht.<\/p>\n<p><a href='http:\/\/extra.inmontanis.info\/d\/67707-2\/DSC05151.jpg'><img src=http:\/\/extra.inmontanis.info\/d\/67706-3\/DSC05151.jpg \/><\/a><br \/>\n^ Sieben Schwestern \/ Stortind<\/p>\n<p><a href='http:\/\/extra.inmontanis.info\/d\/67711-2\/DSC05153.jpg'><img src=http:\/\/extra.inmontanis.info\/d\/67710-3\/DSC05153.jpg \/><\/a><br \/>\n^ Es gab h\u00e4ufig so wei\u00dfe Adern im Fels, die zudem etwas hervor standen<\/p>\n<p><a href='http:\/\/extra.inmontanis.info\/d\/67715-2\/DSC05155.jpg'><img src=http:\/\/extra.inmontanis.info\/d\/67714-3\/DSC05155.jpg \/><\/a><br \/>\n^ Weiter geht der Aufstieg, denn ein Gipfel in Skandinavien ist ja bekanntlich meist noch nicht der  Gipfel, sondern ein Vor- oder Vor-Vor- oder Vor-Vor-Vor- oder Vor-Vor-Vor-Vor-&#8230;.gipfel.<\/p>\n<p><a href='http:\/\/extra.inmontanis.info\/d\/67719-2\/DSC05156.jpg'><img src=http:\/\/extra.inmontanis.info\/d\/67718-3\/DSC05156.jpg \/><\/a><br \/>\n^ <\/p>\n<p><a href='http:\/\/extra.inmontanis.info\/d\/67723-2\/DSC05157.jpg'><img src=http:\/\/extra.inmontanis.info\/d\/67722-3\/DSC05157.jpg \/><\/a><br \/>\n^ Wie Brotscheiben, das wei\u00dfe Zeug im Fels<\/p>\n<p><a href='http:\/\/extra.inmontanis.info\/d\/67727-2\/DSC05159.jpg'><img src=http:\/\/extra.inmontanis.info\/d\/67726-3\/DSC05159.jpg \/><\/a><br \/>\n^ Na klar, es gibt auch noch ein Plateau und dann endlich der finale Gipfelanstieg<\/p>\n<p><a href='http:\/\/extra.inmontanis.info\/d\/67731-2\/DSC05162.jpg'><img src=http:\/\/extra.inmontanis.info\/d\/67730-3\/DSC05162.jpg \/><\/a><br \/>\n^ R\u00fcckblick<\/p>\n<p><a href='http:\/\/extra.inmontanis.info\/d\/67735-2\/DSC05163.jpg'><img src=http:\/\/extra.inmontanis.info\/d\/67734-3\/DSC05163.jpg \/><\/a><br \/>\n^ Hm, der rechte oder der linke braune Pfad, welchen soll man gehen? Ah, weder noch: der rote Punkt ist links auf dem Fels. Ok, dann gehen wir halt den Fels hinauf.<\/p>\n<p><a href='http:\/\/extra.inmontanis.info\/d\/67739-2\/DSC05165.jpg'><img src=http:\/\/extra.inmontanis.info\/d\/67738-3\/DSC05165.jpg \/><\/a><br \/>\n^ Vettfjellet Gipfel mit Sendeanlage<\/p>\n<p><a href='http:\/\/extra.inmontanis.info\/d\/67743-2\/DSC05170.jpg'><img src=http:\/\/extra.inmontanis.info\/d\/67742-3\/DSC05170.jpg \/><\/a><br \/>\n^ Das Haus macht einen sehr alten Eindruck<\/p>\n<p><a href='http:\/\/extra.inmontanis.info\/d\/67747-2\/DSC05171.jpg'><img src=http:\/\/extra.inmontanis.info\/d\/67746-3\/DSC05171.jpg \/><\/a><br \/>\n^ Panorama zum Meer, rechts auch die Insel Vega zu sehen<\/p>\n<p><a href='http:\/\/extra.inmontanis.info\/d\/67751-2\/DSC05174.jpg'><img src=http:\/\/extra.inmontanis.info\/d\/67750-3\/DSC05174.jpg \/><\/a><br \/>\n^ Gegengesetzte Richtung, Blick zu den Sieben Schwestern bzw. Stortind<\/p>\n<p><a href='http:\/\/extra.inmontanis.info\/d\/67755-2\/DSC05175.jpg'><img src=http:\/\/extra.inmontanis.info\/d\/67754-3\/DSC05175.jpg \/><\/a><br \/>\n^ Einen See gibts hier auf dem Plateau auch<\/p>\n<p><a href='http:\/\/extra.inmontanis.info\/d\/67759-2\/DSC05177.jpg'><img src=http:\/\/extra.inmontanis.info\/d\/67758-3\/DSC05177.jpg \/><\/a><br \/>\n^ .. und ein Herz aus Stein<\/p>\n<p><a href='http:\/\/extra.inmontanis.info\/d\/67763-2\/DSC05179.jpg'><img src=http:\/\/extra.inmontanis.info\/d\/67762-3\/DSC05179.jpg \/><\/a><br \/>\n^ Gab einige schwierigere, steilere Stellen, die hier hinter dem \u00dcbergang geh\u00f6rt auch dazu, eine hohe ausgewaschene Stufe<\/p>\n<p><a href='http:\/\/extra.inmontanis.info\/d\/67831-2\/ge20210830a.jpg'><img src=http:\/\/extra.inmontanis.info\/d\/67830-3\/ge20210830a.jpg \/><\/a><br \/>\n^ GPS-Track der heutigen Wanderung<\/p>\n<p>Nach der Wanderung checkte ich noch Google Street View, was diese Seilbahn hier von der anderen Bergseite anging &#8211; und ja, irgendwelche Holzreste scheinen sich da hinter dem Zaun im Wald zu verstecken. Also dann halt die paar km nochmals retourgefahren &#8230;<\/p>\n<p><a href='http:\/\/extra.inmontanis.info\/d\/67767-2\/DSC05181.jpg'><img src=http:\/\/extra.inmontanis.info\/d\/67766-3\/DSC05181.jpg \/><\/a><br \/>\n^ Hm, hier soll also mal eine Seilbahn gestanden haben?<\/p>\n<p><a href='http:\/\/extra.inmontanis.info\/d\/67771-2\/DSC05183.jpg'><img src=http:\/\/extra.inmontanis.info\/d\/67770-3\/DSC05183.jpg \/><\/a><br \/>\n^ Ok, das k\u00f6nnte ja durchaus so eine Evakuierungsleiter von einer Seilbahn sein ..<\/p>\n<p><a href='http:\/\/extra.inmontanis.info\/d\/67775-2\/DSC05184.jpg'><img src=http:\/\/extra.inmontanis.info\/d\/67774-3\/DSC05184.jpg \/><\/a><br \/>\n^ Ok, und da liegt auch eine Rolle Stahlseil rum. Dann war da wohl doch mal eine Seilbahn. Was auch immer f\u00fcr eine Art..<\/p>\n<p><a href='http:\/\/extra.inmontanis.info\/d\/67779-2\/DSC05185.jpg'><img src=http:\/\/extra.inmontanis.info\/d\/67778-3\/DSC05185.jpg \/><\/a><br \/>\n^ <\/p>\n<p><a href='http:\/\/extra.inmontanis.info\/d\/67783-2\/DSC05187.jpg'><img src=http:\/\/extra.inmontanis.info\/d\/67782-3\/DSC05187.jpg \/><\/a><br \/>\n^ Na gut, das wird jetzt kein Fundament einer Seilbahnst\u00fctze gewesen sein, denk ich mal ..<\/p>\n<p><a href='http:\/\/extra.inmontanis.info\/d\/67787-2\/DSC05190.jpg'><img src=http:\/\/extra.inmontanis.info\/d\/67786-3\/DSC05190.jpg \/><\/a><br \/>\n^ Weiter hinauf ist alles sehr verwachsen; generell k\u00f6nnte die Richtung aber schon zu dem Gipfel von vorhin sein.<\/p>\n<p><a href='http:\/\/extra.inmontanis.info\/d\/67791-2\/DSC05201.jpg'><img src=http:\/\/extra.inmontanis.info\/d\/67790-3\/DSC05201.jpg \/><\/a><br \/>\n^ Noch ein paar weitere Fundamente<\/p>\n<p>Aus dem Text zur Beschreibung der Wanderung:<br \/>\n&#8220;Der Ausgangspunkt ist die \u00dcberreste der alten Seilbahn bis zur Verteidigungsanlage oben auf dem Vetfjellet.&#8221;  &#8211; Von einer Verteidigungsanlage hab ich ja au\u00dfer dem ggf. alten Haus, das f\u00fcr die Sendeanlage verwendet wird, auch nix gesehen ..<\/p>\n<p>Ansonsten hab ich im Web nix mehr zu dieser Seilbahn hier gefunden, daf\u00fcr fand ich ein Bild von einer weiteren Holzst\u00fctzen-Lorenseilbahn, anscheinend von einem Bergwerk in Folldal &#8211; schade, da war ich auf der heurigen Reise durchaus schonmal halbwegs in der N\u00e4he. Die Bahn ging n\u00e4mlich 34km nach R\u00f8ros und zumindest vor einigen Jahren gab es noch mindestens zwei Holzst\u00fctzen mit montiertem Seil und Lore und vielleicht gibts in dem Museum ja noch mehr zu sehen&#8230; wobei, k\u00f6nnte auch eine Replik und neue St\u00fctzen sein<\/p>\n<p>Noch was entdeckt: Romsdalsgondolen bei \u00c5ndalsnes, angeblich Norwegens l\u00e4ngste Seilbahn, wohl auch recht neu. In \u00c5ndalsnes bin ich heuer sogar schon vorbei gefahren, zuf\u00e4llig gesehen hab ich weder Schild noch Seilbahn. Gefahren w\u00e4re ich wegen Maskenpflicht und Preisen (45,- \u20ac H\/R?) aber ja eh nicht.<\/p>\n<p><a href='http:\/\/extra.inmontanis.info\/d\/67795-2\/DSC05203.jpg'><img src=http:\/\/extra.inmontanis.info\/d\/67794-3\/DSC05203.jpg \/><\/a><br \/>\n^ In der N\u00e4he gibts noch eine Skisprungschanze (Matten)<\/p>\n<p><a href='http:\/\/extra.inmontanis.info\/d\/67799-2\/DSC05205.jpg'><img src=http:\/\/extra.inmontanis.info\/d\/67798-3\/DSC05205.jpg \/><\/a><br \/>\n^ Der Bauer sammelte sein gem\u00e4htes Gras ein und hinten raus kamen dann diese Plastik-Gras-Ballen, die wohl auch mit viel Plastik umwickelt werden. Ohne Plastikm\u00fcll gehts also woh auch in der Landwirtschaft nicht mehr.<\/p>\n<p><strong>31.8.2021<\/strong><\/p>\n<p>Nachts weckte mich mal der Regen, besonders die ersten Tropfen waren hart und laut wie Hagel. Ansonsten hatte ich heute auch nicht viel vor, 15-20 km fahren, in Sandnessj\u00f8en einkaufen und wohl erst morgen die n\u00e4chste F\u00e4hre nehmen, wetterm\u00e4\u00dfig wird&#8217;s die n\u00e4chsten Tage wohl eh ziemlich sinnlos.<\/p>\n<p>Momentan auch etwas sparsamer mit dem Strom, um weniger fahren zu m\u00fcssen: Nachts derzeit keine Fu\u00dfheizung mehr (hat sonst ja auch gereicht bei 5-10\u00b0 nachts drau\u00dfen), morgens zum Aufstehen keine Standheizung, wenns nicht unbedingt sein muss &#8230;<\/p>\n<p><a href='http:\/\/extra.inmontanis.info\/d\/67803-2\/DSC05206.jpg'><img src=http:\/\/extra.inmontanis.info\/d\/67802-3\/DSC05206.jpg \/><\/a><br \/>\n^ Na endlich mal einen der guten Tankstellen-Hamburger heute, nat\u00fcrlich inkl. Bacon. (Allerdings auch Zwiebeln und Tomaten.)<\/p>\n<p><a href='http:\/\/extra.inmontanis.info\/d\/67807-2\/DSC05212.jpg'><img src=http:\/\/extra.inmontanis.info\/d\/67806-3\/DSC05212.jpg \/><\/a><br \/>\n^ Helgelandsbrua<\/p>\n<p><a href='http:\/\/extra.inmontanis.info\/d\/67811-2\/DSC05214.jpg'><img src=http:\/\/extra.inmontanis.info\/d\/67810-3\/DSC05214.jpg \/><\/a><br \/>\n^ Helgelandsbrua<\/p>\n<p><a href='http:\/\/extra.inmontanis.info\/d\/67815-2\/DSC05217.jpg'><img src=http:\/\/extra.inmontanis.info\/d\/67814-3\/DSC05217.jpg \/><\/a><br \/>\n^ Helgelandsbrua<\/p>\n<p><a href='http:\/\/extra.inmontanis.info\/d\/67819-2\/DSC05219.jpg'><img src=http:\/\/extra.inmontanis.info\/d\/67818-3\/DSC05219.jpg \/><\/a><br \/>\n^ Helgelandsbrua<\/p>\n<p><a href='http:\/\/extra.inmontanis.info\/d\/67823-2\/DSC05221.jpg'><img src=http:\/\/extra.inmontanis.info\/d\/67822-3\/DSC05221.jpg \/><\/a><br \/>\n^ Helgelandsbrua<\/p>\n<p><a href='http:\/\/extra.inmontanis.info\/d\/67827-2\/DSC05224.jpg'><img src=http:\/\/extra.inmontanis.info\/d\/67826-3\/DSC05224.jpg \/><\/a><br \/>\n^ Helgelandsbrua<\/p>\n","protected":false},"excerpt":{"rendered":"<p>30.8.2021<\/p>\n<p>Heutiges bescheidenes Soll? Ca. 20 km weiter nach Norden fahren + 200-300hm auf einen H\u00fcgel steigen.<\/p>\n<p>Die 7 Grazien zeigten sich verschleiert (vom S\u00fcden aber mehr als vom Norden), aber mit um 1000 m w\u00e4re mir eine Besteigung einer der 7 Schwestern ja eh zu viel, da nehm ich lieber einen der beiden kleinen <a href=\"http:\/\/blog.inmontanis.info\/?p=7019\">[&#8230;]<\/a><\/p>\n","protected":false},"author":1,"featured_media":7023,"comment_status":"closed","ping_status":"closed","sticky":false,"template":"","format":"standard","meta":{"footnotes":""},"categories":[185,18,32,30],"tags":[37,45],"class_list":["post-7019","post","type-post","status-publish","format-standard","has-post-thumbnail","hentry","category-2021-08-skandinavien","category-norwegennorway","category-lostplaces","category-wandern","tag-meer","tag-see","odd"],"_links":{"self":[{"href":"http:\/\/blog.inmontanis.info\/index.php?rest_route=\/wp\/v2\/posts\/7019","targetHints":{"allow":["GET"]}}],"collection":[{"href":"http:\/\/blog.inmontanis.info\/index.php?rest_route=\/wp\/v2\/posts"}],"about":[{"href":"http:\/\/blog.inmontanis.info\/index.php?rest_route=\/wp\/v2\/types\/post"}],"author":[{"embeddable":true,"href":"http:\/\/blog.inmontanis.info\/index.php?rest_route=\/wp\/v2\/users\/1"}],"replies":[{"embeddable":true,"href":"http:\/\/blog.inmontanis.info\/index.php?rest_route=%2Fwp%2Fv2%2Fcomments&post=7019"}],"version-history":[{"count":3,"href":"http:\/\/blog.inmontanis.info\/index.php?rest_route=\/wp\/v2\/posts\/7019\/revisions"}],"predecessor-version":[{"id":7022,"href":"http:\/\/blog.inmontanis.info\/index.php?rest_route=\/wp\/v2\/posts\/7019\/revisions\/7022"}],"wp:featuredmedia":[{"embeddable":true,"href":"http:\/\/blog.inmontanis.info\/index.php?rest_route=\/wp\/v2\/media\/7023"}],"wp:attachment":[{"href":"http:\/\/blog.inmontanis.info\/index.php?rest_route=%2Fwp%2Fv2%2Fmedia&parent=7019"}],"wp:term":[{"taxonomy":"category","embeddable":true,"href":"http:\/\/blog.inmontanis.info\/index.php?rest_route=%2Fwp%2Fv2%2Fcategories&post=7019"},{"taxonomy":"post_tag","embeddable":true,"href":"http:\/\/blog.inmontanis.info\/index.php?rest_route=%2Fwp%2Fv2%2Ftags&post=7019"}],"curies":[{"name":"wp","href":"https:\/\/api.w.org\/{rel}","templated":true}]}}