{"id":7015,"date":"2021-08-29T15:40:15","date_gmt":"2021-08-29T13:40:15","guid":{"rendered":"http:\/\/blog.inmontanis.info\/?p=7015"},"modified":"2021-09-01T16:25:14","modified_gmt":"2021-09-01T14:25:14","slug":"vega-28-29-8-2021-treppe-1364-stufen","status":"publish","type":"post","link":"http:\/\/blog.inmontanis.info\/?p=7015","title":{"rendered":"Vega, 28.+29.8.2021 \/ Treppe 1364 Stufen"},"content":{"rendered":"<p><strong>28.8.2021<\/strong> (Teil 2: Vega mit Vega-Treppe)<\/p>\n<p>Im Schiffsrestaurant\/Kiosk kaufte ich gleich ein Hotdog und eine Braunk\u00e4sewaffel, Abstandhalten war hier ein Fremdwort, die Deutschen hinter mir waren so nah, dass nicht mal mein Ruckksack vern\u00fcnftig dazwischenpasste. Und niesen musste der dann auch noch.<\/p>\n<p>Ich verlange zwar eine R\u00fcckkehr zur Normalit\u00e4t, aber wenn einer so nah hinter mir ist, dass ich mich mit meinem Rucksack nicht frei drehen kann, das hat mich schon vor Corona gest\u00f6rt und das muss momentan erst recht nicht sein, solang man bei jedem Schnupfen am besten in Quarant\u00e4ne sollte.<\/p>\n<p>Auf Vega gings dann zur Treppe. Die Wohnwagen m\u00fcssen auf einem kostenpflichtigen Parkplatz parken (und wohl nur mit dem norwegischen Handy-Bezahlsystem zahlen), PKWs parken gratis ein St\u00fcck weiter hinten &#8211; und da steht auch nix von wegen \u00dcbernachtungsverbot. Gezeltet haben sp\u00e4ter auch einige, WC gabs auch, alles kostenlos, auch die Treppe, obwohl ich f\u00fcr die schon was gezahlt h\u00e4tte, wenn&#8217;s h\u00e4tte sein m\u00fcssen. <\/p>\n<p>Leider sind die Gel\u00e4nder nicht sauber geschliffen, hab mir einen Holzsplitter in den Finger geholt.<\/p>\n<p>Irgendwo hab ich was von 2000 Stufen oder 450hm gelesen, waren dann aber nur 1364 Stufen und 200-300 hm. Au\u00dfer sie soll vielleicht doch noch weiter rauf gebaut werden? Sie endet n\u00e4mlich nicht am Gipfel, sondern an einem Vorgipfel, wo aber auch die Via Ferrata endet.<\/p>\n<p><a href='http:\/\/extra.inmontanis.info\/d\/67463-2\/DSC04961.jpg'><img src=http:\/\/extra.inmontanis.info\/d\/67461-3\/DSC04961.jpg \/><\/a><br \/>\n^ F\u00e4hre Horn-Vega<\/p>\n<p><a href='http:\/\/extra.inmontanis.info\/d\/67467-2\/DSC04963.jpg'><img src=http:\/\/extra.inmontanis.info\/d\/67466-3\/DSC04963.jpg \/><\/a><br \/>\n^ Horn-Vega mit Blick auf die Berge von Vega<\/p>\n<p><a href='http:\/\/extra.inmontanis.info\/d\/67471-2\/DSC04978.jpg'><img src=http:\/\/extra.inmontanis.info\/d\/67470-3\/DSC04978.jpg \/><\/a><br \/>\n^ Iger\u00f8y Hafen<\/p>\n<p><a href='http:\/\/extra.inmontanis.info\/d\/67475-2\/DSC04983.jpg'><img src=http:\/\/extra.inmontanis.info\/d\/67474-3\/DSC04983.jpg \/><\/a><br \/>\n^ Stra\u00dfe<\/p>\n<p><a href='http:\/\/extra.inmontanis.info\/d\/67479-2\/DSC04990.jpg'><img src=http:\/\/extra.inmontanis.info\/d\/67478-3\/DSC04990.jpg \/><\/a><br \/>\n^ Richtung Vega-Treppe, geht aber nicht auf den Berg links mit der Antenne rauf &#8211; da geht evtl. eine Seilbahn rauf&#8230;<\/p>\n<p><a href='http:\/\/extra.inmontanis.info\/d\/67483-2\/DSC04993.jpg'><img src=http:\/\/extra.inmontanis.info\/d\/67482-3\/DSC04993.jpg \/><\/a><br \/>\n^ Im Schuttfeld in Bildmitte verl\u00e4uft links die Treppe<\/p>\n<p><a href='http:\/\/extra.inmontanis.info\/d\/67487-2\/DSC04995.jpg'><img src=http:\/\/extra.inmontanis.info\/d\/67486-3\/DSC04995.jpg \/><\/a><br \/>\n^ Start der Treppe<\/p>\n<p><a href='http:\/\/extra.inmontanis.info\/d\/67491-2\/DSC04996.jpg'><img src=http:\/\/extra.inmontanis.info\/d\/67490-3\/DSC04996.jpg \/><\/a><br \/>\n^ Infotafel<\/p>\n<p><a href='http:\/\/extra.inmontanis.info\/d\/67495-2\/DSC05003.jpg'><img src=http:\/\/extra.inmontanis.info\/d\/67494-3\/DSC05003.jpg \/><\/a><br \/>\n^ <\/p>\n<p><a href='http:\/\/extra.inmontanis.info\/d\/67499-2\/DSC05006.jpg'><img src=http:\/\/extra.inmontanis.info\/d\/67498-3\/DSC05006.jpg \/><\/a><br \/>\n^ Nachdem im unteren Bereich nur wenige Stufen waren und es auch mal \u00fcber Felsen und Stege ging, wirds jetzt ernst mit der Treppe&#8230; Links zweigt die Via Ferrata ab, beider Ziel quasi in Bildmitte<\/p>\n<p><a href='http:\/\/extra.inmontanis.info\/d\/67503-2\/DSC05011.jpg'><img src=http:\/\/extra.inmontanis.info\/d\/67502-3\/DSC05011.jpg \/><\/a><br \/>\n^ Sp\u00e4ter beim Runtergehen ging ich die Treppe durchaus bewusst vorsichtigt, weil da will man nicht stolpern.<\/p>\n<p><a href='http:\/\/extra.inmontanis.info\/d\/67507-2\/DSC05012.jpg'><img src=http:\/\/extra.inmontanis.info\/d\/67506-3\/DSC05012.jpg \/><\/a><br \/>\n^ Besondere Umst\u00e4nde erfordern besondere Ma\u00dfnahmen .. Vielleicht sollte ich mir mal etwas zu kleine, bunte M\u00e4dchens\u00f6ckchen kaufen, die k\u00f6nnte ich dann nach 2 Wochen tragen auf Fetisch-Websites verkaufen :)<\/p>\n<p><a href='http:\/\/extra.inmontanis.info\/d\/67511-2\/DSC05014.jpg'><img src=http:\/\/extra.inmontanis.info\/d\/67510-3\/DSC05014.jpg \/><\/a><br \/>\n^ <\/p>\n<p><a href='http:\/\/extra.inmontanis.info\/d\/67515-2\/DSC05017.jpg'><img src=http:\/\/extra.inmontanis.info\/d\/67514-3\/DSC05017.jpg \/><\/a><br \/>\n^ Nun geht es nach links weiter<\/p>\n<p><a href='http:\/\/extra.inmontanis.info\/d\/67519-2\/DSC05019.jpg'><img src=http:\/\/extra.inmontanis.info\/d\/67518-3\/DSC05019.jpg \/><\/a><br \/>\n^ Quasi die zweite H\u00e4lfte der Treppe. Die Stufen wurden verkauft, der Name des Sponsors samt Stufennummer steht rechts auf dem Schild<\/p>\n<p><a href='http:\/\/extra.inmontanis.info\/d\/67523-2\/DSC05024.jpg'><img src=http:\/\/extra.inmontanis.info\/d\/67522-3\/DSC05024.jpg \/><\/a><br \/>\n^ <\/p>\n<p><a href='http:\/\/extra.inmontanis.info\/d\/67527-2\/DSC05025.jpg'><img src=http:\/\/extra.inmontanis.info\/d\/67526-3\/DSC05025.jpg \/><\/a><br \/>\n^ Quasi der finale Aufstieg (das wusste ich aber erst, als ich dann oben war)<\/p>\n<p><a href='http:\/\/extra.inmontanis.info\/d\/67531-2\/DSC05026.jpg'><img src=http:\/\/extra.inmontanis.info\/d\/67530-3\/DSC05026.jpg \/><\/a><br \/>\n^ So fotografiert schaut das steiler aus, an einem St\u00fcck war es fast so steil wie eine Leiter<\/p>\n<p><a href='http:\/\/extra.inmontanis.info\/d\/67535-2\/DSC05028.jpg'><img src=http:\/\/extra.inmontanis.info\/d\/67534-3\/DSC05028.jpg \/><\/a><br \/>\n^ <\/p>\n<p><a href='http:\/\/extra.inmontanis.info\/d\/67539-2\/DSC05030.jpg'><img src=http:\/\/extra.inmontanis.info\/d\/67538-3\/DSC05030.jpg \/><\/a><br \/>\n^ <\/p>\n<p><a href='http:\/\/extra.inmontanis.info\/d\/67543-2\/DSC05033.jpg'><img src=http:\/\/extra.inmontanis.info\/d\/67542-3\/DSC05033.jpg \/><\/a><br \/>\n^ <\/p>\n<p><a href='http:\/\/extra.inmontanis.info\/d\/67547-2\/DSC05034.jpg'><img src=http:\/\/extra.inmontanis.info\/d\/67546-3\/DSC05034.jpg \/><\/a><br \/>\n^ <\/p>\n<p><a href='http:\/\/extra.inmontanis.info\/d\/67551-2\/DSC05035.jpg'><img src=http:\/\/extra.inmontanis.info\/d\/67550-3\/DSC05035.jpg \/><\/a><br \/>\n^ Huch, schon Ende? Stufe # 1362 unten am Schild, die n\u00e4chsten 2 sind noch leer.<\/p>\n<p><a href='http:\/\/extra.inmontanis.info\/d\/67555-2\/DSC05039.jpg'><img src=http:\/\/extra.inmontanis.info\/d\/67554-3\/DSC05039.jpg \/><\/a><br \/>\n^ Rabenvogel am Ravnfloget<\/p>\n<p><a href='http:\/\/extra.inmontanis.info\/d\/67559-2\/DSC05040.jpg'><img src=http:\/\/extra.inmontanis.info\/d\/67558-3\/DSC05040.jpg \/><\/a><br \/>\n^ <\/p>\n<p><a href='http:\/\/extra.inmontanis.info\/d\/67563-2\/DSC05042.jpg'><img src=http:\/\/extra.inmontanis.info\/d\/67562-3\/DSC05042.jpg \/><\/a><br \/>\n^ <\/p>\n<p><a href='http:\/\/extra.inmontanis.info\/d\/67567-2\/DSC05043.jpg'><img src=http:\/\/extra.inmontanis.info\/d\/67566-3\/DSC05043.jpg \/><\/a><br \/>\n^ Man k\u00f6nnte noch weiter zum Gipfel gehen, aber da h\u00e4tte ich wohl besser meinen Stecken dabei gehabt. Bin zwar noch ein bisschen rauf gegangen, habs dann aber irgendwann gelassen, auch da man nach links mal wieder nichts gesehen hat, weil da gleich mal die n\u00e4chste Kante kam, bevor man vielleicht irgendwann mal um den Berg h\u00e4tte rumschauen k\u00f6nnen.<\/p>\n<p><a href='http:\/\/extra.inmontanis.info\/d\/67571-2\/DSC05045.jpg'><img src=http:\/\/extra.inmontanis.info\/d\/67570-3\/DSC05045.jpg \/><\/a><br \/>\n^ Infotafel<\/p>\n<p><a href='http:\/\/extra.inmontanis.info\/d\/67575-2\/DSC05046.jpg'><img src=http:\/\/extra.inmontanis.info\/d\/67574-3\/DSC05046.jpg \/><\/a><br \/>\n^ Infotafel<\/p>\n<p><a href='http:\/\/extra.inmontanis.info\/d\/67579-2\/DSC05047.jpg'><img src=http:\/\/extra.inmontanis.info\/d\/67578-3\/DSC05047.jpg \/><\/a><br \/>\n^ <\/p>\n<p><a href='http:\/\/extra.inmontanis.info\/d\/67583-2\/DSC05049.jpg'><img src=http:\/\/extra.inmontanis.info\/d\/67582-3\/DSC05049.jpg \/><\/a><br \/>\n^ <\/p>\n<p><a href='http:\/\/extra.inmontanis.info\/d\/67587-2\/DSC05052.jpg'><img src=http:\/\/extra.inmontanis.info\/d\/67586-3\/DSC05052.jpg \/><\/a><br \/>\n^ Treppe von oben<\/p>\n<p><a href='http:\/\/extra.inmontanis.info\/d\/67591-2\/DSC05056.jpg'><img src=http:\/\/extra.inmontanis.info\/d\/67590-3\/DSC05056.jpg \/><\/a><br \/>\n^ Nepal-Br\u00fccke an der Via Ferrata<\/p>\n<p><a href='http:\/\/extra.inmontanis.info\/d\/67595-2\/DSC05059.jpg'><img src=http:\/\/extra.inmontanis.info\/d\/67594-3\/DSC05059.jpg \/><\/a><br \/>\n^ <\/p>\n<p><a href='http:\/\/extra.inmontanis.info\/d\/67599-2\/DSC05062.jpg'><img src=http:\/\/extra.inmontanis.info\/d\/67598-3\/DSC05062.jpg \/><\/a><br \/>\n^ <\/p>\n<p><a href='http:\/\/extra.inmontanis.info\/d\/67603-2\/DSC05063.jpg'><img src=http:\/\/extra.inmontanis.info\/d\/67602-3\/DSC05063.jpg \/><\/a><br \/>\n^ <\/p>\n<p><a href='http:\/\/extra.inmontanis.info\/d\/67607-2\/DSC05064.jpg'><img src=http:\/\/extra.inmontanis.info\/d\/67606-3\/DSC05064.jpg \/><\/a><br \/>\n^ Nach ca. eineinviertel Stunden ging ich die Treppe wieder hinunter<\/p>\n<p><a href='http:\/\/extra.inmontanis.info\/d\/67611-2\/DSC05067.jpg'><img src=http:\/\/extra.inmontanis.info\/d\/67610-3\/DSC05067.jpg \/><\/a><br \/>\n^ <\/p>\n<p><a href='http:\/\/extra.inmontanis.info\/d\/67615-2\/DSC05068.jpg'><img src=http:\/\/extra.inmontanis.info\/d\/67614-3\/DSC05068.jpg \/><\/a><br \/>\n^ <\/p>\n<p><a href='http:\/\/extra.inmontanis.info\/d\/67619-2\/DSC05070.jpg'><img src=http:\/\/extra.inmontanis.info\/d\/67618-3\/DSC05070.jpg \/><\/a><br \/>\n^ <\/p>\n<p><a href='http:\/\/extra.inmontanis.info\/d\/67623-2\/DSC05072.jpg'><img src=http:\/\/extra.inmontanis.info\/d\/67622-3\/DSC05072.jpg \/><\/a><br \/>\n^ Noch eine Infotafel<\/p>\n<p><a href='http:\/\/extra.inmontanis.info\/d\/67627-2\/DSC05075.jpg'><img src=http:\/\/extra.inmontanis.info\/d\/67626-3\/DSC05075.jpg \/><\/a><br \/>\n^ Im unteren Bereich musste man \u00fcber einige Stege und Steine gehen, so dass einem beim Raufgehen die ersten 100-200 Stufen anstrengender vorkamen als z.B. die n\u00e4chsten.<\/p>\n<p><a href='http:\/\/extra.inmontanis.info\/d\/67631-2\/DSC05076.jpg'><img src=http:\/\/extra.inmontanis.info\/d\/67630-3\/DSC05076.jpg \/><\/a><br \/>\n^ <\/p>\n<p><a href='http:\/\/extra.inmontanis.info\/d\/67635-2\/DSC05080.jpg'><img src=http:\/\/extra.inmontanis.info\/d\/67634-3\/DSC05080.jpg \/><\/a><br \/>\n^ Blick zum Hauptteil der Treppe, bevor sie dann die Kurve macht<\/p>\n<p><a href='http:\/\/extra.inmontanis.info\/d\/67639-2\/DSC05084.jpg'><img src=http:\/\/extra.inmontanis.info\/d\/67638-3\/DSC05084.jpg \/><\/a><br \/>\n^ 20:07 Uhr, Countdown zum Sonnenuntergang<\/p>\n<p><a href='http:\/\/extra.inmontanis.info\/d\/67643-2\/DSC05086.jpg'><img src=http:\/\/extra.inmontanis.info\/d\/67642-3\/DSC05086.jpg \/><\/a><br \/>\n^ 20:39 Uhr<\/p>\n<p><a href='http:\/\/extra.inmontanis.info\/d\/67647-2\/DSC05088.jpg'><img src=http:\/\/extra.inmontanis.info\/d\/67646-3\/DSC05088.jpg \/><\/a><br \/>\n^ 20:47 Uhr, Sonnenuntergang  mit leider nicht ganz freiem Himmel am Horizont<\/p>\n<p><a href='http:\/\/extra.inmontanis.info\/d\/67651-2\/DSC05092.jpg'><img src=http:\/\/extra.inmontanis.info\/d\/67650-3\/DSC05092.jpg \/><\/a><br \/>\n^ 21:44 Uhr, Abendd\u00e4mmerung<\/p>\n<p><a href='http:\/\/extra.inmontanis.info\/d\/67655-2\/DSC05095.jpg'><img src=http:\/\/extra.inmontanis.info\/d\/67654-3\/DSC05095.jpg \/><\/a><br \/>\n^ 22.24 Uhr<\/p>\n<p><strong>29.8.2021<\/strong> <\/p>\n<p>Leider erst einige Tage sp\u00e4ter gesehen, auf Vega g\u00e4be es zu dem anderen Gipfel wohl eine Seilbahn, wenn es auch vermutlich keine \u00f6ffentliche sein wird, h\u00e4tte ich sie doch heute besuchen k\u00f6nnen:<br \/>\nhttps:\/\/peakbook.org\/no\/tour\/194554\/Gullsv%C3%A5gfjellet%2C+R%C3%B8sstinden+-+Vega.html<\/p>\n<p>Da meine F\u00e4hre ja erst um 17 Uhr geht, hatte ich es nicht eilig und blieb noch einige Zeit am Parkplatz. Wetter war heute morgens bedeckt oder hochnebelartig und es gab zeitweise Invasionen von Minim\u00fccken und Stechm\u00fccken, d.h. war also recht windstill.<\/p>\n<p>Sp\u00e4ter fuhr ich auf dem Weg zum F\u00e4hrhafen noch den kurzen Abstecher zu der Unesco-Weltkulturerbe-Station &#8230; aber ich kann damit nix anfangen und war mir auch zu voll, also bald wieder weiter zum Spar, der sonntags von 11-18h offen hat und da ich nicht wusste, ob ich morgen an einem Supermarkt vorbei kommen w\u00fcrde.<\/p>\n<p><a href='http:\/\/extra.inmontanis.info\/d\/67659-2\/DSC05103.jpg'><img src=http:\/\/extra.inmontanis.info\/d\/67658-3\/DSC05103.jpg \/><\/a><br \/>\n^ Ich kann mich t\u00e4uschen, aber selbst in Norwegen scheint man normale Tankstellen noch h\u00e4ufiger zu sehen als Stromtankstellen. Vielleicht sind die versteckter..<\/p>\n<p><a href='http:\/\/extra.inmontanis.info\/d\/67663-2\/DSC05106.jpg'><img src=http:\/\/extra.inmontanis.info\/d\/67662-3\/DSC05106.jpg \/><\/a><br \/>\n^ Weltkulturerbe-Station oder -Museum oder so. Nicht ganz so meins und viel zu voll wars mir auch. Daher nur den Steg etwas entlang gelaufen<\/p>\n<p><a href='http:\/\/extra.inmontanis.info\/d\/67667-2\/DSC05108.jpg'><img src=http:\/\/extra.inmontanis.info\/d\/67666-3\/DSC05108.jpg \/><\/a><br \/>\n^ .. und erfahren, dass Enten in so kleinen H\u00e4usern hausen. Entenhausen quasi.<\/p>\n<p><a href='http:\/\/extra.inmontanis.info\/d\/67671-2\/DSC05111.jpg'><img src=http:\/\/extra.inmontanis.info\/d\/67670-3\/DSC05111.jpg \/><\/a><br \/>\n^ Mittagessen, hab mir mal den 3,- \u20ac &#8211; Salat gekauft. Schon nervig viel Plastikm\u00fcll irgendwie<\/p>\n<p>Als ich um 14:45, also \u00fcber 2h vor Abfahrt, am Hafen ankam, war bereits die erste Spur voll, krass. Keiner im Auto zu sehen, aber auch sonst nirgends wo welche, gespenstisch. Erst als sp\u00e4ter hinter mir junge Deutsche kamen, wurde es laut.<\/p>\n<p>Mithilfe einer Rasierklinge operierte ich den gestrigen Holzspie\u00df endlich aus dem Finger (was lang dauerte, weil er nah der Handfl\u00e4che sa\u00df, wo die Haut wabbelig ist), ging eine kurze Runde und schon waren es nur noch 1,5 Stunden. Irgendwann gegen 16 Uhr waren die beiden Spuren voll. Aber nach Horn sinds 3 Spuren und so wie das aussah, kam die F\u00e4hre aus Horn, die dann also nur ca. 3-4x die Woche nach Tj\u00f8tta von hier aus f\u00e4hrt (ansonsten m\u00fcsste man nach Horn, Stra\u00dfe 17 und die andere F\u00e4hre nehmen) &#8211; hat f\u00fcr mich also ganz gut gepasst, dass ich gestern von Horn gekommen bin (und nicht heute, sonst h\u00e4tte ich erst am Dienstag nach Tj\u00f8tta weiter k\u00f6nnen).<\/p>\n<p><a href='http:\/\/extra.inmontanis.info\/d\/67675-2\/DSC05113.jpg'><img src=http:\/\/extra.inmontanis.info\/d\/67674-3\/DSC05113.jpg \/><\/a><br \/>\n^ Wieder am Hafen von Iger\u00f8y<\/p>\n<p><a href='http:\/\/extra.inmontanis.info\/d\/67679-2\/DSC05120.jpg'><img src=http:\/\/extra.inmontanis.info\/d\/67678-3\/DSC05120.jpg \/><\/a><br \/>\n^ Hafen Iger\u00f8y<\/p>\n<p>In der F\u00e4hre musste ich in der steilen Schr\u00e4ge stehen .. und wurde dannn hochgehoben .. das war mal interessant. Hinter mir lie\u00df er aber keinen mehr drauf, obwohl Platz war. Au\u00dfer das h\u00e4tte nicht funktioniert. Ansonsten war das wohl ein Fehler, so hatten glaub ich 2 Autos Pech, die standen vor dem Schranken, als dieser geschlossen wurde, die kamen nicht mehr mit.<\/p>\n<p><a href='http:\/\/extra.inmontanis.info\/d\/67683-2\/DSC05125.jpg'><img src=http:\/\/extra.inmontanis.info\/d\/67682-3\/DSC05125.jpg \/><\/a><br \/>\n^ Die F\u00e4hre Iger\u00f8y-Tj\u00f8tta liegt etwas schief heute<\/p>\n<p>Nach ein paar Minuten bin ich nochmal ins Innere der F\u00e4hre, ziemlich komplett voll gewesen; hatte einen Hamburger bestellt, den m\u00fcsste man sich aber selbst nehmen (also nur kalt, nein danke), dann stattdessen ein Hotdog verlangt, die aber wohl auch aus waren. Auch Waffeln waren keine mehr da und auf die anderen kalten Baguettes o.\u00e4 hatte ich auch eine Lust (die mit Garnelen waren auch schon weg),  also wieder raus an die Luft und ein windstilles Pl\u00e4tzen gesucht.<\/p>\n<p><a href='http:\/\/extra.inmontanis.info\/d\/67445-2\/DSC05132.jpg'><img src=http:\/\/extra.inmontanis.info\/d\/67444-3\/DSC05132.jpg \/><\/a><br \/>\n^ F\u00e4hre Iger\u00f8y-Tj\u00f8tta<\/p>\n<p><a href='http:\/\/extra.inmontanis.info\/d\/67449-2\/DSC05133.jpg'><img src=http:\/\/extra.inmontanis.info\/d\/67448-3\/DSC05133.jpg \/><\/a><br \/>\n^ Infotafel am sowjetischen Friedhof<\/p>\n<p><a href='http:\/\/extra.inmontanis.info\/d\/67453-2\/DSC05136.jpg'><img src=http:\/\/extra.inmontanis.info\/d\/67452-3\/DSC05136.jpg \/><\/a><br \/>\n^ Sowjetischer Friedhof<\/p>\n<p>Kein sonderlich sch\u00f6ner Parkplatz direkt an der Stra\u00dfe, aber es gibt ein Plumpsklo (immerhin mit Wasser am Waschbecken), also bleib ich halt mal hier stehen.<\/p>\n<p><a href='http:\/\/extra.inmontanis.info\/d\/67457-2\/DSC05138.jpg'><img src=http:\/\/extra.inmontanis.info\/d\/67456-3\/DSC05138.jpg \/><\/a><br \/>\n^ So, endlich mal das zweite Schnitzel von der 1-\u20ac-K\u00e4seschnitzel-Packung essen. Mit etwas angebratenem Kochschinken und Brot, dazu BBQ- und Satay-Sauce<\/p>\n","protected":false},"excerpt":{"rendered":"<p>28.8.2021 (Teil 2: Vega mit Vega-Treppe)<\/p>\n<p>Im Schiffsrestaurant\/Kiosk kaufte ich gleich ein Hotdog und eine Braunk\u00e4sewaffel, Abstandhalten war hier ein Fremdwort, die Deutschen hinter mir waren so nah, dass nicht mal mein Ruckksack vern\u00fcnftig dazwischenpasste. Und niesen musste der dann auch noch.<\/p>\n<p>Ich verlange zwar eine R\u00fcckkehr zur Normalit\u00e4t, aber wenn einer so nah hinter <a href=\"http:\/\/blog.inmontanis.info\/?p=7015\">[&#8230;]<\/a><\/p>\n","protected":false},"author":1,"featured_media":7018,"comment_status":"closed","ping_status":"closed","sticky":false,"template":"","format":"standard","meta":{"footnotes":""},"categories":[185,18,30],"tags":[51,37,45],"class_list":["post-7015","post","type-post","status-publish","format-standard","has-post-thumbnail","hentry","category-2021-08-skandinavien","category-norwegennorway","category-wandern","tag-architektur","tag-meer","tag-see","odd"],"_links":{"self":[{"href":"http:\/\/blog.inmontanis.info\/index.php?rest_route=\/wp\/v2\/posts\/7015","targetHints":{"allow":["GET"]}}],"collection":[{"href":"http:\/\/blog.inmontanis.info\/index.php?rest_route=\/wp\/v2\/posts"}],"about":[{"href":"http:\/\/blog.inmontanis.info\/index.php?rest_route=\/wp\/v2\/types\/post"}],"author":[{"embeddable":true,"href":"http:\/\/blog.inmontanis.info\/index.php?rest_route=\/wp\/v2\/users\/1"}],"replies":[{"embeddable":true,"href":"http:\/\/blog.inmontanis.info\/index.php?rest_route=%2Fwp%2Fv2%2Fcomments&post=7015"}],"version-history":[{"count":2,"href":"http:\/\/blog.inmontanis.info\/index.php?rest_route=\/wp\/v2\/posts\/7015\/revisions"}],"predecessor-version":[{"id":7017,"href":"http:\/\/blog.inmontanis.info\/index.php?rest_route=\/wp\/v2\/posts\/7015\/revisions\/7017"}],"wp:featuredmedia":[{"embeddable":true,"href":"http:\/\/blog.inmontanis.info\/index.php?rest_route=\/wp\/v2\/media\/7018"}],"wp:attachment":[{"href":"http:\/\/blog.inmontanis.info\/index.php?rest_route=%2Fwp%2Fv2%2Fmedia&parent=7015"}],"wp:term":[{"taxonomy":"category","embeddable":true,"href":"http:\/\/blog.inmontanis.info\/index.php?rest_route=%2Fwp%2Fv2%2Fcategories&post=7015"},{"taxonomy":"post_tag","embeddable":true,"href":"http:\/\/blog.inmontanis.info\/index.php?rest_route=%2Fwp%2Fv2%2Ftags&post=7015"}],"curies":[{"name":"wp","href":"https:\/\/api.w.org\/{rel}","templated":true}]}}