{"id":7011,"date":"2021-08-28T14:44:03","date_gmt":"2021-08-28T12:44:03","guid":{"rendered":"http:\/\/blog.inmontanis.info\/?p=7011"},"modified":"2021-08-31T16:58:28","modified_gmt":"2021-08-31T14:58:28","slug":"skarsasen-bronnoysund-28-8-2021","status":"publish","type":"post","link":"http:\/\/blog.inmontanis.info\/?p=7011","title":{"rendered":"Skars\u00e5sen \/ Br\u00f8nn\u00f8ysund, 28.8.2021"},"content":{"rendered":"<p><strong>28.8.2021<\/strong> (Teil 1)<\/p>\n<p>Von Br\u00f8nn\u00f8ysund richtung Norden die 17 weiter, muss man kurz hintereinander 2 F\u00e4hren nehmen. Das Zwischenst\u00fcck schien mir nicht sonderlich lohnenswert f\u00fcr einen Zwischenstopp zu sein. Alternativ kann man mit 2 anderen, etwas l\u00e4ngeren und etwas teureren, F\u00e4hren \u00fcber die Insel Vega fahren, wo es eine lange Treppe auf einen Berg hinauf geben soll. Das schien mir interessanter zu sein, auch wenn mir noch nicht klar wurde, ob die Treppe fertig bis hinauf gebaut wurde oder noch nicht.<\/p>\n<p>Da es am morgigen Sonntag nicht mehr so sonnig werden soll, m\u00fcsste ich die Treppe eher noch heute Nachmittag laufen, auch wenn ich morgen erst um 17 Uhr weiter mit der F\u00e4hre richtung Norden komme. Somit peilte ich die F\u00e4hre um 13:40 an (die zuvor um 10:20 w\u00e4r mir zu fr\u00fch gewesen).<\/p>\n<p>Auf dem Weg nach Br\u00f8nn\u00f8ysund lag eine alte WW2\/2WK-Anlage, wo ich einen kleinen Zwischentopp einlegte.<\/p>\n<p><a href='http:\/\/extra.inmontanis.info\/d\/67333-2\/DSC04901.jpg'><img src=http:\/\/extra.inmontanis.info\/d\/67332-3\/DSC04901.jpg \/><\/a><br \/>\n^ Torghatten, der Berg mit dem Loch in der Mitte &#8211; da bin ich vor ein paar Jahren schon einmal durchgegangen<\/p>\n<p><a href='http:\/\/extra.inmontanis.info\/d\/67337-2\/DSC04904_001.jpg'><img src=http:\/\/extra.inmontanis.info\/d\/67336-3\/DSC04904_001.jpg \/><\/a><br \/>\n^ Infotafel Skars\u00e5sen (deutsches K\u00fcstenfort vom 2. Weltkrieg) bzw. Tilremshatten, lt. Beschreibung \/ Bild hat der ebenfalls 1 oder 2 L\u00f6cher im Berg, schade, h\u00e4tte ich doch gestern hier noch was interessanteres erwandern k\u00f6nnen.<\/p>\n<p><a href='http:\/\/extra.inmontanis.info\/d\/67341-2\/DSC04905_001.jpg'><img src=http:\/\/extra.inmontanis.info\/d\/67340-3\/DSC04905_001.jpg \/><\/a><br \/>\n^ <\/p>\n<p><a href='http:\/\/extra.inmontanis.info\/d\/67345-2\/DSC04907.jpg'><img src=http:\/\/extra.inmontanis.info\/d\/67344-3\/DSC04907.jpg \/><\/a><br \/>\n^ Holzspeichenr\u00e4der<\/p>\n<p><a href='http:\/\/extra.inmontanis.info\/d\/67349-2\/DSC04909.jpg'><img src=http:\/\/extra.inmontanis.info\/d\/67348-3\/DSC04909.jpg \/><\/a><br \/>\n^ Man kann auch viele Tunnel\/Gr\u00e4ben durchgehen<\/p>\n<p><a href='http:\/\/extra.inmontanis.info\/d\/67353-2\/DSC04916.jpg'><img src=http:\/\/extra.inmontanis.info\/d\/67352-3\/DSC04916.jpg \/><\/a><br \/>\n^ Als Highlight steht diese Kanone rum<\/p>\n<p><a href='http:\/\/extra.inmontanis.info\/d\/67357-2\/DSC04914_001.jpg'><img src=http:\/\/extra.inmontanis.info\/d\/67356-3\/DSC04914_001.jpg \/><\/a><br \/>\n^ <\/p>\n<p><a href='http:\/\/extra.inmontanis.info\/d\/67361-2\/DSC04915.jpg'><img src=http:\/\/extra.inmontanis.info\/d\/67360-3\/DSC04915.jpg \/><\/a><br \/>\n^ An der Felge steht 19 40, am Reifen Vorwerk 1300&#215;110<\/p>\n<p><a href='http:\/\/extra.inmontanis.info\/d\/67365-2\/DSC04917.jpg'><img src=http:\/\/extra.inmontanis.info\/d\/67364-3\/DSC04917.jpg \/><\/a><br \/>\n^ <\/p>\n<p><a href='http:\/\/extra.inmontanis.info\/d\/67369-2\/DSC04918_001.jpg'><img src=http:\/\/extra.inmontanis.info\/d\/67368-3\/DSC04918_001.jpg \/><\/a><br \/>\n^ <\/p>\n<p><a href='http:\/\/extra.inmontanis.info\/d\/67373-2\/DSC04920_001.jpg'><img src=http:\/\/extra.inmontanis.info\/d\/67372-3\/DSC04920_001.jpg \/><\/a><br \/>\n^ <\/p>\n<p><a href='http:\/\/extra.inmontanis.info\/d\/67377-2\/DSC04922_001.jpg'><img src=http:\/\/extra.inmontanis.info\/d\/67376-3\/DSC04922_001.jpg \/><\/a><br \/>\n^ <\/p>\n<p><a href='http:\/\/extra.inmontanis.info\/d\/67381-2\/DSC04923.jpg'><img src=http:\/\/extra.inmontanis.info\/d\/67380-3\/DSC04923.jpg \/><\/a><br \/>\n^ <\/p>\n<p><a href='http:\/\/extra.inmontanis.info\/d\/67385-2\/DSC04925.jpg'><img src=http:\/\/extra.inmontanis.info\/d\/67384-3\/DSC04925.jpg \/><\/a><br \/>\n^ Generator; Beschreibung auf norwegisch;  diese kleinen runden (farbigen) Plastikdruckkn\u00f6pfe h\u00e4tte ich ja nicht in die 1940er verortet.. schauen so neu ist im Vergleich zu dem ansonsten eher h\u00e4rter wirkenden, schwarzen Bakelit der damaligen Zeit..<\/p>\n<p><a href='http:\/\/extra.inmontanis.info\/d\/67389-2\/DSC04927.jpg'><img src=http:\/\/extra.inmontanis.info\/d\/67388-3\/DSC04927.jpg \/><\/a><br \/>\n^ Generator<\/p>\n<p><a href='http:\/\/extra.inmontanis.info\/d\/67393-2\/DSC04932.jpg'><img src=http:\/\/extra.inmontanis.info\/d\/67392-3\/DSC04932.jpg \/><\/a><br \/>\n^ Blick nach Br\u00f8nn\u00f8ysund<\/p>\n<p><a href='http:\/\/extra.inmontanis.info\/d\/67397-2\/DSC04934.jpg'><img src=http:\/\/extra.inmontanis.info\/d\/67396-3\/DSC04934.jpg \/><\/a><br \/>\n^ <\/p>\n<p><a href='http:\/\/extra.inmontanis.info\/d\/67401-2\/DSC04936.jpg'><img src=http:\/\/extra.inmontanis.info\/d\/67400-3\/DSC04936.jpg \/><\/a><br \/>\n^ <\/p>\n<p><a href='http:\/\/extra.inmontanis.info\/d\/67405-2\/DSC04939_001.jpg'><img src=http:\/\/extra.inmontanis.info\/d\/67404-3\/DSC04939_001.jpg \/><\/a><br \/>\n^ <\/p>\n<p><a href='http:\/\/extra.inmontanis.info\/d\/67409-2\/DSC04941_001.jpg'><img src=http:\/\/extra.inmontanis.info\/d\/67408-3\/DSC04941_001.jpg \/><\/a><br \/>\n^ <\/p>\n<p><a href='http:\/\/extra.inmontanis.info\/d\/67413-2\/DSC04943.jpg'><img src=http:\/\/extra.inmontanis.info\/d\/67412-3\/DSC04943.jpg \/><\/a><br \/>\n^ <\/p>\n<p><a href='http:\/\/extra.inmontanis.info\/d\/67417-2\/DSC04945.jpg'><img src=http:\/\/extra.inmontanis.info\/d\/67416-3\/DSC04945.jpg \/><\/a><br \/>\n^ <\/p>\n<p><a href='http:\/\/extra.inmontanis.info\/d\/67421-2\/DSC04950.jpg'><img src=http:\/\/extra.inmontanis.info\/d\/67420-3\/DSC04950.jpg \/><\/a><br \/>\n^ Alles hab ich dann nicht weiter angeschaut, ist auch nicht so einfach zu finden, da viele Wege mit vielen Abzweigungen und quasi keine Wegweiser<\/p>\n<p>In Br\u00f8nn\u00f8ysund kurz getankt um 16,39 NOK und da es einen Eurospar gab, mal diesen besucht. Vielleicht gibts hier was  internationaleres, z.B. aus Italien? N\u00f6. Daf\u00fcr hab ich ger\u00e4ucherten Lachs in Scheiben gesehen &#8211; logisch, dass es den in Norwegen gibt &#8211; und mal mitgenommen. Und das First Price Orangenlimo Light war diesmal das g\u00fcnstigste Getr\u00e4nk, Cola light gabs hier nicht.<\/p>\n<p>Nebendran ein Europris, war ich bisher auch noch nicht, weil mir auch nicht klar war, was die eigentlich verkaufen. Stellte sich dann heraus als \u00e4hnlich zum Dollarstore in Schweden, also ein sehr breites, aber nicht so tiefes Sortiment zu teils recht g\u00fcnstigen Preisen. Sonnenbrillen gabs leider nur f\u00fcr Kinder (um 2-5 \u20ac). Ein paar Sachen hab ich aber doch gefunden, wenn auch haupts\u00e4chlich Naschzeug.<\/p>\n<p><a href='http:\/\/extra.inmontanis.info\/d\/67425-2\/DSC04955.jpg'><img src=http:\/\/extra.inmontanis.info\/d\/67424-3\/DSC04955.jpg \/><\/a><br \/>\n^ Infotafel der F\u00e4hren in der Gegend hier bis rauf zu den Lofoten, ich fahr diesmal von Horn (ziemlich weit unten der dritte Ort) nach Vega und morgen von Vega nach Tj\u00f8tta, anstatt die zwei anderen F\u00e4hren auf der 17 zu nehmen<\/p>\n<p><a href='http:\/\/extra.inmontanis.info\/d\/67429-2\/DSC04954.jpg'><img src=http:\/\/extra.inmontanis.info\/d\/67428-3\/DSC04954.jpg \/><\/a><br \/>\n^ Horn Hafen<\/p>\n<p><a href='http:\/\/extra.inmontanis.info\/d\/67433-2\/DSC04956.jpg'><img src=http:\/\/extra.inmontanis.info\/d\/67432-3\/DSC04956.jpg \/><\/a><br \/>\n^ Horn Hafen<\/p>\n<p><a href='http:\/\/extra.inmontanis.info\/d\/67437-2\/DSC04960.jpg'><img src=http:\/\/extra.inmontanis.info\/d\/67436-3\/DSC04960.jpg \/><\/a><br \/>\n^ Horn Hafen<\/p>\n<p>(Fortsetzung von Vega und der Treppe folgt.)<\/p>\n","protected":false},"excerpt":{"rendered":"<p>28.8.2021 (Teil 1)<\/p>\n<p>Von Br\u00f8nn\u00f8ysund richtung Norden die 17 weiter, muss man kurz hintereinander 2 F\u00e4hren nehmen. Das Zwischenst\u00fcck schien mir nicht sonderlich lohnenswert f\u00fcr einen Zwischenstopp zu sein. Alternativ kann man mit 2 anderen, etwas l\u00e4ngeren und etwas teureren, F\u00e4hren \u00fcber die Insel Vega fahren, wo es eine lange Treppe auf einen Berg hinauf <a href=\"http:\/\/blog.inmontanis.info\/?p=7011\">[&#8230;]<\/a><\/p>\n","protected":false},"author":1,"featured_media":7014,"comment_status":"closed","ping_status":"closed","sticky":false,"template":"","format":"standard","meta":{"footnotes":""},"categories":[185,18,59,32,30],"tags":[51,37],"class_list":["post-7011","post","type-post","status-publish","format-standard","has-post-thumbnail","hentry","category-2021-08-skandinavien","category-norwegennorway","category-nostalgie","category-lostplaces","category-wandern","tag-architektur","tag-meer","odd"],"_links":{"self":[{"href":"http:\/\/blog.inmontanis.info\/index.php?rest_route=\/wp\/v2\/posts\/7011","targetHints":{"allow":["GET"]}}],"collection":[{"href":"http:\/\/blog.inmontanis.info\/index.php?rest_route=\/wp\/v2\/posts"}],"about":[{"href":"http:\/\/blog.inmontanis.info\/index.php?rest_route=\/wp\/v2\/types\/post"}],"author":[{"embeddable":true,"href":"http:\/\/blog.inmontanis.info\/index.php?rest_route=\/wp\/v2\/users\/1"}],"replies":[{"embeddable":true,"href":"http:\/\/blog.inmontanis.info\/index.php?rest_route=%2Fwp%2Fv2%2Fcomments&post=7011"}],"version-history":[{"count":2,"href":"http:\/\/blog.inmontanis.info\/index.php?rest_route=\/wp\/v2\/posts\/7011\/revisions"}],"predecessor-version":[{"id":7013,"href":"http:\/\/blog.inmontanis.info\/index.php?rest_route=\/wp\/v2\/posts\/7011\/revisions\/7013"}],"wp:featuredmedia":[{"embeddable":true,"href":"http:\/\/blog.inmontanis.info\/index.php?rest_route=\/wp\/v2\/media\/7014"}],"wp:attachment":[{"href":"http:\/\/blog.inmontanis.info\/index.php?rest_route=%2Fwp%2Fv2%2Fmedia&parent=7011"}],"wp:term":[{"taxonomy":"category","embeddable":true,"href":"http:\/\/blog.inmontanis.info\/index.php?rest_route=%2Fwp%2Fv2%2Fcategories&post=7011"},{"taxonomy":"post_tag","embeddable":true,"href":"http:\/\/blog.inmontanis.info\/index.php?rest_route=%2Fwp%2Fv2%2Ftags&post=7011"}],"curies":[{"name":"wp","href":"https:\/\/api.w.org\/{rel}","templated":true}]}}