{"id":7007,"date":"2021-08-27T18:36:27","date_gmt":"2021-08-27T16:36:27","guid":{"rendered":"http:\/\/blog.inmontanis.info\/?p=7007"},"modified":"2021-08-29T10:57:28","modified_gmt":"2021-08-29T08:57:28","slug":"kvaloya-helgelandskysten-26-27-8-2021","status":"publish","type":"post","link":"http:\/\/blog.inmontanis.info\/?p=7007","title":{"rendered":"Kval\u00f8ya (Helgelandskysten), 26.+27.8.2021"},"content":{"rendered":"<p><strong>24.8.2021<\/strong><\/p>\n<p>Heut mal wieder ein Regentag, bin ein St\u00fcck weiter in Richtung Trondheim bzw. rechts vorbei, aber noch bevor ich auf die E6 komme, die werd ich dann morgen abfahren. <\/p>\n<p>Endlich mal g\u00fcnstiger getankt:  15,68 NOK nur, war die zweitg\u00fcnstigste Tankstelle heute.<\/p>\n<p><a href='http:\/\/extra.inmontanis.info\/d\/67123-2\/DSC04762.jpg'><img src=http:\/\/extra.inmontanis.info\/d\/67122-3\/DSC04762.jpg \/><\/a><br \/>\n^ Da dr\u00fcben liegen anscheinend noch etliche Schneereste, h\u00e4tte ich bei dieser H\u00f6he bzw. in diesem Bereich nicht erwartet.<\/p>\n<p><a href='http:\/\/extra.inmontanis.info\/d\/67127-2\/DSC04763.jpg'><img src=http:\/\/extra.inmontanis.info\/d\/67126-3\/DSC04763.jpg \/><\/a><br \/>\n^ Mittagessen; der H\u00fchnchensalat war zwar etwas sch\u00e4rfer, aber noch gut. Dass diese Kornspitz-Variante aber knapp 2 \u20ac im Supermarkt kostet, find ich etwas \u00fcbertrieben.<\/p>\n<p><a href='http:\/\/extra.inmontanis.info\/d\/67131-2\/DSC04767.jpg'><img src=http:\/\/extra.inmontanis.info\/d\/67130-3\/DSC04767.jpg \/><\/a><br \/>\n^ Tydal Skisenter, schaut nur m\u00e4\u00dfig spannend aus<\/p>\n<p><a href='http:\/\/extra.inmontanis.info\/d\/67135-2\/DSC04770.jpg'><img src=http:\/\/extra.inmontanis.info\/d\/67134-3\/DSC04770.jpg \/><\/a><br \/>\n^ Es regnete heute den ganzen Tag<\/p>\n<p><a href='http:\/\/extra.inmontanis.info\/d\/67139-2\/DSC04773.jpg'><img src=http:\/\/extra.inmontanis.info\/d\/67138-3\/DSC04773.jpg \/><\/a><br \/>\n^ Die erw\u00e4hnten zwei g\u00fcnstigen K\u00e4seschnitzel um ca. 1 \u20ac. 50% Schweinefleisch, Wasser, 5% K\u00e4semasse (die wiederum aus zig Zutaten besteht) &#8212; also von K\u00e4segeschmack hab ich da nix gemerkt.<\/p>\n<p><strong>25.8.2021<\/strong><\/p>\n<p>Ich fuhr morgens noch eine halbe Stunde, zur E6 und dort zum n\u00e4chsten Rastplatz, der \u00fcbrigens voll mit Wohnmobilen und Campern war, nur ein kleines Parkpl\u00e4tzchen direkt am WC war noch frei. Passt, hier bleib ich bis Mittag. Gegen 10 Uhr waren dann alle wieder weg.<\/p>\n<p><a href='http:\/\/extra.inmontanis.info\/d\/67143-2\/DSC04775.jpg'><img src=http:\/\/extra.inmontanis.info\/d\/67142-3\/DSC04775.jpg \/><\/a><br \/>\n^ E6 etwas n\u00f6rdlich von Trondheim<\/p>\n<p><a href='http:\/\/extra.inmontanis.info\/d\/67147-2\/DSC04779.jpg'><img src=http:\/\/extra.inmontanis.info\/d\/67146-3\/DSC04779.jpg \/><\/a><br \/>\n^ E6, Hauptverkehrsroute und teilsweise einzige Stra\u00dfenverbindung zwischen Nord und S\u00fcd<\/p>\n<p>Heute endlich mal einen Rema 1000 Supermarkt besucht, hat auch nur \u00e4hnliches Zeug wie die anderen Discounter, aber anscheinend keine First-Price-Produkte. Trotzdem, wie \u00fcblich, ein, zwei eigene Cola Light und eines davon das g\u00fcnstigste Getr\u00e4nk und g\u00fcnstiger als reines Wasser.<\/p>\n<p>Wenn man kein sonderlicher Salami-Fan ist (au\u00dfer Tr\u00fcffelsalami, die hab ich in Norwegen aber auch noch nicht gesehen), ist wurstm\u00e4\u00dfig Norwegen ja sogar noch langweiliger als Schweden. In Schweden gibts ja fast \u00fcberall diese Cognacs-Medwurst, in Norwegen \u00fcberall die Servelat, also wohl \u00f6sterreichisch so ungef\u00e4hr eine Extrawurst, deutsch ggf. Jagdwurst?, dazu viele Kochschinken, die aber alle eher gleich zu sein scheinen und nat\u00fcrlich einige Rohschinken\/Speck-Varianten (teuer).<\/p>\n<p>In Schweden hab ich immerhin mal eine Mortadella gesehen oder eine vegetarische Paprikawurst (leider fast nirgends eine &#8220;normale&#8221;), manchmal auch finnische Extra\/Jagdwurstvarianten und im Lidl auch mal Champignonwurst usw. &#8211; in Norwegen bisher nichts dergleichen. Das schr\u00e4nkt meine Fr\u00fcchst\u00fccksgewohnheiten ein, au\u00dfer ich stell mich wieder auf s\u00fc\u00df um und probier die Brote mal mit Marmelade \/ Nutella &#8230; oder doch mal wieder mehr Salami? Mit dem s\u00fc\u00dfen, karamellisierten Ziegenk\u00e4se (Braunk\u00e4se) war das letzten Monat daheim durchaus lecker, zumindest warm und mit Ketchup.. <\/p>\n<p>Wobei, eine Sache hab ich heut noch gefunden: Portionsd\u00f6schen mit Tomaten-Makrelen. Also wie die kleinen bekannten Leberwurstd\u00f6schen, aber eben ein St\u00fcck Fisch mit Tomatensauce drin. Ist aber eher was f\u00fcr Mittag oder Abend als zum Fr\u00fchst\u00fcck f\u00fcr meinen Geschmack. Reicht f\u00fcr eine Brotscheibe aus und ist somit nicht so viel wie eine ganze Fischdose. Fehlt nur noch, dass es das wie K\u00e4se in einer Tube gibt :) <\/p>\n<p>\u00c0 propos Fischdosen, da gibts in Norwegen wie Schweden ja kaum Auswahl, eigentlich nur Makrelen oder Sardinen mit Tomatensauce. In den gro\u00dfen franz\u00f6sischen Superm\u00e4rkten hat man da eine ganze Regalreihe voll mit unterschiedlichen Fischen\/Herstellern\/Geschm\u00e4ckern\/Saucen&#8230; <\/p>\n<p>Ob wohl die h\u00e4ufig fehlende Auswahl in Skandinavien am fehlenden Angebot oder an der fehlenden Nachfrage liegt?<\/p>\n<p>Neben dem Supermarkt war ein Biltema, die haben ein g\u00fcnstiges Caf\u00e9 und haben da auch K\u00f6ttbullar mit P\u00fcree und Preiselbeeren, g\u00fcnstiger als Fertiggerichte im Supermarkt. Zum Mitnehmen ist es g\u00fcnstiger als zum dort essen und ohne Getr\u00e4nk nochmal g\u00fcnstiegr, so dass die Portion nur ca. 3,90 \u20ac kostete.<\/p>\n<p><a href='http:\/\/extra.inmontanis.info\/d\/67151-2\/DSC04781.jpg'><img src=http:\/\/extra.inmontanis.info\/d\/67150-3\/DSC04781.jpg \/><\/a><br \/>\n^ Die g\u00fcnstigen K\u00f6ttbullar vom Biltema-Markt. Interessant auch der norwegische Name der Preiselbeeren (links, Tytteb\u00e6r), die also weder mit dem deutschen Namen, noch mit dem schwedischen Namen (Lingon, wie im englischen) zu tun hat, daf\u00fcr im d\u00e4nischen ident hei\u00dft. (Unter der So\u00dfe ist das &#8220;Kartoffelmus&#8221;.)<\/p>\n<p>Ich nahm noch eine Handyhalterung und ein Klettband mit, m\u00f6chte probieren, das irgendwie an die Decke zu montieren, wenn ich in &#8220;Couchposition&#8221; bin und Filme\/Serien am Handy anschaue (anstatt am gro\u00dfen Bildschirm am PC). Hab mich f\u00fcr eine Magnet-Halterung entschieden, allerdings war die R\u00fcckseite am Handy mit den K\u00fchlrippen leider doch nicht magnetisch, d.h. ich musste leider dieses Metallpl\u00e4ttchen aufkleben.<\/p>\n<p><a href='http:\/\/extra.inmontanis.info\/d\/67155-2\/DSC04782.jpg'><img src=http:\/\/extra.inmontanis.info\/d\/67154-3\/DSC04782.jpg \/><\/a><br \/>\n^ H\u00e4lt komischerweise.  So aber wohl nur aufgrund der Dachschr\u00e4ge; hinten in Couchposition, wo das Dach gerade ist, musste ich den Halterarm ummontieren. Der ist angeschraubt und sah so aus, als k\u00f6nnte man ihn bewegen &#8211; was aber nicht der Fall ist, weil Plastikzapfen eigentlich nur eine Position zulassen &#8211; aber um 180\u00b0 gedreht konnte man ihn auch noch reinschrauben. Der Magnet h\u00e4lt jedenfalls tats\u00e4chlich gut.<\/p>\n<p>Soweit so gut. Das Klettband sollte dann standardm\u00e4\u00dfig oben bleiben und nur der Saugnapfmagnethalter bei Bedarf eingeklemmt werden. Funktionierte die n\u00e4chsten Tage sogar relativ brauchbar. Allerdings leg ich mir vorsichtshalber ein St\u00fcck Schlafsack \u00fcber das Gem\u00e4cht, f\u00fcr den Fall, dass das Handy mal runterf\u00e4llt ;)<\/p>\n<p><a href='http:\/\/extra.inmontanis.info\/d\/67159-2\/DSC04783.jpg'><img src=http:\/\/extra.inmontanis.info\/d\/67158-3\/DSC04783.jpg \/><\/a><br \/>\n^ Sonnigeres Wetter in Richtung K\u00fcste<\/p>\n<p><a href='http:\/\/extra.inmontanis.info\/d\/67163-2\/DSC04785.jpg'><img src=http:\/\/extra.inmontanis.info\/d\/67162-3\/DSC04785.jpg \/><\/a><br \/>\n^ Interessante Eisenbahnbr\u00fccke<\/p>\n<p><strong>26.8.2021<\/strong><\/p>\n<p>Heute mal wieder Sonnenschein. Die F\u00e4hre um 12 Uhr h\u00e4tte ich schaffen k\u00f6nnen, ohne Zwischenstopp, aber ich hab&#8217;s ja nicht eilig, also rumgetr\u00f6delt und lieber die 13.30er nehmen wollen. 3 Minuten nach 12 Uhr war ich aber doch am Hafen und 1. die F\u00e4hre stand noch da und 2. viele Autos ebenfalls. Vielleicht fuhr zuvor eine Zusatzf\u00e4hre, weil erst sp\u00e4ter die Autos rausfuhren (aber vor nicht zu langer Zeit mir etliche entgegen kamen) &#8211; so kam ich doch noch mit der &#8211; versp\u00e4teten &#8211; 12 Uhr F\u00e4hre mit.<\/p>\n<p><a href='http:\/\/extra.inmontanis.info\/d\/67167-2\/DSC04791.jpg'><img src=http:\/\/extra.inmontanis.info\/d\/67166-3\/DSC04791.jpg \/><\/a><br \/>\n^ Rastplatz in der N\u00e4he meines \u00dcbernachtungsplatzes mit Blick auf eine Br\u00fccke, die ich aber nicht gefahren bin<\/p>\n<p><a href='http:\/\/extra.inmontanis.info\/d\/67171-2\/DSC04795_001.jpg'><img src=http:\/\/extra.inmontanis.info\/d\/67170-3\/DSC04795_001.jpg \/><\/a><br \/>\n^ Stra\u00dfe um den See<\/p>\n<p><a href='http:\/\/extra.inmontanis.info\/d\/67175-2\/DSC04799_001.jpg'><img src=http:\/\/extra.inmontanis.info\/d\/67174-3\/DSC04799_001.jpg \/><\/a><br \/>\n^ An einem anderen Rastplatz<\/p>\n<p><a href='http:\/\/extra.inmontanis.info\/d\/67179-2\/DSC04804_001.jpg'><img src=http:\/\/extra.inmontanis.info\/d\/67178-3\/DSC04804_001.jpg \/><\/a><br \/>\n^ See<\/p>\n<p><a href='http:\/\/extra.inmontanis.info\/d\/67183-2\/DSC04806_001.jpg'><img src=http:\/\/extra.inmontanis.info\/d\/67182-3\/DSC04806_001.jpg \/><\/a><br \/>\n^ Meer<\/p>\n<p><a href='http:\/\/extra.inmontanis.info\/d\/67187-2\/DSC04807_001.jpg'><img src=http:\/\/extra.inmontanis.info\/d\/67186-3\/DSC04807_001.jpg \/><\/a><br \/>\n^ <\/p>\n<p><a href='http:\/\/extra.inmontanis.info\/d\/67191-2\/DSC04811_001.jpg'><img src=http:\/\/extra.inmontanis.info\/d\/67190-3\/DSC04811_001.jpg \/><\/a><br \/>\n^ <\/p>\n<p><a href='http:\/\/extra.inmontanis.info\/d\/67195-2\/DSC04817.jpg'><img src=http:\/\/extra.inmontanis.info\/d\/67194-3\/DSC04817.jpg \/><\/a><br \/>\n^ F\u00e4hre Holm-Vennesund<\/p>\n<p><a href='http:\/\/extra.inmontanis.info\/d\/67199-2\/DSC04820_001.jpg'><img src=http:\/\/extra.inmontanis.info\/d\/67198-3\/DSC04820_001.jpg \/><\/a><br \/>\n^ Holm-Vennesund<\/p>\n<p><a href='http:\/\/extra.inmontanis.info\/d\/67203-2\/DSC04821.jpg'><img src=http:\/\/extra.inmontanis.info\/d\/67202-3\/DSC04821.jpg \/><\/a><br \/>\n^ Holm-Vennesund<\/p>\n<p><a href='http:\/\/extra.inmontanis.info\/d\/67207-2\/DSC04822_001.jpg'><img src=http:\/\/extra.inmontanis.info\/d\/67206-3\/DSC04822_001.jpg \/><\/a><br \/>\n^ Holm-Vennesund<\/p>\n<p><a href='http:\/\/extra.inmontanis.info\/d\/67211-2\/DSC04827.jpg'><img src=http:\/\/extra.inmontanis.info\/d\/67210-3\/DSC04827.jpg \/><\/a><br \/>\n^ Vennesund, ich fuhr dann links auf die Insel Kval\u00f8ya<\/p>\n<p><a href='http:\/\/extra.inmontanis.info\/d\/67217-2\/DSC04831.jpg'><img src=http:\/\/extra.inmontanis.info\/d\/67215-3\/DSC04831.jpg \/><\/a><br \/>\n^ Wanderung auf Kval\u00f8ya. F\u00fchlte sich ja nach mehr als nur ca. 200 hm an ..<\/p>\n<p><a href='http:\/\/extra.inmontanis.info\/d\/67221-2\/DSC04834.jpg'><img src=http:\/\/extra.inmontanis.info\/d\/67220-3\/DSC04834.jpg \/><\/a><br \/>\n^ Gut, dass ich endlich mal daran gedacht hatte, einen Stecken mitzunehmen, abschnittsweise war es etwas steiler als hier ..<\/p>\n<p><a href='http:\/\/extra.inmontanis.info\/d\/67225-2\/DSC04835.jpg'><img src=http:\/\/extra.inmontanis.info\/d\/67224-3\/DSC04835.jpg \/><\/a><br \/>\n^ Aufstieg<\/p>\n<p><a href='http:\/\/extra.inmontanis.info\/d\/67229-2\/DSC04840.jpg'><img src=http:\/\/extra.inmontanis.info\/d\/67228-3\/DSC04840.jpg \/><\/a><br \/>\n^ Aufstieg, teilweise nass<\/p>\n<p><a href='http:\/\/extra.inmontanis.info\/d\/67233-2\/DSC04847.jpg'><img src=http:\/\/extra.inmontanis.info\/d\/67232-3\/DSC04847.jpg \/><\/a><br \/>\n^ Blick in die Bucht, wo der Parkplatz samt WC ist<\/p>\n<p><a href='http:\/\/extra.inmontanis.info\/d\/67237-2\/DSC04848.jpg'><img src=http:\/\/extra.inmontanis.info\/d\/67236-3\/DSC04848.jpg \/><\/a><br \/>\n^ Am Gipfel angekommen<\/p>\n<p><a href='http:\/\/extra.inmontanis.info\/d\/67241-2\/DSC04856.jpg'><img src=http:\/\/extra.inmontanis.info\/d\/67240-3\/DSC04856.jpg \/><\/a><br \/>\n^ Blick auf die F\u00e4hrstrecke von vorhin<\/p>\n<p><a href='http:\/\/extra.inmontanis.info\/d\/67245-2\/DSC04343.jpg'><img src=http:\/\/extra.inmontanis.info\/d\/67244-3\/DSC04343.jpg \/><\/a><br \/>\n^ IR-Pano<\/p>\n<p><a href='http:\/\/extra.inmontanis.info\/d\/67249-2\/DSC04344.jpg'><img src=http:\/\/extra.inmontanis.info\/d\/67248-3\/DSC04344.jpg \/><\/a><br \/>\n^ IR-Pano<\/p>\n<p><a href='http:\/\/extra.inmontanis.info\/d\/67253-2\/DSC04346.jpg'><img src=http:\/\/extra.inmontanis.info\/d\/67252-3\/DSC04346.jpg \/><\/a><br \/>\n^ IR-Pano, rechts d\u00fcrfte wohl der Torghatten sein, der Berg mit dem Loch, wo ich letztes Mal durchgegangen bin<\/p>\n<p><a href='http:\/\/extra.inmontanis.info\/d\/67257-2\/DSC04348.jpg'><img src=http:\/\/extra.inmontanis.info\/d\/67256-3\/DSC04348.jpg \/><\/a><br \/>\n^ <\/p>\n<p><a href='http:\/\/extra.inmontanis.info\/d\/67261-2\/DSC04349.jpg'><img src=http:\/\/extra.inmontanis.info\/d\/67260-3\/DSC04349.jpg \/><\/a><br \/>\n^ IR-Pano (Blau-Filter)<\/p>\n<p><a href='http:\/\/extra.inmontanis.info\/d\/67265-2\/DSC04354.jpg'><img src=http:\/\/extra.inmontanis.info\/d\/67264-3\/DSC04354.jpg \/><\/a><br \/>\n^ IR-Pano (Orange-Filter)<\/p>\n<p><a href='http:\/\/extra.inmontanis.info\/d\/67269-2\/DSC04352.jpg'><img src=http:\/\/extra.inmontanis.info\/d\/67268-3\/DSC04352.jpg \/><\/a><br \/>\n^ IR-Pano<\/p>\n<p><a href='http:\/\/extra.inmontanis.info\/d\/67273-2\/DSC04357.jpg'><img src=http:\/\/extra.inmontanis.info\/d\/67272-3\/DSC04357.jpg \/><\/a><br \/>\n^ IR-Pano<\/p>\n<p><a href='http:\/\/extra.inmontanis.info\/d\/67277-2\/DSC04857.jpg'><img src=http:\/\/extra.inmontanis.info\/d\/67276-3\/DSC04857.jpg \/><\/a><br \/>\n^ Die Bucht mit dem Strand und Parkplatz<\/p>\n<p><a href='http:\/\/extra.inmontanis.info\/d\/67281-2\/DSC04861.jpg'><img src=http:\/\/extra.inmontanis.info\/d\/67280-3\/DSC04861.jpg \/><\/a><br \/>\n^ Gipfelbereich<\/p>\n<p><a href='http:\/\/extra.inmontanis.info\/d\/67285-2\/DSC04862.jpg'><img src=http:\/\/extra.inmontanis.info\/d\/67284-3\/DSC04862.jpg \/><\/a><br \/>\n^ Weiter vorne gab es noch einen kleinen See, evtl. wieder so ein Gletschertopf?<\/p>\n<p><a href='http:\/\/extra.inmontanis.info\/d\/67289-2\/DSC04865.jpg'><img src=http:\/\/extra.inmontanis.info\/d\/67288-3\/DSC04865.jpg \/><\/a><br \/>\n^ Meer<\/p>\n<p><a href='http:\/\/extra.inmontanis.info\/d\/67293-2\/DSC04869.jpg'><img src=http:\/\/extra.inmontanis.info\/d\/67292-3\/DSC04869.jpg \/><\/a><br \/>\n^ <\/p>\n<p><a href='http:\/\/extra.inmontanis.info\/d\/67297-2\/DSC04871.jpg'><img src=http:\/\/extra.inmontanis.info\/d\/67296-3\/DSC04871.jpg \/><\/a><br \/>\n^ <\/p>\n<p>Leider muss man ja auch wieder irgendwann runter, und da gilt f\u00fcr mich:<br \/>\nWinter: Abfahrt (Ski) besser als Aufstieg,<br \/>\nSommer: Aufstieg besser als Abstieg<\/p>\n<p><a href='http:\/\/extra.inmontanis.info\/d\/67301-2\/DSC04872.jpg'><img src=http:\/\/extra.inmontanis.info\/d\/67300-3\/DSC04872.jpg \/><\/a><br \/>\n^ Der Weg war eigentlich schon recht sch\u00f6n, nur einige zu nasse Stellen<\/p>\n<p>Am Parkplatz gibt&#8217;s sogar eine Dusche, aber nur kaltes Wasser, wie auch am WC, daher nach dem schwitzigen Tag lieber mit Waschlappen im WC gewaschen. Stehen kann man anscheinend f\u00fcr 2 Tage gratis, wobei man auch gerne was \u00fcber dieses norwegische Handybezahlsystem spenden darf, aber das geht ja f\u00fcr Ausl\u00e4nder eh nicht.<\/p>\n<p><strong>27.8.2021<\/strong><\/p>\n<p>War heute Mittag etwas unschl\u00fcsssig &#8211; soll ich hier noch bis morgen bleiben? Sch\u00f6n ruhig, direkt am Meer, Toilette, Cola h\u00e4tte ich auch noch bzw. Trinkwasser vom WC.. andererseits w\u00fcrd das leichter fallen, wenn&#8217;s regnen w\u00fcrde anstatt so sonnig ist wie heute. Der Wanderweg auf den anderen Berg geht ja auf der anderen Seite der Insel los, zu Fu\u00df mir zu weit, aber wenn ich hier bleib, dann will ich heute gar nicht mit dem Auto fahren.<\/p>\n<p>Um 12:30 kam dann ein Expeditionswohnmobil aus Cuxhaven samt Kinder und Hund. Die waren aber auf dem Strand und im Meer unterwegs. Na mir w\u00e4r das ja viel zu kalt.<\/p>\n<p>Das LKW-Wohnmobil aus \u00d6sterreich stand 2019 mal zum Verkauf, mittlerweile also in DE gelandet:<\/p>\n<p>https:\/\/www.wohnmobil-selbstausbau.com\/Fahrzeuggalerie\/view\/bb4bfda87453\/Uncle_Benz_1632.html<\/p>\n<p>300 Liter Dieseltank hat das Gef\u00e4hrt.. da willste nich wissen, was das auf 100km schluckt.<\/p>\n<p>Die Sonnenbrille ging auch mal wieder kaputt, mein Sch\u00e4del ist wohl zu breit f\u00fcr diese billig-chinesischen Sport-Klemm-Sonnenbrillen :( Naja, h\u00e4lt auch mit einem B\u00fcgel halbwegs.<\/p>\n<p>Bin den Weg bzw. die Schotterstra\u00dfe noch weiter gelaufen bis fast zum Bauernhof, an zwei Stellen kam man etwas zum Meer weg. <\/p>\n<p><a href='http:\/\/extra.inmontanis.info\/d\/67305-2\/DSC04881.jpg'><img src=http:\/\/extra.inmontanis.info\/d\/67304-3\/DSC04881.jpg \/><\/a><br \/>\n^ Vorteil an so einem langweiligen Weg: Man kann das Panorama mehr genie\u00dfen und muss nicht jeden Schritt konzentriert auf den Boden schauen. H\u00e4tte man auch mit dem Auto fahren k\u00f6nnen<\/p>\n<p><a href='http:\/\/extra.inmontanis.info\/d\/67309-2\/DSC04882.jpg'><img src=http:\/\/extra.inmontanis.info\/d\/67308-3\/DSC04882.jpg \/><\/a><br \/>\n^ <\/p>\n<p><a href='http:\/\/extra.inmontanis.info\/d\/67313-2\/DSC04884.jpg'><img src=http:\/\/extra.inmontanis.info\/d\/67312-3\/DSC04884.jpg \/><\/a><br \/>\n^ S\u00f8rfjellet, wo ich gestern oben war<\/p>\n<p><a href='http:\/\/extra.inmontanis.info\/d\/67317-2\/DSC04889.jpg'><img src=http:\/\/extra.inmontanis.info\/d\/67316-3\/DSC04889.jpg \/><\/a><br \/>\n^ Die Stra\u00dfe f\u00fchrt zu einem versteckten Bauernhof, wobei es 2-3 Pfade gibt, die, wie hier, n\u00e4her zum Meer gehen<\/p>\n<p><a href='http:\/\/extra.inmontanis.info\/d\/67321-2\/DSC04364.jpg'><img src=http:\/\/extra.inmontanis.info\/d\/67320-3\/DSC04364.jpg \/><\/a><br \/>\n^ .. mit der IR-Kamera<\/p>\n<p><a href='http:\/\/extra.inmontanis.info\/d\/67325-2\/DSC04893.jpg'><img src=http:\/\/extra.inmontanis.info\/d\/67324-3\/DSC04893.jpg \/><\/a><br \/>\n^ Durch die Wellen funkelten die reflektierten Sonnenstrahlen an unterschiedlichen Stellen wie Blitzlichtgewitter<\/p>\n<p><a href='http:\/\/extra.inmontanis.info\/d\/67329-2\/DSC04894.jpg'><img src=http:\/\/extra.inmontanis.info\/d\/67328-3\/DSC04894.jpg \/><\/a><br \/>\n^ <\/p>\n<p>Zumindest gef\u00fchlt heute sehr warm, im Auto dann 30\u00b0 nachmittags, aber die Sonne verschwindet hier abends ja schnell hinterm Berg, das hat gestern schon gepasst dann. <\/p>\n<p>Obwohl ich die Standheizung nur 1x kurz heute Morgen zum Aufstehen hab laufen lassen, hab ich innerhalb 24h doch wieder 50 Ah (also ca. 650 Watt) aus der Batterie gezogen, mit PC, Handys laden, K\u00fchlschrank und das bissl Nudelnkochen. Daf\u00fcr muss ich also wieder 1,5h fahren. Oder mal den Motor etwas im Stand laufen lassen. Oder einfach langsamer fahren, nur noch 50 km\/h, damit man etwas l\u00e4nger f\u00e4hrt.<\/p>\n","protected":false},"excerpt":{"rendered":"<p>24.8.2021<\/p>\n<p>Heut mal wieder ein Regentag, bin ein St\u00fcck weiter in Richtung Trondheim bzw. rechts vorbei, aber noch bevor ich auf die E6 komme, die werd ich dann morgen abfahren. <\/p>\n<p>Endlich mal g\u00fcnstiger getankt: 15,68 NOK nur, war die zweitg\u00fcnstigste Tankstelle heute.<\/p>\n<p> ^ Da dr\u00fcben liegen anscheinend noch etliche Schneereste, h\u00e4tte ich bei <a href=\"http:\/\/blog.inmontanis.info\/?p=7007\">[&#8230;]<\/a><\/p>\n","protected":false},"author":1,"featured_media":7009,"comment_status":"closed","ping_status":"closed","sticky":false,"template":"","format":"standard","meta":{"footnotes":""},"categories":[185,18,30],"tags":[90,37,45],"class_list":["post-7007","post","type-post","status-publish","format-standard","has-post-thumbnail","hentry","category-2021-08-skandinavien","category-norwegennorway","category-wandern","tag-infrarot","tag-meer","tag-see","odd"],"_links":{"self":[{"href":"http:\/\/blog.inmontanis.info\/index.php?rest_route=\/wp\/v2\/posts\/7007","targetHints":{"allow":["GET"]}}],"collection":[{"href":"http:\/\/blog.inmontanis.info\/index.php?rest_route=\/wp\/v2\/posts"}],"about":[{"href":"http:\/\/blog.inmontanis.info\/index.php?rest_route=\/wp\/v2\/types\/post"}],"author":[{"embeddable":true,"href":"http:\/\/blog.inmontanis.info\/index.php?rest_route=\/wp\/v2\/users\/1"}],"replies":[{"embeddable":true,"href":"http:\/\/blog.inmontanis.info\/index.php?rest_route=%2Fwp%2Fv2%2Fcomments&post=7007"}],"version-history":[{"count":2,"href":"http:\/\/blog.inmontanis.info\/index.php?rest_route=\/wp\/v2\/posts\/7007\/revisions"}],"predecessor-version":[{"id":7010,"href":"http:\/\/blog.inmontanis.info\/index.php?rest_route=\/wp\/v2\/posts\/7007\/revisions\/7010"}],"wp:featuredmedia":[{"embeddable":true,"href":"http:\/\/blog.inmontanis.info\/index.php?rest_route=\/wp\/v2\/media\/7009"}],"wp:attachment":[{"href":"http:\/\/blog.inmontanis.info\/index.php?rest_route=%2Fwp%2Fv2%2Fmedia&parent=7007"}],"wp:term":[{"taxonomy":"category","embeddable":true,"href":"http:\/\/blog.inmontanis.info\/index.php?rest_route=%2Fwp%2Fv2%2Fcategories&post=7007"},{"taxonomy":"post_tag","embeddable":true,"href":"http:\/\/blog.inmontanis.info\/index.php?rest_route=%2Fwp%2Fv2%2Ftags&post=7007"}],"curies":[{"name":"wp","href":"https:\/\/api.w.org\/{rel}","templated":true}]}}