{"id":6993,"date":"2021-08-23T16:45:17","date_gmt":"2021-08-23T14:45:17","guid":{"rendered":"http:\/\/blog.inmontanis.info\/?p=6993"},"modified":"2023-08-04T21:01:00","modified_gmt":"2023-08-04T19:01:00","slug":"christianus-sexutes-kongens-gruve-23-8-2021-verfallene-materialseilbahn","status":"publish","type":"post","link":"http:\/\/blog.inmontanis.info\/?p=6993","title":{"rendered":"Christianus Sextus + Kongens gruve, 23.8.2021 \/ Verfallene Materialseilbahn"},"content":{"rendered":"<p><strong>23.8.2021<\/strong><\/p>\n<p>Da steht man mal nicht auf einer Bergstra\u00dfe, sondern eher im Tal (ok, auch auf ca. 600hm oder so), da hatte es heute Morgen um 9 Uhr lediglich 2\u00b0 ..<\/p>\n<p>Grunds\u00e4tzliches n\u00e4chstes Ziel ist ja wieder einmal die K\u00fcstenstra\u00dfe, Nr. 17, nach Norden. Bis dahin kann man entweder lange Strecke die mautpflichtige E6 \u00fcber Trondheim fahren (508km) oder man f\u00e4hrt mautfrei links herum mit 1-2 zus\u00e4tzlichen F\u00e4hren (562-573km) oder mautfrei ohne F\u00e6hren rechts von Trondheim (538km).<\/p>\n<p>Letztes Mal n\u00e4he R\u00f8ros hab ich ja zuf\u00e4llig die eine interessante ehemalige Mine entdeckt. Lt. Karte gibts auf der anderen Seite auch noch ein paar Minen, check im Internet &#8211; ja, schaut interessant aus. Also dann rechts von Trondheim herum und da noch einen Zwischenstopp einlegen.<\/p>\n<p>In Schweden liefen die Leute ja recht fr\u00fch im Fr\u00fchjahr mit kurzen \u00c4rmeln rum, hier in Norwegen laufen die Leute selbst bei Sonnenschein und 10-14\u00b0 mit dick aussehenden Jacken herum und ich fast der einzige mit Kurz\u00e4rmel.. naja, war auch im Gesch\u00e4ft immer einer der letzten, der im Fr\u00fchjahr lange und im Herbst kurze \u00c4rmel anhatte. Ich brauch da einfach immer etwas Zeit zur Umstellung.<\/p>\n<p>Die Mautstra\u00dfe zu den Bergwerken kostete ca. 5,- \u20ac und ich fuhr erst zum Christianus Sextus Bergwerk, das zwischen 1723-1940 in Betrieb gewesen sein soll und Reste einer Pohlig-Materialseilbahn von 1904-1905 hat. Was sehr cool war. <\/p>\n<p><a href='http:\/\/extra.inmontanis.info\/d\/66815-3\/DSC04605.jpg'><img src=http:\/\/extra.inmontanis.info\/d\/66813-3\/DSC04605.jpg \/><\/a><br \/>\n^ Mautstra\u00dfe<\/p>\n<p><a href='http:\/\/extra.inmontanis.info\/d\/66819-3\/DSC04611.jpg'><img src=http:\/\/extra.inmontanis.info\/d\/66818-3\/DSC04611.jpg \/><\/a><br \/>\n^ Christianus Sextus Mine, mit den \u00dcberresten der Seilbahn<\/p>\n<p><a href='http:\/\/extra.inmontanis.info\/d\/66823-3\/DSC04613.jpg'><img src=http:\/\/extra.inmontanis.info\/d\/66822-3\/DSC04613.jpg \/><\/a><br \/>\n^ Ehemalige Materialseilbahn<\/p>\n<p><a href='http:\/\/extra.inmontanis.info\/d\/66827-3\/DSC04618.jpg'><img src=http:\/\/extra.inmontanis.info\/d\/66826-3\/DSC04618.jpg \/><\/a><br \/>\n^ St\u00fctzenreste<\/p>\n<p><a href='http:\/\/extra.inmontanis.info\/d\/66831-3\/DSC04619.jpg'><img src=http:\/\/extra.inmontanis.info\/d\/66830-3\/DSC04619.jpg \/><\/a><br \/>\n^ Gegen\u00fcber des Sees steht noch eine St\u00fctze<\/p>\n<p><a href='http:\/\/extra.inmontanis.info\/d\/66835-3\/DSC04620.jpg'><img src=http:\/\/extra.inmontanis.info\/d\/66834-3\/DSC04620.jpg \/><\/a><br \/>\n^ <\/p>\n<p><a href='http:\/\/extra.inmontanis.info\/d\/66839-3\/DSC04622.jpg'><img src=http:\/\/extra.inmontanis.info\/d\/66838-3\/DSC04622.jpg \/><\/a><br \/>\n^ <\/p>\n<p><a href='http:\/\/extra.inmontanis.info\/d\/66843-3\/DSC04624.jpg'><img src=http:\/\/extra.inmontanis.info\/d\/66842-3\/DSC04624.jpg \/><\/a><br \/>\n^ Pohlig in K\u00f6ln war der Hersteller, lt. Internet 1904-1905<\/p>\n<p><a href='http:\/\/extra.inmontanis.info\/d\/66847-3\/DSC04625.jpg'><img src=http:\/\/extra.inmontanis.info\/d\/66846-3\/DSC04625.jpg \/><\/a><br \/>\n^ <\/p>\n<p><a href='http:\/\/extra.inmontanis.info\/d\/66851-3\/DSC04629.jpg'><img src=http:\/\/extra.inmontanis.info\/d\/66850-3\/DSC04629.jpg \/><\/a><br \/>\n^ <\/p>\n<p><a href='http:\/\/extra.inmontanis.info\/d\/66855-2\/DSC04630.jpg'><img src=http:\/\/extra.inmontanis.info\/d\/66854-3\/DSC04630.jpg \/><\/a><br \/>\n^ <\/p>\n<p><a href='http:\/\/extra.inmontanis.info\/d\/66859-2\/DSC04631.jpg'><img src=http:\/\/extra.inmontanis.info\/d\/66858-3\/DSC04631.jpg \/><\/a><br \/>\n^ <\/p>\n<p><a href='http:\/\/extra.inmontanis.info\/d\/66863-2\/DSC04634.jpg'><img src=http:\/\/extra.inmontanis.info\/d\/66862-3\/DSC04634.jpg \/><\/a><br \/>\n^ <\/p>\n<p><a href='http:\/\/extra.inmontanis.info\/d\/66867-3\/DSC04635.jpg'><img src=http:\/\/extra.inmontanis.info\/d\/66866-3\/DSC04635.jpg \/><\/a><br \/>\n^ <\/p>\n<p><a href='http:\/\/extra.inmontanis.info\/d\/66871-3\/DSC04636.jpg'><img src=http:\/\/extra.inmontanis.info\/d\/66870-3\/DSC04636.jpg \/><\/a><br \/>\n^ <\/p>\n<p><a href='http:\/\/extra.inmontanis.info\/d\/66875-2\/DSC04637.jpg'><img src=http:\/\/extra.inmontanis.info\/d\/66874-3\/DSC04637.jpg \/><\/a><br \/>\n^ <\/p>\n<p><a href='http:\/\/extra.inmontanis.info\/d\/66879-2\/DSC04638.jpg'><img src=http:\/\/extra.inmontanis.info\/d\/66878-3\/DSC04638.jpg \/><\/a><br \/>\n^ Der Boden ist ganz sch\u00f6n verschlammt und vermoost<\/p>\n<p><a href='http:\/\/extra.inmontanis.info\/d\/66883-2\/DSC04640.jpg'><img src=http:\/\/extra.inmontanis.info\/d\/66882-3\/DSC04640.jpg \/><\/a><br \/>\n^ <\/p>\n<p><a href='http:\/\/extra.inmontanis.info\/d\/66887-2\/DSC04641.jpg'><img src=http:\/\/extra.inmontanis.info\/d\/66886-3\/DSC04641.jpg \/><\/a><br \/>\n^ Die Station war eine Mittelstation<\/p>\n<p><a href='http:\/\/extra.inmontanis.info\/d\/66891-2\/DSC04642.jpg'><img src=http:\/\/extra.inmontanis.info\/d\/66890-3\/DSC04642.jpg \/><\/a><br \/>\n^ <\/p>\n<p><a href='http:\/\/extra.inmontanis.info\/d\/66895-2\/DSC04643.jpg'><img src=http:\/\/extra.inmontanis.info\/d\/66894-3\/DSC04643.jpg \/><\/a><br \/>\n^ <\/p>\n<p><a href='http:\/\/extra.inmontanis.info\/d\/66899-2\/DSC04644.jpg'><img src=http:\/\/extra.inmontanis.info\/d\/66898-3\/DSC04644.jpg \/><\/a><br \/>\n^ <\/p>\n<p><a href='http:\/\/extra.inmontanis.info\/d\/66903-2\/DSC04645.jpg'><img src=http:\/\/extra.inmontanis.info\/d\/66902-3\/DSC04645.jpg \/><\/a><br \/>\n^ <\/p>\n<p><a href='http:\/\/extra.inmontanis.info\/d\/66907-2\/DSC04647.jpg'><img src=http:\/\/extra.inmontanis.info\/d\/66906-3\/DSC04647.jpg \/><\/a><br \/>\n^ <\/p>\n<p><a href='http:\/\/extra.inmontanis.info\/d\/66911-2\/DSC04650.jpg'><img src=http:\/\/extra.inmontanis.info\/d\/66910-3\/DSC04650.jpg \/><\/a><br \/>\n^ <\/p>\n<p><a href='http:\/\/extra.inmontanis.info\/d\/66915-2\/DSC04653.jpg'><img src=http:\/\/extra.inmontanis.info\/d\/66914-3\/DSC04653.jpg \/><\/a><br \/>\n^ <\/p>\n<p><a href='http:\/\/extra.inmontanis.info\/d\/66919-2\/DSC04654.jpg'><img src=http:\/\/extra.inmontanis.info\/d\/66918-3\/DSC04654.jpg \/><\/a><br \/>\n^ <\/p>\n<p><a href='http:\/\/extra.inmontanis.info\/d\/66923-2\/DSC04657.jpg'><img src=http:\/\/extra.inmontanis.info\/d\/66922-3\/DSC04657.jpg \/><\/a><br \/>\n^ Der hintere Teil der Station steht allerdings im Wasser<\/p>\n<p><a href='http:\/\/extra.inmontanis.info\/d\/66927-2\/DSC04658.jpg'><img src=http:\/\/extra.inmontanis.info\/d\/66926-3\/DSC04658.jpg \/><\/a><br \/>\n^ <\/p>\n<p><a href='http:\/\/extra.inmontanis.info\/d\/66931-2\/DSC04662.jpg'><img src=http:\/\/extra.inmontanis.info\/d\/66930-3\/DSC04662.jpg \/><\/a><br \/>\n^ <\/p>\n<p><a href='http:\/\/extra.inmontanis.info\/d\/66935-3\/DSC04664.jpg'><img src=http:\/\/extra.inmontanis.info\/d\/66934-3\/DSC04664.jpg \/><\/a><br \/>\n^ <\/p>\n<p><a href='http:\/\/extra.inmontanis.info\/d\/66939-3\/DSC04667.jpg'><img src=http:\/\/extra.inmontanis.info\/d\/66938-3\/DSC04667.jpg \/><\/a><br \/>\n^ <\/p>\n<p><a href='http:\/\/extra.inmontanis.info\/d\/66943-3\/DSC04669.jpg'><img src=http:\/\/extra.inmontanis.info\/d\/66942-3\/DSC04669.jpg \/><\/a><br \/>\n^ Schwazer Moosteppich, wobei das f\u00fcr mich alles ja eher ein Curry-Gelbton ist als kupferfarbig..<\/p>\n<p><a href='http:\/\/extra.inmontanis.info\/d\/66947-3\/DSC04670.jpg'><img src=http:\/\/extra.inmontanis.info\/d\/66946-3\/DSC04670.jpg \/><\/a><br \/>\n^ .. sch\u00f6n anzuschauen ist das mit dem farbigen Wasser schon<\/p>\n<p><a href='http:\/\/extra.inmontanis.info\/d\/66951-2\/DSC04673.jpg'><img src=http:\/\/extra.inmontanis.info\/d\/66950-3\/DSC04673.jpg \/><\/a><br \/>\n^ wie im wilden Westen<\/p>\n<p><a href='http:\/\/extra.inmontanis.info\/d\/66955-2\/DSC04676.jpg'><img src=http:\/\/extra.inmontanis.info\/d\/66954-3\/DSC04676.jpg \/><\/a><br \/>\n^ <\/p>\n<p><a href='http:\/\/extra.inmontanis.info\/d\/66959-2\/DSC04678.jpg'><img src=http:\/\/extra.inmontanis.info\/d\/66958-3\/DSC04678.jpg \/><\/a><br \/>\n^ <\/p>\n<p><a href='http:\/\/extra.inmontanis.info\/d\/66963-2\/DSC04680.jpg'><img src=http:\/\/extra.inmontanis.info\/d\/66962-3\/DSC04680.jpg \/><\/a><br \/>\n^ <\/p>\n<p><a href='http:\/\/extra.inmontanis.info\/d\/66967-2\/DSC04683.jpg'><img src=http:\/\/extra.inmontanis.info\/d\/66966-3\/DSC04683.jpg \/><\/a><br \/>\n^ D\u00fcrfte dann die Abspannung gewesen ein<\/p>\n<p><a href='http:\/\/extra.inmontanis.info\/d\/66971-2\/DSC04687.jpg'><img src=http:\/\/extra.inmontanis.info\/d\/66970-3\/DSC04687.jpg \/><\/a><br \/>\n^ <\/p>\n<p><a href='http:\/\/extra.inmontanis.info\/d\/66975-2\/DSC04689.jpg'><img src=http:\/\/extra.inmontanis.info\/d\/66974-3\/DSC04689.jpg \/><\/a><br \/>\n^ Weiter oben im Steinbruch liegen Gleise herum<\/p>\n<p><a href='http:\/\/extra.inmontanis.info\/d\/66979-2\/DSC04690.jpg'><img src=http:\/\/extra.inmontanis.info\/d\/66978-3\/DSC04690.jpg \/><\/a><br \/>\n^ <\/p>\n<p><a href='http:\/\/extra.inmontanis.info\/d\/66983-2\/DSC04692.jpg'><img src=http:\/\/extra.inmontanis.info\/d\/66982-3\/DSC04692.jpg \/><\/a><br \/>\n^ Und derartige Steine, eher leicht und por\u00f6s, aber mit silber gl\u00e4nzendem Glitter versehen.. Nat\u00fcrlich oder durch Sprengungen verursacht? Riechen beim Zebr\u00f6seln nach Schwefel<\/p>\n<p><a href='http:\/\/extra.inmontanis.info\/d\/66987-2\/DSC04694.jpg'><img src=http:\/\/extra.inmontanis.info\/d\/66986-3\/DSC04694.jpg \/><\/a><br \/>\n^ Einer der wenigen kupferfarbig gl\u00e4nzenden Steine<\/p>\n<p><a href='http:\/\/extra.inmontanis.info\/d\/66991-2\/DSC04695.jpg'><img src=http:\/\/extra.inmontanis.info\/d\/66990-3\/DSC04695.jpg \/><\/a><br \/>\n^ <\/p>\n<p><a href='http:\/\/extra.inmontanis.info\/d\/66995-2\/DSC04697.jpg'><img src=http:\/\/extra.inmontanis.info\/d\/66994-3\/DSC04697.jpg \/><\/a><br \/>\n^ <\/p>\n<p><a href='http:\/\/extra.inmontanis.info\/d\/66999-2\/DSC04699.jpg'><img src=http:\/\/extra.inmontanis.info\/d\/66998-3\/DSC04699.jpg \/><\/a><br \/>\n^ Ganz oben gibts noch einen Schacht im Berg<\/p>\n<p><a href='http:\/\/extra.inmontanis.info\/d\/67003-2\/DSC04700.jpg'><img src=http:\/\/extra.inmontanis.info\/d\/67002-3\/DSC04700.jpg \/><\/a><br \/>\n^ <\/p>\n<p><a href='http:\/\/extra.inmontanis.info\/d\/67007-2\/DSC04701.jpg'><img src=http:\/\/extra.inmontanis.info\/d\/67006-3\/DSC04701.jpg \/><\/a><br \/>\n^ <\/p>\n<p><a href='http:\/\/extra.inmontanis.info\/d\/67011-2\/DSC04705.jpg'><img src=http:\/\/extra.inmontanis.info\/d\/67010-3\/DSC04705.jpg \/><\/a><br \/>\n^ <\/p>\n<p><a href='http:\/\/extra.inmontanis.info\/d\/67015-2\/DSC04706.jpg'><img src=http:\/\/extra.inmontanis.info\/d\/67014-3\/DSC04706.jpg \/><\/a><br \/>\n^ <\/p>\n<p><a href='http:\/\/extra.inmontanis.info\/d\/67019-2\/DSC04707.jpg'><img src=http:\/\/extra.inmontanis.info\/d\/67018-3\/DSC04707.jpg \/><\/a><br \/>\n^ <\/p>\n<p><a href='http:\/\/extra.inmontanis.info\/d\/67023-2\/DSC04709.jpg'><img src=http:\/\/extra.inmontanis.info\/d\/67022-3\/DSC04709.jpg \/><\/a><br \/>\n^ <\/p>\n<p><a href='http:\/\/extra.inmontanis.info\/d\/67027-2\/DSC04710.jpg'><img src=http:\/\/extra.inmontanis.info\/d\/67026-3\/DSC04710.jpg \/><\/a><br \/>\n^ <\/p>\n<p><a href='http:\/\/extra.inmontanis.info\/d\/67031-2\/DSC04711.jpg'><img src=http:\/\/extra.inmontanis.info\/d\/67030-3\/DSC04711.jpg \/><\/a><br \/>\n^ <\/p>\n<p><a href='http:\/\/extra.inmontanis.info\/d\/67035-2\/DSC04713.jpg'><img src=http:\/\/extra.inmontanis.info\/d\/67034-3\/DSC04713.jpg \/><\/a><br \/>\n^ <\/p>\n<p><a href='http:\/\/extra.inmontanis.info\/d\/67039-2\/DSC04714.jpg'><img src=http:\/\/extra.inmontanis.info\/d\/67038-3\/DSC04714.jpg \/><\/a><br \/>\n^ Querfeldein zur St\u00fctze gelaufen<\/p>\n<p><a href='http:\/\/extra.inmontanis.info\/d\/67043-2\/DSC04715.jpg'><img src=http:\/\/extra.inmontanis.info\/d\/67042-3\/DSC04715.jpg \/><\/a><br \/>\n^ .. die wird wohl auch nimmer lang stehen ..<\/p>\n<p><a href='http:\/\/extra.inmontanis.info\/d\/67047-2\/DSC04716.jpg'><img src=http:\/\/extra.inmontanis.info\/d\/67046-3\/DSC04716.jpg \/><\/a><br \/>\n^ <\/p>\n<p><a href='http:\/\/extra.inmontanis.info\/d\/67051-2\/DSC04718.jpg'><img src=http:\/\/extra.inmontanis.info\/d\/67050-3\/DSC04718.jpg \/><\/a><br \/>\n^ <\/p>\n<p><a href='http:\/\/extra.inmontanis.info\/d\/67055-2\/DSC04719.jpg'><img src=http:\/\/extra.inmontanis.info\/d\/67054-3\/DSC04719.jpg \/><\/a><br \/>\n^ Teilweise gabs so komische schwamm-m\u00e4\u00dfige Felder (hart\/por\u00f6s) auf dem Weg<\/p>\n<p><a href='http:\/\/extra.inmontanis.info\/d\/67059-2\/DSC04720.jpg'><img src=http:\/\/extra.inmontanis.info\/d\/67058-3\/DSC04720.jpg \/><\/a><br \/>\n^ Infotafel am Parkplatz zur Kongens gruve<\/p>\n<p><a href='http:\/\/extra.inmontanis.info\/d\/67063-2\/DSC04721.jpg'><img src=http:\/\/extra.inmontanis.info\/d\/67062-3\/DSC04721.jpg \/><\/a><br \/>\n^ Infotafel am Parkplatz zur Kongens gruve, auch hier ist eine Seilbahn unten eingezeichnet; dazu gab es eine Eisenbahn, die von der noch existierenden Eisenbahnlinie abzweigte; kann man auf dem Sat-Bild erkennen; ein Teil der Trasse bin ich zur Christianus Sextues Mine vorhin mit dem Auto gefahren<\/p>\n<p><a href='http:\/\/extra.inmontanis.info\/d\/67067-2\/DSC04724.jpg'><img src=http:\/\/extra.inmontanis.info\/d\/67066-3\/DSC04724.jpg \/><\/a><br \/>\n^ eher ein moderneres Geb\u00e4ude, zudem scheint die Halle nun von  einer andere Firma in Verwendung zu sein<\/p>\n<p><a href='http:\/\/extra.inmontanis.info\/d\/67071-2\/DSC04726.jpg'><img src=http:\/\/extra.inmontanis.info\/d\/67070-3\/DSC04726.jpg \/><\/a><br \/>\n^ <\/p>\n<p><a href='http:\/\/extra.inmontanis.info\/d\/67075-2\/DSC04733.jpg'><img src=http:\/\/extra.inmontanis.info\/d\/67074-3\/DSC04733.jpg \/><\/a><br \/>\n^ Unterhalb diese eigenartigen Felder mit rausschauenden Rohren (irgendeine Deponie vielleicht?)<\/p>\n<p><a href='http:\/\/extra.inmontanis.info\/d\/67079-2\/DSC04736.jpg'><img src=http:\/\/extra.inmontanis.info\/d\/67078-3\/DSC04736.jpg \/><\/a><br \/>\n^ Grundlegend wurden leider alle Geb\u00e4ude der Kongens Gruve abgebrannt, als sie stillgelegt wurde<\/p>\n<p><a href='http:\/\/extra.inmontanis.info\/d\/67083-2\/DSC04741.jpg'><img src=http:\/\/extra.inmontanis.info\/d\/67082-3\/DSC04741.jpg \/><\/a><br \/>\n^ Weiter oben wirds wieder interessanter, ein Bergwerksschaft. Hat man den fr\u00fcher durch den Berg gehauen und dann irgendwann alles in die Luft gesprengt?<\/p>\n<p><a href='http:\/\/extra.inmontanis.info\/d\/67087-2\/DSC04742.jpg'><img src=http:\/\/extra.inmontanis.info\/d\/67086-3\/DSC04742.jpg \/><\/a><br \/>\n^ <\/p>\n<p><a href='http:\/\/extra.inmontanis.info\/d\/67091-2\/DSC04743.jpg'><img src=http:\/\/extra.inmontanis.info\/d\/67090-3\/DSC04743.jpg \/><\/a><br \/>\n^ <\/p>\n<p><a href='http:\/\/extra.inmontanis.info\/d\/67095-2\/DSC04747.jpg'><img src=http:\/\/extra.inmontanis.info\/d\/67094-3\/DSC04747.jpg \/><\/a><br \/>\n^ <\/p>\n<p><a href='http:\/\/extra.inmontanis.info\/d\/67099-2\/DSC04748.jpg'><img src=http:\/\/extra.inmontanis.info\/d\/67098-3\/DSC04748.jpg \/><\/a><br \/>\n^ <\/p>\n<p><a href='http:\/\/extra.inmontanis.info\/d\/67103-2\/DSC04750.jpg'><img src=http:\/\/extra.inmontanis.info\/d\/67102-3\/DSC04750.jpg \/><\/a><br \/>\n^ Wieder unten, scheint das die Talstation der Mineneisenbahn gewesen zu sein<\/p>\n<p><a href='http:\/\/extra.inmontanis.info\/d\/67107-2\/DSC04752.jpg'><img src=http:\/\/extra.inmontanis.info\/d\/67106-3\/DSC04752.jpg \/><\/a><br \/>\n^ .. und das dann wohl der Eingang zur Mine?<\/p>\n<p><a href='http:\/\/extra.inmontanis.info\/d\/67111-2\/DSC04753.jpg'><img src=http:\/\/extra.inmontanis.info\/d\/67110-3\/DSC04753.jpg \/><\/a><br \/>\n^ Ein Stahlseil liegt hier allerding auch rum<\/p>\n<p><a href='http:\/\/extra.inmontanis.info\/d\/67115-2\/DSC04755.jpg'><img src=http:\/\/extra.inmontanis.info\/d\/67114-3\/DSC04755.jpg \/><\/a><br \/>\n^ Hier gabs wohl einen Abzweig<\/p>\n<p>Weitere Infos zu den Minen z.B. hier:<br \/>\nhttps:\/\/www.roros.no\/6-gruver-verdt-et-besok\/<\/p>\n<p>&#8211;<br \/>\nAuch immer wieder spannend, die Tageswerte am kleinen Thermometer im Auto, heute:<br \/>\nTemperatur: 8,3\u00b0 &#8211; 28,3\u00b0<br \/>\nRel. Luftfeuchte: 12-55%<\/p>\n<p>Was ja schon interessant ist, nur 55% selbst bei der K\u00e4lte am Morgen, ja ohne offene Fenster die Nacht \u00fcber.  Trotzdem sind die Scheiben nass. Oder vielleicht ist die Luftfeuchte genau deshalb so niedrig, weil das Wasser an den Scheiben bzw. teilweise in den Schaumstoffen ist?<\/p>\n<p>Jedenfalls, in der Wohnung hatte ich im Juli bei 20-24\u00b0 um die 60%, bevor ich dann den Luftentfeuchter laufen hab lassen. Von den Werten bin ich im Auto, trotz des kleineren Raums, ja weit entfernt. Trotzdem empfind ich die Luft hier weniger trocken als im Juli die 40% bei 25\u00b0 im Badezimmer mit aktiviertem Luftentfeuchter, obwohl es hier bei derartigen Temperaturen ja eher nur 30-40% sind&#8230; An sp\u00e4teren Tagen hatte ich aber schon auch mal \u00fcber 70% in der Nacht &#8211; bei \u00fcber 10\u00b0.<\/p>\n<p>Wie schon im gestrigen Bericht gesagt, war das jetzt so ein bisschen das Ende des ersten Teils der Reise. Daher also die Karte:<\/p>\n<p><a href='http:\/\/extra.inmontanis.info\/d\/66805-2\/ge202108a.jpg'><img src=http:\/\/extra.inmontanis.info\/d\/66804-3\/ge202108a.jpg \/><\/a><br \/>\n^ Fahrstrecke der ersten 2 Wochen, ca. 3.700 km, die Trackaufzeichnung hat aber recht viele Aussetzer in Norwegen, wird also eher etwas mehr sein.<\/p>\n<p><a href='http:\/\/extra.inmontanis.info\/d\/66809-2\/ge202108b.jpg'><img src=http:\/\/extra.inmontanis.info\/d\/66808-3\/ge202108b.jpg \/><\/a><br \/>\n^ Fahrstrecke und POI der ca. ersten Woche in Norwegen<\/p>\n<p>A) Kvamskleiva<br \/>\nB) Tindevegen<br \/>\nC) Jostedalen \/ Austdals-Styggevatnet<br \/>\nD) Sognefjell<br \/>\nE) Strynefjell<br \/>\nF) Geiranger<br \/>\nG) Trollstigen<br \/>\nH) Aursj\u00f8vegen<br \/>\nI) Oppdal<br \/>\nJ) Tronfjellveien<br \/>\nK) Christianus Sexutes + Kongens gruve<\/p>\n","protected":false},"excerpt":{"rendered":"<p>23.8.2021<\/p>\n<p>Da steht man mal nicht auf einer Bergstra\u00dfe, sondern eher im Tal (ok, auch auf ca. 600hm oder so), da hatte es heute Morgen um 9 Uhr lediglich 2\u00b0 ..<\/p>\n<p>Grunds\u00e4tzliches n\u00e4chstes Ziel ist ja wieder einmal die K\u00fcstenstra\u00dfe, Nr. 17, nach Norden. Bis dahin kann man entweder lange Strecke die mautpflichtige E6 \u00fcber <a href=\"http:\/\/blog.inmontanis.info\/?p=6993\">[&#8230;]<\/a><\/p>\n","protected":false},"author":1,"featured_media":6998,"comment_status":"closed","ping_status":"closed","sticky":false,"template":"","format":"standard","meta":{"footnotes":""},"categories":[185,18,599,32,30],"tags":[50,93,45],"class_list":["post-6993","post","type-post","status-publish","format-standard","has-post-thumbnail","hentry","category-2021-08-skandinavien","category-norwegennorway","category-roros","category-lostplaces","category-wandern","tag-bergbau","tag-holzstutzen","tag-see","odd"],"_links":{"self":[{"href":"http:\/\/blog.inmontanis.info\/index.php?rest_route=\/wp\/v2\/posts\/6993","targetHints":{"allow":["GET"]}}],"collection":[{"href":"http:\/\/blog.inmontanis.info\/index.php?rest_route=\/wp\/v2\/posts"}],"about":[{"href":"http:\/\/blog.inmontanis.info\/index.php?rest_route=\/wp\/v2\/types\/post"}],"author":[{"embeddable":true,"href":"http:\/\/blog.inmontanis.info\/index.php?rest_route=\/wp\/v2\/users\/1"}],"replies":[{"embeddable":true,"href":"http:\/\/blog.inmontanis.info\/index.php?rest_route=%2Fwp%2Fv2%2Fcomments&post=6993"}],"version-history":[{"count":3,"href":"http:\/\/blog.inmontanis.info\/index.php?rest_route=\/wp\/v2\/posts\/6993\/revisions"}],"predecessor-version":[{"id":6996,"href":"http:\/\/blog.inmontanis.info\/index.php?rest_route=\/wp\/v2\/posts\/6993\/revisions\/6996"}],"wp:featuredmedia":[{"embeddable":true,"href":"http:\/\/blog.inmontanis.info\/index.php?rest_route=\/wp\/v2\/media\/6998"}],"wp:attachment":[{"href":"http:\/\/blog.inmontanis.info\/index.php?rest_route=%2Fwp%2Fv2%2Fmedia&parent=6993"}],"wp:term":[{"taxonomy":"category","embeddable":true,"href":"http:\/\/blog.inmontanis.info\/index.php?rest_route=%2Fwp%2Fv2%2Fcategories&post=6993"},{"taxonomy":"post_tag","embeddable":true,"href":"http:\/\/blog.inmontanis.info\/index.php?rest_route=%2Fwp%2Fv2%2Ftags&post=6993"}],"curies":[{"name":"wp","href":"https:\/\/api.w.org\/{rel}","templated":true}]}}