{"id":6990,"date":"2021-08-22T18:31:08","date_gmt":"2021-08-22T16:31:08","guid":{"rendered":"http:\/\/blog.inmontanis.info\/?p=6990"},"modified":"2021-08-27T19:08:34","modified_gmt":"2021-08-27T17:08:34","slug":"tronfjellveien-22-8-2021","status":"publish","type":"post","link":"http:\/\/blog.inmontanis.info\/?p=6990","title":{"rendered":"Tronfjellveien, 22.8.2021"},"content":{"rendered":"<p><strong>So, 22.8.2021<\/strong> &#8211; Teil 3: Tronfjellveien<\/p>\n<p>Um das sch\u00f6ne Wetter auszun\u00fctzen, ging es noch zur Tronfjell-Stra\u00dfe, die auch schon l\u00e4nger auf meiner POI-Liste ist.<\/p>\n<p>Leider etwas in der falschen Richtung, n\u00e4mlich von Oppdal im S\u00fcden gelegen. Die Maut kostet 150 NOK, leider umst\u00e4ndlich auf Website zu zahlen, wohl ziemlich die h\u00f6chste oder zweith\u00f6chste (frei anfahrbare) Stra\u00dfe Norwegens mit ca. 1650m, ziemlich steil teilweise. Leider die Sicht etwas diesig. Hab noch bis zum Sonnenuntergang gewartet, waren ja nur knappe 3 Stunden.<\/p>\n<p>Zum Sonnenuntergang um 21 Uhr kamen noch 2 deutsche Familien, die sich wunderten, dass die  Sonne so lang braucht, bis sie hier untergeht :) <\/p>\n<p><a href='http:\/\/extra.inmontanis.info\/d\/66701-2\/DSC04517.jpg'><img src=http:\/\/extra.inmontanis.info\/d\/66699-3\/DSC04517.jpg \/><\/a><br \/>\n^ Tron, dort geht eine Stra\u00dfe hinauf, die ich heute endlich fahren will<\/p>\n<p><a href='http:\/\/extra.inmontanis.info\/d\/66705-2\/DSC04521.jpg'><img src=http:\/\/extra.inmontanis.info\/d\/66704-3\/DSC04521.jpg \/><\/a><br \/>\n^ Maut kostet ca. 15,- \u20ac, Bezahlung auf der Youpark-Website innerhalb 48h<\/p>\n<p><a href='http:\/\/extra.inmontanis.info\/d\/66709-2\/DSC04523.jpg'><img src=http:\/\/extra.inmontanis.info\/d\/66708-3\/DSC04523.jpg \/><\/a><br \/>\n^ Steile Auffahrt<\/p>\n<p><a href='http:\/\/extra.inmontanis.info\/d\/66713-2\/DSC04531.jpg'><img src=http:\/\/extra.inmontanis.info\/d\/66712-3\/DSC04531.jpg \/><\/a><br \/>\n^ Flattron \/ Plateau unterhalb des Gipfels<\/p>\n<p><a href='http:\/\/extra.inmontanis.info\/d\/66717-2\/DSC04532.jpg'><img src=http:\/\/extra.inmontanis.info\/d\/66716-3\/DSC04532.jpg \/><\/a><br \/>\n^ Finaler Aufstieg der Stra\u00dfe bis zum Gipfel<\/p>\n<p><a href='http:\/\/extra.inmontanis.info\/d\/66721-2\/DSC04533.jpg'><img src=http:\/\/extra.inmontanis.info\/d\/66720-3\/DSC04533.jpg \/><\/a><br \/>\n^ Steile Auffahrt<\/p>\n<p><a href='http:\/\/extra.inmontanis.info\/d\/66725-2\/DSC04534.jpg'><img src=http:\/\/extra.inmontanis.info\/d\/66724-3\/DSC04534.jpg \/><\/a><br \/>\n^ Steile Auffahrt<\/p>\n<p><a href='http:\/\/extra.inmontanis.info\/d\/66729-2\/DSC04536.jpg'><img src=http:\/\/extra.inmontanis.info\/d\/66728-3\/DSC04536.jpg \/><\/a><br \/>\n^ Auffahrt<\/p>\n<p><a href='http:\/\/extra.inmontanis.info\/d\/66733-2\/DSC04540.jpg'><img src=http:\/\/extra.inmontanis.info\/d\/66732-3\/DSC04540.jpg \/><\/a><br \/>\n^ Man kann sowohl zum linken, &#8230;<\/p>\n<p><a href='http:\/\/extra.inmontanis.info\/d\/66737-2\/DSC04542.jpg'><img src=http:\/\/extra.inmontanis.info\/d\/66736-3\/DSC04542.jpg \/><\/a><br \/>\n^ .. wie auch zum rechten Gipfel fahren<\/p>\n<p><a href='http:\/\/extra.inmontanis.info\/d\/66741-2\/DSC04334.jpg'><img src=http:\/\/extra.inmontanis.info\/d\/66740-3\/DSC04334.jpg \/><\/a><br \/>\n^ IR-Pano<\/p>\n<p><a href='http:\/\/extra.inmontanis.info\/d\/66745-2\/DSC04544.jpg'><img src=http:\/\/extra.inmontanis.info\/d\/66744-3\/DSC04544.jpg \/><\/a><br \/>\n^ <\/p>\n<p><a href='http:\/\/extra.inmontanis.info\/d\/66749-2\/DSC04548.jpg'><img src=http:\/\/extra.inmontanis.info\/d\/66748-3\/DSC04548.jpg \/><\/a><br \/>\n^ <\/p>\n<p><a href='http:\/\/extra.inmontanis.info\/d\/66753-2\/DSC04550.jpg'><img src=http:\/\/extra.inmontanis.info\/d\/66752-3\/DSC04550.jpg \/><\/a><br \/>\n^ <\/p>\n<p><a href='http:\/\/extra.inmontanis.info\/d\/66757-2\/DSC04554.jpg'><img src=http:\/\/extra.inmontanis.info\/d\/66756-3\/DSC04554.jpg \/><\/a><br \/>\n^ <\/p>\n<p><a href='http:\/\/extra.inmontanis.info\/d\/66761-2\/DSC04557.jpg'><img src=http:\/\/extra.inmontanis.info\/d\/66760-3\/DSC04557.jpg \/><\/a><br \/>\n^ Infotafel<\/p>\n<p><a href='http:\/\/extra.inmontanis.info\/d\/66765-2\/DSC04562.jpg'><img src=http:\/\/extra.inmontanis.info\/d\/66764-3\/DSC04562.jpg \/><\/a><br \/>\n^ Ger\u00f6llw\u00fcste<\/p>\n<p><a href='http:\/\/extra.inmontanis.info\/d\/66769-2\/DSC04568.jpg'><img src=http:\/\/extra.inmontanis.info\/d\/66768-3\/DSC04568.jpg \/><\/a><br \/>\n^ ca. 20-25min vor Sonnenuntergang<\/p>\n<p><a href='http:\/\/extra.inmontanis.info\/d\/66773-2\/DSC04570.jpg'><img src=http:\/\/extra.inmontanis.info\/d\/66772-3\/DSC04570.jpg \/><\/a><br \/>\n^ <\/p>\n<p><a href='http:\/\/extra.inmontanis.info\/d\/66777-2\/DSC04571.jpg'><img src=http:\/\/extra.inmontanis.info\/d\/66776-3\/DSC04571.jpg \/><\/a><br \/>\n^ <\/p>\n<p><a href='http:\/\/extra.inmontanis.info\/d\/66781-2\/DSC04572.jpg'><img src=http:\/\/extra.inmontanis.info\/d\/66780-3\/DSC04572.jpg \/><\/a><br \/>\n^ <\/p>\n<p><a href='http:\/\/extra.inmontanis.info\/d\/66785-2\/DSC04578.jpg'><img src=http:\/\/extra.inmontanis.info\/d\/66784-3\/DSC04578.jpg \/><\/a><br \/>\n^ 21 Uhr, Sonnenuntergang<\/p>\n<p><a href='http:\/\/extra.inmontanis.info\/d\/66789-2\/DSC04587.jpg'><img src=http:\/\/extra.inmontanis.info\/d\/66788-3\/DSC04587.jpg \/><\/a><br \/>\n^ Abw\u00e4rts<\/p>\n<p><a href='http:\/\/extra.inmontanis.info\/d\/66793-2\/DSC04589.jpg'><img src=http:\/\/extra.inmontanis.info\/d\/66792-3\/DSC04589.jpg \/><\/a><br \/>\n^ <\/p>\n<p><a href='http:\/\/extra.inmontanis.info\/d\/66797-2\/DSC04601.jpg'><img src=http:\/\/extra.inmontanis.info\/d\/66796-3\/DSC04601.jpg \/><\/a><br \/>\n^ <\/p>\n<p><a href='http:\/\/extra.inmontanis.info\/d\/66801-2\/DSC04603.jpg'><img src=http:\/\/extra.inmontanis.info\/d\/66800-3\/DSC04603.jpg \/><\/a><br \/>\n^ <\/p>\n<p>Oben zum Sonnenuntergang eiskalte und st\u00fcrmische 6\u00b0, im Tal sp\u00e4ter nur noch 4\u00b0.<\/p>\n<p>Nat\u00fcrlich gibts auch Dashcam-Videos, wei\u00df aber noch nicht, wann ich die fertig stelle.<\/p>\n<p>Der erste Teil der Reise ist hiermit beendet, bis hierhin hatte ich im Vorhinein geplant. Wie die n\u00e4chsten Tage ausschauen, ist noch fraglich, noch vor Trondheim zur K\u00fcste oder erst sp\u00e4ter? Die generelle Richtung ist naturlich klar: nordw\u00e4rts. <\/p>\n","protected":false},"excerpt":{"rendered":"<p>So, 22.8.2021 &#8211; Teil 3: Tronfjellveien<\/p>\n<p>Um das sch\u00f6ne Wetter auszun\u00fctzen, ging es noch zur Tronfjell-Stra\u00dfe, die auch schon l\u00e4nger auf meiner POI-Liste ist.<\/p>\n<p>Leider etwas in der falschen Richtung, n\u00e4mlich von Oppdal im S\u00fcden gelegen. Die Maut kostet 150 NOK, leider umst\u00e4ndlich auf Website zu zahlen, wohl ziemlich die h\u00f6chste oder zweith\u00f6chste (frei anfahrbare) <a href=\"http:\/\/blog.inmontanis.info\/?p=6990\">[&#8230;]<\/a><\/p>\n","protected":false},"author":1,"featured_media":6999,"comment_status":"closed","ping_status":"closed","sticky":false,"template":"","format":"standard","meta":{"footnotes":""},"categories":[185,18],"tags":[45],"class_list":["post-6990","post","type-post","status-publish","format-standard","has-post-thumbnail","hentry","category-2021-08-skandinavien","category-norwegennorway","tag-see","odd"],"_links":{"self":[{"href":"http:\/\/blog.inmontanis.info\/index.php?rest_route=\/wp\/v2\/posts\/6990","targetHints":{"allow":["GET"]}}],"collection":[{"href":"http:\/\/blog.inmontanis.info\/index.php?rest_route=\/wp\/v2\/posts"}],"about":[{"href":"http:\/\/blog.inmontanis.info\/index.php?rest_route=\/wp\/v2\/types\/post"}],"author":[{"embeddable":true,"href":"http:\/\/blog.inmontanis.info\/index.php?rest_route=\/wp\/v2\/users\/1"}],"replies":[{"embeddable":true,"href":"http:\/\/blog.inmontanis.info\/index.php?rest_route=%2Fwp%2Fv2%2Fcomments&post=6990"}],"version-history":[{"count":2,"href":"http:\/\/blog.inmontanis.info\/index.php?rest_route=\/wp\/v2\/posts\/6990\/revisions"}],"predecessor-version":[{"id":6992,"href":"http:\/\/blog.inmontanis.info\/index.php?rest_route=\/wp\/v2\/posts\/6990\/revisions\/6992"}],"wp:featuredmedia":[{"embeddable":true,"href":"http:\/\/blog.inmontanis.info\/index.php?rest_route=\/wp\/v2\/media\/6999"}],"wp:attachment":[{"href":"http:\/\/blog.inmontanis.info\/index.php?rest_route=%2Fwp%2Fv2%2Fmedia&parent=6990"}],"wp:term":[{"taxonomy":"category","embeddable":true,"href":"http:\/\/blog.inmontanis.info\/index.php?rest_route=%2Fwp%2Fv2%2Fcategories&post=6990"},{"taxonomy":"post_tag","embeddable":true,"href":"http:\/\/blog.inmontanis.info\/index.php?rest_route=%2Fwp%2Fv2%2Ftags&post=6990"}],"curies":[{"name":"wp","href":"https:\/\/api.w.org\/{rel}","templated":true}]}}