{"id":6987,"date":"2021-08-22T15:26:24","date_gmt":"2021-08-22T13:26:24","guid":{"rendered":"http:\/\/blog.inmontanis.info\/?p=6987"},"modified":"2023-08-04T19:47:10","modified_gmt":"2023-08-04T17:47:10","slug":"oppdal-22-8-2021","status":"publish","type":"post","link":"http:\/\/blog.inmontanis.info\/?p=6987","title":{"rendered":"Oppdal, 22.8.2021"},"content":{"rendered":"<p><strong>So, 22.8.2021<\/strong> &#8211; Teil 2: Oppdal<\/p>\n<p>Nachdem ich die 4KSB ja schon im Winter gefahren bin, konnte ich sie heute endlich als 2-\/4-EUB im Sommerbetrieb fahren. Kurioserweise haben die gro\u00dfen &#8220;6er&#8221; Kabinen n\u00e4mlich offiziell nur 2 Sitzpl\u00e4tze, die noch dazu unbequemer sind als die der kleineren 4er Eiergondeln. Wobei auch manchmal mehr als nur 2 Leute drin sitzen ..<\/p>\n<p>Zudem f\u00e4ht die Bahn im Gruppenbetrieb, damit es im Umlauf langsamer wird. Und die T\u00fcren m\u00fcssen h\u00e4ndisch ge\u00f6ffnet und geschlossen werden  bzw. wird bei den 4er Gondeln, wenn&#8217;s dann w\u00e4rmer ist, ein Abstandshalter reingesteckt und die T\u00fcren bleiben einen Spalt offen (gut, das ist ja generell bei den 4er\/6er Kabinen von Sigma\/Poma nicht ungew\u00f6hnlich, aber sonst eher von Innen aus zu machen).<\/p>\n<p>H&#038;R kostete ca. 16,- \u20ac, jetzt in der Nachsaison ist die Bahn nur noch am WE offen. <\/p>\n<p><a href='http:\/\/extra.inmontanis.info\/d\/66691-2\/DSC04410.jpg'><img src=http:\/\/extra.inmontanis.info\/d\/66690-3\/DSC04410.jpg \/><\/a><br \/>\n^ Stra\u00dfe richtung Oppdal<\/p>\n<p><a href='http:\/\/ski.inmontanis.info\/d\/297481-2\/DSC04417.jpg'><img src=http:\/\/ski.inmontanis.info\/d\/297480-3\/DSC04417.jpg \/><\/a><br \/>\n^ Linker Skigebietsteil; auf den Berg rechts geht dagegen die Sommer-EUB<\/p>\n<p><a href='http:\/\/ski.inmontanis.info\/d\/297485-2\/DSC04420.jpg'><img src=http:\/\/ski.inmontanis.info\/d\/297484-3\/DSC04420.jpg \/><\/a><br \/>\n^ Winter 4KSB, Sommer Gondelbahn<\/p>\n<p><a href='http:\/\/ski.inmontanis.info\/d\/297633-2\/DSC04510.jpg'><img src=http:\/\/ski.inmontanis.info\/d\/297632-3\/DSC04510.jpg \/><\/a><br \/>\n^ Pistenplan; K die 4KSB\/Sommer-EUB<\/p>\n<p><a href='http:\/\/ski.inmontanis.info\/d\/297489-2\/DSC04424.jpg'><img src=http:\/\/ski.inmontanis.info\/d\/297488-3\/DSC04424.jpg \/><\/a><br \/>\n^ Die kleinen 4er und gro\u00dfen 2er Kabinen wechseln sich ab, zudem 2 Fahrradgeh\u00e4nge vorne und hinten als zweites, bildet eine Gruppe, wobei es 2 Gruppen gibt; bei einer fehlte eine von den gr\u00f6\u00dferen &#8220;2er&#8221; Kabinen<\/p>\n<p><a href='http:\/\/ski.inmontanis.info\/d\/297493-2\/DSC04425.jpg'><img src=http:\/\/ski.inmontanis.info\/d\/297492-3\/DSC04425.jpg \/><\/a><br \/>\n^ Abstandshalter, um die T\u00fcre offen zu lassen, muss aber der Liflter reintun, man kann die T\u00fcren hier nicht selbst \u00f6ffnen (werden verriegelt)<\/p>\n<p><a href='http:\/\/ski.inmontanis.info\/d\/297497-2\/DSC04427.jpg'><img src=http:\/\/ski.inmontanis.info\/d\/297496-3\/DSC04427.jpg \/><\/a><br \/>\n^ Keine Holz-, sondern Plastiksitze<\/p>\n<p><a href='http:\/\/ski.inmontanis.info\/d\/297501-2\/DSC04429.jpg'><img src=http:\/\/ski.inmontanis.info\/d\/297500-3\/DSC04429.jpg \/><\/a><br \/>\n^ Metallnetz an der Decke?!<\/p>\n<p><a href='http:\/\/ski.inmontanis.info\/d\/297505-2\/DSC04432.jpg'><img src=http:\/\/ski.inmontanis.info\/d\/297504-3\/DSC04432.jpg \/><\/a><br \/>\n^ Talw\u00e4rts betrachtet im Mittelteil<\/p>\n<p><a href='http:\/\/ski.inmontanis.info\/d\/297509-2\/DSC04433.jpg'><img src=http:\/\/ski.inmontanis.info\/d\/297508-3\/DSC04433.jpg \/><\/a><br \/>\n^ Liftkarte<\/p>\n<p><a href='http:\/\/ski.inmontanis.info\/d\/297513-2\/DSC04434.jpg'><img src=http:\/\/ski.inmontanis.info\/d\/297512-3\/DSC04434.jpg \/><\/a><br \/>\n^ Oberer Teil<\/p>\n<p><a href='http:\/\/ski.inmontanis.info\/d\/297517-2\/DSC04439.jpg'><img src=http:\/\/ski.inmontanis.info\/d\/297516-3\/DSC04439.jpg \/><\/a><br \/>\n^ Bergstation. Schon kurios, dass die gro\u00dfen Kabinen nur f\u00fcr 2 Personen sind, die kleinen f\u00fcr 4 ;-)<\/p>\n<p><a href='http:\/\/ski.inmontanis.info\/d\/297521-2\/DSC04442.jpg'><img src=http:\/\/ski.inmontanis.info\/d\/297520-3\/DSC04442.jpg \/><\/a><br \/>\n^ Talblick<\/p>\n<p><a href='http:\/\/ski.inmontanis.info\/d\/297525-2\/DSC04449.jpg'><img src=http:\/\/ski.inmontanis.info\/d\/297524-3\/DSC04449.jpg \/><\/a><br \/>\n^ Dort dr\u00fcben wird eine neue Bahn gebaut, entweder mit Mittelstation oder nur im oberen Bereich, weil die KSB unten ja schon l\u00e4nger existiert. Oben weiter links gab es fr\u00fcher einen kurzen SL zum h\u00f6chsten Punkt, die neue KSB oder EUB scheint nun h\u00f6her und etwas anders zu verlaufen.<\/p>\n<p><a href='http:\/\/ski.inmontanis.info\/d\/297529-2\/DSC04451.jpg'><img src=http:\/\/ski.inmontanis.info\/d\/297528-3\/DSC04451.jpg \/><\/a><br \/>\n^ KSB\/EUB-Bergstation<\/p>\n<p><a href='http:\/\/ski.inmontanis.info\/d\/297533-2\/DSC04453.jpg'><img src=http:\/\/ski.inmontanis.info\/d\/297532-3\/DSC04453.jpg \/><\/a><br \/>\n^ Talblick<\/p>\n<p><a href='http:\/\/ski.inmontanis.info\/d\/297537-2\/DSC04454.jpg'><img src=http:\/\/ski.inmontanis.info\/d\/297536-3\/DSC04454.jpg \/><\/a><br \/>\n^ Linker Skigebietsteil<\/p>\n<p><a href='http:\/\/ski.inmontanis.info\/d\/297541-2\/DSC04455.jpg'><img src=http:\/\/ski.inmontanis.info\/d\/297540-3\/DSC04455.jpg \/><\/a><br \/>\n^ Oberer Bereich mit den 3 SL, wobei man hier maximal 2 erahnen kann<\/p>\n<p><a href='http:\/\/ski.inmontanis.info\/d\/297545-2\/DSC04461.jpg'><img src=http:\/\/ski.inmontanis.info\/d\/297544-3\/DSC04461.jpg \/><\/a><br \/>\n^ <\/p>\n<p><a href='http:\/\/ski.inmontanis.info\/d\/297549-2\/DSC04462.jpg'><img src=http:\/\/ski.inmontanis.info\/d\/297548-3\/DSC04462.jpg \/><\/a><br \/>\n^ <\/p>\n<p><a href='http:\/\/ski.inmontanis.info\/d\/297553-2\/DSC04465.jpg'><img src=http:\/\/ski.inmontanis.info\/d\/297552-3\/DSC04465.jpg \/><\/a><br \/>\n^ <\/p>\n<p><a href='http:\/\/ski.inmontanis.info\/d\/297557-2\/DSC04467.jpg'><img src=http:\/\/ski.inmontanis.info\/d\/297556-3\/DSC04467.jpg \/><\/a><br \/>\n^ Bergstation und Restaurant<\/p>\n<p><a href='http:\/\/ski.inmontanis.info\/d\/297561-2\/DSC04468.jpg'><img src=http:\/\/ski.inmontanis.info\/d\/297560-3\/DSC04468.jpg \/><\/a><br \/>\n^ Oberer Bereich bzw. rechter Bereich<\/p>\n<p><a href='http:\/\/ski.inmontanis.info\/d\/297565-2\/DSC04470.jpg'><img src=http:\/\/ski.inmontanis.info\/d\/297564-3\/DSC04470.jpg \/><\/a><br \/>\n^ Blick zum rechten Skigebietsteil<\/p>\n<p><a href='http:\/\/ski.inmontanis.info\/d\/297569-2\/DSC04473.jpg'><img src=http:\/\/ski.inmontanis.info\/d\/297568-3\/DSC04473.jpg \/><\/a><br \/>\n^ Zoom zu einem Gletscher, erinnert etwas an die Gefrorene Wand am Hintertuxer<\/p>\n<p><a href='http:\/\/ski.inmontanis.info\/d\/297573-2\/DSC04476.jpg'><img src=http:\/\/ski.inmontanis.info\/d\/297572-3\/DSC04476.jpg \/><\/a><br \/>\n^ <\/p>\n<p><a href='http:\/\/ski.inmontanis.info\/d\/297577-2\/DSC04480.jpg'><img src=http:\/\/ski.inmontanis.info\/d\/297576-3\/DSC04480.jpg \/><\/a><br \/>\n^ Der KSSL ist im Pistenplan an der Talstation mittlerweile auch ausradiert<\/p>\n<p><a href='http:\/\/ski.inmontanis.info\/d\/297581-2\/DSC04484.jpg'><img src=http:\/\/ski.inmontanis.info\/d\/297580-3\/DSC04484.jpg \/><\/a><br \/>\n^ Die 2er Kabinen haben breite Sitze (zu breit f\u00fcr eine Person, aber eigentlich zu schmal f\u00fcr 2 Personen), zudem unbequem und keine R\u00fcckenlehne<\/p>\n<p><a href='http:\/\/ski.inmontanis.info\/d\/297585-2\/DSC04486.jpg'><img src=http:\/\/ski.inmontanis.info\/d\/297584-3\/DSC04486.jpg \/><\/a><br \/>\n^ <\/p>\n<p><a href='http:\/\/ski.inmontanis.info\/d\/297589-2\/DSC04488.jpg'><img src=http:\/\/ski.inmontanis.info\/d\/297588-3\/DSC04488.jpg \/><\/a><br \/>\n^ Eigentlich ja eine Back2Back-Kabine f\u00fcr 6 Personen<\/p>\n<p><a href='http:\/\/ski.inmontanis.info\/d\/297593-2\/DSC04490.jpg'><img src=http:\/\/ski.inmontanis.info\/d\/297592-3\/DSC04490.jpg \/><\/a><br \/>\n^ <\/p>\n<p><a href='http:\/\/ski.inmontanis.info\/d\/297597-2\/DSC04492.jpg'><img src=http:\/\/ski.inmontanis.info\/d\/297596-3\/DSC04492.jpg \/><\/a><br \/>\n^ <\/p>\n<p><a href='http:\/\/ski.inmontanis.info\/d\/297601-2\/DSC04494.jpg'><img src=http:\/\/ski.inmontanis.info\/d\/297600-3\/DSC04494.jpg \/><\/a><br \/>\n^ <\/p>\n<p><a href='http:\/\/ski.inmontanis.info\/d\/297605-2\/DSC04495.jpg'><img src=http:\/\/ski.inmontanis.info\/d\/297604-3\/DSC04495.jpg \/><\/a><br \/>\n^ <\/p>\n<p><a href='http:\/\/ski.inmontanis.info\/d\/297609-2\/DSC04501.jpg'><img src=http:\/\/ski.inmontanis.info\/d\/297608-3\/DSC04501.jpg \/><\/a><br \/>\n^ <\/p>\n<p><a href='http:\/\/ski.inmontanis.info\/d\/297613-2\/DSC04504.jpg'><img src=http:\/\/ski.inmontanis.info\/d\/297612-3\/DSC04504.jpg \/><\/a><br \/>\n^ Der SL neben der, sagen wir, 4KSB, ist mittlerweile auch stillgelegt und abgebaut, bis auf die eine St\u00fctze<\/p>\n<p><a href='http:\/\/ski.inmontanis.info\/d\/297617-2\/DSC04506.jpg'><img src=http:\/\/ski.inmontanis.info\/d\/297616-3\/DSC04506.jpg \/><\/a><br \/>\n^ Talstation<\/p>\n<p><a href='http:\/\/ski.inmontanis.info\/d\/297621-2\/DSC04507.jpg'><img src=http:\/\/ski.inmontanis.info\/d\/297620-3\/DSC04507.jpg \/><\/a><br \/>\n^ Talstation mit Rad-Geh\u00e4nge oder wie auch immer man das nennen mag<\/p>\n<p><a href='http:\/\/ski.inmontanis.info\/d\/297625-2\/DSC04508.jpg'><img src=http:\/\/ski.inmontanis.info\/d\/297624-3\/DSC04508.jpg \/><\/a><br \/>\n^ Die 4er Kabine mit installiertem Abstandshalter zur Bel\u00fcftung<\/p>\n<p><a href='http:\/\/ski.inmontanis.info\/d\/297629-2\/DSC04509.jpg'><img src=http:\/\/ski.inmontanis.info\/d\/297628-3\/DSC04509.jpg \/><\/a><br \/>\n^ Die 2er Kabine; der T\u00fcrschlie\u00dfmechanismus ist bei beiden Kabinenarten gleich. Manchmal sitzen auch mehr drin..<\/p>\n<p>Kleines Filmchen von heute:<br \/>\n<object style=\"height: 500px; width: 900px\"><param name=\"movie\" value=\"http:\/\/www.youtube.com\/v\/D6mQ1bSJbkI\"><\/param><param name=\"wmode\" value=\"transparent\"><\/param><embed src=\"http:\/\/www.youtube.com\/v\/D6mQ1bSJbkI\" type=\"application\/x-shockwave-flash\" wmode=\"transparent\"  width=\"900\" height=\"480\"><\/embed><\/object><\/p>\n<p>Danach ging&#8217;s noch zu einem Pizzabakeren und einem Coop Mega, beides ebenfalls hier in Oppdal. Diesmal bestellte ich die beiden Pizzen online, ist aber auch umst\u00e4ndlich (volle Adresse beim Zahlen mit Karte), daf\u00fcr muss man sp\u00e4ter halt weniger warten, naja.<\/p>\n<p><a href='http:\/\/extra.inmontanis.info\/d\/66695-2\/DSC04511.jpg'><img src=http:\/\/extra.inmontanis.info\/d\/66694-3\/DSC04511.jpg \/><\/a><br \/>\n^ 2 kleine Pizzen, weil g\u00fcnstiger als eine gro\u00dfe &#8211; und mehr Abwechslung.<\/p>\n<p>Im Coop Mega g\u00e4be es sogar Laugenbrezel, kostet aber 18,90 NOK, aber auch recht gro\u00df. &#8220;Mega&#8221; ist unter franz\u00f6sischen Supermarkt-Ma\u00dfst\u00e4ben allerdings winzig :) Und eher nicht g\u00fcnstiger als ein kleinerer Kiwi\/Bunnpris, aber schon mehr Auswahl und ein paar Angebotssachen waren auch recht g\u00fcnstig, z.b. im K\u00fchlregal 2 St\u00fcck (K\u00e4se-) Schnitzel, paniert und fertig gegart um nur ca. 1 \u20ac. Das Glas kleiner G\u00fcrkchen\/Cornichons war mir mit 6,70 \u20ac zwar eigentlich zu teuer, aber bekommt man in den g\u00fcnstigeren kleineren L\u00e4den anscheinend nicht so leicht. Der schwedische Oatley Hafer-Schokodrink ist mit \u00fcber 3 \u20ac auch teils doppelt so teuer wie in Schweden, bisher sonst aber auch noch nicht gesehen. Allerdings gibts hier in Norwegen die Schokomilch auch mit Drehverschluss, hier mit etwas unter 3 \u20ac aber auch teurer als letztens in einem Diskonter (aber dort immer noch \u00fcber 2\u20ac). <\/p>\n<p>Endlich mal eine &#8220;Nuss-Bar&#8221; zum &#8220;Selbstzapfen&#8221;, aber verglichen mit Schweden immer noch sehr lahme Auswahl hier in NO, daher 2 kleine Packungen genommen, die im Angebot und somit g\u00fcnstiger waren.<\/p>\n<p>Die Tankstellen waren in Oppdal wieder teurer, mit 18,91 das Benzin, 18,38 an der n\u00e4chsten &#8211; warum hab ich da immer das Pech? \u00dcbrigens, gibt&#8217;s an der Ortsausfahrt einen neuen Burger King. BK und McD sah ich bisher in Norwegen eher selten ..<\/p>\n<p>(Fortsetzung vom 22.8. folgt.)<\/p>\n","protected":false},"excerpt":{"rendered":"<p>So, 22.8.2021 &#8211; Teil 2: Oppdal<\/p>\n<p>Nachdem ich die 4KSB ja schon im Winter gefahren bin, konnte ich sie heute endlich als 2-\/4-EUB im Sommerbetrieb fahren. Kurioserweise haben die gro\u00dfen &#8220;6er&#8221; Kabinen n\u00e4mlich offiziell nur 2 Sitzpl\u00e4tze, die noch dazu unbequemer sind als die der kleineren 4er Eiergondeln. Wobei auch manchmal mehr als nur 2 <a href=\"http:\/\/blog.inmontanis.info\/?p=6987\">[&#8230;]<\/a><\/p>\n","protected":false},"author":1,"featured_media":7001,"comment_status":"closed","ping_status":"closed","sticky":false,"template":"","format":"standard","meta":{"footnotes":""},"categories":[185,18,59,579],"tags":[42,48,45],"class_list":["post-6987","post","type-post","status-publish","format-standard","has-post-thumbnail","hentry","category-2021-08-skandinavien","category-norwegennorway","category-nostalgie","category-oppdal","tag-4eub","tag-kssl","tag-see","odd"],"_links":{"self":[{"href":"http:\/\/blog.inmontanis.info\/index.php?rest_route=\/wp\/v2\/posts\/6987","targetHints":{"allow":["GET"]}}],"collection":[{"href":"http:\/\/blog.inmontanis.info\/index.php?rest_route=\/wp\/v2\/posts"}],"about":[{"href":"http:\/\/blog.inmontanis.info\/index.php?rest_route=\/wp\/v2\/types\/post"}],"author":[{"embeddable":true,"href":"http:\/\/blog.inmontanis.info\/index.php?rest_route=\/wp\/v2\/users\/1"}],"replies":[{"embeddable":true,"href":"http:\/\/blog.inmontanis.info\/index.php?rest_route=%2Fwp%2Fv2%2Fcomments&post=6987"}],"version-history":[{"count":3,"href":"http:\/\/blog.inmontanis.info\/index.php?rest_route=\/wp\/v2\/posts\/6987\/revisions"}],"predecessor-version":[{"id":7000,"href":"http:\/\/blog.inmontanis.info\/index.php?rest_route=\/wp\/v2\/posts\/6987\/revisions\/7000"}],"wp:featuredmedia":[{"embeddable":true,"href":"http:\/\/blog.inmontanis.info\/index.php?rest_route=\/wp\/v2\/media\/7001"}],"wp:attachment":[{"href":"http:\/\/blog.inmontanis.info\/index.php?rest_route=%2Fwp%2Fv2%2Fmedia&parent=6987"}],"wp:term":[{"taxonomy":"category","embeddable":true,"href":"http:\/\/blog.inmontanis.info\/index.php?rest_route=%2Fwp%2Fv2%2Fcategories&post=6987"},{"taxonomy":"post_tag","embeddable":true,"href":"http:\/\/blog.inmontanis.info\/index.php?rest_route=%2Fwp%2Fv2%2Ftags&post=6987"}],"curies":[{"name":"wp","href":"https:\/\/api.w.org\/{rel}","templated":true}]}}