{"id":6983,"date":"2021-08-21T18:51:40","date_gmt":"2021-08-21T16:51:40","guid":{"rendered":"http:\/\/blog.inmontanis.info\/?p=6983"},"modified":"2021-08-27T19:09:19","modified_gmt":"2021-08-27T17:09:19","slug":"aursjovegen-21-22-8-2021","status":"publish","type":"post","link":"http:\/\/blog.inmontanis.info\/?p=6983","title":{"rendered":"Aursj\u00f8vegen, 21.+22.8.2021"},"content":{"rendered":"<p><strong>Sa, 21.8.2021<\/strong><\/p>\n<p>Obwohl die Vorhersagen f\u00fcrs WE besseres Wetter versprachen, war es vormittgs erst mal noch nebelig und regnerisch. Somit ich noch bis fast Mittag an einem Rastplatz wartete, bevor ich den Aursj\u00f8vegen fuhr.<\/p>\n<p>Am Weg kommt man am Mardalsfossen (Wasserfall) vorbei. Wikipedia dazu:<\/p>\n<blockquote><p>Seit 1970 wird der Wasserfall zur Stromerzeugung umgeleitet und der Mardalsfossen somit trockengelegt. Nach heftigen Protesten der Bev\u00f6lkerung l\u00e4sst man ihn mit 3 m\u00b3\/s (zwischen 20. Juni und 20. August) statt der urspr\u00fcnglichen 45 m\u00b3\/s als Touristenattraktion frei flie\u00dfen.<\/p><\/blockquote>\n<p>Da heute der 21.8. ist, ist es also fraglich, ob noch Wasser f\u00e4llt. Dort angekommen, also an der Stra\u00dfe gegen\u00fcber, fiel das Wasser doch noch, evtl. aber weniger als bis gestern, wer wei\u00df. Es g\u00e4be eine kurze Mautstra\u00dfe zu einem Parkplatz, von wo es aus eine Wanderung zum Wasserfall g\u00e4be, aber wohl maximal zum Talpunkt des unteren der beiden Wasserf\u00e4lle. Ob das dann so lohnenswert ist? Das obere St\u00fcck scheint mir ja der spektakul\u00e4rere Teil (ca. 260m freier Fall) zu sein und den sieht man von gegen\u00fcber vermutlich besser? Sparte ich mir also.<\/p>\n<p><a href='http:\/\/extra.inmontanis.info\/d\/66451-2\/DSC04184.jpg'><img src=http:\/\/extra.inmontanis.info\/d\/66449-3\/DSC04184.jpg \/><\/a><br \/>\n^ Eikesdalen samt gleichnamigen See, in Richtung taleinw\u00e4rts zum Aursj\u00f8vegen<\/p>\n<p><a href='http:\/\/extra.inmontanis.info\/d\/66455-2\/DSC04188.jpg'><img src=http:\/\/extra.inmontanis.info\/d\/66454-3\/DSC04188.jpg \/><\/a><br \/>\n^ Eikesdalsvatnet<\/p>\n<p><a href='http:\/\/extra.inmontanis.info\/d\/66459-2\/DSC04194.jpg'><img src=http:\/\/extra.inmontanis.info\/d\/66458-3\/DSC04194.jpg \/><\/a><br \/>\n^ Mardalsfossen, soll einer der h\u00f6chsten Wasserf\u00e4lle Norwegens sein, zumindest auch was den freien Fall oben angeht<\/p>\n<p><a href='http:\/\/extra.inmontanis.info\/d\/66463-2\/DSC04198.jpg'><img src=http:\/\/extra.inmontanis.info\/d\/66462-3\/DSC04198.jpg \/><\/a><br \/>\n^ Mardalsfossen<\/p>\n<p><a href='http:\/\/extra.inmontanis.info\/d\/66467-2\/DSC04201.jpg'><img src=http:\/\/extra.inmontanis.info\/d\/66466-3\/DSC04201.jpg \/><\/a><br \/>\n^ Mardalsfossen, oberer Freifall-Teil<\/p>\n<p>Heutiges Hauptziel war der Aursj\u00f8vegen, den ich schon bei der letzten Nordlichttour fahren wollte, damals aber das Wetter etwas zu schlecht war oder es Schnee gab oder so. Geil krasse Stra\u00dfe. Die Maut ist 100 NOK, also ca. 10 \u20ac. Norwegen, das Land der F\u00e4hren und Mautstra\u00dfen ..<\/p>\n<p><a href='http:\/\/extra.inmontanis.info\/d\/66471-2\/DSC04221.jpg'><img src=http:\/\/extra.inmontanis.info\/d\/66470-3\/DSC04221.jpg \/><\/a><br \/>\n^ Rechts geht der Aursj\u00f8vegen los, links oben im Felsen verl\u00e4uft die Stra\u00dfe, geil<\/p>\n<p><a href='http:\/\/extra.inmontanis.info\/d\/66475-2\/DSC04223.jpg'><img src=http:\/\/extra.inmontanis.info\/d\/66474-3\/DSC04223.jpg \/><\/a><br \/>\n^ Infotafel<\/p>\n<p><a href='http:\/\/extra.inmontanis.info\/d\/66479-2\/DSC04226.jpg'><img src=http:\/\/extra.inmontanis.info\/d\/66478-3\/DSC04226.jpg \/><\/a><br \/>\n^ Infotafel, Maut kostet ca. 10,- \u20ac<\/p>\n<p><a href='http:\/\/extra.inmontanis.info\/d\/66483-2\/DSC04229.jpg'><img src=http:\/\/extra.inmontanis.info\/d\/66482-3\/DSC04229.jpg \/><\/a><br \/>\n^ Aursj\u00f8vegen, Auffahrt<\/p>\n<p><a href='http:\/\/extra.inmontanis.info\/d\/66487-2\/DSC04231.jpg'><img src=http:\/\/extra.inmontanis.info\/d\/66486-3\/DSC04231.jpg \/><\/a><br \/>\n^ Aursj\u00f8vegen, Auffahrt<\/p>\n<p><a href='http:\/\/extra.inmontanis.info\/d\/66491-2\/DSC04234.jpg'><img src=http:\/\/extra.inmontanis.info\/d\/66490-3\/DSC04234.jpg \/><\/a><br \/>\n^ Der Kehrtunnel macht eine Schleife!<\/p>\n<p><a href='http:\/\/extra.inmontanis.info\/d\/66495-2\/DSC04241.jpg'><img src=http:\/\/extra.inmontanis.info\/d\/66494-3\/DSC04241.jpg \/><\/a><br \/>\n^ Oberes Ende des Kehrtunnels<\/p>\n<p><a href='http:\/\/extra.inmontanis.info\/d\/66499-2\/DSC04244.jpg'><img src=http:\/\/extra.inmontanis.info\/d\/66498-3\/DSC04244.jpg \/><\/a><br \/>\n^ Die Stra\u00dfe nach dem Tunnel<\/p>\n<p><a href='http:\/\/extra.inmontanis.info\/d\/66503-2\/DSC04245.jpg'><img src=http:\/\/extra.inmontanis.info\/d\/66502-3\/DSC04245.jpg \/><\/a><br \/>\n^ Die Stra\u00dfe nach dem Tunnel, nix f\u00fcr schwache Nerven<\/p>\n<p><a href='http:\/\/extra.inmontanis.info\/d\/66507-2\/DSC04250.jpg'><img src=http:\/\/extra.inmontanis.info\/d\/66506-3\/DSC04250.jpg \/><\/a><br \/>\n^ Die Stra\u00dfe verl\u00e4uft oberhalb des Tals<\/p>\n<p><a href='http:\/\/extra.inmontanis.info\/d\/66511-2\/DSC04255.jpg'><img src=http:\/\/extra.inmontanis.info\/d\/66510-3\/DSC04255.jpg \/><\/a><br \/>\n^ Blick ins Eikesdalen, hinten sieht man ein St\u00fcck vom See<\/p>\n<p><a href='http:\/\/extra.inmontanis.info\/d\/66515-2\/DSC04262.jpg'><img src=http:\/\/extra.inmontanis.info\/d\/66514-3\/DSC04262.jpg \/><\/a><br \/>\n^ Die Stra\u00dfe verl\u00e4uft nun nach links weiter<\/p>\n<p><a href='http:\/\/extra.inmontanis.info\/d\/66519-2\/DSC04265.jpg'><img src=http:\/\/extra.inmontanis.info\/d\/66518-3\/DSC04265.jpg \/><\/a><br \/>\n^ Wieder ein steileres St\u00fcck, das sogar asphaltiert ist<\/p>\n<p><a href='http:\/\/extra.inmontanis.info\/d\/66523-2\/DSC04268.jpg'><img src=http:\/\/extra.inmontanis.info\/d\/66522-3\/DSC04268.jpg \/><\/a><br \/>\n^ Blick retour, da oben gabs noch einen Parkplatz, aber alles eher schlecht ausgeschildert.<\/p>\n<p><a href='http:\/\/extra.inmontanis.info\/d\/66527-2\/DSC04275.jpg'><img src=http:\/\/extra.inmontanis.info\/d\/66526-3\/DSC04275.jpg \/><\/a><br \/>\n^ Weiterer Stra\u00dfenverlauf oberhalb des engen Tals, ich stellte mich bald in eine Bucht, um zum Aurstaupet abzusteigen<\/p>\n<p>Immer wieder mal wartet ich auf besseres Wetter bzw. dass sich die Hangbew\u00f6lkung aufl\u00f6sen w\u00fcrde, hatte aber doch selten Sinn gemacht bzw. war evtl. sogar kontraproduktiv, weil die Hangbew\u00f6lkung am Aurstaupet wohl erst wieder kam, als ich auch dort war, zuvor konnte ich ja dort hinter schauen.<\/p>\n<p>Gegen 16.40 baute ich meinen Tisch hinten auf, um mir Nudeln zu kochen, hatte Hunger. Jetzt begann es endlich, unten sich zu lichten und man konte wieder etwas ins Tal schauen. Na, hoffentlich bleibt das, bis ich mit dem Essen fertig bin&#8230;<\/p>\n<p><a href='http:\/\/extra.inmontanis.info\/d\/66531-2\/DSC04281.jpg'><img src=http:\/\/extra.inmontanis.info\/d\/66530-3\/DSC04281.jpg \/><\/a><br \/>\n^ Nach 2,5 Stunden war auch endlich der Nebel wieder weg und ich konnte zum Aurstaupet absteigen<\/p>\n<p><a href='http:\/\/extra.inmontanis.info\/d\/66535-2\/DSC04286.jpg'><img src=http:\/\/extra.inmontanis.info\/d\/66534-3\/DSC04286.jpg \/><\/a><br \/>\n^ Auch hier f\u00e4llt etwas Wasser, zerst\u00e4ubt aber bevor es unten zu sein scheint<\/p>\n<p><a href='http:\/\/extra.inmontanis.info\/d\/66539-2\/DSC04287.jpg'><img src=http:\/\/extra.inmontanis.info\/d\/66538-3\/DSC04287.jpg \/><\/a><br \/>\n^ Aurstaupet, krasser steiler Abhang hier.<\/p>\n<p><a href='http:\/\/extra.inmontanis.info\/d\/66543-2\/DSC04289.jpg'><img src=http:\/\/extra.inmontanis.info\/d\/66542-3\/DSC04289.jpg \/><\/a><br \/>\n^ Infotafel<\/p>\n<p><a href='http:\/\/extra.inmontanis.info\/d\/66547-2\/DSC04295.jpg'><img src=http:\/\/extra.inmontanis.info\/d\/66546-3\/DSC04295.jpg \/><\/a><br \/>\n^ Aurstaupet, krasser steiler Abhang hier.<\/p>\n<p><a href='http:\/\/extra.inmontanis.info\/d\/66551-2\/DSC04298.jpg'><img src=http:\/\/extra.inmontanis.info\/d\/66550-3\/DSC04298.jpg \/><\/a><br \/>\n^ <\/p>\n<p><a href='http:\/\/extra.inmontanis.info\/d\/66555-2\/DSC04301.jpg'><img src=http:\/\/extra.inmontanis.info\/d\/66554-3\/DSC04301.jpg \/><\/a><br \/>\n^ <\/p>\n<p><a href='http:\/\/extra.inmontanis.info\/d\/66559-2\/DSC04306.jpg'><img src=http:\/\/extra.inmontanis.info\/d\/66558-3\/DSC04306.jpg \/><\/a><br \/>\n^ <\/p>\n<p><a href='http:\/\/extra.inmontanis.info\/d\/66563-2\/DSC04310.jpg'><img src=http:\/\/extra.inmontanis.info\/d\/66562-3\/DSC04310.jpg \/><\/a><br \/>\n^ <\/p>\n<p><a href='http:\/\/extra.inmontanis.info\/d\/66567-2\/DSC04313.jpg'><img src=http:\/\/extra.inmontanis.info\/d\/66566-3\/DSC04313.jpg \/><\/a><br \/>\n^ Die eine Spitze k\u00f6nnte wohl demn\u00e4chst mal abbrechen ..<\/p>\n<p><a href='http:\/\/extra.inmontanis.info\/d\/66571-2\/DSC04315.jpg'><img src=http:\/\/extra.inmontanis.info\/d\/66570-3\/DSC04315.jpg \/><\/a><br \/>\n^ <\/p>\n<p><a href='http:\/\/extra.inmontanis.info\/d\/66575-2\/DSC04316.jpg'><img src=http:\/\/extra.inmontanis.info\/d\/66574-3\/DSC04316.jpg \/><\/a><br \/>\n^ .. naja, mich wirds schon noch tragen heute ;-)<\/p>\n<p><a href='http:\/\/extra.inmontanis.info\/d\/66579-2\/DSC04317.jpg'><img src=http:\/\/extra.inmontanis.info\/d\/66578-3\/DSC04317.jpg \/><\/a><br \/>\n^ <\/p>\n<p><a href='http:\/\/extra.inmontanis.info\/d\/66583-2\/DSC04320.jpg'><img src=http:\/\/extra.inmontanis.info\/d\/66582-3\/DSC04320.jpg \/><\/a><br \/>\n^ <\/p>\n<p><a href='http:\/\/extra.inmontanis.info\/d\/66587-2\/DSC04327.jpg'><img src=http:\/\/extra.inmontanis.info\/d\/66586-3\/DSC04327.jpg \/><\/a><br \/>\n^ Plateau bis zum Stausee<\/p>\n<p><a href='http:\/\/extra.inmontanis.info\/d\/66591-2\/DSC04330.jpg'><img src=http:\/\/extra.inmontanis.info\/d\/66590-3\/DSC04330.jpg \/><\/a><br \/>\n^ Plateau mit dem tiefen Taleinschnitt<\/p>\n<p><a href='http:\/\/extra.inmontanis.info\/d\/66595-2\/DSC04335.jpg'><img src=http:\/\/extra.inmontanis.info\/d\/66594-3\/DSC04335.jpg \/><\/a><br \/>\n^ Staudamm. Man kann auch untenrum fahren..<\/p>\n<p><a href='http:\/\/extra.inmontanis.info\/d\/66599-2\/DSC04338.jpg'><img src=http:\/\/extra.inmontanis.info\/d\/66598-3\/DSC04338.jpg \/><\/a><br \/>\n^ .. man kann aber auch auf dem Staudamm fahren<\/p>\n<p><a href='http:\/\/extra.inmontanis.info\/d\/66603-2\/DSC04340.jpg'><img src=http:\/\/extra.inmontanis.info\/d\/66602-3\/DSC04340.jpg \/><\/a><br \/>\n^ Aursj\u00f8en Stausee<\/p>\n<p><a href='http:\/\/extra.inmontanis.info\/d\/66607-2\/DSC04342.jpg'><img src=http:\/\/extra.inmontanis.info\/d\/66606-3\/DSC04342.jpg \/><\/a><br \/>\n^ Plateau, von dem ich gekommen bin<\/p>\n<p><a href='http:\/\/extra.inmontanis.info\/d\/66611-2\/DSC04344.jpg'><img src=http:\/\/extra.inmontanis.info\/d\/66610-3\/DSC04344.jpg \/><\/a><br \/>\n^ <\/p>\n<p><a href='http:\/\/extra.inmontanis.info\/d\/66615-2\/DSC04346.jpg'><img src=http:\/\/extra.inmontanis.info\/d\/66614-3\/DSC04346.jpg \/><\/a><br \/>\n^ Aursj\u00f8en Stausee<\/p>\n<p><a href='http:\/\/extra.inmontanis.info\/d\/66619-2\/DSC04347.jpg'><img src=http:\/\/extra.inmontanis.info\/d\/66618-3\/DSC04347.jpg \/><\/a><br \/>\n^ Aursj\u00f8en Stausee<\/p>\n<p><a href='http:\/\/extra.inmontanis.info\/d\/66623-2\/DSC04353.jpg'><img src=http:\/\/extra.inmontanis.info\/d\/66622-3\/DSC04353.jpg \/><\/a><br \/>\n^ Vom Stausee wieder nach Norden abgezweigt<\/p>\n<p><a href='http:\/\/extra.inmontanis.info\/d\/66627-2\/DSC04356.jpg'><img src=http:\/\/extra.inmontanis.info\/d\/66626-3\/DSC04356.jpg \/><\/a><br \/>\n^ <\/p>\n<p><strong>22.8.2021<\/strong><\/p>\n<p>Auf dem Weg talw\u00e4rts kam ich noch an einer kleinen Wanderstelle vorbei, das Hauptziel heute war allerdings ein anderes.<\/p>\n<p><a href='http:\/\/extra.inmontanis.info\/d\/66631-2\/DSC04362.jpg'><img src=http:\/\/extra.inmontanis.info\/d\/66630-3\/DSC04362.jpg \/><\/a><br \/>\n^ Am n\u00e4chsten Tag war es mal wieder neblig<\/p>\n<p><a href='http:\/\/extra.inmontanis.info\/d\/66635-2\/DSC04368.jpg'><img src=http:\/\/extra.inmontanis.info\/d\/66634-3\/DSC04368.jpg \/><\/a><br \/>\n^ Noch ein kleiner Tunnel<\/p>\n<p><a href='http:\/\/extra.inmontanis.info\/d\/66639-2\/DSC04372.jpg'><img src=http:\/\/extra.inmontanis.info\/d\/66638-3\/DSC04372.jpg \/><\/a><br \/>\n^ <\/p>\n<p><a href='http:\/\/extra.inmontanis.info\/d\/66643-2\/DSC04373.jpg'><img src=http:\/\/extra.inmontanis.info\/d\/66642-3\/DSC04373.jpg \/><\/a><br \/>\n^ Und noch ein Staudamm; dahinter eine Br\u00fccke, k\u00f6nnte von der Eisenbahn gewesen sein?!<\/p>\n<p><a href='http:\/\/extra.inmontanis.info\/d\/66647-2\/DSC04376.jpg'><img src=http:\/\/extra.inmontanis.info\/d\/66646-3\/DSC04376.jpg \/><\/a><br \/>\n^ Wieder abw\u00e4rts<\/p>\n<p><a href='http:\/\/extra.inmontanis.info\/d\/66651-2\/DSC04382.jpg'><img src=http:\/\/extra.inmontanis.info\/d\/66650-3\/DSC04382.jpg \/><\/a><br \/>\n^ Aussichtspunkt Jettegryte<\/p>\n<p><a href='http:\/\/extra.inmontanis.info\/d\/66655-2\/DSC04384.jpg'><img src=http:\/\/extra.inmontanis.info\/d\/66654-3\/DSC04384.jpg \/><\/a><br \/>\n^ Jettegryte (Gletschertopf \/ Riesentopf) Infotafel, auch die Eisenbahn wird unten rechts thematisiert<\/p>\n<p><a href='http:\/\/extra.inmontanis.info\/d\/66659-2\/DSC04386.jpg'><img src=http:\/\/extra.inmontanis.info\/d\/66658-3\/DSC04386.jpg \/><\/a><br \/>\n^ dort dr\u00fcben schien die Eisenbahn verlaufen zu sein<\/p>\n<p><a href='http:\/\/extra.inmontanis.info\/d\/66663-2\/DSC04388.jpg'><img src=http:\/\/extra.inmontanis.info\/d\/66662-3\/DSC04388.jpg \/><\/a><br \/>\n^ Jettegryte (Gletschertopf \/ Riesentopf)<\/p>\n<p><a href='http:\/\/extra.inmontanis.info\/d\/66667-2\/DSC04393.jpg'><img src=http:\/\/extra.inmontanis.info\/d\/66666-3\/DSC04393.jpg \/><\/a><br \/>\n^ <\/p>\n<p><a href='http:\/\/extra.inmontanis.info\/d\/66671-2\/DSC04395.jpg'><img src=http:\/\/extra.inmontanis.info\/d\/66670-3\/DSC04395.jpg \/><\/a><br \/>\n^ Stra\u00dfe talw\u00e4rts<\/p>\n<p><a href='http:\/\/extra.inmontanis.info\/d\/66675-2\/DSC04399.jpg'><img src=http:\/\/extra.inmontanis.info\/d\/66674-3\/DSC04399.jpg \/><\/a><br \/>\n^ Fast im Tal angelangt<\/p>\n<p><a href='http:\/\/extra.inmontanis.info\/d\/66679-2\/DSC04400.jpg'><img src=http:\/\/extra.inmontanis.info\/d\/66678-3\/DSC04400.jpg \/><\/a><br \/>\n^ Spiegelsee<\/p>\n<p><a href='http:\/\/extra.inmontanis.info\/d\/66683-2\/DSC04402.jpg'><img src=http:\/\/extra.inmontanis.info\/d\/66682-3\/DSC04402.jpg \/><\/a><br \/>\n^ Spiegelsee<\/p>\n<p><a href='http:\/\/extra.inmontanis.info\/d\/66687-2\/DSC04404.jpg'><img src=http:\/\/extra.inmontanis.info\/d\/66686-3\/DSC04404.jpg \/><\/a><br \/>\n^ Und noch ein paar Seen<\/p>\n<p>(Fortsetzung vom Hauptevent am 22.8. folgt.)<\/p>\n","protected":false},"excerpt":{"rendered":"<p>Sa, 21.8.2021<\/p>\n<p>Obwohl die Vorhersagen f\u00fcrs WE besseres Wetter versprachen, war es vormittgs erst mal noch nebelig und regnerisch. Somit ich noch bis fast Mittag an einem Rastplatz wartete, bevor ich den Aursj\u00f8vegen fuhr.<\/p>\n<p>Am Weg kommt man am Mardalsfossen (Wasserfall) vorbei. Wikipedia dazu:<\/p>\n<p>Seit 1970 wird der Wasserfall zur Stromerzeugung umgeleitet und der Mardalsfossen <a href=\"http:\/\/blog.inmontanis.info\/?p=6983\">[&#8230;]<\/a><\/p>\n","protected":false},"author":1,"featured_media":7002,"comment_status":"closed","ping_status":"closed","sticky":false,"template":"","format":"standard","meta":{"footnotes":""},"categories":[185,18,30],"tags":[45,86],"class_list":["post-6983","post","type-post","status-publish","format-standard","has-post-thumbnail","hentry","category-2021-08-skandinavien","category-norwegennorway","category-wandern","tag-see","tag-wasserfall","odd"],"_links":{"self":[{"href":"http:\/\/blog.inmontanis.info\/index.php?rest_route=\/wp\/v2\/posts\/6983","targetHints":{"allow":["GET"]}}],"collection":[{"href":"http:\/\/blog.inmontanis.info\/index.php?rest_route=\/wp\/v2\/posts"}],"about":[{"href":"http:\/\/blog.inmontanis.info\/index.php?rest_route=\/wp\/v2\/types\/post"}],"author":[{"embeddable":true,"href":"http:\/\/blog.inmontanis.info\/index.php?rest_route=\/wp\/v2\/users\/1"}],"replies":[{"embeddable":true,"href":"http:\/\/blog.inmontanis.info\/index.php?rest_route=%2Fwp%2Fv2%2Fcomments&post=6983"}],"version-history":[{"count":3,"href":"http:\/\/blog.inmontanis.info\/index.php?rest_route=\/wp\/v2\/posts\/6983\/revisions"}],"predecessor-version":[{"id":6986,"href":"http:\/\/blog.inmontanis.info\/index.php?rest_route=\/wp\/v2\/posts\/6983\/revisions\/6986"}],"wp:featuredmedia":[{"embeddable":true,"href":"http:\/\/blog.inmontanis.info\/index.php?rest_route=\/wp\/v2\/media\/7002"}],"wp:attachment":[{"href":"http:\/\/blog.inmontanis.info\/index.php?rest_route=%2Fwp%2Fv2%2Fmedia&parent=6983"}],"wp:term":[{"taxonomy":"category","embeddable":true,"href":"http:\/\/blog.inmontanis.info\/index.php?rest_route=%2Fwp%2Fv2%2Fcategories&post=6983"},{"taxonomy":"post_tag","embeddable":true,"href":"http:\/\/blog.inmontanis.info\/index.php?rest_route=%2Fwp%2Fv2%2Ftags&post=6983"}],"curies":[{"name":"wp","href":"https:\/\/api.w.org\/{rel}","templated":true}]}}