{"id":6978,"date":"2021-08-20T20:30:23","date_gmt":"2021-08-20T18:30:23","guid":{"rendered":"http:\/\/blog.inmontanis.info\/?p=6978"},"modified":"2021-08-27T19:09:39","modified_gmt":"2021-08-27T17:09:39","slug":"trollstigen-mit-gudbrandsjuvet-20-8-2021","status":"publish","type":"post","link":"http:\/\/blog.inmontanis.info\/?p=6978","title":{"rendered":"Trollstigen mit Gudbrandsjuvet, 20.8.2021"},"content":{"rendered":"<p><strong>20.8.2021<\/strong><\/p>\n<p>In der N\u00e4he meines N\u00e4chtigungsparkplatzes war ein Rastplatz mit WC, wo ich den Vormittag verbrachte. Kurz vor 11 kam ein Laster, der die Grube am WC ausgesaugt hatte. Wie oft die das wohl machen m\u00fcssen? Warum das ausgerechnet dann sein muss, wenn ich quasi direkt neben dem Gulli steh? Vorsichtshalber bin ich erst aufs Klo, als die fertig waren. Mag keine Geysir-WCs ;)<\/p>\n<p>Heute die erste F\u00e4hrenfahrt der Reise &#8211; leider ja nicht gratis wie in Schweden. Und leider mittlerweile via Kennzeichen zu zahlen, wie berichtet. Damit fehlt einem vor Ort der Beleg und das Sammeln derselben.<\/p>\n<p><a href='http:\/\/extra.inmontanis.info\/d\/66417-2\/DSC04121.jpg'><img src=http:\/\/extra.inmontanis.info\/d\/66416-3\/DSC04121.jpg \/><\/a><br \/>\n^ F\u00e4hre Eidsdal-Linge<\/p>\n<p><a href='http:\/\/extra.inmontanis.info\/d\/66421-2\/DSC04122.jpg'><img src=http:\/\/extra.inmontanis.info\/d\/66420-3\/DSC04122.jpg \/><\/a><br \/>\n^ F\u00e4hre Eidsdal-Linge<\/p>\n<p><a href='http:\/\/extra.inmontanis.info\/d\/66425-2\/DSC04123.jpg'><img src=http:\/\/extra.inmontanis.info\/d\/66424-3\/DSC04123.jpg \/><\/a><br \/>\n^ Endlich mal wieder F\u00e4hre fahren. Der gr\u00fcne Schweizer hat die Ersatzkanister au\u00dfen seitlich montiert. Da h\u00e4tte ich auch Platz ;)<\/p>\n<p><a href='http:\/\/extra.inmontanis.info\/d\/66429-2\/DSC04124.jpg'><img src=http:\/\/extra.inmontanis.info\/d\/66428-3\/DSC04124.jpg \/><\/a><br \/>\n^ Eidsdal<\/p>\n<p><a href='http:\/\/extra.inmontanis.info\/d\/66433-2\/DSC04125.jpg'><img src=http:\/\/extra.inmontanis.info\/d\/66432-3\/DSC04125.jpg \/><\/a><br \/>\n^ F\u00e4hre Eidsdal-Linge<\/p>\n<p>Der Trollstigen ist zwar landschaftlich nicht so sch\u00f6n wie andere Stra\u00dfen, aber da er auf dem Weg lag, nahm ich ihn mit. Unterhalb des Passes gabs auch einen netten Canyon \/ Schlucht:<\/p>\n<p><a href='http:\/\/extra.inmontanis.info\/d\/66369-2\/DSC04128.jpg'><img src=http:\/\/extra.inmontanis.info\/d\/66368-3\/DSC04128.jpg \/><\/a><br \/>\n^ S\u00fcdwestlich unterhalb des Trollstigen-Passes befindet sich der Aussichtspunkt Gudbrandsjuvet, ein interessanter Canyon mit Wasserf\u00e4llen<\/p>\n<p><a href='http:\/\/extra.inmontanis.info\/d\/66373-2\/DSC04143.jpg'><img src=http:\/\/extra.inmontanis.info\/d\/66372-3\/DSC04143.jpg \/><\/a><br \/>\n^ Gudbrandsjuvet, der gr\u00f6\u00dfere Wasserfall<\/p>\n<p><a href='http:\/\/extra.inmontanis.info\/d\/66377-2\/DSC04135.jpg'><img src=http:\/\/extra.inmontanis.info\/d\/66376-3\/DSC04135.jpg \/><\/a><br \/>\n^ Gudbrandsjuvet, der kleinere Wasserfall. Die Laufstege sind wieder aus d\u00fcnnem Metall.<\/p>\n<p><a href='http:\/\/extra.inmontanis.info\/d\/66381-2\/DSC04141.jpg'><img src=http:\/\/extra.inmontanis.info\/d\/66380-3\/DSC04141.jpg \/><\/a><br \/>\n^ Gudbrandsjuvet, weiter talw\u00e4rts<\/p>\n<p><a href='http:\/\/extra.inmontanis.info\/d\/66385-2\/DSC04144.jpg'><img src=http:\/\/extra.inmontanis.info\/d\/66384-3\/DSC04144.jpg \/><\/a><br \/>\n^ Gudbrandsjuvet, Stra\u00dfenbr\u00fccke<\/p>\n<p><a href='http:\/\/extra.inmontanis.info\/d\/66389-2\/DSC04147.jpg'><img src=http:\/\/extra.inmontanis.info\/d\/66388-3\/DSC04147.jpg \/><\/a><br \/>\n^ Gudbrandsjuvet<\/p>\n<p><a href='http:\/\/extra.inmontanis.info\/d\/66393-2\/DSC04151.jpg'><img src=http:\/\/extra.inmontanis.info\/d\/66392-3\/DSC04151.jpg \/><\/a><br \/>\n^ Auffahrt Trollstigen<\/p>\n<p><a href='http:\/\/extra.inmontanis.info\/d\/66397-2\/DSC04159.jpg'><img src=http:\/\/extra.inmontanis.info\/d\/66396-3\/DSC04159.jpg \/><\/a><br \/>\n^ Trollstigen, Passh\u00f6he<\/p>\n<p><a href='http:\/\/extra.inmontanis.info\/d\/66401-2\/DSC04160.jpg'><img src=http:\/\/extra.inmontanis.info\/d\/66400-3\/DSC04160.jpg \/><\/a><br \/>\n^ Trollstigen, Passh\u00f6he<\/p>\n<p><a href='http:\/\/extra.inmontanis.info\/d\/66405-2\/DSC04162.jpg'><img src=http:\/\/extra.inmontanis.info\/d\/66404-3\/DSC04162.jpg \/><\/a><br \/>\n^ Trollstigen, Passh\u00f6he<\/p>\n<p>Kleine Wanderung bei Nieselregen, daf\u00fcr hab ich unten am offiziellen Trollstigen-Aussichtspunkt nichts weiter gemacht, die Stege und Aussichtsplattformen hatte ich ja schon 2015 begangen+fotografiert, bei zumindest weniger Nebel und weniger Leuten wie heute.<\/p>\n<p><a href='http:\/\/extra.inmontanis.info\/d\/66409-2\/DSC04169.jpg'><img src=http:\/\/extra.inmontanis.info\/d\/66408-3\/DSC04169.jpg \/><\/a><br \/>\n^ Trollstigen, Nordrampe, Br\u00fccke und obere Kehren<\/p>\n<p><a href='http:\/\/extra.inmontanis.info\/d\/66413-2\/DSC04172.jpg'><img src=http:\/\/extra.inmontanis.info\/d\/66412-3\/DSC04172.jpg \/><\/a><br \/>\n^ Trollstigen, Nordrampe, untere Kehren<\/p>\n<p>Morgens hatte ich mich noch gefreut, um 17,80 NOK pro Liter getankt zu haben (statt um 19 NOK) &#8211; nachmittags dann ge\u00e4rgert, weil es im Ort am Fjord nur 15,80 gekostet h\u00e4tte&#8230;<\/p>\n<p>Einkaufsm\u00e4\u00dfig war heute mal ein Bunnpris an der Reihe, hier und da etwas teurer gewesen als der Kiwi, meine ich. Daf\u00fcr eine TK-Kartoffelpfanne (mit Schinken\/Zwiebeln) von First-Price um nur ca. 1,50-1,60 \u20ac entdeckt, die mit 500g auch nicht so gro\u00df ist, wie die in Schweden, somit f\u00fcr eine Portion genau richtig sein sollte.<\/p>\n<p><a href='http:\/\/extra.inmontanis.info\/d\/66437-2\/DSC04176.jpg'><img src=http:\/\/extra.inmontanis.info\/d\/66436-3\/DSC04176.jpg \/><\/a><br \/>\n^ G\u00fcnstige Kartoffelpfanne links plus mal eine Satay-Sauce (mit Erdnussgeschmack und nicht zu scharf), vielleicht f\u00fcr Nudeln passend<\/p>\n<p><a href='http:\/\/extra.inmontanis.info\/d\/66441-2\/DSC04179.jpg'><img src=http:\/\/extra.inmontanis.info\/d\/66440-3\/DSC04179.jpg \/><\/a><br \/>\n^ Hatte aber keine Lust, ewig zu warten, bis alle Kartoffeln angebr\u00e4unt waren. (H\u00e4tte auch die Pfanne nehmen k\u00f6nnen, aber da die so eine niedrige Wand hat, ist die wohl auch nicht so gut geeignet)<\/p>\n<p><a href='http:\/\/extra.inmontanis.info\/d\/66445-2\/DSC04115.jpg'><img src=http:\/\/extra.inmontanis.info\/d\/66444-3\/DSC04115.jpg \/><\/a><br \/>\n^ Die Beleuchtung ist im Keller heller als an der Decke. Anscheinend nimmt nach jeder Abzweigung die Lichtleistung ab. Ob ich den Abzweig links (bei den Skiern) lasse oder das St\u00fcck lieber an die Decke nach vorne verl\u00e4ngere, wei\u00df ich auch noch nicht. Fix ist: Zum Lesen im Bett ist das nicht ausreichend. Da nehm ich die kleine runde Akku-LED vom letzten Jahr, die im Schrank h\u00e4ngt und dann rausgenommen werden muss &#8230; da gilt es zumindest, noch eine bessere Befestigung zu machen.<\/p>\n","protected":false},"excerpt":{"rendered":"<p>20.8.2021<\/p>\n<p>In der N\u00e4he meines N\u00e4chtigungsparkplatzes war ein Rastplatz mit WC, wo ich den Vormittag verbrachte. Kurz vor 11 kam ein Laster, der die Grube am WC ausgesaugt hatte. Wie oft die das wohl machen m\u00fcssen? Warum das ausgerechnet dann sein muss, wenn ich quasi direkt neben dem Gulli steh? Vorsichtshalber bin ich erst aufs <a href=\"http:\/\/blog.inmontanis.info\/?p=6978\">[&#8230;]<\/a><\/p>\n","protected":false},"author":1,"featured_media":7003,"comment_status":"closed","ping_status":"closed","sticky":false,"template":"","format":"standard","meta":{"footnotes":""},"categories":[185,18,30],"tags":[87,45,86],"class_list":["post-6978","post","type-post","status-publish","format-standard","has-post-thumbnail","hentry","category-2021-08-skandinavien","category-norwegennorway","category-wandern","tag-grotteklamm","tag-see","tag-wasserfall","odd"],"_links":{"self":[{"href":"http:\/\/blog.inmontanis.info\/index.php?rest_route=\/wp\/v2\/posts\/6978","targetHints":{"allow":["GET"]}}],"collection":[{"href":"http:\/\/blog.inmontanis.info\/index.php?rest_route=\/wp\/v2\/posts"}],"about":[{"href":"http:\/\/blog.inmontanis.info\/index.php?rest_route=\/wp\/v2\/types\/post"}],"author":[{"embeddable":true,"href":"http:\/\/blog.inmontanis.info\/index.php?rest_route=\/wp\/v2\/users\/1"}],"replies":[{"embeddable":true,"href":"http:\/\/blog.inmontanis.info\/index.php?rest_route=%2Fwp%2Fv2%2Fcomments&post=6978"}],"version-history":[{"count":4,"href":"http:\/\/blog.inmontanis.info\/index.php?rest_route=\/wp\/v2\/posts\/6978\/revisions"}],"predecessor-version":[{"id":6982,"href":"http:\/\/blog.inmontanis.info\/index.php?rest_route=\/wp\/v2\/posts\/6978\/revisions\/6982"}],"wp:featuredmedia":[{"embeddable":true,"href":"http:\/\/blog.inmontanis.info\/index.php?rest_route=\/wp\/v2\/media\/7003"}],"wp:attachment":[{"href":"http:\/\/blog.inmontanis.info\/index.php?rest_route=%2Fwp%2Fv2%2Fmedia&parent=6978"}],"wp:term":[{"taxonomy":"category","embeddable":true,"href":"http:\/\/blog.inmontanis.info\/index.php?rest_route=%2Fwp%2Fv2%2Fcategories&post=6978"},{"taxonomy":"post_tag","embeddable":true,"href":"http:\/\/blog.inmontanis.info\/index.php?rest_route=%2Fwp%2Fv2%2Ftags&post=6978"}],"curies":[{"name":"wp","href":"https:\/\/api.w.org\/{rel}","templated":true}]}}