{"id":6974,"date":"2021-08-19T21:53:46","date_gmt":"2021-08-19T19:53:46","guid":{"rendered":"http:\/\/blog.inmontanis.info\/?p=6974"},"modified":"2021-08-27T19:10:23","modified_gmt":"2021-08-27T17:10:23","slug":"geiranger-19-8-2021","status":"publish","type":"post","link":"http:\/\/blog.inmontanis.info\/?p=6974","title":{"rendered":"Geiranger, 19.8.2021"},"content":{"rendered":"<p><strong>Fortsetzung 19.8.2021<\/strong><\/p>\n<p>Heute h\u00e4tte ich eigentlich mal wieder Dalsnibba fahren und oben \u00fcbernachten wollen. Aber die sind mittlerweile unversch\u00e4mt teuer geworden: 25 \u20ac, 250 NOK. Vor 3 Jahren, 2018, waren es noch 15,- \u20ac (140 NOK). Letztes Jahr, 2020, sollen es 200 NOK gewesen sein. Und innerhalb eines Jahres eine Preissteigerung von 25%, das ist schon gewagt. Das muss man nicht unterst\u00fctzen, so was.<\/p>\n<p>Als das fr\u00fcher ein Schotterweg war und noch nicht so ausgebaut oben, war das sowieso sch\u00f6ner. Ist verglichen zu damals mittlerweile wohl eh \u00fcberlaufen. Und genau wegen dem bescheuerten Ausbau muss man jetzt so viel mehr zahlen, oder wie? Nope, das spar ich mir, erst recht bei dem heutigen Wetter, h\u00e4tte man ja eh nix gesehen. War ja auch schon 2x oben mit Nachtski jeweils.<\/p>\n<p>Wettervorhersage Geiranger heute + morgen: ganztags Regen. Naja, gab dann doch einige Niederschlagspausen, so dass ich zu 3 kurzen Wanderungen\/Spazierg\u00e4ngen gekommen bin.<\/p>\n<p>Trotz der vielen Touristen ist Geiranger nach wie vor ein kleines, \u00fcberschaubares D\u00f6rfchen, Parkpl\u00e4tze sind ebenfalls noch gratis (nur die WCs im Ort w\u00e4ren kostenpflichtig). Vmtl. gibts derzeit nach wie vor eher wenig Kreuzfahrschiffe, die hier anlegen, im Vergleich zu vor Corona.<\/p>\n<p>Der kleine Joker-Supermarkt in Geiranger war auch gar nicht so teuer wie erwartet, teilweise sogar im Gegenteil.<\/p>\n<p>Wobei Geiranger selbst ja nicht sonderlich besonders ist, es geht bei dem Namen bzw. dem Hype ja eher um den Geirangerfjord, der sich schmal zwischen den steilen Felsw\u00e4nden schl\u00e4ngelt. Der kann schon was.<\/p>\n<p><a href='http:\/\/extra.inmontanis.info\/d\/66277-2\/DSC04046.jpg'><img src=http:\/\/extra.inmontanis.info\/d\/66275-3\/DSC04046.jpg \/><\/a><br \/>\n^ Zur Abwechslung mal ohne Eis, der See unterhalb der Dalsnibba-Stra\u00dfe<\/p>\n<p><a href='http:\/\/extra.inmontanis.info\/d\/66281-2\/DSC04050.jpg'><img src=http:\/\/extra.inmontanis.info\/d\/66280-3\/DSC04050.jpg \/><\/a><br \/>\n^ 2006 war das alte St\u00fcck Stra\u00dfe runter nach Geiranger geschottert und problemlos fahrbar. Heute schaut es nicht mehr so gut befahrbar aus &#8230;<\/p>\n<p><img src=http:\/\/ski.inmontanis.info\/d\/40687-2\/P1070032.jpg \/><br \/>\n^ 15.6.2006<\/p>\n<p><a href='http:\/\/extra.inmontanis.info\/d\/66285-2\/DSC04052.jpg'><img src=http:\/\/extra.inmontanis.info\/d\/66284-3\/DSC04052.jpg \/><\/a><br \/>\n^ Auch dieses St\u00fcck der alten Stra\u00dfe, mit der ca. 270-Grad-Kehre, ist nun offiziell gesperrt. Konnte ich 2006 noch fahren.<\/p>\n<p><img src=http:\/\/ski.inmontanis.info\/d\/40727-2\/P1070063.jpg \/><br \/>\n^ 15.6.2006<\/p>\n<p><a href='http:\/\/extra.inmontanis.info\/d\/66289-2\/DSC04056.jpg'><img src=http:\/\/extra.inmontanis.info\/d\/66288-3\/DSC04056.jpg \/><\/a><br \/>\n^ Aussichtspunkt oberhalb des Geirangerfjords<\/p>\n<p><a href='http:\/\/extra.inmontanis.info\/d\/66293-2\/DSC04057.jpg'><img src=http:\/\/extra.inmontanis.info\/d\/66292-3\/DSC04057.jpg \/><\/a><br \/>\n^ Aussichtspunkt oberhalb des Geirangerfjords mit Blick auf den Ort Geiranger<\/p>\n<p><a href='http:\/\/extra.inmontanis.info\/d\/66297-2\/DSC04059.jpg'><img src=http:\/\/extra.inmontanis.info\/d\/66296-3\/DSC04059.jpg \/><\/a><br \/>\n^ .. und richtung Berg<\/p>\n<p><a href='http:\/\/extra.inmontanis.info\/d\/66301-2\/DSC04064.jpg'><img src=http:\/\/extra.inmontanis.info\/d\/66300-3\/DSC04064.jpg \/><\/a><br \/>\n^ Geiranger; der Parkplatz unten rechtsseitig ist \u00fcbrigens gratis.<\/p>\n<p><a href='http:\/\/extra.inmontanis.info\/d\/66305-2\/DSC04066.jpg'><img src=http:\/\/extra.inmontanis.info\/d\/66304-3\/DSC04066.jpg \/><\/a><br \/>\n^ Geirangerfjord<\/p>\n<p><a href='http:\/\/extra.inmontanis.info\/d\/66309-2\/DSC04070.jpg'><img src=http:\/\/extra.inmontanis.info\/d\/66308-3\/DSC04070.jpg \/><\/a><br \/>\n^ Geiranger<\/p>\n<p><a href='http:\/\/extra.inmontanis.info\/d\/66313-2\/DSC04071.jpg'><img src=http:\/\/extra.inmontanis.info\/d\/66312-3\/DSC04071.jpg \/><\/a><br \/>\n^ Geiranger. Zu Hoch-Zeiten legen hier mehrere Kreuzfahrtschiffe an.<\/p>\n<p><a href='http:\/\/extra.inmontanis.info\/d\/66317-2\/DSC04073.jpg'><img src=http:\/\/extra.inmontanis.info\/d\/66316-3\/DSC04073.jpg \/><\/a><br \/>\n^ Geiranger<\/p>\n<p><a href='http:\/\/extra.inmontanis.info\/d\/66321-2\/DSC04077.jpg'><img src=http:\/\/extra.inmontanis.info\/d\/66320-3\/DSC04077.jpg \/><\/a><br \/>\n^ F\u00e4hre Geiranger-Hellesylt<\/p>\n<p><a href='http:\/\/extra.inmontanis.info\/d\/66325-2\/DSC04092.jpg'><img src=http:\/\/extra.inmontanis.info\/d\/66324-3\/DSC04092.jpg \/><\/a><br \/>\n^ Blick vom Aussichtspunkt \u00d8rnesvingen zu Geiranger und einem gr\u00f6\u00dferen Schiff, evtl. Hurtigrute<\/p>\n<p><a href='http:\/\/extra.inmontanis.info\/d\/66329-2\/DSC04095.jpg'><img src=http:\/\/extra.inmontanis.info\/d\/66328-3\/DSC04095.jpg \/><\/a><br \/>\n^ Blick vom Aussichtspunkt \u00d8rnesvingen zum Geirangerfjord und der F\u00e4hre von eben.<\/p>\n<p><a href='http:\/\/extra.inmontanis.info\/d\/66333-2\/DSC04097.jpg'><img src=http:\/\/extra.inmontanis.info\/d\/66332-3\/DSC04097.jpg \/><\/a><br \/>\n^ Aussichtspunkt \u00d8rnesvingen, hier gibts auch einen kleinen Wanderweg<\/p>\n<p><a href='http:\/\/extra.inmontanis.info\/d\/66337-2\/DSC04099.jpg'><img src=http:\/\/extra.inmontanis.info\/d\/66336-3\/DSC04099.jpg \/><\/a><br \/>\n^ .. wo man auch nochmal sch\u00f6n auf den Geirangerfjord schauen kann<\/p>\n<p><a href='http:\/\/extra.inmontanis.info\/d\/66341-2\/DSC04100.jpg'><img src=http:\/\/extra.inmontanis.info\/d\/66340-3\/DSC04100.jpg \/><\/a><br \/>\n^ Geirangerfjord-Kurve<\/p>\n<p><a href='http:\/\/extra.inmontanis.info\/d\/66345-2\/DSC04101.jpg'><img src=http:\/\/extra.inmontanis.info\/d\/66344-3\/DSC04101.jpg \/><\/a><br \/>\n^ Geiranger<\/p>\n<p><a href='http:\/\/extra.inmontanis.info\/d\/66349-2\/DSC04102.jpg'><img src=http:\/\/extra.inmontanis.info\/d\/66348-3\/DSC04102.jpg \/><\/a><br \/>\n^ Kleiner Wanderweg<\/p>\n<p><a href='http:\/\/extra.inmontanis.info\/d\/66353-2\/DSC04103.jpg'><img src=http:\/\/extra.inmontanis.info\/d\/66352-3\/DSC04103.jpg \/><\/a><br \/>\n^ Weiter bin ich nicht mehr gegangen, nochmal der kurvige, schmale Geirangerfjord.<\/p>\n<p><a href='http:\/\/extra.inmontanis.info\/d\/66357-2\/DSC04106.jpg'><img src=http:\/\/extra.inmontanis.info\/d\/66356-3\/DSC04106.jpg \/><\/a><br \/>\n^ Oberhalb am Rastplatz steht eine kleine Pistenraupe<\/p>\n<p><a href='http:\/\/extra.inmontanis.info\/d\/66361-3\/DSC04111.jpg'><img src=http:\/\/extra.inmontanis.info\/d\/66360-4\/DSC04111.jpg \/><\/a><br \/>\n^ Blick vom Rastplatz runter zum Geirangerfjord; rechts ist eine Tunnelbaustelle, somit der Bereich am Rastplatz bis unterhalb des n\u00e4chsten Tunnels in Zukunft umfahren wird<\/p>\n<p><a href='http:\/\/extra.inmontanis.info\/d\/66365-3\/DSC04113.jpg'><img src=http:\/\/extra.inmontanis.info\/d\/66364-4\/DSC04113.jpg \/><\/a><br \/>\n^ St\u00fcck alte Stra\u00dfe, rechts der Tunnel wird mit dem neuen Tunnel dann ebenfalls \u00fcberfl\u00fcssig., da der neue erst viel weiter unten wieder rauskommt.<\/p>\n<p>Positiv an meiner Tischkonstruktion ist ja, dass ich mich auch in jede Richtung schr\u00e4g hinstellen kann, trotzdem den Tisch aber halbwegs austarieren kann&#8230; Allerdings, steh ich hier 1. nah am Abgrund  und 2. nah an einer Felswand, beides bei Regenwetter  vielleicht keine so gute Idee. Die Kuh hat auch schon an meinem Hintern, also an dem vom Auto, geleckt und geschoben.<\/p>\n<p>Die g\u00fcnstigen, heizbaren Socken haben sich heute Vormittag auch schon bew\u00e4hrt. F\u00fcr Skischuhe aber wohl eher zu kurz bzw. st\u00f6ren dann die Kabel. Ob das bei den teuren Heizsocken von Lenz auch so ist?<\/p>\n<p>Hat sich dann aber doch noch ein anderer Van mit 3 Insassen auf den schr\u00e4gen Platz gestellt &#8211; nat\u00fcrlich direkt in meiner N\u00e4he, anstatt ein paar Meter weiter weg. Wenigstens bauten sie ihr Zelt auf der anderen Seite auf.<\/p>\n","protected":false},"excerpt":{"rendered":"<p>Fortsetzung 19.8.2021<\/p>\n<p>Heute h\u00e4tte ich eigentlich mal wieder Dalsnibba fahren und oben \u00fcbernachten wollen. Aber die sind mittlerweile unversch\u00e4mt teuer geworden: 25 \u20ac, 250 NOK. Vor 3 Jahren, 2018, waren es noch 15,- \u20ac (140 NOK). Letztes Jahr, 2020, sollen es 200 NOK gewesen sein. Und innerhalb eines Jahres eine Preissteigerung von 25%, das ist <a href=\"http:\/\/blog.inmontanis.info\/?p=6974\">[&#8230;]<\/a><\/p>\n","protected":false},"author":1,"featured_media":7004,"comment_status":"closed","ping_status":"closed","sticky":false,"template":"","format":"standard","meta":{"footnotes":""},"categories":[185,18],"tags":[45],"class_list":["post-6974","post","type-post","status-publish","format-standard","has-post-thumbnail","hentry","category-2021-08-skandinavien","category-norwegennorway","tag-see","odd"],"_links":{"self":[{"href":"http:\/\/blog.inmontanis.info\/index.php?rest_route=\/wp\/v2\/posts\/6974","targetHints":{"allow":["GET"]}}],"collection":[{"href":"http:\/\/blog.inmontanis.info\/index.php?rest_route=\/wp\/v2\/posts"}],"about":[{"href":"http:\/\/blog.inmontanis.info\/index.php?rest_route=\/wp\/v2\/types\/post"}],"author":[{"embeddable":true,"href":"http:\/\/blog.inmontanis.info\/index.php?rest_route=\/wp\/v2\/users\/1"}],"replies":[{"embeddable":true,"href":"http:\/\/blog.inmontanis.info\/index.php?rest_route=%2Fwp%2Fv2%2Fcomments&post=6974"}],"version-history":[{"count":3,"href":"http:\/\/blog.inmontanis.info\/index.php?rest_route=\/wp\/v2\/posts\/6974\/revisions"}],"predecessor-version":[{"id":6977,"href":"http:\/\/blog.inmontanis.info\/index.php?rest_route=\/wp\/v2\/posts\/6974\/revisions\/6977"}],"wp:featuredmedia":[{"embeddable":true,"href":"http:\/\/blog.inmontanis.info\/index.php?rest_route=\/wp\/v2\/media\/7004"}],"wp:attachment":[{"href":"http:\/\/blog.inmontanis.info\/index.php?rest_route=%2Fwp%2Fv2%2Fmedia&parent=6974"}],"wp:term":[{"taxonomy":"category","embeddable":true,"href":"http:\/\/blog.inmontanis.info\/index.php?rest_route=%2Fwp%2Fv2%2Fcategories&post=6974"},{"taxonomy":"post_tag","embeddable":true,"href":"http:\/\/blog.inmontanis.info\/index.php?rest_route=%2Fwp%2Fv2%2Ftags&post=6974"}],"curies":[{"name":"wp","href":"https:\/\/api.w.org\/{rel}","templated":true}]}}