{"id":6970,"date":"2021-08-19T12:20:08","date_gmt":"2021-08-19T10:20:08","guid":{"rendered":"http:\/\/blog.inmontanis.info\/?p=6970"},"modified":"2023-08-04T19:41:59","modified_gmt":"2023-08-04T17:41:59","slug":"strynefjell-18-19-8-2021","status":"publish","type":"post","link":"http:\/\/blog.inmontanis.info\/?p=6970","title":{"rendered":"Strynefjell, 18.+19.8.2021"},"content":{"rendered":"<p><strong>Fortsetzung 18.8.2021<\/strong><\/p>\n<p>Unten in Lom war der Parkplatz am gro\u00dfen (Coop) Extra so voll, dass ich halt zum leeren Kiwi fuhr. Dort gibt&#8217;s \u00fcbrigens nicht nur das leckere Barilla Pasta Genovese, sondern es ist mit 24,40 NOK auch g\u00fcnstiger als zumeist in Schweden. Die First-Price-Orangen-Light-Limo kostete hier sogar nur 5,30 NOK. (Andere 1,5l Limos aber auch hier um die 20-30 NOK.)<\/p>\n<p>Da ich zuvor an der Tankstelle eine Brunostwaffel gekauft und gegessen hatte, hab ich nichts weiter zum Mittagessen gekauft, stattdessen f\u00fcr abends noch gek\u00fchlte Tortellini (26 NOK) und mal testweise eine Tacosauce dazu, vielleicht schmeckt das ja zu Nudeln auch bzw. gemischt mit dem Pesto? Obwohl das Pesto Genovese halt schon allein perfekt ist. <\/p>\n<p>Unten in Lom angenehme 15\u00b0, wieder in den Bergen, am alten Strynefjellvegen, wo das Sommerskigebiet ist, wieder k\u00e4lter und regnerischer. Wettervorhersagen melden f\u00fcrs Skigebiet oben f\u00fcr heute und den rest der Woche leichten Schneefall bei Temperaturen um die 0\u00b0. Na, da hab ich zumindest bis morgen Vormittag nix von gesehen.<\/p>\n<p><a href='http:\/\/ski.inmontanis.info\/d\/297449-2\/DSC03981.jpg'><img src=http:\/\/ski.inmontanis.info\/d\/297447-3\/DSC03981.jpg \/><\/a><br \/>\n^ Kleines Skigebiet Grotli am Strynefjell, an der Abzweigung zur alten Strynefjellstra\u00dfe, die zum Sommerskigebiet f\u00fchrt<\/p>\n<p><a href='http:\/\/ski.inmontanis.info\/d\/297453-2\/DSC03982.jpg'><img src=http:\/\/ski.inmontanis.info\/d\/297452-3\/DSC03982.jpg \/><\/a><br \/>\n^ Plan, wobei es den ganz rechten Lift wohl noch nicht gibt.<\/p>\n<p><a href='http:\/\/ski.inmontanis.info\/d\/297457-2\/DSC03984.jpg'><img src=http:\/\/ski.inmontanis.info\/d\/297456-3\/DSC03984.jpg \/><\/a><br \/>\n^ Talstation des unteren SL<\/p>\n<p><a href='http:\/\/ski.inmontanis.info\/d\/297461-2\/DSC03985.jpg'><img src=http:\/\/ski.inmontanis.info\/d\/297460-3\/DSC03985.jpg \/><\/a><br \/>\n^ Der untere SL und links schr\u00e4g dr\u00fcber der obere SL, beide wohl recht leicht.<\/p>\n<p><a href='http:\/\/ski.inmontanis.info\/d\/297465-2\/DSC03986.jpg'><img src=http:\/\/ski.inmontanis.info\/d\/297464-3\/DSC03986.jpg \/><\/a><br \/>\n^ Beide SL<\/p>\n<p><a href='http:\/\/extra.inmontanis.info\/d\/66231-2\/DSC03989.jpg'><img src=http:\/\/extra.inmontanis.info\/d\/66230-3\/DSC03989.jpg \/><\/a><br \/>\n^ Alte Strynefjellstra\u00dfe<\/p>\n<p>Als auf der alten Strynefjellstra\u00dfe mal meine Dashcam aus war, musste ich also ein paar alte Dateien l\u00f6schen, Dashcamaufzeichnungen, wo ich den Linsenschutz nicht wegtat. Android konnte von dem FAT32-Datentr\u00e4ger wohl nix l\u00f6schen, das passende USB-Kabel\/Adapter zum Anschlie\u00dfen der Dashcam am Handy lag irgendwo in der Kabelbox (falls das was gen\u00fctzt h\u00e4tte), meinen PC wollte ich nicht extra hochfahren, also bootete ich Linux am Handy und dort konnt ich das l\u00f6schen. Praktisch. <\/p>\n<p>Danach regnete es und ich blieb halt noch etwas l\u00e4nger in der Ausweichbucht stehen, sonst h\u00e4tt ich auf die Aktion ja verzichten k\u00f6nnen, wenn ich die weitere Stra\u00dfe nicht filme. Und gerade den \u00f6stlichen Teil der Stra\u00dfe kann man halt nur selten fahren &#8211; meist ist das Sommerskigebiet wieder zu, bis dieser Teil der Stra\u00dfe ger\u00e4umt und ge\u00f6ffnet ist, weil es den SL oben ja nicht mehr gibt. Gut, dass ich den 2006 noch fahren konnte.<\/p>\n<p>F\u00fcr eine Wanderung an der DSB hinauf zum ehemaligen Gletscher-SL-Gel\u00e4nde wird mir das Wetter heute wie morgen leider zu verregnet sein. Und dort angekommen geht eigentlich eh kein Weg rauf, sehr schotterig usw. &#8211; da w\u00e4r ich wohl eh nicht rauf. Schade, dass die DSB auch nicht f\u00fcr Fu\u00dfg\u00e4nger im Sommer f\u00e4hrt, sie ist halt nur f\u00fcr die ca. 2-5 Wochen im Fr\u00fchsommerskibetrieb ge\u00f6ffnet.<\/p>\n<p><a href='http:\/\/extra.inmontanis.info\/d\/66235-2\/DSC03995.jpg'><img src=http:\/\/extra.inmontanis.info\/d\/66234-3\/DSC03995.jpg \/><\/a><br \/>\n^ Alte Strynefjellstra\u00dfe<\/p>\n<p><a href='http:\/\/extra.inmontanis.info\/d\/66239-2\/DSC04001.jpg'><img src=http:\/\/extra.inmontanis.info\/d\/66238-3\/DSC04001.jpg \/><\/a><br \/>\n^ Alte Strynefjellstra\u00dfe<\/p>\n<p><a href='http:\/\/ski.inmontanis.info\/d\/297469-2\/DSC04011.jpg'><img src=http:\/\/ski.inmontanis.info\/d\/297468-3\/DSC04011.jpg \/><\/a><br \/>\n^ Stryn Sommerskigebiet, wo ja seit etlichen Jahren nur noch die DSB unten f\u00e4hrt &#8211; f\u00fcr ein paar Wochen Anfang Juni, so lang der Schnee halt reicht.<\/p>\n<p><a href='http:\/\/ski.inmontanis.info\/d\/297473-2\/DSC04014.jpg'><img src=http:\/\/ski.inmontanis.info\/d\/297472-3\/DSC04014.jpg \/><\/a><br \/>\n^ DSB-Strecke. Wenn die eine tiefe Rinne h\u00e4tten, k\u00f6nnten sie vermutlich l\u00e4nger fahren. Schade, dass die DSB im Sommer nicht f\u00fcr Fu\u00dfg\u00e4nger offen ist.<\/p>\n<p>Abends, nach 17:30 Uhr, wurde an der Pistenraupe gearbeitet, selbige gestartet, die Ketten abgeworfen, usw.<\/p>\n<p><a href='http:\/\/extra.inmontanis.info\/d\/66243-2\/DSC04015.jpg'><img src=http:\/\/extra.inmontanis.info\/d\/66242-3\/DSC04015.jpg \/><\/a><br \/>\n^ Essen f\u00fcr heute Abend, das Pesto rechts ist nicht so gut wie das Genovese, aber ich schleppe es schon seit letztem Jahr herum. Ein L\u00f6ffelchen Taco-Sauce hat auch gepasst, nicht viel von gemerkt. Die Fleischb\u00e4llchen kann man aber vergessen.<\/p>\n<p><strong>19.8.2021<\/strong><\/p>\n<p>In der Nacht und am Morgen abschnittsweise leichter Regen, 4\u00b0 um 8 Uhr, Minimumtemperatur im Auto vorne am Thermometer 8,9\u00b0 die Nacht. <\/p>\n<p>Ich blieb noch bis Mittag am Parkplatz der DSB, weil guter 4G-Empfang, fuhr dann die Ostrampe runter und auf der neuen Stra\u00dfe wieder hinauf, wo ich dann nach Geiranger abzweigte. <\/p>\n<p><a href='http:\/\/ski.inmontanis.info\/d\/297477-2\/DSC04016.jpg'><img src=http:\/\/ski.inmontanis.info\/d\/297476-3\/DSC04016.jpg \/><\/a><br \/>\n^ Rechts und Bildmitte die DSB vom Stryn Sommerskigebiet, dar\u00fcber die Gletscherreste des ehemaligen SL<\/p>\n<p>2.6.2018:<br \/>\n<a href='http:\/\/ski.inmontanis.info\/d\/248594-3\/DSC01399.jpg'><img src=http:\/\/ski.inmontanis.info\/d\/248593-4\/DSC01399.jpg \/><\/a><\/p>\n<p>16.6.2006:<br \/>\n<img src=http:\/\/ski.inmontanis.info\/d\/1485-2\/P1070156.jpg \/><\/p>\n<p><a href='http:\/\/extra.inmontanis.info\/d\/66247-2\/DSC04021.jpg'><img src=http:\/\/extra.inmontanis.info\/d\/66246-3\/DSC04021.jpg \/><\/a><br \/>\n^ Alte Strynefjellstra\u00dfe, westlicher Teil vom Skigebiet, der wird im Fr\u00fchjahr fr\u00fcher ger\u00e4umt<\/p>\n<p><a href='http:\/\/extra.inmontanis.info\/d\/66251-2\/DSC04026.jpg'><img src=http:\/\/extra.inmontanis.info\/d\/66250-3\/DSC04026.jpg \/><\/a><br \/>\n^ Strynefjellstra\u00dfe<\/p>\n<p><a href='http:\/\/extra.inmontanis.info\/d\/66255-2\/DSC04027.jpg'><img src=http:\/\/extra.inmontanis.info\/d\/66254-3\/DSC04027.jpg \/><\/a><br \/>\n^ Wasserfall neben der alten Stra\u00dfe<\/p>\n<p><a href='http:\/\/extra.inmontanis.info\/d\/66259-2\/DSC04031.jpg'><img src=http:\/\/extra.inmontanis.info\/d\/66258-3\/DSC04031.jpg \/><\/a><br \/>\n^ Wasserfall neben der neuen Stra\u00dfe, direkt links ist der Tunnel<\/p>\n<p><a href='http:\/\/extra.inmontanis.info\/d\/66263-2\/DSC04032.jpg'><img src=http:\/\/extra.inmontanis.info\/d\/66262-3\/DSC04032.jpg \/><\/a><br \/>\n^ Wasserfall neben der neuen Stra\u00dfe, direkt rechts ist der Tunnel<\/p>\n<p><a href='http:\/\/extra.inmontanis.info\/d\/66267-2\/DSC04035.jpg'><img src=http:\/\/extra.inmontanis.info\/d\/66266-3\/DSC04035.jpg \/><\/a><br \/>\n^ Tal zwischen zwei Tunnels der neuen Strynefjellstra\u00dfe<\/p>\n<p><a href='http:\/\/extra.inmontanis.info\/d\/66271-2\/DSC04042.jpg'><img src=http:\/\/extra.inmontanis.info\/d\/66270-3\/DSC04042.jpg \/><\/a><br \/>\n^ Strynefjellstra\u00dfe mit Tunnel + Abzweigung richtung Geiranger<\/p>\n<p>(Fortsetzung Geiranger folgt.)<\/p>\n","protected":false},"excerpt":{"rendered":"<p>Fortsetzung 18.8.2021<\/p>\n<p>Unten in Lom war der Parkplatz am gro\u00dfen (Coop) Extra so voll, dass ich halt zum leeren Kiwi fuhr. Dort gibt&#8217;s \u00fcbrigens nicht nur das leckere Barilla Pasta Genovese, sondern es ist mit 24,40 NOK auch g\u00fcnstiger als zumeist in Schweden. Die First-Price-Orangen-Light-Limo kostete hier sogar nur 5,30 NOK. (Andere 1,5l Limos aber <a href=\"http:\/\/blog.inmontanis.info\/?p=6970\">[&#8230;]<\/a><\/p>\n","protected":false},"author":1,"featured_media":0,"comment_status":"closed","ping_status":"closed","sticky":false,"template":"","format":"standard","meta":{"footnotes":""},"categories":[185,18,574],"tags":[38,45],"class_list":["post-6970","post","type-post","status-publish","format-standard","hentry","category-2021-08-skandinavien","category-norwegennorway","category-stryn","tag-dsb","tag-see","odd"],"_links":{"self":[{"href":"http:\/\/blog.inmontanis.info\/index.php?rest_route=\/wp\/v2\/posts\/6970","targetHints":{"allow":["GET"]}}],"collection":[{"href":"http:\/\/blog.inmontanis.info\/index.php?rest_route=\/wp\/v2\/posts"}],"about":[{"href":"http:\/\/blog.inmontanis.info\/index.php?rest_route=\/wp\/v2\/types\/post"}],"author":[{"embeddable":true,"href":"http:\/\/blog.inmontanis.info\/index.php?rest_route=\/wp\/v2\/users\/1"}],"replies":[{"embeddable":true,"href":"http:\/\/blog.inmontanis.info\/index.php?rest_route=%2Fwp%2Fv2%2Fcomments&post=6970"}],"version-history":[{"count":3,"href":"http:\/\/blog.inmontanis.info\/index.php?rest_route=\/wp\/v2\/posts\/6970\/revisions"}],"predecessor-version":[{"id":6973,"href":"http:\/\/blog.inmontanis.info\/index.php?rest_route=\/wp\/v2\/posts\/6970\/revisions\/6973"}],"wp:attachment":[{"href":"http:\/\/blog.inmontanis.info\/index.php?rest_route=%2Fwp%2Fv2%2Fmedia&parent=6970"}],"wp:term":[{"taxonomy":"category","embeddable":true,"href":"http:\/\/blog.inmontanis.info\/index.php?rest_route=%2Fwp%2Fv2%2Fcategories&post=6970"},{"taxonomy":"post_tag","embeddable":true,"href":"http:\/\/blog.inmontanis.info\/index.php?rest_route=%2Fwp%2Fv2%2Ftags&post=6970"}],"curies":[{"name":"wp","href":"https:\/\/api.w.org\/{rel}","templated":true}]}}