{"id":6967,"date":"2021-08-18T15:52:48","date_gmt":"2021-08-18T13:52:48","guid":{"rendered":"http:\/\/blog.inmontanis.info\/?p=6967"},"modified":"2023-08-04T19:45:16","modified_gmt":"2023-08-04T17:45:16","slug":"sognefjell-17-18-8-2021","status":"publish","type":"post","link":"http:\/\/blog.inmontanis.info\/?p=6967","title":{"rendered":"Sognefjell, 17.+18.8.2021"},"content":{"rendered":"<p><strong>17.8.2021<\/strong><\/p>\n<p>Hatte ich schon erw\u00e4hnt, dass sich 3h Arbeit am Tag genau richtig anf\u00fchlen? Nicht zu viel (so dass man danach noch meint, in Urlaub zu sein) und nicht zu wenig, das kann ich nach 7,5 Monaten dazu sagen. M\u00f6chte nicht mehr mehr arbeiten m\u00fcssen, aber weniger ist auch nicht n\u00f6tig.<\/p>\n<p>Wieder zur\u00fcck nach Luster gefahren, dort diesmal in den Spar gegangen (hatte ja gestern wieder kein Wasser gekauft f\u00fcr die Nudeln). Dort gab es auch ein Osteuropa-Regal, u.a. mit Gl\u00e4sern mit Borscht und Soljanka usw. musste ich mal testen und nahm ein Glas von letzterem um ca. 2,90 \u20ac mit. Dazu warme Chicken Wings um ca. 3 \u20ac und die gro\u00dfe Mohnsemmel um ca. 0,70 \u20ac f\u00fcr jetzt zu Mittag.<\/p>\n<p><a href='http:\/\/extra.inmontanis.info\/d\/66007-2\/DSC03845.jpg'><img src=http:\/\/extra.inmontanis.info\/d\/66006-3\/DSC03845.jpg \/><\/a><br \/>\n^ Mittagessen<\/p>\n<p><a href='http:\/\/extra.inmontanis.info\/d\/66011-2\/DSC03846.jpg'><img src=http:\/\/extra.inmontanis.info\/d\/66010-3\/DSC03846.jpg \/><\/a><br \/>\n^ Lusterfjord mit Kirche und Wasserfall<\/p>\n<p><a href='http:\/\/extra.inmontanis.info\/d\/66015-2\/DSC03853.jpg'><img src=http:\/\/extra.inmontanis.info\/d\/66014-3\/DSC03853.jpg \/><\/a><br \/>\n^ Die Reste der ehemaligem PB rauf zum Sanatorium, wo ich ja auf meiner 2006er Reise war.<\/p>\n<p>Bevor es endlich wieder rauf aufs Sognefjell ging, hielt ich &#8211; au\u00dfer am Spar &#8211; noch am gestrigen Rastplatz, um meine Berichte online zu stellen &#8211; denn wer wei\u00df, ob es oben auf der Pa\u00dfstra\u00dfe 4G-Empfang hat.<\/p>\n<p>Ich kam dann an der Tanktelle vorbei, wo das Benzin vorgestern unter 18 NOK kostete, heute aber, da ich tanken wollte, \u00fcber 19 NOK :(<\/p>\n<p><a href='http:\/\/extra.inmontanis.info\/d\/66019-2\/DSC03855.jpg'><img src=http:\/\/extra.inmontanis.info\/d\/66018-3\/DSC03855.jpg \/><\/a><br \/>\n^ Zwischen Luster und Sognefjell<\/p>\n<p><a href='http:\/\/extra.inmontanis.info\/d\/66023-2\/DSC03862.jpg'><img src=http:\/\/extra.inmontanis.info\/d\/66022-3\/DSC03862.jpg \/><\/a><br \/>\n^ Sognefjellstra\u00dfe<\/p>\n<p><a href='http:\/\/extra.inmontanis.info\/d\/66027-2\/DSC03867.jpg'><img src=http:\/\/extra.inmontanis.info\/d\/66026-3\/DSC03867.jpg \/><\/a><br \/>\n^ Pano mit und neben der Sognefjellstra\u00dfe<\/p>\n<p><a href='http:\/\/extra.inmontanis.info\/d\/66031-2\/DSC03869.jpg'><img src=http:\/\/extra.inmontanis.info\/d\/66030-3\/DSC03869.jpg \/><\/a><br \/>\n^ Pano mit und neben der Sognefjellstra\u00dfe<\/p>\n<p><a href='http:\/\/extra.inmontanis.info\/d\/66035-2\/DSC03870.jpg'><img src=http:\/\/extra.inmontanis.info\/d\/66034-3\/DSC03870.jpg \/><\/a><br \/>\n^ Sognefjellstra\u00dfe<\/p>\n<p><a href='http:\/\/extra.inmontanis.info\/d\/66039-2\/DSC03873.jpg'><img src=http:\/\/extra.inmontanis.info\/d\/66038-3\/DSC03873.jpg \/><\/a><br \/>\n^ <\/p>\n<p><a href='http:\/\/extra.inmontanis.info\/d\/66043-2\/DSC03880.jpg'><img src=http:\/\/extra.inmontanis.info\/d\/66042-3\/DSC03880.jpg \/><\/a><br \/>\n^ Abzweigung &#8230;<\/p>\n<p><a href='http:\/\/extra.inmontanis.info\/d\/66047-2\/DSC03881.jpg'><img src=http:\/\/extra.inmontanis.info\/d\/66046-3\/DSC03881.jpg \/><\/a><br \/>\n^ &#8230; die mich aber nicht weiter hinauf, sondern bergab (zu einem See) f\u00fchren w\u00fcrde, daher nicht weiter gefahren<\/p>\n<p><a href='http:\/\/extra.inmontanis.info\/d\/66051-2\/DSC03882.jpg'><img src=http:\/\/extra.inmontanis.info\/d\/66050-3\/DSC03882.jpg \/><\/a><br \/>\n^ <\/p>\n<p><a href='http:\/\/extra.inmontanis.info\/d\/66055-2\/DSC03883.jpg'><img src=http:\/\/extra.inmontanis.info\/d\/66054-3\/DSC03883.jpg \/><\/a><br \/>\n^ Sognefjellstra\u00dfe von einer kleinen Wanderung aus, die zu einer gr\u00f6\u00dferen wurde (3 Stunden)<\/p>\n<p><a href='http:\/\/extra.inmontanis.info\/d\/66059-2\/DSC03884.jpg'><img src=http:\/\/extra.inmontanis.info\/d\/66058-3\/DSC03884.jpg \/><\/a><br \/>\n^ <\/p>\n<p><a href='http:\/\/extra.inmontanis.info\/d\/66063-2\/DSC03885.jpg'><img src=http:\/\/extra.inmontanis.info\/d\/66062-3\/DSC03885.jpg \/><\/a><br \/>\n^ <\/p>\n<p><a href='http:\/\/extra.inmontanis.info\/d\/66067-2\/DSC03888.jpg'><img src=http:\/\/extra.inmontanis.info\/d\/66066-3\/DSC03888.jpg \/><\/a><br \/>\n^ <\/p>\n<p><a href='http:\/\/extra.inmontanis.info\/d\/66071-2\/DSC03889.jpg'><img src=http:\/\/extra.inmontanis.info\/d\/66070-3\/DSC03889.jpg \/><\/a><br \/>\n^ <\/p>\n<p><a href='http:\/\/extra.inmontanis.info\/d\/66075-2\/DSC03891.jpg'><img src=http:\/\/extra.inmontanis.info\/d\/66074-3\/DSC03891.jpg \/><\/a><br \/>\n^ <\/p>\n<p><a href='http:\/\/extra.inmontanis.info\/d\/66079-2\/DSC03893.jpg'><img src=http:\/\/extra.inmontanis.info\/d\/66078-3\/DSC03893.jpg \/><\/a><br \/>\n^ Ohne die vielen blauen Seen w\u00e4re es etwas eint\u00f6nig<\/p>\n<p><a href='http:\/\/extra.inmontanis.info\/d\/66083-2\/DSC03894.jpg'><img src=http:\/\/extra.inmontanis.info\/d\/66082-3\/DSC03894.jpg \/><\/a><br \/>\n^ <\/p>\n<p><a href='http:\/\/extra.inmontanis.info\/d\/66087-2\/DSC03896.jpg'><img src=http:\/\/extra.inmontanis.info\/d\/66086-3\/DSC03896.jpg \/><\/a><br \/>\n^ Gletscher im Zoom<\/p>\n<p><a href='http:\/\/extra.inmontanis.info\/d\/66091-2\/DSC03898.jpg'><img src=http:\/\/extra.inmontanis.info\/d\/66090-3\/DSC03898.jpg \/><\/a><br \/>\n^ Gletscher im Zoom<\/p>\n<p><a href='http:\/\/extra.inmontanis.info\/d\/66095-2\/DSC03899.jpg'><img src=http:\/\/extra.inmontanis.info\/d\/66094-3\/DSC03899.jpg \/><\/a><br \/>\n^ Gletscher im Zoom<\/p>\n<p><a href='http:\/\/extra.inmontanis.info\/d\/66099-2\/DSC03900.jpg'><img src=http:\/\/extra.inmontanis.info\/d\/66098-3\/DSC03900.jpg \/><\/a><br \/>\n^ <\/p>\n<p><a href='http:\/\/extra.inmontanis.info\/d\/66103-2\/DSC03902.jpg'><img src=http:\/\/extra.inmontanis.info\/d\/66102-3\/DSC03902.jpg \/><\/a><br \/>\n^ <\/p>\n<p><a href='http:\/\/extra.inmontanis.info\/d\/66107-2\/DSC03905.jpg'><img src=http:\/\/extra.inmontanis.info\/d\/66106-3\/DSC03905.jpg \/><\/a><br \/>\n^ Glasklares Wasser<\/p>\n<p><a href='http:\/\/extra.inmontanis.info\/d\/66111-2\/DSC03908.jpg'><img src=http:\/\/extra.inmontanis.info\/d\/66110-3\/DSC03908.jpg \/><\/a><br \/>\n^ Ich bildete mir ein, noch zu dem Grat dar\u00fcber zu gehen, k\u00f6nnte ein sch\u00f6nes Pano auf den weiteren Stra\u00dfenverlauf und die Gletscher da hinten haben?<\/p>\n<p><a href='http:\/\/extra.inmontanis.info\/d\/66115-2\/DSC03912.jpg'><img src=http:\/\/extra.inmontanis.info\/d\/66114-3\/DSC03912.jpg \/><\/a><br \/>\n^ Netterweise kommt man immer irgendwo weiter, man kam die Felsw\u00e4nde runter und zwischen den Seen hindurch<\/p>\n<p><a href='http:\/\/extra.inmontanis.info\/d\/66119-2\/DSC03915.jpg'><img src=http:\/\/extra.inmontanis.info\/d\/66118-3\/DSC03915.jpg \/><\/a><br \/>\n^ <\/p>\n<p><a href='http:\/\/extra.inmontanis.info\/d\/66123-2\/DSC03916.jpg'><img src=http:\/\/extra.inmontanis.info\/d\/66122-3\/DSC03916.jpg \/><\/a><br \/>\n^ Wollgras gibts hier oben mehrfach<\/p>\n<p><a href='http:\/\/extra.inmontanis.info\/d\/66127-2\/DSC03918.jpg'><img src=http:\/\/extra.inmontanis.info\/d\/66126-3\/DSC03918.jpg \/><\/a><br \/>\n^ <\/p>\n<p><a href='http:\/\/extra.inmontanis.info\/d\/66131-2\/DSC03919.jpg'><img src=http:\/\/extra.inmontanis.info\/d\/66130-3\/DSC03919.jpg \/><\/a><br \/>\n^ <\/p>\n<p><a href='http:\/\/extra.inmontanis.info\/d\/66135-2\/DSC03928.jpg'><img src=http:\/\/extra.inmontanis.info\/d\/66134-3\/DSC03928.jpg \/><\/a><br \/>\n^ Der vermeintliche Grat entpuppte sich leider als gr\u00f6\u00dferes Plateau mit kleinen H\u00fcgel und T\u00e4lern<\/p>\n<p><a href='http:\/\/extra.inmontanis.info\/d\/66139-2\/DSC03931.jpg'><img src=http:\/\/extra.inmontanis.info\/d\/66138-3\/DSC03931.jpg \/><\/a><br \/>\n^ .. nach 20 Minuten hatte ich keine Lust mehr, hier sah man aber auch endlich mal etwas weiter<\/p>\n<p><a href='http:\/\/extra.inmontanis.info\/d\/66143-2\/DSC03932.jpg'><img src=http:\/\/extra.inmontanis.info\/d\/66142-3\/DSC03932.jpg \/><\/a><br \/>\n^ Endziel meiner Wanderung nach 2 Stunden, nun gehts wieder 1 Stunde retour<\/p>\n<p><a href='http:\/\/extra.inmontanis.info\/d\/66147-2\/DSC03933.jpg'><img src=http:\/\/extra.inmontanis.info\/d\/66146-3\/DSC03933.jpg \/><\/a><br \/>\n^ Auch den Stausee sieht man nun sch\u00f6n<\/p>\n<p><a href='http:\/\/extra.inmontanis.info\/d\/66151-2\/DSC03935.jpg'><img src=http:\/\/extra.inmontanis.info\/d\/66150-3\/DSC03935.jpg \/><\/a><br \/>\n^ <\/p>\n<p><a href='http:\/\/extra.inmontanis.info\/d\/66155-2\/DSC03937.jpg'><img src=http:\/\/extra.inmontanis.info\/d\/66154-3\/DSC03937.jpg \/><\/a><br \/>\n^ Blau sind mir Seen am liebsten<\/p>\n<p><a href='http:\/\/extra.inmontanis.info\/d\/66159-2\/DSC03938.jpg'><img src=http:\/\/extra.inmontanis.info\/d\/66158-3\/DSC03938.jpg \/><\/a><br \/>\n^ Kleiner See mit noch viel Eis und Schnee<\/p>\n<p><a href='http:\/\/extra.inmontanis.info\/d\/66163-2\/DSC03939.jpg'><img src=http:\/\/extra.inmontanis.info\/d\/66162-3\/DSC03939.jpg \/><\/a><br \/>\n^ .. ob das heuer wohl noch wegtaut?<\/p>\n<p><a href='http:\/\/extra.inmontanis.info\/d\/66167-2\/DSC03942.jpg'><img src=http:\/\/extra.inmontanis.info\/d\/66166-3\/DSC03942.jpg \/><\/a><br \/>\n^ Mehrere See-Ebenen<\/p>\n<p><a href='http:\/\/extra.inmontanis.info\/d\/66171-2\/DSC03945.jpg'><img src=http:\/\/extra.inmontanis.info\/d\/66170-3\/DSC03945.jpg \/><\/a><br \/>\n^ <\/p>\n<p><a href='http:\/\/extra.inmontanis.info\/d\/66175-2\/DSC03946.jpg'><img src=http:\/\/extra.inmontanis.info\/d\/66174-3\/DSC03946.jpg \/><\/a><br \/>\n^ <\/p>\n<p><a href='http:\/\/extra.inmontanis.info\/d\/66179-2\/DSC03947.jpg'><img src=http:\/\/extra.inmontanis.info\/d\/66178-3\/DSC03947.jpg \/><\/a><br \/>\n^ Irgendwann entdeckte ich einen Pfad und folgte diesem. Hier ist vom Pfad aber nichts mehr zu sehen und ich hatte Zweifel, ob ich a) runter zum See und b) links an ihm vorbei k\u00e4me.<\/p>\n<p><a href='http:\/\/extra.inmontanis.info\/d\/66183-2\/DSC03949.jpg'><img src=http:\/\/extra.inmontanis.info\/d\/66182-3\/DSC03949.jpg \/><\/a><br \/>\n^ .. aber es klappte wieder.<\/p>\n<p><a href='http:\/\/extra.inmontanis.info\/d\/66187-2\/DSC03951.jpg'><img src=http:\/\/extra.inmontanis.info\/d\/66186-3\/DSC03951.jpg \/><\/a><br \/>\n^ .. hat sich doch gelohnt, runter zum See zu gehen<\/p>\n<p><a href='http:\/\/extra.inmontanis.info\/d\/66191-2\/DSC03952.jpg'><img src=http:\/\/extra.inmontanis.info\/d\/66190-3\/DSC03952.jpg \/><\/a><br \/>\n^ <\/p>\n<p>Leider dauerte die Wanderung zu lang und die sch\u00f6nsten Pl\u00e4tze waren \u00fcberall belegt. Bekam dann aber auch einen nicht so schlechten und daf\u00fcr leeren Platz (gro\u00df, aber nur ein weiterer Camper) und so schlecht war die Aussicht auch nicht. Der 4G-Empfang war aber mikrig.<\/p>\n<p><a href='http:\/\/extra.inmontanis.info\/d\/66195-2\/DSC03955.jpg'><img src=http:\/\/extra.inmontanis.info\/d\/66194-3\/DSC03955.jpg \/><\/a><br \/>\n^ Die beiden Pl\u00e4tze am Stausee waren mir mit zu viel Campern belegt<\/p>\n<p><a href='http:\/\/extra.inmontanis.info\/d\/66199-2\/DSC03957.jpg'><img src=http:\/\/extra.inmontanis.info\/d\/66198-3\/DSC03957.jpg \/><\/a><br \/>\n^ Paar \u00c4nderungen in den letzten Tagen gemacht: Die Beleuchtung verl\u00e4uft nun hinter dem Schrank (um den Teil auch zubeleuchten und vorne nicht zu blenden), zudem ist nun etwas mehr Licht an der Decke. Den gold-transparenten Griff rechts hab ich auhc mit einem anderen ersetzt, daneben den Elbrus-K\u00fchlschrankmagnet angebracht, oben ein Haken reingeschraubt f\u00fcr den Waschlappen und auf der Schrankt\u00fcr noch ein Netz (Fernbedienung f\u00fcrs Licht) &#8230;<\/p>\n<p><strong>18.8.2021<\/strong><\/p>\n<p>Da der gestrige Tag so sonnig endete, gab es heute bereits vormittags zeitweise Regen, bei lediglich 5\u00b0. Auch zum Zeitpunkt der mitt\u00e4glichen, kurzen Wanderung nieselte es die ganze Zeit, bei 8\u00b0.<\/p>\n<p><a href='http:\/\/extra.inmontanis.info\/d\/66203-2\/DSC03962.jpg'><img src=http:\/\/extra.inmontanis.info\/d\/66202-3\/DSC03962.jpg \/><\/a><br \/>\n^ Wolkig und regnerisch heute<\/p>\n<p><a href='http:\/\/extra.inmontanis.info\/d\/66207-2\/DSC03963.jpg'><img src=http:\/\/extra.inmontanis.info\/d\/66206-3\/DSC03963.jpg \/><\/a><br \/>\n^ D\u00fcnne Br\u00fccke<\/p>\n<p><a href='http:\/\/extra.inmontanis.info\/d\/66211-2\/DSC03964.jpg'><img src=http:\/\/extra.inmontanis.info\/d\/66210-3\/DSC03964.jpg \/><\/a><br \/>\n^ Diesmal auf der anderen Seeseite unterwegs, aber bei dauerndem Nieselregen<\/p>\n<p><a href='http:\/\/extra.inmontanis.info\/d\/66215-2\/DSC03965.jpg'><img src=http:\/\/extra.inmontanis.info\/d\/66214-3\/DSC03965.jpg \/><\/a><br \/>\n^ <\/p>\n<p><a href='http:\/\/extra.inmontanis.info\/d\/66219-2\/DSC03967.jpg'><img src=http:\/\/extra.inmontanis.info\/d\/66218-3\/DSC03967.jpg \/><\/a><br \/>\n^ <\/p>\n<p><a href='http:\/\/extra.inmontanis.info\/d\/66223-2\/DSC03969.jpg'><img src=http:\/\/extra.inmontanis.info\/d\/66222-3\/DSC03969.jpg \/><\/a><br \/>\n^ Sognefjellstra\u00dfe ostseitig, richtung Lom<\/p>\n<p><a href='http:\/\/extra.inmontanis.info\/d\/66227-2\/DSC03972.jpg'><img src=http:\/\/extra.inmontanis.info\/d\/66226-3\/DSC03972.jpg \/><\/a><br \/>\n^ Schmaler, aber hoher Wasserfall (kommt von ganz oben)<\/p>\n<p>(Fortsetzung folgt, da thematisch der Rest des Tages zum n\u00e4chsten Tag besser passt.)<\/p>\n","protected":false},"excerpt":{"rendered":"<p>17.8.2021<\/p>\n<p>Hatte ich schon erw\u00e4hnt, dass sich 3h Arbeit am Tag genau richtig anf\u00fchlen? Nicht zu viel (so dass man danach noch meint, in Urlaub zu sein) und nicht zu wenig, das kann ich nach 7,5 Monaten dazu sagen. M\u00f6chte nicht mehr mehr arbeiten m\u00fcssen, aber weniger ist auch nicht n\u00f6tig.<\/p>\n<p>Wieder zur\u00fcck nach Luster <a href=\"http:\/\/blog.inmontanis.info\/?p=6967\">[&#8230;]<\/a><\/p>\n","protected":false},"author":1,"featured_media":7005,"comment_status":"closed","ping_status":"closed","sticky":false,"template":"","format":"standard","meta":{"footnotes":""},"categories":[185,18,577,30],"tags":[52,45,86],"class_list":["post-6967","post","type-post","status-publish","format-standard","has-post-thumbnail","hentry","category-2021-08-skandinavien","category-norwegennorway","category-sogn","category-wandern","tag-pb","tag-see","tag-wasserfall","odd"],"_links":{"self":[{"href":"http:\/\/blog.inmontanis.info\/index.php?rest_route=\/wp\/v2\/posts\/6967","targetHints":{"allow":["GET"]}}],"collection":[{"href":"http:\/\/blog.inmontanis.info\/index.php?rest_route=\/wp\/v2\/posts"}],"about":[{"href":"http:\/\/blog.inmontanis.info\/index.php?rest_route=\/wp\/v2\/types\/post"}],"author":[{"embeddable":true,"href":"http:\/\/blog.inmontanis.info\/index.php?rest_route=\/wp\/v2\/users\/1"}],"replies":[{"embeddable":true,"href":"http:\/\/blog.inmontanis.info\/index.php?rest_route=%2Fwp%2Fv2%2Fcomments&post=6967"}],"version-history":[{"count":2,"href":"http:\/\/blog.inmontanis.info\/index.php?rest_route=\/wp\/v2\/posts\/6967\/revisions"}],"predecessor-version":[{"id":6969,"href":"http:\/\/blog.inmontanis.info\/index.php?rest_route=\/wp\/v2\/posts\/6967\/revisions\/6969"}],"wp:featuredmedia":[{"embeddable":true,"href":"http:\/\/blog.inmontanis.info\/index.php?rest_route=\/wp\/v2\/media\/7005"}],"wp:attachment":[{"href":"http:\/\/blog.inmontanis.info\/index.php?rest_route=%2Fwp%2Fv2%2Fmedia&parent=6967"}],"wp:term":[{"taxonomy":"category","embeddable":true,"href":"http:\/\/blog.inmontanis.info\/index.php?rest_route=%2Fwp%2Fv2%2Fcategories&post=6967"},{"taxonomy":"post_tag","embeddable":true,"href":"http:\/\/blog.inmontanis.info\/index.php?rest_route=%2Fwp%2Fv2%2Ftags&post=6967"}],"curies":[{"name":"wp","href":"https:\/\/api.w.org\/{rel}","templated":true}]}}