{"id":6960,"date":"2021-08-16T23:30:13","date_gmt":"2021-08-16T21:30:13","guid":{"rendered":"http:\/\/blog.inmontanis.info\/?p=6960"},"modified":"2021-08-27T19:11:05","modified_gmt":"2021-08-27T17:11:05","slug":"jostedalen-16-8-2021-gletscher-im-see","status":"publish","type":"post","link":"http:\/\/blog.inmontanis.info\/?p=6960","title":{"rendered":"Jostedalen, 16.8.2021 (Gletscher im See)"},"content":{"rendered":"<p><strong>16.8.2021<\/strong><\/p>\n<p><a href='http:\/\/extra.inmontanis.info\/d\/65883-2\/DSC03756.jpg'><img src=http:\/\/extra.inmontanis.info\/d\/65882-3\/DSC03756.jpg \/><\/a><br \/>\n^ Lusterfjord, heutiges Arbeitsplatz-Pano<\/p>\n<p>In Luster kam ich an einem etwas l\u00e4ndlicheren, zumindest halt nicht st\u00e4dtischem, Coop vorbei. Die Freude \u00fcber das g\u00fcnstige Cola Light um ca. 0,7 \u20ac (g\u00fcnstiger als in Schweden und besser als das Cola light vom schwedischen Coop, aber andere 1,5l Limonaden teurer mit um die 3 \u20ac) w\u00e4hrte kurz, denn die Fertiggerichte kosteten eher 6-8 \u20ac und keine g\u00fcnstigen wie in Schweden, au\u00dfer 1-2 TK-Pizzen von &#8220;First Price&#8221;, die es teils sogar unter 2,- \u20ac gibt, w\u00e4hrend die Markenpizzen 5-6 \u20ac kosten, allerdings auch sehr gro\u00df oder teils doppelte Portionen zu sein scheinen. Da ich eh schon die Pastasauce offen hatte, belie\u00df ich es erst mal bei den Nudeln.  <\/p>\n<p>Ich nahm noch ein Glas Gurkenscheiben mit (fand keine ganzen G\u00fcrkchen), das waren aber wohl weder Essig-, noch Salz-, noch Senfgurken, sondern lagen in Zuckersauce, trotz der vielen Senfk\u00f6rner. Wusste gar nicht, dass es so etwas auch gibt. Gew\u00f6hnungsbed\u00fcrftig und wirklich sehr s\u00fc\u00df auf einem Wurst-K\u00e4se-Brot&#8230; als h\u00e4tte man Honig dr\u00fcber geschmiert, denn von den Gurken merkt man da kaum noch einen Geschmack.<\/p>\n<p>Quasi neben dem Coop ist ein Spar. Was es in Norwegen sonst noch so gibt ist Kiwi, Bunnpris und Rema 1000, der bei meinen vorherigen Reisen immer mein Favorit war, vielleicht weil mir Name und Logo gefiel, zudem Joker, was aber eher die kleinen Dorfladen sind und Meny, wo ich nicht mehr wei\u00df, ob ich da schon mal in einem drin war, da ich es erst sp\u00e4t raffte, dass das auch eine Supermarktkette sein soll.<\/p>\n<p><a href='http:\/\/extra.inmontanis.info\/d\/65887-2\/DSC03758.jpg'><img src=http:\/\/extra.inmontanis.info\/d\/65886-3\/DSC03758.jpg \/><\/a><br \/>\n^ Jostedalen<\/p>\n<p><a href='http:\/\/extra.inmontanis.info\/d\/65891-2\/DSC03766.jpg'><img src=http:\/\/extra.inmontanis.info\/d\/65890-3\/DSC03766.jpg \/><\/a><br \/>\n^ Jostedalen \/ Breheimsenteret \/ Nigardsbreen<\/p>\n<p><a href='http:\/\/extra.inmontanis.info\/d\/65895-2\/DSC03765.jpg'><img src=http:\/\/extra.inmontanis.info\/d\/65894-3\/DSC03765.jpg \/><\/a><br \/>\n^ Nigardsbreen<\/p>\n<p><a href='http:\/\/extra.inmontanis.info\/d\/65899-2\/DSC03762.jpg'><img src=http:\/\/extra.inmontanis.info\/d\/65898-3\/DSC03762.jpg \/><\/a><br \/>\n^ Nigardsbreen<\/p>\n<p><a href='http:\/\/extra.inmontanis.info\/d\/65903-2\/DSC03763.jpg'><img src=http:\/\/extra.inmontanis.info\/d\/65902-3\/DSC03763.jpg \/><\/a><br \/>\n^ Nigardsbreen, der Gletscher flie\u00dft im Zick-Zack runter<\/p>\n<p><a href='http:\/\/extra.inmontanis.info\/d\/65907-2\/DSC03764.jpg'><img src=http:\/\/extra.inmontanis.info\/d\/65906-3\/DSC03764.jpg \/><\/a><br \/>\n^ Nigardsbreen, der Gletscher flie\u00dft im Zick-Zack runter<\/p>\n<p><a href='http:\/\/extra.inmontanis.info\/d\/65911-2\/DSC03768.jpg'><img src=http:\/\/extra.inmontanis.info\/d\/65910-3\/DSC03768.jpg \/><\/a><br \/>\n^ Nigardsbreen, alte Gletscherst\u00e4nde<\/p>\n<p><a href='http:\/\/extra.inmontanis.info\/d\/65915-2\/DSC03771.jpg'><img src=http:\/\/extra.inmontanis.info\/d\/65914-3\/DSC03771.jpg \/><\/a><br \/>\n^ Weiter hinter ins Tal zum Stausee, der mein heutiger POI war.<\/p>\n<p><a href='http:\/\/extra.inmontanis.info\/d\/65919-2\/DSC03773.jpg'><img src=http:\/\/extra.inmontanis.info\/d\/65918-3\/DSC03773.jpg \/><\/a><br \/>\n^ Tunnel<\/p>\n<p><a href='http:\/\/extra.inmontanis.info\/d\/65923-2\/DSC03775.jpg'><img src=http:\/\/extra.inmontanis.info\/d\/65922-3\/DSC03775.jpg \/><\/a><br \/>\n^ Tunnel und Schlucht<\/p>\n<p><a href='http:\/\/extra.inmontanis.info\/d\/65927-2\/DSC03776.jpg'><img src=http:\/\/extra.inmontanis.info\/d\/65926-3\/DSC03776.jpg \/><\/a><br \/>\n^ Canyon<\/p>\n<p><a href='http:\/\/extra.inmontanis.info\/d\/65931-2\/DSC03778.jpg'><img src=http:\/\/extra.inmontanis.info\/d\/65930-3\/DSC03778.jpg \/><\/a><\/p>\n<p><a href='http:\/\/extra.inmontanis.info\/d\/65935-2\/DSC03780.jpg'><img src=http:\/\/extra.inmontanis.info\/d\/65934-3\/DSC03780.jpg \/><\/a><br \/>\n^ Fahrt hinauf zum Stausee, die Staumauer ist am Ende des Tals links zu sehen<\/p>\n<p>Am Stausee oben angekommen, gab es mal wieder Null Handyempfang, obwohl auch hier, wie gestern am Tindevegen, Masten waren, die eigentlich nach Handymasten aussahen &#8211; aber wohl doch keine waren. Wieder hat keines meiner Handys auch nur irgendein Netz empfangen, auch nicht bei manueller Netzsuche &#8230;<\/p>\n<p>\u00dcbrigens, genau n\u00f6rdlich von hier, quasi auf der anderen Seite des Gletschers, ist das Sommerskigebiet von Stryn.<\/p>\n<p><a href='http:\/\/extra.inmontanis.info\/d\/65939-2\/DSC03788.jpg'><img src=http:\/\/extra.inmontanis.info\/d\/65938-3\/DSC03788.jpg \/><\/a><br \/>\n^ Warum muss der Stausee denn zwei Namen haben?!<\/p>\n<p><a href='http:\/\/extra.inmontanis.info\/d\/65943-2\/DSC03789.jpg'><img src=http:\/\/extra.inmontanis.info\/d\/65942-3\/DSC03789.jpg \/><\/a><br \/>\n^ Parkplatz befindet sich unterhalb der Staumauer, hoffentlich rollt der Fels nicht auf mein Auto ..<\/p>\n<p><a href='http:\/\/extra.inmontanis.info\/d\/65947-2\/DSC03791.jpg'><img src=http:\/\/extra.inmontanis.info\/d\/65946-3\/DSC03791.jpg \/><\/a><br \/>\n^ Zufahrt zum Stausee<\/p>\n<p><a href='http:\/\/extra.inmontanis.info\/d\/65951-2\/DSC03800.jpg'><img src=http:\/\/extra.inmontanis.info\/d\/65950-3\/DSC03800.jpg \/><\/a><br \/>\n^ Austdals-Styggevatnet<\/p>\n<p><a href='http:\/\/extra.inmontanis.info\/d\/65955-2\/DSC03801.jpg'><img src=http:\/\/extra.inmontanis.info\/d\/65954-3\/DSC03801.jpg \/><\/a><br \/>\n^ Austdals-Styggevatnet<\/p>\n<p><a href='http:\/\/extra.inmontanis.info\/d\/65959-2\/DSC03802.jpg'><img src=http:\/\/extra.inmontanis.info\/d\/65958-3\/DSC03802.jpg \/><\/a><br \/>\n^ Gletscher<\/p>\n<p><a href='http:\/\/extra.inmontanis.info\/d\/65963-2\/DSC03805.jpg'><img src=http:\/\/extra.inmontanis.info\/d\/65962-3\/DSC03805.jpg \/><\/a><br \/>\n^ Austdals-Styggevatnet<\/p>\n<p><a href='http:\/\/extra.inmontanis.info\/d\/65967-2\/DSC03812.jpg'><img src=http:\/\/extra.inmontanis.info\/d\/65966-3\/DSC03812.jpg \/><\/a><br \/>\n^ Austdals-Styggevatnet<\/p>\n<p><a href='http:\/\/extra.inmontanis.info\/d\/65971-2\/DSC03814.jpg'><img src=http:\/\/extra.inmontanis.info\/d\/65970-3\/DSC03814.jpg \/><\/a><br \/>\n^ Austdals-Styggevatnet<\/p>\n<p><a href='http:\/\/extra.inmontanis.info\/d\/65975-2\/DSC03816.jpg'><img src=http:\/\/extra.inmontanis.info\/d\/65974-3\/DSC03816.jpg \/><\/a><br \/>\n^ Staumauer<\/p>\n<p><a href='http:\/\/extra.inmontanis.info\/d\/65979-2\/DSC03824.jpg'><img src=http:\/\/extra.inmontanis.info\/d\/65978-3\/DSC03824.jpg \/><\/a><br \/>\n^ Austdals-Styggevatnet<\/p>\n<p><a href='http:\/\/extra.inmontanis.info\/d\/65983-2\/DSC03831.jpg'><img src=http:\/\/extra.inmontanis.info\/d\/65982-3\/DSC03831.jpg \/><\/a><br \/>\n^ Hier kalbt der Gletscher noch in den See. Wenigstens hab ich das hier also noch rechtzeitig erwischt, bevor sich der Gletscher zu stark zur\u00fcckgezogen hat.<\/p>\n<p>\u00dcbrigens soll der Jostedalsbre(en) der gr\u00f6\u00dfte europ\u00e4ische Festlandsgletscher sein, 40km lang, 15km breit und bis zu 500m dick.<\/p>\n<p><a href='http:\/\/extra.inmontanis.info\/d\/65987-2\/DSC03832.jpg'><img src=http:\/\/extra.inmontanis.info\/d\/65986-3\/DSC03832.jpg \/><\/a><br \/>\n^ Die Paddler sind mittlerweile zur\u00fcckgekehrt<\/p>\n<p><a href='http:\/\/extra.inmontanis.info\/d\/65991-2\/DSC03836.jpg'><img src=http:\/\/extra.inmontanis.info\/d\/65990-3\/DSC03836.jpg \/><\/a><br \/>\n^ Stra\u00dfe und Parkpl\u00e4tze<\/p>\n<p><a href='http:\/\/extra.inmontanis.info\/d\/65995-2\/DSC03839.jpg'><img src=http:\/\/extra.inmontanis.info\/d\/65994-3\/DSC03839.jpg \/><\/a><br \/>\n^ Styggevatnet<\/p>\n<p>Was mir heute auffiel: Der gr\u00fcne See ist auch bei bedecktem Himmel noch gr\u00fcn. Die blauen Seen in Schweden sind, ohne blauen Himmel, ja  grau. D.h. bei blauem Himmel gefallen mir die blauen Seen nat\u00fcrlich besser, aber bei bedecktem Himmel sind wiederum die gr\u00fcnen Seen sch\u00f6ner als die grauen .. Und ja, Schweden ist landschaftlich zwar auch sehr sch\u00f6n, aber Norwegen spielt da schon in einer anderen Liga, man kanns nicht anders sagen. Auch wenn mir die blauen Seen in Schweden bei Sonnenschein besser gefallen als die gr\u00fcnen Fjorde in Norwegen ;)<\/p>\n<p><a href='http:\/\/extra.inmontanis.info\/d\/65999-2\/DSC03841.jpg'><img src=http:\/\/extra.inmontanis.info\/d\/65998-3\/DSC03841.jpg \/><\/a><br \/>\n^ Wohl der Ausfluss des \u00dcberlaufs<\/p>\n<p><a href='http:\/\/extra.inmontanis.info\/d\/66003-2\/DSC03843.jpg'><img src=http:\/\/extra.inmontanis.info\/d\/66002-3\/DSC03843.jpg \/><\/a><br \/>\n^ Interesant, wie sich die relative Feuchtigkeit im Tagesverlauf durch die unterschiedlichen Temperaturen (und das Schlafen im Auto) \u00e4ndert ..<\/p>\n<p>Obwohl viele Camper tags\u00fcber am Parkplatz standen, man oben nachmittags au\u00dfer den Paddlern keinen hat rumlaufen sehen und der Parkplatz gegen 17 Uhr fast noch voller war als zuvor, hat sich das innerhalb einer Stunde komplett ge\u00e4ndert und nur noch zwei Autos &#8211; ein norwegischer PKW und ein Camper aus NL waren um 18:30 au\u00dfer mir noch heroben. Das h\u00e4tte ich nicht erwartet. Erst viel sp\u00e4ter in der Dunkelheit kam noch ein Camper an. Entweder war es den anderen zu kalt, oder sie ben\u00f6tigten Handyempfang oder hatten kein WC f\u00fcr Notf\u00e4lle dabei ;)<\/p>\n","protected":false},"excerpt":{"rendered":"<p>16.8.2021<\/p>\n<p> ^ Lusterfjord, heutiges Arbeitsplatz-Pano<\/p>\n<p>In Luster kam ich an einem etwas l\u00e4ndlicheren, zumindest halt nicht st\u00e4dtischem, Coop vorbei. Die Freude \u00fcber das g\u00fcnstige Cola Light um ca. 0,7 \u20ac (g\u00fcnstiger als in Schweden und besser als das Cola light vom schwedischen Coop, aber andere 1,5l Limonaden teurer mit um die 3 \u20ac) w\u00e4hrte <a href=\"http:\/\/blog.inmontanis.info\/?p=6960\">[&#8230;]<\/a><\/p>\n","protected":false},"author":1,"featured_media":7006,"comment_status":"closed","ping_status":"closed","sticky":false,"template":"","format":"standard","meta":{"footnotes":""},"categories":[185,18,30],"tags":[87,45],"class_list":["post-6960","post","type-post","status-publish","format-standard","has-post-thumbnail","hentry","category-2021-08-skandinavien","category-norwegennorway","category-wandern","tag-grotteklamm","tag-see","odd"],"_links":{"self":[{"href":"http:\/\/blog.inmontanis.info\/index.php?rest_route=\/wp\/v2\/posts\/6960","targetHints":{"allow":["GET"]}}],"collection":[{"href":"http:\/\/blog.inmontanis.info\/index.php?rest_route=\/wp\/v2\/posts"}],"about":[{"href":"http:\/\/blog.inmontanis.info\/index.php?rest_route=\/wp\/v2\/types\/post"}],"author":[{"embeddable":true,"href":"http:\/\/blog.inmontanis.info\/index.php?rest_route=\/wp\/v2\/users\/1"}],"replies":[{"embeddable":true,"href":"http:\/\/blog.inmontanis.info\/index.php?rest_route=%2Fwp%2Fv2%2Fcomments&post=6960"}],"version-history":[{"count":6,"href":"http:\/\/blog.inmontanis.info\/index.php?rest_route=\/wp\/v2\/posts\/6960\/revisions"}],"predecessor-version":[{"id":6966,"href":"http:\/\/blog.inmontanis.info\/index.php?rest_route=\/wp\/v2\/posts\/6960\/revisions\/6966"}],"wp:featuredmedia":[{"embeddable":true,"href":"http:\/\/blog.inmontanis.info\/index.php?rest_route=\/wp\/v2\/media\/7006"}],"wp:attachment":[{"href":"http:\/\/blog.inmontanis.info\/index.php?rest_route=%2Fwp%2Fv2%2Fmedia&parent=6960"}],"wp:term":[{"taxonomy":"category","embeddable":true,"href":"http:\/\/blog.inmontanis.info\/index.php?rest_route=%2Fwp%2Fv2%2Fcategories&post=6960"},{"taxonomy":"post_tag","embeddable":true,"href":"http:\/\/blog.inmontanis.info\/index.php?rest_route=%2Fwp%2Fv2%2Ftags&post=6960"}],"curies":[{"name":"wp","href":"https:\/\/api.w.org\/{rel}","templated":true}]}}