{"id":6957,"date":"2021-08-15T23:22:37","date_gmt":"2021-08-15T21:22:37","guid":{"rendered":"http:\/\/blog.inmontanis.info\/?p=6957"},"modified":"2021-08-17T13:29:22","modified_gmt":"2021-08-17T11:29:22","slug":"tindevegen-15-8-2021","status":"publish","type":"post","link":"http:\/\/blog.inmontanis.info\/?p=6957","title":{"rendered":"Tindevegen, 15.8.2021"},"content":{"rendered":"<p><strong>15.8.2021<\/strong><\/p>\n<p>H\u00e4tte gedacht, da es noch nicht soo kalt ist, w\u00fcrde mir vielleicht der Schlafsack alleine die Nacht reichen, ohne Decke und Heizung. Tat es aber nicht, jedenfalls nicht an den F\u00fc\u00dfen. Lt. Thermometer waren es die Nacht im Auto minimal 9\u00b0. Interessant also, dass ich doch schon da Heizung und Decke brauch, so als wenn es noch 5-10\u00b0 k\u00e4lter w\u00e4re .. Wobei ich ja nicht wei\u00df, wie kalt die k\u00e4ltesten N\u00e4chte letzten Winter wirklich waren, das werde ich diesmal dank Thermometer-Min\/Max-Werte eher wissen. <\/p>\n<p><a href='http:\/\/extra.inmontanis.info\/d\/65811-2\/DSC03694.jpg'><img src=http:\/\/extra.inmontanis.info\/d\/65809-3\/DSC03694.jpg \/><\/a><br \/>\n^ Tyin-\u00c5rdal<\/p>\n<p><a href='http:\/\/extra.inmontanis.info\/d\/65815-2\/DSC03696.jpg'><img src=http:\/\/extra.inmontanis.info\/d\/65814-3\/DSC03696.jpg \/><\/a><br \/>\n^ Tyin-\u00c5rdal<\/p>\n<p><a href='http:\/\/extra.inmontanis.info\/d\/65819-2\/DSC03703.jpg'><img src=http:\/\/extra.inmontanis.info\/d\/65818-3\/DSC03703.jpg \/><\/a><br \/>\n^ \u00d8vre \u00c5rdal<\/p>\n<p>Die Tankstelle, an der ich vorbei kam, w\u00e4re erst in 1,5h offen gewesen, also fuhr ich weiter. <\/p>\n<p><a href='http:\/\/extra.inmontanis.info\/d\/65823-2\/DSC03710.jpg'><img src=http:\/\/extra.inmontanis.info\/d\/65822-3\/DSC03710.jpg \/><\/a><br \/>\n^ Vorne die engen Kehren vom Tindevegen, gegen\u00fcber die Kehren, die ich vorhin runter gefahren bin. Der Nachteil an Fjorden ist ja, dass sie auf Meeresh\u00f6he sind, somit man gern mal 1.000 hm und mehr rauf- bzw. runterfahren muss.<\/p>\n<p>Den mautpflichtigen Tindevegen bin ich ja schon 2x von Nord nach S\u00fcd gefahren, heute nun auch endlich mal von S\u00fcd nach Nord. Leider war es etwas nebelig, so dass ich im oberen Bereich irgendwann mal eine Zeit lang stehen geblieben bin und auf besseres Wetter gewartet hab. Handyempfang gab es hier leider keinen.<\/p>\n<p>Gut, dass ich wenig sp\u00e4ter mein WC benutzen musste: so entdeckte ich eine nicht so kleine Spinne vor dem selbigen auf dem Boden. So ein gro\u00dfes Viech hatte ich noch nie im Auto. Wann und wie auch immer die hier reingekommen ist, hoffentlich bleibt das eine Ausnahme.<\/p>\n<p>Mit 7\u00b0 war es heute hier oben recht k\u00fchl auf den 3 kleinen Wanderungen &#8211; aber besser so als zu warm. Und Schneefelder gabs auch noch gen\u00fcgend, wenn auch keine naheliegenden f\u00fcr eine Skitour.<\/p>\n<p><a href='http:\/\/extra.inmontanis.info\/d\/65827-2\/DSC03717.jpg'><img src=http:\/\/extra.inmontanis.info\/d\/65826-3\/DSC03717.jpg \/><\/a><br \/>\n^ Tindevegen<\/p>\n<p><a href='http:\/\/extra.inmontanis.info\/d\/65831-2\/DSC03720.jpg'><img src=http:\/\/extra.inmontanis.info\/d\/65830-3\/DSC03720.jpg \/><\/a><br \/>\n^ Kurze Wanderung am Tindevegen<\/p>\n<p><a href='http:\/\/extra.inmontanis.info\/d\/65835-2\/DSC03721.jpg'><img src=http:\/\/extra.inmontanis.info\/d\/65834-3\/DSC03721.jpg \/><\/a><br \/>\n^ Tindevegen<\/p>\n<p><a href='http:\/\/extra.inmontanis.info\/d\/65839-2\/DSC03727.jpg'><img src=http:\/\/extra.inmontanis.info\/d\/65838-3\/DSC03727.jpg \/><\/a><br \/>\n^ Tindevegen, diesmal von S\u00fcd nach Nord gefahren<\/p>\n<p><a href='http:\/\/extra.inmontanis.info\/d\/65843-2\/DSC03730.jpg'><img src=http:\/\/extra.inmontanis.info\/d\/65842-3\/DSC03730.jpg \/><\/a><br \/>\n^ Tindevegen, zweite kurze Wanderung an der Mautstation<\/p>\n<p><a href='http:\/\/extra.inmontanis.info\/d\/65847-2\/DSC03734.jpg'><img src=http:\/\/extra.inmontanis.info\/d\/65846-3\/DSC03734.jpg \/><\/a><br \/>\n^ Tindevegen, zweite kurze Wanderung an der Mautstation<\/p>\n<p><a href='http:\/\/extra.inmontanis.info\/d\/65851-2\/DSC03735.jpg'><img src=http:\/\/extra.inmontanis.info\/d\/65850-3\/DSC03735.jpg \/><\/a><br \/>\n^ Tindevegen<\/p>\n<p><a href='http:\/\/extra.inmontanis.info\/d\/65855-2\/DSC03738.jpg'><img src=http:\/\/extra.inmontanis.info\/d\/65854-3\/DSC03738.jpg \/><\/a><br \/>\n^ Tindevegen, dritte kurze Wanderung zum\/zur Berdalsnosi<\/p>\n<p><a href='http:\/\/extra.inmontanis.info\/d\/65859-2\/DSC03739.jpg'><img src=http:\/\/extra.inmontanis.info\/d\/65858-3\/DSC03739.jpg \/><\/a><br \/>\n^ Tindevegen, dritte kurze Wanderung zum\/zur Berdalsnosi<\/p>\n<p><a href='http:\/\/extra.inmontanis.info\/d\/65863-2\/DSC03742.jpg'><img src=http:\/\/extra.inmontanis.info\/d\/65862-3\/DSC03742.jpg \/><\/a><br \/>\n^ Kurze Wanderung Berdalsnosi \/ Tiefblick zu einem See und dem Ende vom Lusterfjord<\/p>\n<p><a href='http:\/\/extra.inmontanis.info\/d\/65867-2\/DSC03746.jpg'><img src=http:\/\/extra.inmontanis.info\/d\/65866-3\/DSC03746.jpg \/><\/a><br \/>\n^ Tindevegen, dritte kurze Wanderung zum\/zur Berdalsnosi<\/p>\n<p><a href='http:\/\/extra.inmontanis.info\/d\/65871-2\/DSC03750.jpg'><img src=http:\/\/extra.inmontanis.info\/d\/65870-3\/DSC03750.jpg \/><\/a><br \/>\n^ Tindevegen mit Blick zur Sognefjell-Stra\u00dfe<\/p>\n<p><a href='http:\/\/extra.inmontanis.info\/d\/65875-2\/DSC03752.jpg'><img src=http:\/\/extra.inmontanis.info\/d\/65874-3\/DSC03752.jpg \/><\/a><br \/>\n^ Die drei Schafe rieben sich am Auto<\/p>\n<p>Nach dem Tindevegen gings aber noch nicht \u00fcber das Sognefjell, sondern erst mal runter Richtung Luster, weiel: Da in der N\u00e4he hab ich schon lange einen POI auf meiner Karte, den ich endlich mal anfahren m\u00f6chte, 100km Umweg hin oder her. Also, morgen, dann.<\/p>\n<p>Entschied mich, doch runter zum Fjord zu fahren und lieber an der etwas befahreneren Stra\u00dfe f\u00fcr die Nacht zu parken, wo ich um 14h ankam. Morgen Vormittag k\u00f6nnte ich dann am ca. 10km entfernten Rastplatz mit WC meine Arbeiten verrichten.<\/p>\n<p>Obwohl lt. Google-Offnungszeigten geschlossen, war die kleinne Tankstelle auf dem Weg in Fortun ge\u00f6ffnet (\u00fcrigens unter 18 NOK das Benzin hier, h\u00e4tte ich gestern mal nicht getankt), so dass ich zu Mittag noch ein Benerw\u00fcrstelhotdog kaufte, da ich mir sonst schon meine abendlichen Nudeln h\u00e4ttte machen m\u00fcssen&#8230;<\/p>\n<p><a href='http:\/\/extra.inmontanis.info\/d\/65879-2\/DSC03753.jpg'><img src=http:\/\/extra.inmontanis.info\/d\/65878-3\/DSC03753.jpg \/><\/a><br \/>\n^ Lusterfjord<\/p>\n<p>Noch vor 15 Uhr kamen, wie sollte es anders sein, die n\u00e4chsten Camper, die hier stehen wollten. Hamburger, die gleich mal Tisch und St\u00fchle aufstellten und auch 2 Gitarren auspackten. Kurz nach 15.30 kam ein deutscher Van mit Wohnwagen hintendran und kleinen Kindern &#8230; die waren nach einer Badeaktion aber wieder weg. Um 16.30 fuhren auch die beiden Hamburger wieder weiter. Komisch ..<\/p>\n<p>Halbe Stunde sp\u00e4ter stellten sich 2 Leipziger Autos, teils direkt neben mich und verstellten mir somit meinen Ausblick, sobald ich mich nach hinten begeben w\u00fcrde, also musste ich mich noch kurz umstellen. Beide bauten zudem ein Vorzelt auf. Bis die fertig waren, hatte ich schon l\u00e4ngst gegessen. Ach, wie sch\u00f6n unkompliziert mein Auto doch ist&#8230; ;-)<\/p>\n<p>Mal gespannt wie lang die mich mit ihrem Gelaber heut Nacht noch nerven werden. Die meisten Leute k\u00f6nnen ja nicht ins Bett gehen, wenn&#8217;s dunkel und die Nacht am ruhigsten ist. Und ab 6\/7 Uhr ist normalerweise mehr Verkehr als um 23\/24 Uhr. <\/p>\n<p>Ok, die gingen auch um 23 Uhr ins Bett, immerhin.<\/p>\n","protected":false},"excerpt":{"rendered":"<p>15.8.2021<\/p>\n<p>H\u00e4tte gedacht, da es noch nicht soo kalt ist, w\u00fcrde mir vielleicht der Schlafsack alleine die Nacht reichen, ohne Decke und Heizung. Tat es aber nicht, jedenfalls nicht an den F\u00fc\u00dfen. Lt. Thermometer waren es die Nacht im Auto minimal 9\u00b0. Interessant also, dass ich doch schon da Heizung und Decke brauch, so als <a href=\"http:\/\/blog.inmontanis.info\/?p=6957\">[&#8230;]<\/a><\/p>\n","protected":false},"author":1,"featured_media":0,"comment_status":"closed","ping_status":"closed","sticky":false,"template":"","format":"standard","meta":{"footnotes":""},"categories":[185,18,30],"tags":[45],"class_list":["post-6957","post","type-post","status-publish","format-standard","hentry","category-2021-08-skandinavien","category-norwegennorway","category-wandern","tag-see","odd"],"_links":{"self":[{"href":"http:\/\/blog.inmontanis.info\/index.php?rest_route=\/wp\/v2\/posts\/6957","targetHints":{"allow":["GET"]}}],"collection":[{"href":"http:\/\/blog.inmontanis.info\/index.php?rest_route=\/wp\/v2\/posts"}],"about":[{"href":"http:\/\/blog.inmontanis.info\/index.php?rest_route=\/wp\/v2\/types\/post"}],"author":[{"embeddable":true,"href":"http:\/\/blog.inmontanis.info\/index.php?rest_route=\/wp\/v2\/users\/1"}],"replies":[{"embeddable":true,"href":"http:\/\/blog.inmontanis.info\/index.php?rest_route=%2Fwp%2Fv2%2Fcomments&post=6957"}],"version-history":[{"count":2,"href":"http:\/\/blog.inmontanis.info\/index.php?rest_route=\/wp\/v2\/posts\/6957\/revisions"}],"predecessor-version":[{"id":6959,"href":"http:\/\/blog.inmontanis.info\/index.php?rest_route=\/wp\/v2\/posts\/6957\/revisions\/6959"}],"wp:attachment":[{"href":"http:\/\/blog.inmontanis.info\/index.php?rest_route=%2Fwp%2Fv2%2Fmedia&parent=6957"}],"wp:term":[{"taxonomy":"category","embeddable":true,"href":"http:\/\/blog.inmontanis.info\/index.php?rest_route=%2Fwp%2Fv2%2Fcategories&post=6957"},{"taxonomy":"post_tag","embeddable":true,"href":"http:\/\/blog.inmontanis.info\/index.php?rest_route=%2Fwp%2Fv2%2Ftags&post=6957"}],"curies":[{"name":"wp","href":"https:\/\/api.w.org\/{rel}","templated":true}]}}