{"id":6951,"date":"2021-08-14T21:34:14","date_gmt":"2021-08-14T19:34:14","guid":{"rendered":"http:\/\/blog.inmontanis.info\/?p=6951"},"modified":"2021-08-14T21:44:44","modified_gmt":"2021-08-14T19:44:44","slug":"reise-nach-norwegen-9-14-8-2021","status":"publish","type":"post","link":"http:\/\/blog.inmontanis.info\/?p=6951","title":{"rendered":"Reise nach Norwegen, 9.-14.8.2021"},"content":{"rendered":"<p><strong>Mo, 9.8.2021<\/strong> &#8211; Tag 1<\/p>\n<p>Ich w\u00e4r ja lieber nach Gro\u00dfbritannien gefahren, aber abgesehen von Einreisequarant\u00e4ne + 2 kostenpflichtigen PCR-Tests sind abseits von England noch Maskenpflichten weit verbreitet. Das ist unspa\u00dfig. Auch die alten Trams, so sie fahren, muss man zumeist vorbuchen bzw. kann nicht einfach an allen Haltestellen ein- und aussteigen. Das macht keinen Sinn so.<\/p>\n<p>Es bleibt also wieder einmal nur Skandinavien (oder vielleicht Ungarn, aber das interessiert mich dann doch nicht so). Da die 14-Tages-Inzidenzen f\u00fcr \u00d6sterreich n\u00e4chste Woche voraussichtlich nicht mehr f\u00fcr Norwegen als Gr\u00fcn gelten, musste ich also diese Woche fahren, wollte ich wenigstens zur Abwechslung nach Norwegen und nicht &#8220;nur&#8221; nach Schweden fahren. Und f\u00fcr Schweden w\u00e4re ich erst zum Winter hin wieder losgefahren, also h\u00e4tte ich die n\u00e4chsten 4-5 Monate daheim bleiben sollen. Na darauf hatte ich auch keine Lust.<\/p>\n<p>Ich war eh das ganze letzte Monat fast ausnahmslos in der Wohnung. Einmal bin ich um den Stock gegangen, an einem WE hatte ich meine Mutter besucht, einmal war ich im Baumarkt und noch ein zweites Mal, dabei auch im Schreibwarenladen, um eine Wertkarten-SIM-Karte zu kaufen, da das Handy, f\u00fcr die ich ein paar Tage vorher eine eSIM-Wertkarte online gekauft hab, nicht so ganz funktioniert hatte -> aus dem Grund hab ich jetzt 4 Handys mit 4 aktiven Sim-Karten dabei. Definitiv too much. Wobei, in Norwegen sind die Tarife teurer, also verwend ich jetzt erst mal diese \u00f6sterreichischen Tarife, wo ich auch zumindest einen Teil der Daten EU-Weit inkl. Norwegen verwenden kann. Trotzdem war ich aber fast jeden Tag mal kurz au\u00dferhalb der Wohnung, meist am Auto. <\/p>\n<p>Da f\u00fcr Norwegen zudem anscheinend das Wohnsitzland relevant ist, werde ich auch nicht so einfach mal eben zwischen Norwegen und Schweden pendeln k\u00f6nnen, wenn dann eben nicht nur die Region in Schweden &#8220;gr\u00fcn&#8221; sein muss, sondern auch \u00d6sterreich.<\/p>\n<p>Ansonsten darf man als Tourist in Norwegen 3 Monate bleiben, wobei man sich registrieren lassen kann, um 6 Monate bleiben zu d\u00fcrfen. Alternativ f\u00e4hrt man halt unter normalen Zeiten einfach einen Tag \u00fcber die Grenze und wieder retour. (Nach 6 Monaten w\u00fcrde man wohl steuerpflichtig werden.)<\/p>\n<p>Zus\u00e4tzlich zu den gr\u00fcnen Status des Wohnsitzlandes, ist auch noch die Farbeinteilung der Durchreisestaaten bzw. Regionen (in D\u00e4nemark, Schweden und Finnland werden die Zahlen auf Regionen runtergebrochen) relevant. Durch Nicht-Gr\u00fcne Gebiete darf man nur durch, wenn man dort keine relevanten n\u00e4heren Kontakte hatte, nicht \u00fcbernachtet und auch nicht mit dem \u00d6PNV f\u00e4hrt. Da s\u00e4mtliche Landesteile in D\u00e4nemark und Schweden an den K\u00fcsten Orange bzw. Rot sind, w\u00e4re die einzige in Frage kommende F\u00e4hre Oslo-Kiel gewesen. Die \u00fcber Nacht f\u00e4hrt und sehr teuer ist. Nope, dann fahr ich nat\u00fcrlich lieber wieder die Br\u00fccken.<\/p>\n<p>Die letzten Tage hab ich noch ein paar Sachen im Auto verbessert und die Sachen gepackt. Auch die Sommer\/Winterr\u00e4der wieder umgesteckt, nach der einen Fahrt zu meiner Mutter, das hat sich ja gelohnt. Urspr\u00fcnglich hatte ich ja auch in Erw\u00e4gung gezogen, mit den Sommerr\u00e4dern raufzufahren und die Spiker\u00e4der dabei zu haben und selbige irgendwo einzulagern. Nur: Wo, schon in Schweden oder erst in Norwegen? Und dann retour muss man da halt wieder hin. Und zeitig muss das auch irgendwie passen.. Alles irgendwie bl\u00f6d.<\/p>\n<p>Erg\u00e4nzend zum letzten Beitrag &#8220;Auto-Update&#8221;:<\/p>\n<p><a href='http:\/\/extra.inmontanis.info\/d\/65601-2\/IMG_6153.jpg'><img src=http:\/\/extra.inmontanis.info\/d\/65600-3\/IMG_6153.jpg \/><\/a><br \/>\n^ Hab mal noch eine Ladung Schaumstoffmatte auf den Boden gelegt, vielleicht wird es dadurch etwas weniger kalt ..<\/p>\n<p><a href='http:\/\/extra.inmontanis.info\/d\/65605-2\/IMG_6166.jpg'><img src=http:\/\/extra.inmontanis.info\/d\/65604-3\/IMG_6166.jpg \/><\/a><br \/>\n^ .. wenn ich heuer, wie letztes Jahr, schon nicht nach UK komm, dann halt wenigstens den Blackpool-K\u00fchlschrankmagnet und das kleinste der Doppelstocktram-Models dabei. Kann auch zur Nivellierung von Tisch oder Auto verwendet werden, auf Tischplatte stellen und schauen, ob es rollt ;-)<\/p>\n<p><a href='http:\/\/extra.inmontanis.info\/d\/65597-2\/IMG_6163_001.jpg'><img src=http:\/\/extra.inmontanis.info\/d\/65596-3\/IMG_6163_001.jpg \/><\/a><br \/>\n^ Gef\u00fcllter Schrank, oben etwas voller als unten, paar B\u00fccher (den alten Norwegen-Reisef\u00fchrer und englische Tram-Hefte\/B\u00fccher, zumindest einige davon sollte ich noch nicht gelesen haben) hab ich auch dabei. Plus montiert ein Magnethalter von diesen LED-Akku-Lampen, die mir ja schon bei der letzten Reise den Innenraum beleuchtet hatten. Rechts daneben die Pfanne.<\/p>\n<p>An Kleidungszeug hab ich doch mehr dabei als letztes Mal. 5-6 Unterhosen, 5-6 Unterhemden, 5-6 Paar Str\u00fcmpfe, 1 kurzes Hemd, 1 kurzes Poloshirt, 1 kurzes T-Shirt, 1 langes T-Shirt, 1 mittelwarmen Pullover und 1 dicken Pullover, wenn ich mich recht erinnere. 2-3 Paar Skistr\u00fcmpfe, 2 lange Unterhosen, wie gehabt die 2 Hosen (Jeans und Thermo), aber 3 statt 2 Skihosen und 3 statt 2 Skijacken und 3 Paar Stra\u00dfenschuhe (hatte ich tw. bei meinem Vater sp\u00e4ter abgeholt, die dicken Sachen wie gehabt in Vakuumbeutel verkleinert und irgendwie verstaut; Grunds\u00e4tzlich hab ich ja den Skitr\u00e4ger montiert und kann die Ski dann dort montieren, wenn sie gebraucht werden, daher kann ich zwischen den Skiern ja aktuell mehr Zeug reinquetschen)<\/p>\n<p><a href='http:\/\/extra.inmontanis.info\/d\/65609-2\/DSC03636.jpg'><img src=http:\/\/extra.inmontanis.info\/d\/65608-3\/DSC03636.jpg \/><\/a><br \/>\n^ Neu im Auto: Thermometer und Hygrometer, mit 24h-Min\/Max<\/p>\n<p><a href='http:\/\/extra.inmontanis.info\/d\/65613-2\/DSC03676.jpg'><img src=http:\/\/extra.inmontanis.info\/d\/65612-3\/DSC03676.jpg \/><\/a><br \/>\n^ Ebenfalls neu von Amazon schicken lassen: Ein Kabel-Organizer. Ersetzt eine alte T\u00fcte, so werd ich die Kabel hoffentlich einfacher und weniger verbunden finden.<br \/>\nDavor liegt: statt des gro\u00dfen Kulturbeutels nur noch ein kleines S\u00e4ckchen (Duschgel und Rasierer separat, Haarb\u00fcrste keine mehr dabei, da Kurzhaar. Spart Platz.)<\/p>\n<p>F\u00fcr den heutigen Montag hab ich einen Servicetermin in der Firma vereinbart, eine unserer Filialen hatte kurzfristig Termine frei, wo ich Mittag ankam. Wie schon vor wenigen Wochen fuhr ich auch diesmal \u00fcber den S\u00f6lkpass, der im Winter gesperrt ist, f\u00fcr einen Pass in \u00d6sterreich aber sehr sch\u00f6n ist, teils schmale Stra\u00dfe, steile enge T\u00e4ler, &#8230; Nur die vignettenlose Durchfahrt durch Tirol ist echt anstrengend. Aber wegen der einen Fahrt da eine Vignette kaufen, tut ja auch nicht Not.<\/p>\n<p><a href='http:\/\/extra.inmontanis.info\/d\/65617-2\/DSC03556.jpg'><img src=http:\/\/extra.inmontanis.info\/d\/65616-3\/DSC03556.jpg \/><\/a><br \/>\n^ Schneereste im August auf unter 1000hm in \u00d6sterreich? Kann ja nur von einem Hagelschauer gekommen sein? <\/p>\n<p><a href='http:\/\/extra.inmontanis.info\/d\/65621-2\/DSC03558.jpg'><img src=http:\/\/extra.inmontanis.info\/d\/65620-3\/DSC03558.jpg \/><\/a><\/p>\n<p><a href='http:\/\/extra.inmontanis.info\/d\/65625-2\/DSC03566.jpg'><img src=http:\/\/extra.inmontanis.info\/d\/65624-3\/DSC03566.jpg \/><\/a><br \/>\n^ S\u00f6lkpass<\/p>\n<p><a href='http:\/\/extra.inmontanis.info\/d\/65629-2\/DSC03567.jpg'><img src=http:\/\/extra.inmontanis.info\/d\/65628-3\/DSC03567.jpg \/><\/a><br \/>\n^ S\u00f6lkpass<\/p>\n<p><a href='http:\/\/extra.inmontanis.info\/d\/65633-2\/DSC03569.jpg'><img src=http:\/\/extra.inmontanis.info\/d\/65632-3\/DSC03569.jpg \/><\/a><br \/>\n^ S\u00f6lkpass<\/p>\n<p><a href='http:\/\/extra.inmontanis.info\/d\/65637-2\/DSC03571.jpg'><img src=http:\/\/extra.inmontanis.info\/d\/65636-3\/DSC03571.jpg \/><\/a><br \/>\n^ S\u00f6lkpass<\/p>\n<p><a href='http:\/\/extra.inmontanis.info\/d\/65641-2\/DSC03574.jpg'><img src=http:\/\/extra.inmontanis.info\/d\/65640-3\/DSC03574.jpg \/><\/a><br \/>\n^ S\u00f6lkpass<\/p>\n<p><a href='http:\/\/extra.inmontanis.info\/d\/65645-2\/DSC03576.jpg'><img src=http:\/\/extra.inmontanis.info\/d\/65644-3\/DSC03576.jpg \/><\/a><br \/>\n^ Schneerinne s\u00fcdseitig am Hochk\u00f6nig, da m\u00f6chte man doch fast mit den Skiern aufsteigen. Wenn man leichter hink\u00e4me ..<\/p>\n<p>Es wurde diesmal auch endlich eine Undichtigkeit im Klimaanlagensystem gefunden, der Schlauch bzw. die Alu-Leitung w\u00e4re aber nicht lagernd und w\u00fcrde somit fr\u00fchestens am Mittwoch kommen. Ob das die Undichtigkeit seit Anfang an war oder eine neue, ist nat\u00fcrlich fraglich, weil ich heute Vormittag schon gemerkt hatte, dass die Klimaanlage wieder nicht mehr so gut geht. Und so schnell war die die letzten Jahre doch nicht undicht. Egal, ab n\u00e4chster Woche werde ich wohl keine Klimaanlage mehr ben\u00f6tigen heuer.<\/p>\n<p>Danach fuhr ich noch nach Telfs zu meiner Mutter, wo ich \u00fcbernachtete.<\/p>\n<p><strong>Di, 10.8.2021<\/strong><\/p>\n<p>Am sp\u00e4teren Vormittag gings wieder weiter, ein Zwischenstopp bei meinem Vater in Deutschland. Kaum in Deutschland angekommen, blinkt die Start-Stopp-Lampe, somit nicht nur das Start-Stopp-System nicht mehr funktioniert, sondern auch das ganze Mild-Hybrid-System nicht mehr, d.h. es wird beim Vom-Gas-Gehen nicht mehr der Lithium-Akku geladen, der dann bei der Fahrt den Motor bzw. das elektrische System zeitweise unterst\u00fctzt. Die Motorbremswirkung ist dadurch sp\u00fcrbar schw\u00e4cher. Eine Reparatur wird sich kostenm\u00e4\u00dfig aber wohl kaum lohnen, das bisschen, was man da an Sprit dann einspart.<\/p>\n<p>Die Einreiseregeln f\u00fcr Deutschland sind leider nicht so ganz klar. So gilt zwar prinzipiell eine Testpflicht, aber u.a. mit folgender Ausnahme: Personen, die .. &#8220;6. sich im Rahmen des Grenzverkehrs weniger als 24 Stunden in einem Hochrisikogebiet oder Virusvariantengebiet aufgehalten haben oder f\u00fcr bis zu 24 Stunden in die Bundesrepublik Deutschland einreisen&#8221;<\/p>\n<p>Jetzt ist die gro\u00dfe Frage: Fehlt hier ein &#8220;entweder&#8221; vor dem &#8220;weniger&#8221; oder nicht? Gilt der Satzteil nach dem &#8220;oder&#8221; trotzdem nur &#8220;im Rahmen des Grenzverkehrs&#8221; oder generell? Und was ist \u00fcberhaupt &#8220;Grenzverkehr&#8221;, da konnte ich im Internet maximal eine Definiton f\u00fcr &#8220;kleinen Grenzverkehr&#8221; finden, der in Grenzn\u00e4he sein soll. Ich f\u00fcr meinen Teil fahr von der \u00f6sterreichischen Grenze zur d\u00e4nischen Grenze, also ist das doch auch ein Grenzverkehr, oder? Und \u00fcberhaupt fehlt ja das &#8220;entweder&#8221;, also gilt das &#8220;bis zu 24h in DE&#8221; ja sowieso f\u00fcr alle, nicht nur f\u00fcr den Grenzverkehr&#8230;?!<\/p>\n<p>Sucht man im Netz, findet man beide Variante. Die einen geben eine generelle Freiheit von 24h im Bundesgebiet, die anderen beschr\u00e4nken das teilweise sogar auf den &#8220;kleinen Grenzverkehr&#8221;.<\/p>\n<p>Das Problem, das ich mit einem Test in \u00d6sterreich gehabt hab: Auf den offiziellen Websites liest man nur, dass man via Nasen-Rachen-Abstrich getestet wird. Was Verletzungen in der Nase bedeuten kann. Darauf hab ich keine Lust. Alternative evtl. kostenpflichtig, aber auch nix gefunden, zumindest nix mit Drive-IN zu vern\u00fcnftigen Preisen in Tirol.<\/p>\n<p>Also fuhr ich einfach mal \u00fcber die Grenze, bereit f\u00fcr eine Diskussion mit dem Grenzer und Testnachholen in DE, falls n\u00f6tig. War aber keine Kontrolle bei Scharnitz. Um Garmisch zu umfahren (da waren die Stra\u00dfen dunkelrot auf Google Maps), fuhr ich diesmal Walchensee, wo aber erstens viele Radfahrer nervten und zweitens eine Schnarchnase vor mir war, die man nirgends \u00fcberholen konnte.<\/p>\n<p>Ziel f\u00fcr heute Abend, unbedingt noch bis hinter Hamburg kommen, um eventuelle Staus dort morgen fr\u00fch aus dem Weg zu gehen. Im Vorfeld hab ich mir wieder allerlei Tankstellen mit Tankautomaten rausgesucht, um ja nicht irgendwo in einen Tankstellenshop zu m\u00fcssen und eine Maske aufsetzen zu m\u00fcssen. So was hab ich zuletzt tats\u00e4chlich am Anfang Januar, auf der F\u00e4hre nach Schweden, getragen, seitdem ging alles ohne Masken. In Schweden sowieso und das eine Monat jetzt in \u00d6sterreich musste ich ja nirgends hin bzw. gab es in den Baum\u00e4rkten usw. seit Mitte Juli ja keine Maskenpflicht mehr. Einzig ein Paket h\u00e4tte ich abholen m\u00fcssen, weil GLS &#8211; im Gegensatz zu Post oder DPD &#8211; zu faul war, um auf die Koralpe zu fahren, und es im Paketshop abgegeben hat. Und Paketshops haben eben noch Maskenpflicht. Ich hoffe also, dass das Paket irgendwann retourniert wird und mir der Betrag wieder gutgeschrieben wird, weil das zwei Sachen waren, die mir gestunken hatten und gegen die ich somit protestieren wollte: 1. wegen der Faulheit des GLS-Fahrers und 2. wegen der Maskenpflicht.<\/p>\n<p>Es ging also diesmal klassisch von Tirol \u00fcber M\u00fcnchen \/ Mittlerer Ring, Autobahn nach N\u00fcrnberg mit KFC-Besuch (Drive-IN) in Ingolstadt, danach allerdings mal zur Abwechslung die A73 nach Bamberg (dort gibts eine Avanti, die aber wegen der einen gesperrten Autobahnausfahrt umst\u00e4ndlich zu erreichen war). In Folge auf einer etwas k\u00fcrzeren Route (anstatt A7) \u00fcber Suhl (sch\u00f6n leere Autobahn) und dann ohne Autobahn \u00fcber Gotha (da scheint es eine interessante Stra\u00dfenbahnlinie zu geben) bis an den Harz und n\u00f6rdlich von G\u00f6ttingen erst auf die A7. Leider war es im Harz bereits dunkel, aber die Bergstrecke in Th\u00fcringen im Bereich Rennsteig gefiel mir (und mit 13\u00b0 war&#8217;s da auch schon recht k\u00fchl). Es gibt also doch noch sch\u00f6ne Ecken in Deutschland.<\/p>\n<p><a href='http:\/\/extra.inmontanis.info\/d\/65649-2\/DSC03596.jpg'><img src=http:\/\/extra.inmontanis.info\/d\/65648-3\/DSC03596.jpg \/><\/a><br \/>\n^ Seit ca. 50 Jahren unvollendet:  A73 \/ Frankenschnellweg \/ N\u00fcrnberg \/ An den Rampen. 16:49:43, erste Kreuzung, Ende der Autobahn bzw. Schnellstra\u00dfe, die wohl h\u00e4tte links im Gr\u00fcnbereich (wohl ehemaliger Kanal) weiterlaufen sollen. Aktuell liest man aber wieder, dass die Unterf\u00fchrung in ein paar Jahren doch noch gebaut werden soll. Daf\u00fcr wurde die Schnellstra\u00dfe bzw. A73 bis nach Th\u00fcringen verl\u00e4ngert. Das h\u00e4tte man sich in den 70ern wohl nicht tr\u00e4umen lassen ..<\/p>\n<p><a href='http:\/\/extra.inmontanis.info\/d\/65653-2\/DSC03597.jpg'><img src=http:\/\/extra.inmontanis.info\/d\/65652-3\/DSC03597.jpg \/><\/a><br \/>\n^ 16:50:59, da vorne kommt die zweite Kreuzung<\/p>\n<p><a href='http:\/\/extra.inmontanis.info\/d\/65657-2\/DSC03599.jpg'><img src=http:\/\/extra.inmontanis.info\/d\/65656-3\/DSC03599.jpg \/><\/a><br \/>\n^ 16:51:56, die dritte und letzte Kreuzung<\/p>\n<p><a href='http:\/\/extra.inmontanis.info\/d\/65661-2\/DSC03600.jpg'><img src=http:\/\/extra.inmontanis.info\/d\/65660-3\/DSC03600.jpg \/><\/a><br \/>\n^ 16:52:06 ab hier gehts mit dem Frankenschnellweg \/ der A73 wieder weiter. Links im Gr\u00fcnbereich der so kurze, fehlende, durchgehende Streckenbereich, der seit ca. 50 Jahren f\u00fcr Stau sorgt.<\/p>\n<p><a href='http:\/\/extra.inmontanis.info\/d\/65665-2\/DSC03601.jpg'><img src=http:\/\/extra.inmontanis.info\/d\/65664-3\/DSC03601.jpg \/><\/a><br \/>\n^ .. auch der Quelleturm steht noch.<\/p>\n<p>Zwischen M\u00fcnchen und Ingolstadt musste ich mal einen Stau auf der Autobahn umfahren, nach Bamberg, bei Lichtenfels, war die Autobahn gesperrt und alle mussten runter &#8211; aber keinerlei Umleitung angeschrieben oder ein Hinweis, an welches U-Schild man sich halten soll! Sp\u00e4ter am Abend (20\/21 Uhr) mal einen sehr starken Regen gehabt, fast nix mehr gesehen, daher nur noch 50 \u00fcber die Landstra\u00dfen gefahren .. ansonsten bzw. in Summe aber ohne nennenswerte Verz\u00f6gerungen<\/p>\n<p><a href='http:\/\/extra.inmontanis.info\/d\/65669-2\/DSC03609.jpg'><img src=http:\/\/extra.inmontanis.info\/d\/65668-3\/DSC03609.jpg \/><\/a><br \/>\n^ 200.000 km zumindest lt. Tacho, in Wirklichkeit z\u00e4hlt der ja etwas zu viel.<\/p>\n<p><a href='http:\/\/extra.inmontanis.info\/d\/65673-2\/DSC03612.jpg'><img src=http:\/\/extra.inmontanis.info\/d\/65672-3\/DSC03612.jpg \/><\/a><br \/>\n^ Leere Autobahn, tags\u00fcber, mitten in Deutschland. Zwischen A7 und A9 die A73\/A71 zu fahren, scheint nicht verkehrt zu sein.<\/p>\n<p>Die Raiffeissen-Tankstellen im Harz waren leider nicht sehr sch\u00f6n: Die eine hatte kein Benzin (nur Diesel), die andere akzeptierte heute nur Geldscheine, keine Karten. Gut, dass ich gerade noch einen 20er hatte und ich genau so viel tanken konnte.<\/p>\n<p>Heute \u00fcbrigens der w\u00e4rmste Tag des Jahres f\u00fcr mich gewesen. Mit 29\u00b0 lt. Autothermometer aber trotzdem noch unter 30\u00b0.<\/p>\n<p>Bei Hamburg gings diesmal &#8220;rechts herum&#8221; und erst nach 1 Uhr kam ich endlich an einem Parkplatz an, wo ich \u00fcbernachten wollte.<\/p>\n<p><strong>11.8.2021<\/strong><\/p>\n<p>Was ich diese Nacht gemerkt hab hinsichtlich meiner neuen Ausbauten:<br \/>\n&#8211; die seitliche Beleuchtung vor dem Schrank ist wie erwartet eher bl\u00f6d, blendet eher und bringt zu wenig, wichtiger w\u00e4re halt doch oben<br \/>\n&#8211; hinter dem Schrank w\u00e4re eine Beleuchtung auch sinnvoll<br \/>\n&#8211; der R\u00fcckscheiben-Schaumstoff ist schwer hinter den Schrank zu schieben, da der Schrank dort hinten zu hoch ist<br \/>\n&#8211; durch die Schaumstoffmatte am Boden, die auch unter dem WC ist, h\u00e4lt der Deckel hochgeklappt nicht mehr an dem gold-transparenten Griff<br \/>\n&#8211; bei Ben\u00fctzung des WCs (gleich nach der ersten Nacht, unversch\u00e4mt) bekam ich nasse F\u00fc\u00dfe &#8211; war zum Gl\u00fcck nur das Sp\u00fclwasser und der Grund wohl hoffentlich, dass das Oberteil nicht korrekt auf dem Unterteil des WCs war.<\/p>\n<p>Getankt hatte ich zuf\u00e4llig an der selben Avia-XPress-Tankstelle, wo ich auf der R\u00fcckreise vor einem Monat auch getankt hatte. Somit hab ich von heute auch gleich noch einen Beleg, weit weg von der d\u00e4nischen Grenze, f\u00fcr den norwegischen Grenzer als Beweis, dass ich nicht im orangenen D\u00e4nemark \u00fcbernachtet hab.<\/p>\n<p>F\u00fcr D\u00e4nemark braucht man ja bei Einreise einen zeitnahen Covid-Test (und auch f\u00fcr Schweden, wobei man das evtl. nicht braucht, wenn man \u00fcber D\u00e4nemark reinf\u00e4hrt), also musste ich heute in Schleswig-Holstein das noch nacholen. Meine Kriterien f\u00fcr die Wahl einer Teststation war: kein Nasen-Rachentest, Drive-In und ein englisches Testergebnis (zumindest br\u00e4uchte man das in Schweden). Die Kombination war dann selten und die einen, die ich mir erst rausgesucht hatte (ohne Terminpflicht) hatten das auf deren Website eher so geschrieben, dass nur Personen mit Wohnsitz in Deutschland diesen (gratis) Test machen d\u00fcrfen, zudem fehlte auf dem Terminformular das L\u00e4nderfeld. Also w\u00e4hlte ich eine Teststation in Flensburg, machte online den Termin aus (mit L\u00e4nderfeld), wo ich aber auch nix zahlen musste. Diesmal wurde im vorderen Nasenbereich etwas ausf\u00fchrlicher als damals in Schweden gebohrt, aber auch das n\u00fctzte nichts.<\/p>\n<p>Am Parkplatz das Ergebnis abgewartet, das per PDF kam -> negativ. Also die Maut f\u00fcr die 2. d\u00e4nische Br\u00fccke online bezahlt, weil g\u00fcnstiger und weiter gefahren.<\/p>\n<p>An der Grenze in D\u00e4nemark wurden anscheinend alle ausl\u00e4ndischen Fahrzeuge rausgewunken und mussten den Test vorzeigen. Hat aber nicht sehr gut kontrolliert, das h\u00e4tte auch ein x-beliebiges selbst erstelltes Dokument sein k\u00f6nnen &#8230;<\/p>\n<p><a href='http:\/\/extra.inmontanis.info\/d\/65677-2\/DSC03624.jpg'><img src=http:\/\/extra.inmontanis.info\/d\/65676-3\/DSC03624.jpg \/><\/a><br \/>\n^ Storebaelt-Br\u00fccke, die g\u00fcnstigere der beiden Mautstrecken<\/p>\n<p><a href='http:\/\/extra.inmontanis.info\/d\/65681-2\/DSC03626.jpg'><img src=http:\/\/extra.inmontanis.info\/d\/65680-3\/DSC03626.jpg \/><\/a><br \/>\n^ Storebaelt-Br\u00fccke, da oben m\u00f6cht ich nicht arbeiten m\u00fcssen<\/p>\n<p><a href='http:\/\/extra.inmontanis.info\/d\/65685-2\/DSC03628.jpg'><img src=http:\/\/extra.inmontanis.info\/d\/65684-3\/DSC03628.jpg \/><\/a><br \/>\n^ Tunnel unter dem Meer, der mit zur Mautstra\u00dfe an der \u00d6resund-Br\u00fccke geh\u00f6rt<\/p>\n<p><a href='http:\/\/extra.inmontanis.info\/d\/65689-2\/DSC03629.jpg'><img src=http:\/\/extra.inmontanis.info\/d\/65688-3\/DSC03629.jpg \/><\/a><br \/>\n^ \u00d6resund-Br\u00fccke<\/p>\n<p><a href='http:\/\/extra.inmontanis.info\/d\/65693-2\/DSC03631.jpg'><img src=http:\/\/extra.inmontanis.info\/d\/65692-3\/DSC03631.jpg \/><\/a><br \/>\n^ .. mit Blick zu Malm\u00f6<\/p>\n<p>In Schweden hat der Grenzer nur nach dem Pass gefragt und fertig. Im Gegensatz zu dem in D\u00e4nemark hatte der schwedische \u00fcbrigens eine Maske auf.<\/p>\n<p><a href='http:\/\/extra.inmontanis.info\/d\/65697-2\/DSC03633.jpg'><img src=http:\/\/extra.inmontanis.info\/d\/65696-3\/DSC03633.jpg \/><\/a><br \/>\n^ Gro\u00dfe Vogelscheuche :)<\/p>\n<p>Als ich sp\u00e4ter in der derzeit ersten gr\u00fcnen Region Schwedens war, ging ich kurz in den Supermarkt, dort aber nur kostenpflichtiges WC, daher noch zur Rastst\u00e4tte in der N\u00e4he und ein K\u00f6ttbullar-Sandwich mitgenommen, wenig sp\u00e4ter aber gleich einen ruhigen Platz im Wald angefahren, da ich wegen der kurzen Nacht gestern heute nicht mehr viel fahren wollte. Wobei ich mich nun eh entscheiden sollte, welche der zwei Runden in Norwegen bzw. in welcher Richtung ich die ersten POIs anfahren m\u00f6chte &#8211; und welchen der daf\u00fcr in Frage kommenden 2 offenen Grenz\u00fcberg\u00e4nge ich dann nehmen muss&#8230; damit war ich dann besch\u00e4ftigt. Alles andere war dann hoffentlich kein &#8220;stay&#8221;, sondern nur ein (short) &#8220;stop&#8221; ..<\/p>\n<p><strong>12.8.2021<\/strong><\/p>\n<p>11\u00b0 drau\u00dfen heute Morgen, 15\u00b0 Minimum im Auto die Nacht. Ist schon angenehmer als zuletzt im Juni.<\/p>\n<p>Zur Abwechslung mal morgens keine R\u00fcckenschmerzen wie im Bett daheim &#8211; und nicht irgendwann nachts aufgewacht und nicht mehr einschlafen k\u00f6nnen. Wohl aber aufgewacht, weil d\u00fcnne Decke zu kalt und Schlafsack dr\u00fcberlegen m\u00fcssen. Ging im Halbschlaf und gleich weiter geschlafen.<\/p>\n<p>H\u00e4tte ich fast vergessen: Die digitale Einreiseanmeldung f\u00fcr Norwegen zu machen. Dort gleich ein Stolperstein, man solle die Zwischenl\u00e4nder\/regionen angeben, wo man &#8211; im deutschen Formular &#8211; einen Aufenthalt bzw. im Englischen einen &#8220;stay&#8221; hatte, mit der Erg\u00e4nzung &#8220;auch Transit&#8221;, aber wenige Zeilen dr\u00fcber musste ich ja ankreuzen, dass ich von der Einreisequarant\u00e4ne ausgenommen bin, weil ich eben keinen &#8220;stay&#8221; in einem orangenen\/roten Land hatte. Also gab ich vorsichtshalber nur \u00d6sterreich, Deutschland und die eine schwedische Region an, wo ich \u00fcbernachtet hatte.<\/p>\n<p>Der Grenzer hat sp\u00e4ter nix dazu gesagt und hat nur den QR-Code, den man im Anschluss per E-Mail bekommen hatte, abgescannt und mich zur Teststation geschickt, die hier aber nicht direkt an der Grenze (n\u00e4he dem schwedischen S\u00e4len\/St\u00f6ten), sondern ca. 15min landeinw\u00e4rts ist. Auch wollte er keine Beweise \/ Quittungen hinsichtlich meiner Fahrstrecken sehen.<\/p>\n<p>Leider hatte ich vergessen zu fragen, ob das mit dem Wohnsitzland wirklich so relevant ist, wenn ich in 2 Monaten mal f\u00fcr einen Tag nach Schweden wollen sollte&#8230;<\/p>\n<p>Auf dem Zettel, den man beim Test ausf\u00fcllen musste, musste man eine Nummer eingeben, die aber so kryptisch war, dass ich nicht wusste, was das sein soll &#8211; evtl. f\u00fcr Norweger deren Sozialversicherungsnummer? Aber ich musste es dann doch reinschreiben: die Nummer kam per SMS am Handy. Denn man bekam eine SMS und eine EMail, als man \u00fcber die Grenze kam, dass man nun registriert ist. Aufgrund der digitalen Einreisemeldung hatten die ja nun meine E-Mail-Adresse und SMS&#8230;..<\/p>\n<p>Ich blieb gleich am n\u00e4chsten Rastplatz f\u00fcr die Nacht stehen, war ja eh schon nach 19 Uhr, da ich nat\u00fcrlich nicht die schnellste Route genommen hatte, sondern ja etwas umwegig durch haupts\u00e4chlich gr\u00fcne Regionen fahren wollte und noch an einem Frasses f\u00fcr einen Lachsburger hielt.<\/p>\n<p>Im Auto heute Abend w\u00e4rmer als gestern, auch kein Wind. Und die kleinen Minim\u00fccken kommen leider auch wieder durchs nun kleinere Fliegennetz :( Es wird aber mittlerweile doch wieder merklich fr\u00fcher dunkel als im Juni und mit der Dunkelheit kommt nun auch wieder mehr K\u00e4lte nachts.<\/p>\n<p><strong>13.8.2021<\/strong><\/p>\n<p>Ach, was war der 22&#8243; Bildschirm gro\u00df, als ich nach 6 Monaten wieder daheim war&#8230; und was ist der 13&#8243; Bildschirm jetzt wieder winzig, wo ich einen Monat den 22&#8243; verwendet hatte ..<\/p>\n<p>An die schwedischen Preise bin ich ja noch gew\u00f6hnt, die norwegischen werden nun wieder interessant werden. Da aber die norwegische Krone NOK zur schwedischen SEK ungef\u00e4hr auf 1:1 steht und somit auch zum Euro ungef\u00e4hr auf 10:1, wird man teurere und ggf. g\u00fcnstigere Produkte schnell erkennen. (genauer: 10 NOK = 9,8 SEK bzw. 10 NOK = 0,96 \u20ac derzeit, mit Wechselgeb\u00fchren also wohl ca. 1 \u20ac.)<\/p>\n<p>Freuen tu ich mich in Norwegen zumindest auf die Bernerw\u00fcrstel- und Rollerburger-Hotdogs mit diversen leckeren Saucen. Und nat\u00fcrlich auf die Braunk\u00e4se-Waffeln, wobei ich ja einen Braunk\u00e4se mitgenommen hatte, den ich die letzten Wochen t\u00e4glich essen musste, um ihn halbwegs weg zu bekommen.<\/p>\n<p>Weniger sch\u00f6n, der Blick auf die Preise an den Tankstellen: Diesel zwar in etwa gleich zu Schweden (ca. 1,70 \u20ac), aber das Benzin kostet ca. 20 Cent mehr (um die 1,80 \u20ac statt 1,60 \u20ac wie in Schweden; Diesel ist in Schweden g\u00fcnstiger als Benzin, in Norwegen umgekehrt).<\/p>\n<p>Mittags machte ich die Routenplanung: Vermeiden von ein paar Mautstellen, paar km mehr. Check auf dem Stra\u00dfenatlas nach sch\u00f6nen, noch nicht gefahrenen Stra\u00dfen, ach dann k\u00f6nnt ich die doch auch gleich mitnehmen. 3 Berg\/Plateaustra\u00dfen, davon 2 mit Schotter und Maut. Eine Stunde sp\u00e4ter war ich damit fertig und fuhr los. Nur zeigte das zweite Navi 320 statt 400km. Bitte? 80km Umweg?? Gleich am ersten Tag? So wird das nix mit maximal 20.000km und Service erst in \u00d6sterreich &#8230; also Umwege au\u00dfer der Umfahrung der mautpflichtigen Neubaustra\u00dfen wieder gestrichen.<\/p>\n<p>Erster Zwischenhalt: Tankstelle, Hot-Dog mit Berner W\u00fcrstel. Mit 49,- NOK teurer als ein \u00e4hnliches Hotdog in Schweden, aber es ist ja das Brot gr\u00f6\u00dfer. Besonders schmackhaft war das diesmal leider nicht. Und: Es gab hier auch leider nur Ketchup und Senf. Hm&#8230;<\/p>\n<p>Nach wie vor g\u00fcnstig im Vergleich: die kleinen Pizzen beim Pizzabakeren. 20cm kosten weniger als die H\u00e4lfte der 30cm Version. Da nehm ich doch lieber wieder 2 verschiedene 20er um 5-7 \u20ac. Auch heute, weil zuf\u00e4llig an einem vorbei gekommen, also muss man das ausn\u00fctzen. Aber vielleicht komm ich ja noch \u00f6fter an einem vorbei und ess daher nur eine kleine Pizza statt zwei? Die Alternative war dann: eine kleine Pizza und eine Dessert-Pizza, die kostete mit Nutella (oder \u00e4hnliches) nur ca. 3,90 \u20ac.<\/p>\n<p>Nat\u00fcrlich auch noch kurz einen Supermarkt besucht, erst mal einen der vielleicht g\u00fcnstigeren, den Kiwi. Lidl gibts in Norwegen \u00fcbrigens keine. Preise im Vergleich zu Scweden? Manches g\u00fcnstiger, manches teurer. Eine 1,5l Flasche des g\u00fcnstigen Getr\u00e4nks war eine First-Price-Orange-Light-Limo um 60 oder 70 Cent, das bekommt man in Schweden auch maximal in einem Lidl. Mineralw\u00e4sser mit\/ohne Geschmack waren etwas teurer, also vergleichbar zu Schweden. Naschsachen sind in Norwegen schon sp\u00fcrbar teurer, selbst die offenen Godis-Stationen, hier im Supermarkt glaub um die 1,20 \u20ac pro 100g, w\u00e4hrend Superm\u00e4rkte in Schweden eher so um die 60-90 Cent liegen. Recht g\u00fcnstig waren hier Fertigsalate schon um ca. 3 \u20ac, gab aber auch teurere. Die Mayonnaise-Salat-Portionen mit um die 1,50-2,50 \u20ac kamen mir auch g\u00fcnstiger als in Schweden vor. Ansonsten freu ich mich schon, alle m\u00f6glichen Fertiggerichte bald ausprobieren zu k\u00f6nnen ;-)<\/p>\n<p><a href='http:\/\/extra.inmontanis.info\/d\/65701-2\/DSC03637.jpg'><img src=http:\/\/extra.inmontanis.info\/d\/65700-3\/DSC03637.jpg \/><\/a><br \/>\n^ Die kleine 20cm Pizza von Pizzabakeren bzw. links die mit Nutella\/Schokocreme gef\u00fcllte Mini-Calzone. Von der rechten gibts noch einige Sorten, die ich in den n\u00e4chsten Monaten probieren m\u00f6chte.<\/p>\n<p>Vielleicht hatte ich heute Pech, aber &#8230; Tankstellen-, Fastfood- und Supermarkt-Mitarbeiter, sofern es keine Ausl\u00e4nder sind, sprechen in Schweden wesentlich besser Englisch als in Norwegen &#8211; die heutigen n\u00e4mlich fast oder gar nicht.<\/p>\n<p>Ich besuchte noch ein paar andere Gesch\u00e4fte. In Schweden die letzten Tage einen Dollarstore, wo ich aber nicht alles bekam. Mittlerweile hab ich mir auch eingebildet, ein OBD-Ger\u00e4t f\u00fcrs Auto zu kaufen, um vielleicht den Fehler vom Hybridsystem auslesen und l\u00f6schen zu k\u00f6nnen, vielleicht funktionierts ja dann wieder. Auch diese Ausgaben werden in keinem Verh\u00e4ltnis zu eventuelle ingespartem Benzin stehen, aber es k\u00f6nnte wohl eh nicht so unsinnvoll sein, so ein Ger\u00e4t dabei zu haben. Kaufte nicht die beiden g\u00fcnstigsten (um ca. 25,- bzw. 30,- \u20ac), sondern das um ca. 47,- \u20ac. Daf\u00fcr und f\u00fcr einen Satz Magneten (wegen des Fliegennetzes vorne wollte ich das testen) noch in zwei andere L\u00e4den geschaut.<\/p>\n<p><a href='http:\/\/extra.inmontanis.info\/d\/65705-2\/DSC03641.jpg'><img src=http:\/\/extra.inmontanis.info\/d\/65704-3\/DSC03641.jpg \/><\/a><br \/>\n^ Alte Br\u00fccke \u00fcber die Etna<\/p>\n<p><a href='http:\/\/extra.inmontanis.info\/d\/65709-2\/DSC03642.jpg'><img src=http:\/\/extra.inmontanis.info\/d\/65708-3\/DSC03642.jpg \/><\/a><br \/>\n^ Die Etna<\/p>\n<p>Schlussendlich hat es leider sehr lange gedauert, bis ich einen brauchbaren Parkplatz f\u00fcr die Nacht gefunden hatte.<\/p>\n<p><strong>14.8.2021<\/strong><\/p>\n<p>Im ersten gr\u00f6\u00dferen Ort, wo ich heute vorbei kam, Fagernes, war der Sprit ca. 25-30 Cent g\u00fcnstier. Dachte, das w\u00e4r jetzt generell so, daher nicht getankt, aber nein, danach wurde es wieder 30-35 Cent teurer, somit musste ich f\u00fcr knapp 1,90 \u20ac tanken :(<\/p>\n<p>An einem Rastplatz gab es einen Hinweis zu einer alten Stra\u00dfe, Kvamskleiva, da bin ich heut mal etwas gewandert. Die alte Stra\u00dfe, BJ ca. 1800, war ziemlich steil&#8230;<\/p>\n<p><a href='http:\/\/extra.inmontanis.info\/d\/65713-2\/DSC03645.jpg'><img src=http:\/\/extra.inmontanis.info\/d\/65712-3\/DSC03645.jpg \/><\/a><br \/>\n^ E16 Kvamskleiva, Bau eines neuen Tunnels, wenigstens aktuell noch keine Maut zu zahlen. Nervt jedesmal, f\u00fcr die neuen Tunnelstrecken Maut zahlen zu m\u00fcssen, wenn ich doch eh lieber die alten Stra\u00dfen drumherum oder dr\u00fcber fahren m\u00f6chte..<\/p>\n<p><a href='http:\/\/extra.inmontanis.info\/d\/65717-2\/DSC03647.jpg'><img src=http:\/\/extra.inmontanis.info\/d\/65716-3\/DSC03647.jpg \/><\/a><br \/>\n^ K\u00f6nigsweg\/Filefjell\/Kvamskleiva<\/p>\n<p><a href='http:\/\/extra.inmontanis.info\/d\/65725-3\/DSC03648.jpg'><img src=http:\/\/extra.inmontanis.info\/d\/65724-4\/DSC03648.jpg \/><\/a><br \/>\n^ Kvamskleiva, alte Stra\u00dfe links (geht schon steil rauf), aktuelle Stra\u00dfe rechts, zuk\u00fcnftige Stra\u00dfe links unter der Erde<\/p>\n<p><a href='http:\/\/extra.inmontanis.info\/d\/65729-3\/DSC03649.jpg'><img src=http:\/\/extra.inmontanis.info\/d\/65728-4\/DSC03649.jpg \/><\/a><br \/>\n^ Kvamskleiva Infotafel \u00fcber das zu wandernde St\u00fcck. Ich bin nur bis zwischen 3 und 4 gegangen, danach ist der Weg wohl ein eher flacher Weg durch den Wald und vermutlich weniger interessant.<\/p>\n<p><a href='http:\/\/extra.inmontanis.info\/d\/65733-3\/DSC03654.jpg'><img src=http:\/\/extra.inmontanis.info\/d\/65732-4\/DSC03654.jpg \/><\/a><br \/>\n^ Kvamskleiva, Aussichtspunkt<\/p>\n<p><a href='http:\/\/extra.inmontanis.info\/d\/65737-3\/DSC03655.jpg'><img src=http:\/\/extra.inmontanis.info\/d\/65736-4\/DSC03655.jpg \/><\/a><br \/>\n^ Kvamskleiva, Aussichtspunkt<\/p>\n<p><a href='http:\/\/extra.inmontanis.info\/d\/65741-3\/DSC03657.jpg'><img src=http:\/\/extra.inmontanis.info\/d\/65740-4\/DSC03657.jpg \/><\/a><br \/>\n^ Kvamskleiva, alte Stra\u00dfe links am Berg, aktuelle Stra\u00dfe rechts am See, zuk\u00fcnftige Stra\u00dfe im Tunnel ganz durch den Berg. Ich bin noch die alte Stra\u00dfe das St\u00fcck bis dort hinten oben in Bildmitte gegangen<\/p>\n<p><a href='http:\/\/extra.inmontanis.info\/d\/65745-3\/DSC03659.jpg'><img src=http:\/\/extra.inmontanis.info\/d\/65744-4\/DSC03659.jpg \/><\/a><br \/>\n^ Kvamskleiva\/Kongevegen, alte Stra\u00dfe<\/p>\n<p><a href='http:\/\/extra.inmontanis.info\/d\/65749-3\/DSC03661.jpg'><img src=http:\/\/extra.inmontanis.info\/d\/65748-4\/DSC03661.jpg \/><\/a><br \/>\n^ Raue Skrea<\/p>\n<p><a href='http:\/\/extra.inmontanis.info\/d\/65753-2\/DSC03662.jpg'><img src=http:\/\/extra.inmontanis.info\/d\/65752-3\/DSC03662.jpg \/><\/a><br \/>\n^ Br\u00fccke Saubekken, danach kam der n\u00e4chste Steilhang<\/p>\n<p><a href='http:\/\/extra.inmontanis.info\/d\/65757-2\/DSC03663_001.jpg'><img src=http:\/\/extra.inmontanis.info\/d\/65756-3\/DSC03663_001.jpg \/><\/a><br \/>\n^ Br\u00fccke Saubekken<\/p>\n<p><a href='http:\/\/extra.inmontanis.info\/d\/65761-2\/DSC03666.jpg'><img src=http:\/\/extra.inmontanis.info\/d\/65760-3\/DSC03666.jpg \/><\/a><br \/>\n^ Die St\u00fctzmauer soll noch Original von +\/- 1800 sein<\/p>\n<p><a href='http:\/\/extra.inmontanis.info\/d\/65765-2\/DSC03667.jpg'><img src=http:\/\/extra.inmontanis.info\/d\/65764-3\/DSC03667.jpg \/><\/a><br \/>\n^ Danach schien es flacher zu werden<\/p>\n<p><a href='http:\/\/extra.inmontanis.info\/d\/65769-2\/DSC03670.jpg'><img src=http:\/\/extra.inmontanis.info\/d\/65768-3\/DSC03670.jpg \/><\/a><br \/>\n^ .. wieder runter. Da m\u00f6cht ich aber auch kein Pferd oder Ochse vor einem ungebremsten Wagen sein ..<\/p>\n<p><a href='http:\/\/extra.inmontanis.info\/d\/65773-2\/DSC03671.jpg'><img src=http:\/\/extra.inmontanis.info\/d\/65772-3\/DSC03671.jpg \/><\/a><br \/>\n^ Steile alte Stra\u00dfe<\/p>\n<p><a href='http:\/\/extra.inmontanis.info\/d\/65777-2\/DSC03673.jpg'><img src=http:\/\/extra.inmontanis.info\/d\/65776-3\/DSC03673.jpg \/><\/a><br \/>\n^ Raue Skrea<\/p>\n<p>Weiter nach Tyin, die Stra\u00dfe hier her hatte ich ja komplett anders in Erinnerung, muss ich wohl verwechselt haben, vor 10 Jahren, im Winter&#8230; Von hier nach \u00d8vre \u00c5rdal bin ich aber wohl noch nicht gefahren, geht sch\u00f6n \u00fcbers Fjell, gro\u00dfer Stausee, wo ich um 12 Uhr einen netten Parkplatz am See fand, mit Schneefelder in der N\u00e4he (aber nicht f\u00fcr eine Skitour erreichbar) &#8230;<\/p>\n<p><a href='http:\/\/extra.inmontanis.info\/d\/65781-2\/DSC03679_001.jpg'><img src=http:\/\/extra.inmontanis.info\/d\/65780-3\/DSC03679_001.jpg \/><\/a><br \/>\n^ E16 vor Tyin<\/p>\n<p><a href='http:\/\/extra.inmontanis.info\/d\/65785-2\/DSC03684.jpg'><img src=http:\/\/extra.inmontanis.info\/d\/65784-3\/DSC03684.jpg \/><\/a><br \/>\n^ Tyin-Ardal<\/p>\n<p><a href='http:\/\/extra.inmontanis.info\/d\/65789-2\/DSC03687.jpg'><img src=http:\/\/extra.inmontanis.info\/d\/65788-3\/DSC03687.jpg \/><\/a><br \/>\n^ Stausee<\/p>\n<p><a href='http:\/\/extra.inmontanis.info\/d\/65793-2\/DSC03688.jpg'><img src=http:\/\/extra.inmontanis.info\/d\/65792-3\/DSC03688.jpg \/><\/a><br \/>\n^ Tyin-Ardal<\/p>\n<p><a href='http:\/\/extra.inmontanis.info\/d\/65797-2\/DSC03690.jpg'><img src=http:\/\/extra.inmontanis.info\/d\/65796-3\/DSC03690.jpg \/><\/a><br \/>\n^ Gibt doch noch etliche Schneereste. Nur halt nicht vern\u00fcnftig erreichbar, um darauf Ski zu fahren.<\/p>\n<p><a href='http:\/\/extra.inmontanis.info\/d\/65801-2\/DSC03692.jpg'><img src=http:\/\/extra.inmontanis.info\/d\/65800-3\/DSC03692.jpg \/><\/a><br \/>\n^ Mittagessen<\/p>\n<p><a href='http:\/\/extra.inmontanis.info\/d\/65805-2\/DSC03693.jpg'><img src=http:\/\/extra.inmontanis.info\/d\/65804-3\/DSC03693.jpg \/><\/a><br \/>\n^ Stellplatz, windig und regnerisch, daf\u00fcr mit Blick auf See und Schnee.<\/p>\n<p>Nat\u00fcrlich ohne Toiletten, auch recht nah an der Stra\u00dfe und es war ja erst 12 Uhr, aber immerhin 4G-Emfpang, wenn auch wenig und langsam.. Aber ich muss ja eh mal ein paar Sachen am Computer wieder erledigen. Und wer wei\u00df, ob ich heute noch was sch\u00f6neres finde? Morgen solls eh so regnerisch weitergehen wie heute. Ob der n\u00e4chste Supermarkt morgen Sonntag offen h\u00e4tte &#8230; nein, lt. Internet leider nicht. Naja, mein Zeug reicht auch bis Montag (Essen nat\u00fcrlich l\u00e4nger, Trinken eher weniger. Wobei, mir f\u00e4llt ein, ich hab mir gestern im Supermarkt leider kein geschmackloses Wasser gekauft .. kann also gar keine Nudeln machen. Au\u00dfer ich verwende das Zitronenwasser. Oder mein Leitungs-\/Waschwasser, aber das brauch ich ja daf\u00fcr. H\u00f6chstens falls ich morgen an einer Tankstelle vorbeikomm&#8230; das einzige Fertiggericht, das ich heute ohne Wasser machen k\u00f6nnte, w\u00e4re eine Packung R\u00f6sti &#8230; egal, ich testete heute mal Nudeln mit Zitronen-Wasser aufgekocht (plus Pesto dazu). Ein bisschen Zitrone passt ja auch immer.)<\/p>\n<p>Ansonsten sieht man durchaus etliche ausl\u00e4ndische Kennzeichen in Norwegen, sogar zwei \u00f6sterreichische Camper, einen italienischen und nat\u00fcrlich mehrere deutsche Fahrzeuge, allein heute auf dem kurzen Fahrst\u00fcck.<\/p>\n<p>Bei 9\u00b0 Au\u00dfentemperatur werd ich heut Abend und morgen fr\u00fch mal die Standheizung brauchen. Und mal die heizbaren Socken testen. Die werden wohl eher nicht in die Skischuhe passen (sind aber auch nur g\u00fcnstige aus China via Amazon).<\/p>\n<p>Achja, wie nicht anders zu erwarten, wurde \u00d6sterreich gestern von Seiten Norwegens nun auf Orange gestuft, was somit ab Montag gilt. Nur bis morgen Sonntag Abend h\u00e4tte ich also noch quarant\u00e4nefrei einreisen d\u00fcrfen. Deutschland bleibt noch gr\u00fcn, aber etliche Regionen in Schweden und Finnland haben sich verschlechtert und sind orange bzw. rot geworden.<\/p>\n","protected":false},"excerpt":{"rendered":"<p>Mo, 9.8.2021 &#8211; Tag 1<\/p>\n<p>Ich w\u00e4r ja lieber nach Gro\u00dfbritannien gefahren, aber abgesehen von Einreisequarant\u00e4ne + 2 kostenpflichtigen PCR-Tests sind abseits von England noch Maskenpflichten weit verbreitet. Das ist unspa\u00dfig. Auch die alten Trams, so sie fahren, muss man zumeist vorbuchen bzw. kann nicht einfach an allen Haltestellen ein- und aussteigen. Das macht keinen <a href=\"http:\/\/blog.inmontanis.info\/?p=6951\">[&#8230;]<\/a><\/p>\n","protected":false},"author":1,"featured_media":0,"comment_status":"closed","ping_status":"closed","sticky":false,"template":"","format":"standard","meta":{"footnotes":""},"categories":[185,177,12,18,13,19,30],"tags":[37,45],"class_list":["post-6951","post","type-post","status-publish","format-standard","hentry","category-2021-08-skandinavien","category-danemarkdenmark","category-germany","category-norwegennorway","category-austria","category-schwedensweden","category-wandern","tag-meer","tag-see","odd"],"_links":{"self":[{"href":"http:\/\/blog.inmontanis.info\/index.php?rest_route=\/wp\/v2\/posts\/6951","targetHints":{"allow":["GET"]}}],"collection":[{"href":"http:\/\/blog.inmontanis.info\/index.php?rest_route=\/wp\/v2\/posts"}],"about":[{"href":"http:\/\/blog.inmontanis.info\/index.php?rest_route=\/wp\/v2\/types\/post"}],"author":[{"embeddable":true,"href":"http:\/\/blog.inmontanis.info\/index.php?rest_route=\/wp\/v2\/users\/1"}],"replies":[{"embeddable":true,"href":"http:\/\/blog.inmontanis.info\/index.php?rest_route=%2Fwp%2Fv2%2Fcomments&post=6951"}],"version-history":[{"count":5,"href":"http:\/\/blog.inmontanis.info\/index.php?rest_route=\/wp\/v2\/posts\/6951\/revisions"}],"predecessor-version":[{"id":6956,"href":"http:\/\/blog.inmontanis.info\/index.php?rest_route=\/wp\/v2\/posts\/6951\/revisions\/6956"}],"wp:attachment":[{"href":"http:\/\/blog.inmontanis.info\/index.php?rest_route=%2Fwp%2Fv2%2Fmedia&parent=6951"}],"wp:term":[{"taxonomy":"category","embeddable":true,"href":"http:\/\/blog.inmontanis.info\/index.php?rest_route=%2Fwp%2Fv2%2Fcategories&post=6951"},{"taxonomy":"post_tag","embeddable":true,"href":"http:\/\/blog.inmontanis.info\/index.php?rest_route=%2Fwp%2Fv2%2Ftags&post=6951"}],"curies":[{"name":"wp","href":"https:\/\/api.w.org\/{rel}","templated":true}]}}