{"id":6943,"date":"2021-07-05T18:47:25","date_gmt":"2021-07-05T16:47:25","guid":{"rendered":"http:\/\/blog.inmontanis.info\/?p=6943"},"modified":"2021-07-10T10:08:47","modified_gmt":"2021-07-10T08:08:47","slug":"heimfahrt-3-5-7-2021","status":"publish","type":"post","link":"http:\/\/blog.inmontanis.info\/?p=6943","title":{"rendered":"Heimfahrt, 3.-5.7.2021"},"content":{"rendered":"<p><strong>3.7.2021<\/strong> &#8211; Teil 2: Heimfahrt<\/p>\n<p>Die Warteschlange an der g\u00fcnstigen Covid-Drive-Through-Teststation hielt sich zum Gl\u00fcck in Grenzen, aber etwas musste man schon warten.<\/p>\n<p>Den Teststab in der Nase hab ich fast nicht gesp\u00fcrt, nur bisschen an den Nasenhaaren. Von mir aus..<\/p>\n<p><a href='http:\/\/extra.inmontanis.info\/d\/65363-2\/DSC03396.jpg'><img src=http:\/\/extra.inmontanis.info\/d\/65362-3\/DSC03396.jpg \/><\/a><br \/>\n^ Autobahn am Meer vor Malm\u00f6<\/p>\n<p><a href='http:\/\/extra.inmontanis.info\/d\/65367-2\/DSC03397.jpg'><img src=http:\/\/extra.inmontanis.info\/d\/65366-3\/DSC03397.jpg \/><\/a><br \/>\n^ Covid-Test-Drive-Through-Station<\/p>\n<p><a href='http:\/\/extra.inmontanis.info\/d\/65371-2\/DSC03465_001.jpg'><img src=http:\/\/extra.inmontanis.info\/d\/65370-3\/DSC03465_001.jpg \/><\/a><br \/>\n^ Im Nachhinein sinnlos ausgegebene 40,- \u20ac, da weder in D\u00e4nemark, noch \u00d6sterreich kontrolliert worden<\/p>\n<p>Die Supermarktsituation in Malm\u00f6 ist eher schwierig, meistens gro\u00dfe Einkaufszentren mit Einkaufsw\u00e4gen, wo man ein Pfand braucht &#8211; war jetzt nirgends in Schweden so, wobei ich nat\u00fcrlich fast nie welche gebraucht hab &#8211; aber passendes Kleingeld hab ich auch nicht mehr, da ich damit das Hot Dog gestern oder heute fr\u00fch bezahlt hatte.<\/p>\n<p>Es ging dann auch ohne Einkaufswagen und die K\u00fchlbox war bereits beim ersten Einkauf komplett voll, so dass ich kein zweites Mal reinmusste. Puh, das war knapp, dass das alles reingepasst hat!<\/p>\n<p><a href='http:\/\/extra.inmontanis.info\/d\/65375-2\/DSC03398.jpg'><img src=http:\/\/extra.inmontanis.info\/d\/65374-3\/DSC03398.jpg \/><\/a><br \/>\n^ Henkersmahlzeit in Schweden: Hotdog (mit leider wieder zu scharfer BBQ-Sauce) und K\u00f6ttbullar-Baguette. Wobei ich das erst sp\u00e4ter am Abend a\u00df.<\/p>\n<p>Mein erstes Hot Dog hatte ich als Kind in N\u00fcrnberg, da gab es nicht nur Brezen- und Bratwurstst\u00e4nde, sondern auch einen Hotdog-Stand in der Fu\u00dfg\u00e4ngerzone. Damals passierte es mir h\u00e4ufig, dass ich ein Teil der Serviette mitgegessen hab, in der das Hotdog eingewickelt war :)<\/p>\n<p><a href='http:\/\/extra.inmontanis.info\/d\/65379-2\/DSC03402.jpg'><img src=http:\/\/extra.inmontanis.info\/d\/65378-3\/DSC03402.jpg \/><\/a><br \/>\n^ Good bye Sweden<\/p>\n<p>Lt. Google Maps gibts vor der 2. Br\u00fccke in DK zwei mal Stau, also werd ich da ein bisschen die direkte Autobahn umfahren.<\/p>\n<p>Die Kontrollstelle nach der Grenze war leider unbesetzt &#8211; wenn man schon f\u00fcr den bl\u00f6den Test zahlt, will man ja auch kontrolliert werden.<\/p>\n<p><a href='http:\/\/extra.inmontanis.info\/d\/65383-2\/DSC03406.jpg'><img src=http:\/\/extra.inmontanis.info\/d\/65382-3\/DSC03406.jpg \/><\/a><br \/>\n^ In D\u00e4nemark den einen oder anderen Stau umfahren &#8230;<\/p>\n<p>Nach der ersten Stauumfahrung nach der ersten Br\u00fccke l\u00f6ste sich der zweite Stau auf, der dritte blieb noch, so dass ich auch diesen etwas umfahren hatte, aber genau dann hatte der sich auch aufgel\u00f6st.<\/p>\n<p>Die auf -18\u00b0 gestellte K\u00fchlbox erreichte lt. Anzeige diese Temperatur auf der ganzen Fahrt nicht, aber vielleicht kann sie auch nicht richtig messen oder k\u00fchlen, wenn sie so voll ist. Anfangs blieb sie lange Zeit nur auf -4\u00b0. Ok, einige Gerichte waren ja nicht tiefgek\u00fchlt, nur normal gek\u00fchlt und mussten erst mal einfrieren ..<\/p>\n<p>In Deutschland wollte ich mir abends noch ein McRib am McDonalds mitnehmen, war an der Einfahrt zum Drive-In doch tats\u00e4chlich ein Maskensmybol?! DAS IST NICHT EUER ERNST ODER??????? Dass die Autobahn-Parkplatz-WCs mit Gruppeneintritt wohl maskenpflichtig sein w\u00fcrden, nahm ich an, aber ich hab ja mein WC im Auto. Wobei es ja auch neuere Einzel-WCs gibt, \u00e4hnlich Schweden.<\/p>\n<p>Was den McD angeht &#8211; ich bin nat\u00fcrlich wieder gefahren, ihr kennt ja meine Boykotthaltung &#8211; wo Maskenpflicht, geb ich kein Geld mehr aus, erst recht nicht nach jetzt 6 Monaten maskenfrei in Schweden und den wenigen Infizierten hier. Wenn jetzt auch noch an der Automatentankstelle ein Maskensymbol ist, fahr ich wieder zur\u00fcck nach Schweden. Test hab ich ja ;) War aber nix zu sehen.<\/p>\n<p>Anfangs fuhr ich in DE noch ein bisschen Autobahn, wechselte dann aber zur schnellsten autobahnlosen Route und nahm nur noch selten ein St\u00fcck Autobahn mit.<\/p>\n<p><a href='http:\/\/extra.inmontanis.info\/d\/65387-2\/DSC03418.jpg'><img src=http:\/\/extra.inmontanis.info\/d\/65386-3\/DSC03418.jpg \/><\/a><br \/>\n^ Mittlerweile in Deutschland, die meisten Windr\u00e4der standen still<\/p>\n<p><a href='http:\/\/extra.inmontanis.info\/d\/65391-2\/DSC03422.jpg'><img src=http:\/\/extra.inmontanis.info\/d\/65390-3\/DSC03422.jpg \/><\/a><br \/>\n^ Lauenburg<\/p>\n<p><a href='http:\/\/extra.inmontanis.info\/d\/65395-2\/DSC03424.jpg'><img src=http:\/\/extra.inmontanis.info\/d\/65394-3\/DSC03424.jpg \/><\/a><br \/>\n^ Lauenburg, Br\u00fccke \u00fcber die Elbe, wie schon im Ort auch hier nur 30 km\/h, schnarch.<\/p>\n<p><a href='http:\/\/extra.inmontanis.info\/d\/65399-2\/DSC03426.jpg'><img src=http:\/\/extra.inmontanis.info\/d\/65398-3\/DSC03426.jpg \/><\/a><br \/>\n^ Lauenburg, Br\u00fccke \u00fcber die Elbe<\/p>\n<p>Zuf\u00e4lligerweise kam ich so auf die &#8220;Elbuferstra\u00dfe&#8221; &#8211; aber viel sieht man auf der Stra\u00dfe nicht von der Elbe bzw. schaut die hier auch recht unspektakul\u00e4r aus.<\/p>\n<p>Ich suchte mir einen schr\u00e4gen Parkplatz, um umgedreht schlafen zu k\u00f6nnen, damit ich die K\u00fchlbox nicht unterm Kopf hab. Die hatte mittlerweile -5\u00b0 erreicht, am n\u00e4chsten morgen waren es -8\u00b0. Bei meiner Einbauweise muss ich ja auch aufpassen, dass es da keinen Hitzestau gibt, ist ja nicht allzuviel Platz. Somit hab ich w\u00e4hrend der Fahrt auch das Bettbrett etwas h\u00f6her gelegt und am n\u00e4chsten Tag die K\u00fchlung von vorne nach hinten verbessert.<\/p>\n<p><strong>4.7.2021<\/strong> &#8211; Reisetag Nr. 185<\/p>\n<p>Ansonsten verlief die Nacht nach kurzen Einschlafschwierigkeiten ruhig und problemlos. Da die K\u00fchlbox durchgehend lief, st\u00f6rte mich das sonore Ger\u00e4usch nat\u00fcrlich nicht &#8211; nervig w\u00e4re nur das Ein-\/Ausschalten.<\/p>\n<p>Ich suchte noch im Netz hinsichtlich Maskenpflicht beim Drive-In, aber wie \u00fcblich spuckte Google nur viel Mist aus. Beim McD in Worms gibt&#8217;s aber einen entsprechenden Facebookeintrag dazu. Vielleicht wird das unterschiedlich gehandhabt.<\/p>\n<p>Schlussendlich war das aber weder an den beiden McD, noch dem KFC, die ich heute besuchte, n\u00f6tig. Da haben selbst die Mitarbeiter im Drive-In-Schalter keine Maske getragen. Passt.<\/p>\n<p><a href='http:\/\/extra.inmontanis.info\/d\/65403-2\/DSC03429.jpg'><img src=http:\/\/extra.inmontanis.info\/d\/65402-3\/DSC03429.jpg \/><\/a><br \/>\n^ Statt W\u00e4rme l\u00e4uft diesmal K\u00e4lte im Schlauch, damit es hinten an der Tiefk\u00fchlbox nicht zu warm wird<\/p>\n<p><a href='http:\/\/extra.inmontanis.info\/d\/65407-2\/DSC03430.jpg'><img src=http:\/\/extra.inmontanis.info\/d\/65406-3\/DSC03430.jpg \/><\/a><br \/>\n^ In Nord- und Mitteldeutschland gibt es auch auf Bundesstra\u00dfen einige Parkpl\u00e4tze mit Toiletten. Im S\u00fcden war das seltener.<\/p>\n<p><a href='http:\/\/extra.inmontanis.info\/d\/65411-2\/DSC03431.jpg'><img src=http:\/\/extra.inmontanis.info\/d\/65410-3\/DSC03431.jpg \/><\/a><br \/>\n^ Fr\u00fchst\u00fcck von McDonalds<\/p>\n<p>Trotz genauer Recherche war die heutige erste Tankstelle schon mal keine Automatentankstelle, sondern normaler Shop :( Also Alternative suchen bis Franken .. H\u00e4tte ich mal bei der anderen vorher getankt, an der ich zuf\u00e4llig vorbei kam.<\/p>\n<p>Nervt mich sonst die Fahrt durch Deutschland auf den Autobahnen, nervt mich auch die Fahrt durch Deutschland auf Nicht-Autobahnen. Man kann in diesem Land einfach nicht vern\u00fcnftig vorausschauend fahren. Laufend Geschwindigkeitsbegrenzungen oder Ortssschilder, die meist nur einseitig, h\u00e4ufig uneinsehbar nach einer Kurve, sind und eine starke Bremsung bedingen.<\/p>\n<p>So viele starke Bremsungen wie heute hab ich glaub ich die ganzen 6 Monate in Schweden nicht gehabt. Dort sind Schilder 1. meist auf beiden Stra\u00dfenseiten und 2. oft mit Vorwarnung (&#8220;40\/50\/&#8230; in 200m&#8221;) &#8211; da kann man sch\u00f6n rechtzeitig vom Gas gehen.<\/p>\n<p>Auch scheinen mir die Geschwindigkeitsbegrenzungen in Schweden sinnvoller zu sein. Da gibts 30 normalerweise nur in Orten nur bei Schulen und zu diesen Zeiten. In Deutschland dagegen schon mal l\u00e4ngere Strecken mit Hinweis auf Stra\u00dfensch\u00e4den oder L\u00e4rmschutz.<\/p>\n<p>Ein weiterer Kritikpunkt, den ich auch schon in anderen L\u00e4ndern bem\u00e4ngelt hab, gilt wohl auch in Deutschland: Geschwindigkeitsbegrenzungen scheinen h\u00e4ufig nicht aufgehoben zu werden oder auch gar nicht aufgehoben werden zu m\u00fcssen?! Landstra\u00dfe, Ampel oder Kreisverkehr &#8211; davor eine Geschwindigkeitsbegrenzung, danach keine Aufhebung zu sehen. Lt. Navi und sonstigem Verhalten sind die dann aber irgendwann aufgehoben. Manchmal stehen aber auch Schilder.<\/p>\n<p>Und so viele Ampeln heute! Glaub soviel an Ampeln wie heute musste ich die letzten 6 Monate in Schweden nicht warten :) In der Schweiz sind viele Ampeln auf \u00dcberlandstra\u00dfen ja intelligent geregelt &#8211; wenn kein Auto kommt oder wartet, schaltet die nicht um. Das scheint in Deutschland leider eher seltener zu sein.<\/p>\n<p>Den Vogel schoss eine Kreuzung zweier Landes\/Bundesstra\u00dfen ab: es gibt eine Unterf\u00fchrung, aber trotzdem nur eine einseitige Auffahrt zur oberen Stra\u00dfe und dort dann eine Ampel&#8230;<\/p>\n<p>Mir gefallen ja auch die gelben Stra\u00dfenwegweiser und Ortsschilder in Deutschland \u00fcberhaupt nicht. Auch nicht nach 25 Jahren Auswanderung und trotz einiger gelber Schilder in Schweden. Spr\u00e4che eher f\u00fcr mehr Autobahnfahren in Deutschland, ich wei\u00df ..<\/p>\n<p><a href='http:\/\/extra.inmontanis.info\/d\/65415-2\/DSC03436.jpg'><img src=http:\/\/extra.inmontanis.info\/d\/65414-3\/DSC03436.jpg \/><\/a><br \/>\n^ Diesmal nur selten Autobahn gefahren, meist auch auf Landstra\u00dfen recht leer, aber ja auch Sonntag &#8211; unter der Woche vmtl. mehr Verkehr.<\/p>\n<p><a href='http:\/\/extra.inmontanis.info\/d\/65419-2\/DSC03443.jpg'><img src=http:\/\/extra.inmontanis.info\/d\/65418-3\/DSC03443.jpg \/><\/a><br \/>\n^ Nachmittags am KFC, die 3 Hot-Wings bestellte ich mir erst danach (sind rechts auf der Rg. nicht enthalten), a\u00df aber nur sie  mit Pommes und Salat, den Reset gefror ich daheim ein.<\/p>\n<p><a href='http:\/\/extra.inmontanis.info\/d\/65423-2\/DSC03445.jpg'><img src=http:\/\/extra.inmontanis.info\/d\/65422-3\/DSC03445.jpg \/><\/a><br \/>\n^ Oberkotzau, ob es so einen Ortsnamen wohl nur in Franken geben kann? :) Jedenfalls ein passender Name f\u00fcr die nun f\u00fcr mich wieder herrschenden Corvid-Ma\u00dfnahmen-Einschr\u00e4nkungen. Es oberkotzt mich nur an, au, au, au!<\/p>\n<p>\u00dcberrascht war ich, dass es vom Norden Frankens, genauer gesagt von Hof, bis zur \u00f6sterreichischen Grenze nur ca. 280 km sind &#8211; und somit weniger als von der Grenze dann zu mir heim. Diese kurzen Entfernungen bin ich schon gar nicht mehr gewohnt&#8230;<\/p>\n<p>Eigentlich h\u00e4tte ich ab Hof ja die A93 fahren wollen, aber weil Stau um &#8220;Weiden ih-de-opf&#8221; fuhr ich die Bundesstra\u00dfe bis Cham und dann runter auf die A3 nach Passau. Hier im S\u00fcden waren die Bundesstra\u00dfen schon angenehmer als in &#8220;Mitteldeutschland&#8221;, wo es sehr viele Ortsdurchfahren gab. Mal ein bisschen l\u00e4nger den Tempomat drin lassen k\u00f6nnen.<\/p>\n<p><a href='http:\/\/extra.inmontanis.info\/d\/65427-2\/DSC03448.jpg'><img src=http:\/\/extra.inmontanis.info\/d\/65426-3\/DSC03448.jpg \/><\/a><br \/>\n^ Bayr. Wald<\/p>\n<p><a href='http:\/\/extra.inmontanis.info\/d\/65431-2\/DSC03450.jpg'><img src=http:\/\/extra.inmontanis.info\/d\/65430-3\/DSC03450.jpg \/><\/a><br \/>\n^ Br\u00fccke ohne Stra\u00dfe bei R\u00f6tz<\/p>\n<p>W\u00e4re ich mittlerweile nicht schon so sp\u00e4t dran gewesen (Ankunfszeit daheim 0-1 Uhr), h\u00e4tte ich den kleinen Abstecher nach Tiefenbach gemacht. Ob ich da wohl noch irgendwas erkannt h\u00e4tte? Mein Vater kommt ja von dort und zwangsweise gab es in meiner Kinderzeit ca. alle Monat einen Ausflug zu seinen Eltern dorthin. F\u00fcr mich grauenhaft, langweilig, langweilig, langweilig, au\u00dferdem mag ich diesen oberpf\u00e4lzer+niederbayrischen Dialekt \u00fcberhaupt gar nicht. (Das war \u00fcbrigens ein Bauernhof mit einer stillgelegten M\u00fchle &#8211; einer meiner ersten &#8220;lost places&#8221; sozusagen, da bin ich doch gern mal rumgestreunert. Auch das Mitfahren am Traktor war nat\u00fcrlich hin und wieder interessant.)<\/p>\n<p>Die Temperaturen heute und gestern sehr ged\u00e4mpft, glaub maximal 26 oder 27\u00b0, heute teilweise Regen (mit Abk\u00fchlung auf 15\u00b0, selbst am fr\u00fchen Nachmittag in Deutschland), st\u00e4rkerer Regen abends in \u00d6sterreich. Somit noch keinen einzigen Tag heuer mit 30\u00b0 gehabt, sch\u00f6n.<\/p>\n<p><a href='http:\/\/extra.inmontanis.info\/d\/65435-2\/DSC03452.jpg'><img src=http:\/\/extra.inmontanis.info\/d\/65434-3\/DSC03452.jpg \/><\/a><br \/>\n^ Noch 2 McRib gekauft (einen f\u00fcr daheim, einen gleich gegessen) &#8211; leider etwas wenig BBQ-Sauce<\/p>\n<p><a href='http:\/\/extra.inmontanis.info\/d\/65439-2\/DSC03455.jpg'><img src=http:\/\/extra.inmontanis.info\/d\/65438-3\/DSC03455.jpg \/><\/a><br \/>\n^ Auch an der Grenze zu AT gab es keine Kontrolle, also den Test ganz umstonst gemacht :( &#8211; Vielleicht auf der Autobahn (dort Stau), aber ich hab ja momentan eh keine Vignette.<\/p>\n<p>In AT dann endlich mal wieder eine dunkle Nacht, aber auch Regen. Dazu viele Polizeiautos gesehen, 4 oder 5 St\u00fcck, davon eine Radarkontrolle. Ungef\u00e4hr gleich viel Polizeiautos hab ich in Schweden in den vergangenen 6 Monaten auch gesehen &#8230; <\/p>\n<p><a href='http:\/\/extra.inmontanis.info\/d\/65443-2\/DSC03460.jpg'><img src=http:\/\/extra.inmontanis.info\/d\/65442-3\/DSC03460.jpg \/><\/a><br \/>\n^ In den Bergen dann st\u00e4rkerer Regen.<\/p>\n<p>Vermutlich durch den ganzen Tag eingeschalteter Klimaanlage (wenn ich mir nicht Covid geholt hab), war auch mein Rachen hinter der Nase immer trockener. Ein Ausschalten der Klimaanlage war aber leider abends nicht mehr m\u00f6glich, da die Luft dann wegen des Regens so schnell so feucht wurde, dass die Fenster in wenigen Sekunden wieder beschlugen. <\/p>\n<p>Der kratzende Hals begleitete mich dann noch bis Dienstag, am Mittwoch war das vorbei, daf\u00fcr kam am Donnerstag eine verstopfte Nase mit anschlie\u00dfendem Schnupfe, wie ich den hass. Na nur gut, dass ich jetzt daheim bin, wenn ich unbedingt eine Erk\u00e4ltung bekommen muss. Skifahren bei unter -20\u00b0, frieren, &#8230; all das sorgte im Winter nicht f\u00fcr eine Erk\u00e4ltung, aber jetzt die Klimaanlage oder wie?!<\/p>\n<p><a href='http:\/\/extra.inmontanis.info\/d\/65463-2\/ge202106-07i.jpg'><img src=http:\/\/extra.inmontanis.info\/d\/65462-3\/ge202106-07i.jpg \/><\/a><br \/>\n^ Gr\u00fcn die diesmalige R\u00fcckreiseroute<\/p>\n<p><a href='http:\/\/extra.inmontanis.info\/d\/65467-2\/ge202101-07a.jpg'><img src=http:\/\/extra.inmontanis.info\/d\/65466-3\/ge202101-07a.jpg \/><\/a><br \/>\n^ Gesamte Fahrstrecke, lt. Trackaufzeichnung (mit Aussetzern) ca. 18.000 km, lt. Autotacho (der normalerweise 3-10% zuviel anzeigt) ca. 20.000 km, die Wahrheit also wohl irgendwo dazwischen<\/p>\n<p><strong>5.7.2021<\/strong><\/p>\n<p>Um 0:45 Uhr kam ich daheim an, leerte noch meinen Briefkasten &#8211; \u00fcbrigens nicht voll, also kann ich n\u00e4chstes Mal noch l\u00e4nger wegbleiben :)<\/p>\n<p>Kurioserweise war die h\u00f6chste Stra\u00dfe der Tour Anfang und Ende, also daheim. War zuvor in Innsbruck wohnend nie der Fall.<\/p>\n<p>Nat\u00fcrlich noch die Tiefk\u00fchltruhe in der Wohnung einschalten m\u00fcssen und die Sachen aus der K\u00fchlbox vom Auto nehmen. Die zeigte heut Abend w\u00e4rmere Temperaturen als morgens an, trotz der k\u00fchleren Luft im Auto. <\/p>\n<p>(Die Tiefk\u00fchltruhe steht l\u00e4rmbedingt ja im Badezimmer, sorgt dort aber wenigstens f\u00fcr etwas W\u00e4rme. Allerdings musste ich mir in den n\u00e4chsten Tagen noch eine Steckdose basteln, die den Strom vom Heizstrahler abzweigt, da keine Steckdose im Badezimmer vorhanden. Als ich 1996 nach Innsbruck zog, in ein sehr kleines WG-Zimmer, stand eben diese Tiefk\u00fchltruhe unter dem Tisch und ich hab daneben geschlafen. Wie ich das damals gemacht hab, frag ich mich ja schon. Auf dem Tisch stand die Mikrowelle (die auch als Heisluftofen funktioniert), was anderes zum Kochen brauchte ich nicht. Pommes, Schnitzel, Cevapcici, Faschierte Laibchen, Pizza.<\/p>\n<p>Beide Ger\u00e4te laufen auch nach 25 Jahren noch &#8211; bin gespannt, wie lange noch. Markenqualit\u00e4t von Privileg\/Quelle, evtl. sogar als B-Ware gekauft, damals in N\u00fcrnberg oder F\u00fcrth. Zuletzt war die TK in Innsbruck aber nicht mehr regelm\u00e4\u00dfig in Betrieb, da ich eine gro\u00dfe Siemens-K\u00fchl-Gefrier-Kombi gekauft hatte. Die ich platz-, l\u00e4rm- und gewichtsm\u00e4\u00dfig beim Umzug aber nicht mitgenommen hab. Stattdessen wollte ich einen kleinen, lautlosen K\u00fchlschrank. Gab sogar einen mit K\u00e4ltemittel, aber ohne dem lauten Kompressor. Der ist tats\u00e4chlich komplett lautlos. Was ich ja weder vom Sicherungskasten noch von der Stromheizung sagen kann&#8230; Auch die Mikrowelle ist nicht mehr jeden Tag in Betrieb.)<\/p>\n<p>In der Wohnung nachts angekommen zappenduster wie schon lang nicht mehr. Die Temperatur in der Wohnung: angenehme, fast zu k\u00fchle 17-19\u00b0. Als Sommerfrische \/ Sommerresidenz d\u00fcrfte die Wohnung also gut geeignet sein &#8211; und im Winter bin ich ja wohl eh meist unterwegs.<\/p>\n<p>Das Reinigen zu Weihnachten (Teppich, Polster etc.) und Ausmalen (bis auf die Decke) hat den Rauchgestank leider nicht eliminiert. Wobei jetzt nat\u00fcrlich auch ein halbes Jahr lang nicht gel\u00fcftet wurde. In den folgenden Tagen wurde es durch L\u00fcftung und Essensgeruch nat\u00fcrlich besser.<\/p>\n<p>Aktuell hab ich ja noch die alten Fenster, die nicht so dicht sind, aber wenn ich die tauschen m\u00f6chte, um in der kalten Jahreszeit Heizkosten (=Strom) zu sparen, sollte ich vielleicht irgendein L\u00fcftungssystem mit einbauen lassen. Dichtere Fenster = mehr L\u00fcften n\u00f6tig. Mehr L\u00fcften = mehr K\u00e4lte. Automatisches L\u00fcftungssystem ggf. mit Ventilator = mehr Strom. Spart man sich denn dann \u00fcberhaupt was, wenn man alte Fenster mit neuen austauscht??<\/p>\n<p>Ok, man k\u00f6nnte auch noch einen Luftentfeuchter kaufen. H\u00e4tte ich eh vor wegen des Badezimmers, da es dort schon leichte Schimmelbildung an der Decke gab und der L\u00fcfter nur manuell max. 30 Minuten einschaltbar. Aber bei mehrmonatiger Abwesenheit kann man sowas ja auch nicht dauernd laufen lassen. Evtl. mit Zeitschaltuhr und in die Badewanne stellen, damit das Wasser abfliest?! Wichtig ist das evtl. eh nur einige Zeit lang nach dem Verlassen der Wohnung, so lang sich die Luft abk\u00fchlt. K\u00e4ltere Luft kann weniger Wasser speichern, also steigt die relative Luftfeuchte und das Wasser kondensiert z.B. an den W\u00e4nden, dadurch Schimmelgefahr. Wenn die Wohnung dann mal ausgek\u00fchlt ist und die Temperatur gehalten wird (sagen wir 5\u00b0 oder 0\u00b0?), sollte es ja relativ stabil bleiben mit der Luftfeuchte?!<\/p>\n<p>Muss man \u00fcberhaupt die Wohnung im Winter heizen? Wie w\u00e4rs, Fenster kippen (zur Luftfeuchteregulierung) und Wohnung einfach abk\u00fchlen lassen? Zuvor vorsichtshalber das Wasser aus den Boilern entleeren, versteht sich .. Diesmal war die Wohnung tats\u00e4chlich den Winter \u00fcber ungek\u00fchlt: Hatte n\u00e4mlich vergessen, den Einschaltknopf an der Stromheizung auf Ein zu schalten &#8211; anscheinend hatte ich die mal ausgeschaltet und nur mit dem neuen IR-Heizpanel geheizt .. ging also heuer auch so.<\/p>\n<p>Die erste Nacht war nat\u00fcrlich sehr kurz. Morgens am 22&#8243; &#8211; Bildschirm: boah, was ist das Teil riesig!! (Nach 6 Monaten 13&#8243; &#8230; ;-) )<\/p>\n<p>Was ich auch ganz vergessen hab: Was meine Wohnung noch f\u00fcr eine Baustelle ist. Nat\u00fcrlich keine Ahnung mehr, wo ich was finden kann, wo ich was vor 6 Monaten einger\u00e4umt oder nicht einger\u00e4umt hatte. Und wieviel alter M\u00fcll noch entsorgt werden muss. Leider brauch ich f\u00fcr den Recyclinghof eine spezielle Karte, die ich wohl bei der Gemeinde beantragen muss &#8211; also wohl Maskenpflicht, nein Danke, verschieben wir das auf bessere Zeiten, m\u00f6gen sie irgendwann wieder kommen. <\/p>\n<p><a href='http:\/\/extra.inmontanis.info\/d\/65447-2\/DSC03467.jpg'><img src=http:\/\/extra.inmontanis.info\/d\/65446-3\/DSC03467.jpg \/><\/a><br \/>\n^ Wieder daheim in der Baustelle.<\/p>\n<p><a href='http:\/\/extra.inmontanis.info\/d\/65451-2\/DSC03466.jpg'><img src=http:\/\/extra.inmontanis.info\/d\/65450-3\/DSC03466.jpg \/><\/a><br \/>\n^ Ahja, den Schrank wollte ich mal dunkelgr\u00fcn streichen, wenn schon nicht die Wand ..<\/p>\n<p>Womit anfangen .. oder einfach ignorieren und bald wieder wegfahren .. und ich war die letzten Wochen doch tats\u00e4chlich der Meinung, ich h\u00e4tte daheim dann mal wieder etwas mehr Zeit f\u00fcr dies und jenes am Computer, ohne Berichte schreiben und ohne unterwegs zu sein. Na, da bin ich ja mal gespannt ..<\/p>\n<p>H\u00e4tte mir auch im Vorhinein eine Einkaufsliste machen sollen, dann h\u00e4tte ich in Schweden am letzten Tag noch dieses oder jenes einkaufen k\u00f6nnen.<\/p>\n<p>\u00c0 propos Einkaufen &#8211; war ich die letzten 6 Monate fast t\u00e4glich in einem Supermarkt was einkaufen, werd ich das nun aufgrund Maskentragepflicht klarerweise wieder boykottieren. Wobei die in AT evtl. im Juli noch abseits von Lebensmittelgesch\u00e4ften, also z.B. in Baum\u00e4rkten, aufgehoben werden k\u00f6nnte. <\/p>\n<p>Bleiben also Bestellungen via Amazon. Von Innsbruck war ich ja gewohnt, dass die n\u00e4heste Abholstation der Post von mir aus, und die einzige die ich kenn, am Hofer-Parkplatz war, also au\u00dfen &#8211; somit  maskenfrei zug\u00e4nglich. Hier an meinem neuen Wohnort g\u00e4be es zwar auch viele Abholstationen, aber anscheinend so gut wie alle in Innenr\u00e4umen, also im Vorraum zur Postfiliale etc. &#8211; anscheinend erst in Klagenfurt was au\u00dfenliegendes (bei Hofer-Filialen), wobei nat\u00fcrlich auch die Fotos auf Google Maps zu alt sein k\u00f6nnten &#8211; werd ich also wohl mal vorbei fahren m\u00fcssen hier und da. <\/p>\n<p>Oder ich hab Gl\u00fcck und die Post stellt Pakete doch direkt zu und klingelt auch brav. Werd ich die Woche mal austesten. Bin ja ganztags daheim in n\u00e4chster Zeit. Die erste Lieferung wurde leider doch nur im Nachbarhaus abgegeben, aber besser als abholen m\u00fcssen &#8211; das w\u00fcrde ich nat\u00fcrlich nicht, sondern ginge retour und w\u00fcrde von Amazon wieder gutgeschrieben werden.<\/p>\n<p>Ansonsten muss ich halt doch die innenliegenden Abholstationen nehmen und nachts kommen, wenn keiner da ist und hoffen, dass sie das nicht \u00fcber die Video\u00fcberwachung kontrollieren und sanktionieren. Wobei ich einige Wochen auskomm mit meinen Lebensmitteln &#8211; und durch den McD\/BK-Drive-In wird man in AT hoffentlich auch keine Maske ben\u00f6tigen. Ansonsten kann ich ja wieder nach Schweden fl\u00fcchten, wenns mir hier zu bl\u00f6d wird.<\/p>\n<p><a href='http:\/\/extra.inmontanis.info\/d\/65455-2\/DSC03469_001.jpg'><img src=http:\/\/extra.inmontanis.info\/d\/65454-3\/DSC03469_001.jpg \/><\/a><br \/>\n^ Die aus Schweden mitgebrachten (Tief-) k\u00fchlgerichte (plus norwegischem K\u00e4se). Ohne unn\u00f6tiger Papierverpackung, die K\u00fchlbox war komplett voll damit. Die runden Scheiben sind Laxburger.<\/p>\n<p><a href='http:\/\/extra.inmontanis.info\/d\/65459-2\/DSC03472.jpg'><img src=http:\/\/extra.inmontanis.info\/d\/65458-3\/DSC03472.jpg \/><\/a><br \/>\n^ .. und die sonstigen mitgenommenen Eink\u00e4ufe bzw. Reste aus Schweden<\/p>\n<p>Erster Akt heute nach der Arbeit: Fliegennetz anbringen. Am Wohnungsfenster. Verglichen mit den Fenster-Fliegennetzen, die ich hier tw. als Reste hab, ist das billige aus Schweden tats\u00e4chlich wesentlich gr\u00f6ber. Essen machen. Auto ausr\u00e4umen. Und irgendwann mal wieder duschen. Da w\u00e4r die Einkaufsliste wieder sinnvoll gewesen, sich einen Duschvorhang in Schweden zu kaufen. Aber bitte, ich nahm auch an, dass der Maskenspuk, so wie letztes Jahr im Sommer, vorbei w\u00e4re, wenn ich zur\u00fcck kommen w\u00fcrde. W\u00e4hrend es Kunden ja noch freiwillig machen, m\u00fcssen es viele Arbeitnehmer stundenlang ertragen, da w\u00fcrde ich ja lieber k\u00fcndigen. Womit wir wieder bei meinem &#8220;perversen Privileg von Normalit\u00e4t&#8221; w\u00e4ren, die letzten 6 Monate maskenfrei in Schweden verbracht haben zu d\u00fcrfen.<\/p>\n<p>Weitere n\u00f6tige \u00dcberlegungen: PC &#8230; trenn ich wieder Arbeits- und Daheim-PC, dann muss ich beim PC, den ich dabei hatte, die SSD ausbauen. Umst\u00e4ndlich: Das 13&#8243; XP-Pen-Tablet f\u00fcr unterwegs und der 22&#8243; XP-Pen-Bildschirm daheim haben 1. andere Treiber die 2. nicht gleichzeitig installiert sein k\u00f6nnen (im gesch\u00e4ftlichen Windows 10, unter Linux gehts parallel). Und die eingebaute Windows-Stifteingabe ist seit Windows 7 leider schon M\u00fcll -> falscher Mouse-Pointer, zu gro\u00dfe Latenz beim Ziehen, etc.<\/p>\n<p>Au\u00dferdem demn\u00e4chst auf dem Plan: Reifen umstecken. Bevor ich da gr\u00f6\u00dfere Strecken fahre, endlich die Sommerreifen drauftun. Werd ich diesmal selbst machen.<\/p>\n<p>Und endlich mal andere Stra\u00dfenschuhe als die Winterstiefel anziehen k\u00f6nnen ;) Die waren die letzten Wochen schon etwas warm. Aber auch gut zum Wandern geeignet. Leider wohl mittlerweile nicht mehr so wasserdicht.<\/p>\n<p>Sonderlich ruhig ist es hier momentan leider nicht, ein Haus in der N\u00e4he wird gebaut, dazu weitere Rasenm\u00e4h- und Baums\u00e4gearbeiten. Und auch wenn kaum Leute im Haus sind, m\u00fcssen die nat\u00fcrlich in der N\u00e4he meiner Wohnung sein und entsprechend eigenartigen L\u00e4rm produzieren.<\/p>\n<p>Braucht man zum Skifahren in AT neuerdings 3G? Lt. Website des Mattenskigebiets Wunderwiese dort jedenfalls schon: &#8220;Beim Kauf eines Tickets ist ein 3G Nachweis (Getestet, Geimpft, Genesen) verpflichtend vorzulegen.&#8221; Unabh\u00e4ngig etwaiger Maskenpflichten f\u00e4llt also auch das aus. Na, dann halt heuer erstmals kein Sommerski in \u00d6sterreich.<\/p>\n<p><a href='http:\/\/extra.inmontanis.info\/d\/65471-2\/DSC03473_001.jpg'><img src=http:\/\/extra.inmontanis.info\/d\/65470-3\/DSC03473_001.jpg \/><\/a><br \/>\n^ Die alte Ausziehcouch vom Vorbesitzer m\u00fcsste man mal entsorgen .. oder: zerlegen und aus dem Holz z.B. Regale oder Schr\u00e4nkchen bauen! Da hab ich eh Bedarf. Ich hab mal den ausziehbaren Lattenrost zerlegt &#8230;<\/p>\n<p><a href='http:\/\/extra.inmontanis.info\/d\/65475-2\/DSC03479.jpg'><img src=http:\/\/extra.inmontanis.info\/d\/65474-3\/DSC03479.jpg \/><\/a><br \/>\n^ .. und hab aus der einen Lattenrosth\u00e4lfte ein schmales CD\/DVD-Regal gebastelt. Damit der Inhalt nicht rausrutscht, musste ich die schmalen Leisten seitlich mit Schrauben fixieren und Schaumstoff drunterkleben. Nackt nicht sch\u00f6n, aber funktional.<\/p>\n<p><a href='http:\/\/extra.inmontanis.info\/d\/65479-2\/DSC03483.jpg'><img src=http:\/\/extra.inmontanis.info\/d\/65478-3\/DSC03483.jpg \/><\/a><br \/>\n^ .. da passt einiges drauf. (Um die 150 weitere\/\u00e4ltere Audio-CDs sind ja in der TomBox oben auf dem Mikrowellenofen. Die VHS-Tapes bleiben wohl im Karton. Neben der Mikrowelle der lautlose K\u00fchlschrank.)<\/p>\n<p><a href='http:\/\/extra.inmontanis.info\/d\/65483-2\/DSC03484.jpg'><img src=http:\/\/extra.inmontanis.info\/d\/65482-3\/DSC03484.jpg \/><\/a><br \/>\n^ Aus dem vorderen unteren Brett der Couch und einem durchgetrennten Lanyard (mit \u00d6sen versehen) ist auch schon ein Wandregal entstanden. Allerdings muss ich mir erst noch einen Staubsauger kaufen, bevor ich da noch viel bohre. Der kleine Akku-Handstaubsauger, den ich in Schweden gekauft hab, ist f\u00fcr diesen feinen Bohrstaub ungeeignet, da ist ratzfatz der Filter dicht und muss ausgesp\u00fclt werden, weil sich der Sauger sonst gleich wieder ausschaltet.<\/p>\n<p><a href='http:\/\/extra.inmontanis.info\/d\/65487-2\/DSC03485.jpg'><img src=http:\/\/extra.inmontanis.info\/d\/65486-3\/DSC03485.jpg \/><\/a><br \/>\n^ M.E. die praktischste Aufbewahrung f\u00fcr Kabel: Aufh\u00e4ngen. Hinter der T\u00fcr ist daf\u00fcr gut Platz. Damit war die erste Woche auch schon wieder vorbei.<\/p>\n<p>N\u00e4chste Reise? Schwierig.<\/p>\n<p>UK will ja demn\u00e4chst alle Ma\u00dfnahmen inkl. Maskenpflicht aufheben? Momentan aber ja wieder steigene Infektionen, somit fraglich, ob die das Durchziehen und wenn ja, wie lang und wie es dann mit Wales, Schottland, IoM oder Irland ausschaut. Und \u00fcberhaupt wie es auf den F\u00e4hren ist. Au\u00dfer man darf im Eurotunnel im Auto sitzen bleiben (anscheinend ja), dann w\u00e4re das diesmal eine Alternative, um zumindest nach UK zu kommen.<\/p>\n<p>Skandinavien, entweder Schweden oder auch Norwegen, bevor die Einreisebedingungen wieder unm\u00f6glich w\u00e4ren, w\u00e4re wohl meine erste Wahl. Dann ist aber die Frage: Wann. Denn im Gegensatz zum letzten Jahr, muss mein Ignis nun j\u00e4hrlich zur \u00a757a-\u00dcberpr\u00fcfung. Und die richtet sich an das Erstzulassungsdatum -1\/+4 Monate, d.h. zwischen Dezember und Mai muss ich mal in \u00d6sterreich sein, um das &#8220;Pickerl&#8221; zu machen.<\/p>\n<p>Ich gehe aber nicht davon aus, dass der n\u00e4chste Winter in den Alpen besser wird, was die Coronama\u00dfnahmen angeht. D.h. ich gehe davon aus, dass sich an der Testsituation beim Grenz\u00fcbertritt und beim Maskentragen in Seilbahnen und\/oder Hotels nichts gro\u00dfartig \u00e4ndern wird -> somit werde ich wohl auch n\u00e4chsten Winter nicht in den Alpen skifahren k\u00f6nnen, weil mir das einfach viel zu bl\u00f6d alles ist. Auch Balkan f\u00e4llt dann aus, weil ich nicht alle paar Tage schauen will, wie lang ich nun noch diese oder jene Grenze wechseln kann, was es dort f\u00fcr Ma\u00dfnahmen gibt etc. &#8211; so macht Reisen keinen Spa\u00df.<\/p>\n<p>Somit g\u00e4be es wohl folgende M\u00f6glichkeiten:<\/p>\n<p>&#8211; im Bereich August bis November einige Zeit in UK und\/oder Irland verbringen, sofern m\u00f6glich und die Reisebedingungen in den verschiedenen L\u00e4ndern f\u00fcr mich akzeptabel w\u00e4ren<\/p>\n<p>&#8211; oder im Bereich August-November nach Norwegen fahren und dort ggf. bis max. Mai bleiben<\/p>\n<p>&#8211; oder erst im Dezember nach der \u00a757a-\u00dcberpr\u00fcfung nach Skandinavien fahren. K\u00f6nnte dann halt schon wieder zu sp\u00e4t sein, dass man \u00fcber diverse Grenzen wieder nicht mehr darf. Daf\u00fcr k\u00f6nnte man dann ggf. n\u00e4chsten Sommer in Norwegen verbringen und eine Sommersaisonkarte f\u00fcr eines der sch\u00f6nsten Sommerskigebiete der Welt kaufen &#8211; Folgefonna.<\/p>\n<p>Falls ich fr\u00fchzeitiger und somit noch mit Sommerr\u00e4dern nach Skandinavien rauf fahre, k\u00f6nnte ich diesmal gleich die Spiker\u00e4der mitnehmen und diese in S\u00fcdnorwegen irgendwo lagern und dann sp\u00e4ter im Winter wechseln und entsprechend die Sommerr\u00e4der bei der R\u00fcckfahrt wieder wechseln. Das bedingt allerdings, dass ich nur kurzfristig mal nach Schweden oder Finnland r\u00fcberfahre, solang man problemlos dazwischen wechseln kann. Brauch ja dann die Sommerr\u00e4der wieder f\u00fcr die Heimfahrt, Spikes sind in DE ja verboten, w\u00e4r also bl\u00f6d, wenn ich dann nicht mehr nach Norwegen einreisen d\u00fcrfte ;) <\/p>\n<p>Ach, das kotzt mich alles an. <strong>Ich will wieder frei reisen k\u00f6nnen, zumindest innerhalb Europas. Spontan je nach Wetter \u00fcber Grenzen fahren k\u00f6nnen. In Restaurants und Superm\u00e4rkte ohne Masken oder Tests gehen. Und vor allem: ohne sich laufend \u00fcber die aktuellen Ma\u00dfnahmen informieren zu m\u00fcssen.<\/strong> Jedenfalls will ich nicht die n\u00e4chsten 20 Jahre so leben m\u00fcssen wie die letzten 1,5 &#8211; dann verzichte ich lieber und trete freiwillig ab. F\u00fcr den Winter 2021\/22 hab ich keine Hoffnung auf Besserung, aber wenn auch der Winter 2022\/23 noch nicht normal verl\u00e4uft, wird man wohl davon ausgehen m\u00fcssen, dass es sich nie wieder \u00e4ndern wird -> dann tsch\u00fcssikovski, feiert den Weltuntergang ohne mich.<\/p>\n<p>&#8211;<\/p>\n<p>Der Titel der Reise war ja &#8220;Die gro\u00dfe Freiheit? Vanlife, Skandinavien&#8221;, also sollte ich da noch ein bisschen drauf eingehen, oder?<\/p>\n<p>&#8211; die erste H\u00e4lfte verbrachte ich ja meist in Hostels, Hotels, B&#038;Bs, aber die letzten 3 Monate fast durchgehend im Auto, also &#8220;Carlife&#8221;<\/p>\n<p>&#8211; meine vorherigen, genauen \u00dcberlegungen haben fast allesamt perfekt gepasst, auch mein Fahrzeugausbau fiel nicht in sich zusammen<\/p>\n<p>&#8211; Abgesehen von den zu warmen Temperaturen am Ende der Reise hin, hatte ich nie irgendeine Art von S\u00e4ttigungsgef\u00fchl oder Heimweh<\/p>\n<p>&#8211; im Sommer wirds bei Sonneneinstrahlung sehr schnell sehr warm im Auto, also tendenziell w\u00fcrd ich im Hochsommer wohl maximal an k\u00fchleren, windigeren K\u00fcsten oder in den Bergen sein wollen, vielleicht britische Inseln im Norden \/ Westen, hohe Alpenp\u00e4sse oder vielleicht geht auch Norwegen an der Nordk\u00fcste oder in den Bergen, dort aber halt generell wieder das Problem der langen Helligkeit und geringen Nachtabk\u00fclhung. Ansonsten eben daheim auf der Koralpe oder zum Sommerskifahren in den Alpen.<\/p>\n<p>&#8211; Hin und wieder h\u00e4tte ich mir mal etwas mehr Platz im Auto gew\u00fcnscht, aber ich h\u00e4tte es auch problemlos noch l\u00e4nger ausgehalten, also vom Platz her reicht mir der Ignis auch f\u00fcr monatelanges &#8220;Vanlife&#8221;.<\/p>\n<p>&#8211; 6 Monate mit nur 3 Sets Unterw\u00e4sche (2 weitere unbenutzt dabeigehabt), 3 Paar Str\u00fcmpfe, zwei Schlafanz\u00fcgen, einem dicken, einem mitteldicken, einem d\u00fcnneren Pullover und einem T-Shirt, einer Thermohose und einer Jeans ausgekommen, dazu glaub nur 2x eine Waschmaschine benutzt, den Rest hin und wieder per Handw\u00e4sche oder (Hosen, T-Shirt) gar nicht gewaschen und t\u00e4glich mit Refresh-Sprays eingespr\u00fcht &#8211; kann man machen. Daheim aber erstaunt gewesen, wie stark frisch gewaschene W\u00e4sche vom Schrank riecht.. und wie dann im Vergleich die alte W\u00e4sche stinkt ;) H\u00e4tte vielleicht doch unterwegs mal etwas \u00f6fters waschen sollen .. (Prinzipiell wird man in den meisten anderen L\u00e4ndern vermutlich eh h\u00e4ufiger einen Campingplatz anfahren m\u00fcssen, somit man dann h\u00e4ufiger zu einer Waschmaschine k\u00e4me.)<\/p>\n<p>&#8211; kilometer- und kostenm\u00e4\u00dfig nicht ganz so g\u00fcnstig weggekommen wie geplant, aber es wird ja hoffentlich auch wieder g\u00fcnstigere Winterreisen geben &#8211; und ins Grab kann ich das Geld sowieso nicht mitnehmen.<\/p>\n<p>&#8211; Die Arbeitsumstellung auf 5 Tage \u00e0 3 Stunden (ggf. mit halben Tag Urlaub auf 1,5h verk\u00fcrzen) finde ich weiterhin eine sehr postive Work-Live-Balance. 3 Stunden unterwegs arbeiten und dir kommt jeder Tag als Urlaub vor. <\/p>\n<p>&#8211; Dauerhaft werde ich solche mehrmonatigen, regelm\u00e4\u00dfigen Berichte in Zukunft vermutlich nicht mehr machen, sind auf Dauer auch zu viele Fotos, die zu viel Speicherplatz auf meinem Webserver und meinen Festplatten brauchen. Bei meinen fr\u00fcheren 1-3-w\u00f6chigen Reisen dienten die Berichte ja auch f\u00fcr mich zur Aufarbeitung, alles nochmals zu erleben und zu vertiefen. Das f\u00e4llt bei quasi-tagesaktuellen Berichten eher weg. Hin und wieder h\u00e4tte ich mir auf der Reise auch etwas mehr Entspannung gew\u00fcnscht, mal einen Film mehr anzuschauen. Aber es w\u00e4r auch unm\u00f6glich, erst jetzt nach der R\u00fcckkehr die ganzen Berichte zu schreiben. Man m\u00fcsste sich echt mal wieder dazu \u00fcberwinden, weniger Fotos zu machen &#8230;<\/p>\n<p>&#8211; 95 Skitage in Schweden in ca. 50 Skigebieten, davon 7 Skitouren. Mit den 7 Tagen in Hintertux im Herbst ergeben das in dieser Saison 102 Tage. Ob bis Ende September noch weitere Skitage und in welchen L\u00e4ndern dazu kommen, h\u00e4ngt einzig und allein von den Coronama\u00dfnahmen ab. Mit 2.840,- \u20ac allein f\u00fcr die Skip\u00e4sse in Schweden war das nat\u00fcrlich eine recht teure Saison, die aber in Norwegen wohl noch viel teurer gekommen w\u00e4re. <\/p>\n<p>&#8211; Die Skigebiete hatten sch\u00f6n viele SL und wenig SB\/EUB, was ich sehr angenehm empfand, retro-skiing, es war fast immer leer, aber so bin ich das ja meist von den von mir besuchten Skigebieten gewohnt, auch in den Alpen. Auch wenn der Schnee, die Temperaturen und der Wind leider nicht so ganz nach meinem Geschmack waren. Eine Wintersaison in italienischen Skigebieten w\u00fcrde mir sicherlich wesentlich besser gefallen. Allerdings hat Schweden auch viele Vorteile, das freie Stehen\/N\u00e4chtigen, die Rastpl\u00e4tze, die Superm\u00e4rkte, die kulinarischen Sachen, derzeit jedenfalls die Maskenfreiheit &#8230; und ich k\u00f6nnte mir im Prinzip schon auch vorstellen, hier dauerhaft zu leben. Nur nicht unbedingt im tiefsten Winter (zu kalt) und im h\u00f6chsten Sommer (zu warm \/ zu hell) ;-) Leider bleibt dann ja nicht mehr viel \u00fcbrig &#8230;<\/p>\n<p>&#8211; statt &#8220;Skandinavien&#8221; gab&#8217;s halt doch nur Schweden, aber 6 Monate von den sonstigen Coronama\u00dfnahmen befreit gewesen zu sein, war nat\u00fcrlich auch toll. Wobei, eigentlich h\u00e4tte es anders gar nicht funktioniert, diese Reise war alternativlos, das Corona-Theater anderswo, insb. in den Alpen, h\u00e4tte ich bekanntlich nicht \u00fcberleben wollen.<\/p>\n<p>Insofern: Danke Schweden, bleib so und bis bald.<\/p>\n<p><em>(Demn\u00e4chst folgen vielleicht noch ein paar Videos, allerdings fehlt mir derzeit Platz auf der SSD &#8211; musste schon unterwegs mit den ganzen Fotos k\u00e4mpfen&#8230;)<\/em><\/p>\n","protected":false},"excerpt":{"rendered":"<p>3.7.2021 &#8211; Teil 2: Heimfahrt<\/p>\n<p>Die Warteschlange an der g\u00fcnstigen Covid-Drive-Through-Teststation hielt sich zum Gl\u00fcck in Grenzen, aber etwas musste man schon warten.<\/p>\n<p>Den Teststab in der Nase hab ich fast nicht gesp\u00fcrt, nur bisschen an den Nasenhaaren. Von mir aus..<\/p>\n<p> ^ Autobahn am Meer vor Malm\u00f6<\/p>\n<p> ^ Covid-Test-Drive-Through-Station<\/p>\n<p> ^ Im Nachhinein <a href=\"http:\/\/blog.inmontanis.info\/?p=6943\">[&#8230;]<\/a><\/p>\n","protected":false},"author":1,"featured_media":0,"comment_status":"closed","ping_status":"closed","sticky":false,"template":"","format":"standard","meta":{"footnotes":""},"categories":[184,177,12,13,19],"tags":[37],"class_list":["post-6943","post","type-post","status-publish","format-standard","hentry","category-2021-01-skandinavien","category-danemarkdenmark","category-germany","category-austria","category-schwedensweden","tag-meer","odd"],"_links":{"self":[{"href":"http:\/\/blog.inmontanis.info\/index.php?rest_route=\/wp\/v2\/posts\/6943","targetHints":{"allow":["GET"]}}],"collection":[{"href":"http:\/\/blog.inmontanis.info\/index.php?rest_route=\/wp\/v2\/posts"}],"about":[{"href":"http:\/\/blog.inmontanis.info\/index.php?rest_route=\/wp\/v2\/types\/post"}],"author":[{"embeddable":true,"href":"http:\/\/blog.inmontanis.info\/index.php?rest_route=\/wp\/v2\/users\/1"}],"replies":[{"embeddable":true,"href":"http:\/\/blog.inmontanis.info\/index.php?rest_route=%2Fwp%2Fv2%2Fcomments&post=6943"}],"version-history":[{"count":4,"href":"http:\/\/blog.inmontanis.info\/index.php?rest_route=\/wp\/v2\/posts\/6943\/revisions"}],"predecessor-version":[{"id":6947,"href":"http:\/\/blog.inmontanis.info\/index.php?rest_route=\/wp\/v2\/posts\/6943\/revisions\/6947"}],"wp:attachment":[{"href":"http:\/\/blog.inmontanis.info\/index.php?rest_route=%2Fwp%2Fv2%2Fmedia&parent=6943"}],"wp:term":[{"taxonomy":"category","embeddable":true,"href":"http:\/\/blog.inmontanis.info\/index.php?rest_route=%2Fwp%2Fv2%2Fcategories&post=6943"},{"taxonomy":"post_tag","embeddable":true,"href":"http:\/\/blog.inmontanis.info\/index.php?rest_route=%2Fwp%2Fv2%2Ftags&post=6943"}],"curies":[{"name":"wp","href":"https:\/\/api.w.org\/{rel}","templated":true}]}}